{"id":206194,"date":"2026-02-09T22:30:00","date_gmt":"2026-02-10T01:30:00","guid":{"rendered":"https:\/\/portaltela.pt\/noticias\/2026\/02\/09\/anisio-o-vulcao-emula-mantorras-em-campo\/"},"modified":"2026-02-09T22:30:00","modified_gmt":"2026-02-10T01:30:00","slug":"anisio-o-vulcao-emula-mantorras-em-campo","status":"publish","type":"post","link":"https:\/\/portaltela.pt\/desporto\/futebol\/2026\/02\/09\/anisio-o-vulcao-emula-mantorras-em-campo\/","title":{"rendered":"An\u00edsio, o &#8216;Vulc\u00e3o&#8217;, emula Mantorras em campo"},"content":{"rendered":"<p>An\u00edsio Cabral, avan\u00e7ado de 17 anos do Benfica, voltou a decidir o jogo ap\u00f3s entrar do banco diante do Alverca. O jovem entrou nos minutos finais e, na primeira vez que tocou na bola, garantiu a vit\u00f3ria da equipa.<\/p>\n<p>O momento decisivo aconteceu apenas 29 segundos ap\u00f3s o seu ingresso em campo, surpreendendo o p\u00fablico de cerca de 50 mil adeptos presentes no est\u00e1dio da Luz. O lance desencadeou a festa entre os muitos apoyantes do clube.<\/p>\n<p>A estreia brilhante de An\u00edsio ocorreu frente ao Estrela da Amadora, quando entrou ainda mais cedo e marcou logo no primeiro minuto que participou, fortalecendo as expectativas sobre o jovem de promessa. O epis\u00f3dio repetiu o impacto imediato que o torcedor gosta de ver.<\/p>\n<p>As semelhan\u00e7as entre An\u00edsio e o antigo \u00eddolo Mantorras come\u00e7aram a ganhar forma entre os adeptos. Mantorras, que brilhou no t\u00edtulo de 2004\/05, ficou conhecido por entrar decisivamente nos momentos finais e gerar emo\u00e7\u00e3o nos adeptos, um padr\u00e3o que parece seguir-se tamb\u00e9m com o jovem benfiquista.<\/p>\n<p>Ao longo da \u00faltima rea\u00e7\u00e3o da torcida, o termo Starboy tornou-se popular entre os f\u00e3s para descrever o talento emergente. O clima no est\u00e1dio foi de euforia, com a equipa a sentir uma energia renovada quando An\u00edsio entra em campo.<\/p>\n","protected":false},"excerpt":{"rendered":"<ul>\n<li>Um jovem jogador entrou do banco e decidiu o jogo frente ao Alverca, aos 29 segundos em campo.<\/li>\n<li>Na estreia frente ao Estrela da Amadora, marcou j\u00e1 nos primeiros momentos, com a vit\u00f3ria a entusiasmar os cerca de 50 mil adeptos.<\/li>\n<li>O momento criou grande euforia entre os f\u00e3s do Benfica, que o comparam a Pedro Mantorras.<\/li>\n<li>Mantorras ficou conhecido h\u00e1 vinte e um anos como talism\u00e3, marcando golos decisivos nos minutos finais e ajudando a conquistar o t\u00edtulo; o paralelismo com o jovem jogador \u00e9 apontado pela torcida.<\/li>\n<li>A tens\u00e3o inicial transformou-se em entusiasmo, com a equipa a ganhar energia quando o jogador entrou em campo.<\/li>\n<\/ul>\n","protected":false},"author":2,"featured_media":206196,"comment_status":"closed","ping_status":"closed","sticky":false,"template":"","format":"standard","meta":{"footnotes":""},"categories":[21,24],"tags":[1946,32,242,2844,5701,5653],"class_list":["post-206194","post","type-post","status-publish","format-standard","has-post-thumbnail","hentry","category-desporto","category-futebol","tag-benfica","tag-futebol","tag-jogadores","tag-jovens","tag-mantorras","tag-promessas"],"yoast_head":"<!-- This site is optimized with the Yoast SEO plugin v27.2 - https:\/\/yoast.com\/product\/yoast-seo-wordpress\/ -->\n<title>An\u00edsio, o &#039;Vulc\u00e3o&#039;, emula Mantorras em campo - Portal Tela Portugal<\/title>\n<meta name=\"robots\" content=\"index, follow, max-snippet:-1, max-image-preview:large, max-video-preview:-1\" \/>\n<meta property=\"og:locale\" content=\"pt_PT\" \/>\n<meta property=\"og:type\" content=\"article\" \/>\n<meta property=\"og:title\" content=\"An\u00edsio, o &#039;Vulc\u00e3o&#039;, emula Mantorras em campo - Portal Tela Portugal\" \/>\n<meta property=\"og:description\" content=\"Um jovem jogador entrou do banco e decidiu o jogo frente ao Alverca, aos 29 segundos em campo. Na estreia frente ao Estrela da Amadora, marcou j\u00e1 nos primeiros momentos, com a vit\u00f3ria a entusiasmar os cerca de 50 mil adeptos. O momento criou grande euforia entre os f\u00e3s do Benfica, que o comparam a Pedro Mantorras. Mantorras ficou conhecido h\u00e1 vinte e um anos como talism\u00e3, marcando golos decisivos nos minutos finais e ajudando a conquistar o t\u00edtulo; o paralelismo com o jovem jogador \u00e9 apontado pela torcida. A tens\u00e3o inicial transformou-se em entusiasmo, com a equipa a ganhar energia quando o jogador entrou em campo.\" \/>\n<meta property=\"og:url\" content=\"https:\/\/portaltela.pt\/noticias\/2026\/02\/09\/anisio-o-vulcao-emula-mantorras-em-campo\/\" \/>\n<meta property=\"og:site_name\" content=\"Portal Tela Portugal\" \/>\n<meta property=\"article:published_time\" content=\"2026-02-10T01:30:00+00:00\" \/>\n<meta name=\"author\" content=\"Telinha\" \/>\n<meta name=\"twitter:card\" content=\"summary_large_image\" \/>\n<meta name=\"twitter:label1\" content=\"Escrito por\" \/>\n\t<meta name=\"twitter:data1\" content=\"Telinha\" \/>\n\t<meta name=\"twitter:label2\" content=\"Tempo estimado de leitura\" \/>\n\t<meta name=\"twitter:data2\" content=\"1 minuto\" \/>\n<script type=\"application\/ld+json\" class=\"yoast-schema-graph\">{\"@context\":\"https:\/\/schema.org\",\"@graph\":[{\"@type\":\"Article\",\"@id\":\"https:\/\/portaltela.pt\/noticias\/2026\/02\/09\/anisio-o-vulcao-emula-mantorras-em-campo\/#article\",\"isPartOf\":{\"@id\":\"https:\/\/portaltela.pt\/noticias\/2026\/02\/09\/anisio-o-vulcao-emula-mantorras-em-campo\/\"},\"author\":{\"name\":\"Telinha\",\"@id\":\"https:\/\/portaltela.pt\/#\/schema\/person\/c4278d4a6028830caff9ee44b42d32ed\"},\"headline\":\"An\u00edsio, o &#8216;Vulc\u00e3o&#8217;, emula Mantorras em campo\",\"datePublished\":\"2026-02-10T01:30:00+00:00\",\"mainEntityOfPage\":{\"@id\":\"https:\/\/portaltela.pt\/noticias\/2026\/02\/09\/anisio-o-vulcao-emula-mantorras-em-campo\/\"},\"wordCount\":232,\"image\":{\"@id\":\"https:\/\/portaltela.pt\/noticias\/2026\/02\/09\/anisio-o-vulcao-emula-mantorras-em-campo\/#primaryimage\"},\"thumbnailUrl\":\"https:\/\/portaltela.pt\/s.01k8rhncp4jt1\/2026\/02\/img_1500x1000uu2026-02-08-22-25-16-2265741.jpg\",\"keywords\":[\"Benfica\",\"futebol\",\"jogadores\",\"jovens\",\"Mantorras\",\"promessas\"],\"articleSection\":[\"Desporto\",\"Futebol\"],\"inLanguage\":\"pt-PT\"},{\"@type\":\"WebPage\",\"@id\":\"https:\/\/portaltela.pt\/noticias\/2026\/02\/09\/anisio-o-vulcao-emula-mantorras-em-campo\/\",\"url\":\"https:\/\/portaltela.pt\/noticias\/2026\/02\/09\/anisio-o-vulcao-emula-mantorras-em-campo\/\",\"name\":\"An\u00edsio, o 'Vulc\u00e3o', emula Mantorras em campo - Portal Tela Portugal\",\"isPartOf\":{\"@id\":\"https:\/\/portaltela.pt\/#website\"},\"primaryImageOfPage\":{\"@id\":\"https:\/\/portaltela.pt\/noticias\/2026\/02\/09\/anisio-o-vulcao-emula-mantorras-em-campo\/#primaryimage\"},\"image\":{\"@id\":\"https:\/\/portaltela.pt\/noticias\/2026\/02\/09\/anisio-o-vulcao-emula-mantorras-em-campo\/#primaryimage\"},\"thumbnailUrl\":\"https:\/\/portaltela.pt\/s.01k8rhncp4jt1\/2026\/02\/img_1500x1000uu2026-02-08-22-25-16-2265741.jpg\",\"datePublished\":\"2026-02-10T01:30:00+00:00\",\"author\":{\"@id\":\"https:\/\/portaltela.pt\/#\/schema\/person\/c4278d4a6028830caff9ee44b42d32ed\"},\"breadcrumb\":{\"@id\":\"https:\/\/portaltela.pt\/noticias\/2026\/02\/09\/anisio-o-vulcao-emula-mantorras-em-campo\/#breadcrumb\"},\"inLanguage\":\"pt-PT\",\"potentialAction\":[{\"@type\":\"ReadAction\",\"target\":[\"https:\/\/portaltela.pt\/noticias\/2026\/02\/09\/anisio-o-vulcao-emula-mantorras-em-campo\/\"]}]},{\"@type\":\"ImageObject\",\"inLanguage\":\"pt-PT\",\"@id\":\"https:\/\/portaltela.pt\/noticias\/2026\/02\/09\/anisio-o-vulcao-emula-mantorras-em-campo\/#primaryimage\",\"url\":\"https:\/\/portaltela.pt\/s.01k8rhncp4jt1\/2026\/02\/img_1500x1000uu2026-02-08-22-25-16-2265741.jpg\",\"contentUrl\":\"https:\/\/portaltela.pt\/s.01k8rhncp4jt1\/2026\/02\/img_1500x1000uu2026-02-08-22-25-16-2265741.jpg\",\"width\":796,\"height\":448,\"caption\":\"An\u00edsio Cabral marca para o Benfica no Est\u00e1dio da Luz\"},{\"@type\":\"BreadcrumbList\",\"@id\":\"https:\/\/portaltela.pt\/noticias\/2026\/02\/09\/anisio-o-vulcao-emula-mantorras-em-campo\/#breadcrumb\",\"itemListElement\":[{\"@type\":\"ListItem\",\"position\":1,\"name\":\"In\u00edcio\",\"item\":\"https:\/\/portaltela.pt\/\"},{\"@type\":\"ListItem\",\"position\":2,\"name\":\"An\u00edsio, o &#8216;Vulc\u00e3o&#8217;, emula Mantorras em campo\"}]},{\"@type\":\"WebSite\",\"@id\":\"https:\/\/portaltela.pt\/#website\",\"url\":\"https:\/\/portaltela.pt\/\",\"name\":\"Portal Tela Portugal\",\"description\":\"\",\"potentialAction\":[{\"@type\":\"SearchAction\",\"target\":{\"@type\":\"EntryPoint\",\"urlTemplate\":\"https:\/\/portaltela.pt\/?s={search_term_string}\"},\"query-input\":{\"@type\":\"PropertyValueSpecification\",\"valueRequired\":true,\"valueName\":\"search_term_string\"}}],\"inLanguage\":\"pt-PT\"},{\"@type\":\"Person\",\"@id\":\"https:\/\/portaltela.pt\/#\/schema\/person\/c4278d4a6028830caff9ee44b42d32ed\",\"name\":\"Telinha\",\"image\":{\"@type\":\"ImageObject\",\"inLanguage\":\"pt-PT\",\"@id\":\"https:\/\/portaltela.pt\/s.01k8rhncp4jt1\/2025\/11\/talking-bot-125x125.png\",\"url\":\"https:\/\/portaltela.pt\/s.01k8rhncp4jt1\/2025\/11\/talking-bot-125x125.png\",\"contentUrl\":\"https:\/\/portaltela.pt\/s.01k8rhncp4jt1\/2025\/11\/talking-bot-125x125.png\",\"caption\":\"Telinha\"},\"sameAs\":[\"https:\/\/portaltela.pt\/\"],\"url\":\"https:\/\/portaltela.pt\/por\/367410592786\/\"}]}<\/script>\n<!-- \/ Yoast SEO plugin. -->","yoast_head_json":{"title":"An\u00edsio, o 'Vulc\u00e3o', emula Mantorras em campo - Portal Tela Portugal","robots":{"index":"index","follow":"follow","max-snippet":"max-snippet:-1","max-image-preview":"max-image-preview:large","max-video-preview":"max-video-preview:-1"},"og_locale":"pt_PT","og_type":"article","og_title":"An\u00edsio, o 'Vulc\u00e3o', emula Mantorras em campo - Portal Tela Portugal","og_description":"Um jovem jogador entrou do banco e decidiu o jogo frente ao Alverca, aos 29 segundos em campo. Na estreia frente ao Estrela da Amadora, marcou j\u00e1 nos primeiros momentos, com a vit\u00f3ria a entusiasmar os cerca de 50 mil adeptos. O momento criou grande euforia entre os f\u00e3s do Benfica, que o comparam a Pedro Mantorras. Mantorras ficou conhecido h\u00e1 vinte e um anos como talism\u00e3, marcando golos decisivos nos minutos finais e ajudando a conquistar o t\u00edtulo; o paralelismo com o jovem jogador \u00e9 apontado pela torcida. A tens\u00e3o inicial transformou-se em entusiasmo, com a equipa a ganhar energia quando o jogador entrou em campo.","og_url":"https:\/\/portaltela.pt\/noticias\/2026\/02\/09\/anisio-o-vulcao-emula-mantorras-em-campo\/","og_site_name":"Portal Tela Portugal","article_published_time":"2026-02-10T01:30:00+00:00","author":"Telinha","twitter_card":"summary_large_image","twitter_misc":{"Escrito por":"Telinha","Tempo estimado de leitura":"1 minuto"},"schema":{"@context":"https:\/\/schema.org","@graph":[{"@type":"Article","@id":"https:\/\/portaltela.pt\/noticias\/2026\/02\/09\/anisio-o-vulcao-emula-mantorras-em-campo\/#article","isPartOf":{"@id":"https:\/\/portaltela.pt\/noticias\/2026\/02\/09\/anisio-o-vulcao-emula-mantorras-em-campo\/"},"author":{"name":"Telinha","@id":"https:\/\/portaltela.pt\/#\/schema\/person\/c4278d4a6028830caff9ee44b42d32ed"},"headline":"An\u00edsio, o &#8216;Vulc\u00e3o&#8217;, emula Mantorras em campo","datePublished":"2026-02-10T01:30:00+00:00","mainEntityOfPage":{"@id":"https:\/\/portaltela.pt\/noticias\/2026\/02\/09\/anisio-o-vulcao-emula-mantorras-em-campo\/"},"wordCount":232,"image":{"@id":"https:\/\/portaltela.pt\/noticias\/2026\/02\/09\/anisio-o-vulcao-emula-mantorras-em-campo\/#primaryimage"},"thumbnailUrl":"https:\/\/portaltela.pt\/s.01k8rhncp4jt1\/2026\/02\/img_1500x1000uu2026-02-08-22-25-16-2265741.jpg","keywords":["Benfica","futebol","jogadores","jovens","Mantorras","promessas"],"articleSection":["Desporto","Futebol"],"inLanguage":"pt-PT"},{"@type":"WebPage","@id":"https:\/\/portaltela.pt\/noticias\/2026\/02\/09\/anisio-o-vulcao-emula-mantorras-em-campo\/","url":"https:\/\/portaltela.pt\/noticias\/2026\/02\/09\/anisio-o-vulcao-emula-mantorras-em-campo\/","name":"An\u00edsio, o 'Vulc\u00e3o', emula Mantorras em campo - Portal Tela Portugal","isPartOf":{"@id":"https:\/\/portaltela.pt\/#website"},"primaryImageOfPage":{"@id":"https:\/\/portaltela.pt\/noticias\/2026\/02\/09\/anisio-o-vulcao-emula-mantorras-em-campo\/#primaryimage"},"image":{"@id":"https:\/\/portaltela.pt\/noticias\/2026\/02\/09\/anisio-o-vulcao-emula-mantorras-em-campo\/#primaryimage"},"thumbnailUrl":"https:\/\/portaltela.pt\/s.01k8rhncp4jt1\/2026\/02\/img_1500x1000uu2026-02-08-22-25-16-2265741.jpg","datePublished":"2026-02-10T01:30:00+00:00","author":{"@id":"https:\/\/portaltela.pt\/#\/schema\/person\/c4278d4a6028830caff9ee44b42d32ed"},"breadcrumb":{"@id":"https:\/\/portaltela.pt\/noticias\/2026\/02\/09\/anisio-o-vulcao-emula-mantorras-em-campo\/#breadcrumb"},"inLanguage":"pt-PT","potentialAction":[{"@type":"ReadAction","target":["https:\/\/portaltela.pt\/noticias\/2026\/02\/09\/anisio-o-vulcao-emula-mantorras-em-campo\/"]}]},{"@type":"ImageObject","inLanguage":"pt-PT","@id":"https:\/\/portaltela.pt\/noticias\/2026\/02\/09\/anisio-o-vulcao-emula-mantorras-em-campo\/#primaryimage","url":"https:\/\/portaltela.pt\/s.01k8rhncp4jt1\/2026\/02\/img_1500x1000uu2026-02-08-22-25-16-2265741.jpg","contentUrl":"https:\/\/portaltela.pt\/s.01k8rhncp4jt1\/2026\/02\/img_1500x1000uu2026-02-08-22-25-16-2265741.jpg","width":796,"height":448,"caption":"An\u00edsio Cabral marca para o Benfica no Est\u00e1dio da Luz"},{"@type":"BreadcrumbList","@id":"https:\/\/portaltela.pt\/noticias\/2026\/02\/09\/anisio-o-vulcao-emula-mantorras-em-campo\/#breadcrumb","itemListElement":[{"@type":"ListItem","position":1,"name":"In\u00edcio","item":"https:\/\/portaltela.pt\/"},{"@type":"ListItem","position":2,"name":"An\u00edsio, o &#8216;Vulc\u00e3o&#8217;, emula Mantorras em campo"}]},{"@type":"WebSite","@id":"https:\/\/portaltela.pt\/#website","url":"https:\/\/portaltela.pt\/","name":"Portal Tela Portugal","description":"","potentialAction":[{"@type":"SearchAction","target":{"@type":"EntryPoint","urlTemplate":"https:\/\/portaltela.pt\/?s={search_term_string}"},"query-input":{"@type":"PropertyValueSpecification","valueRequired":true,"valueName":"search_term_string"}}],"inLanguage":"pt-PT"},{"@type":"Person","@id":"https:\/\/portaltela.pt\/#\/schema\/person\/c4278d4a6028830caff9ee44b42d32ed","name":"Telinha","image":{"@type":"ImageObject","inLanguage":"pt-PT","@id":"https:\/\/portaltela.pt\/s.01k8rhncp4jt1\/2025\/11\/talking-bot-125x125.png","url":"https:\/\/portaltela.pt\/s.01k8rhncp4jt1\/2025\/11\/talking-bot-125x125.png","contentUrl":"https:\/\/portaltela.pt\/s.01k8rhncp4jt1\/2025\/11\/talking-bot-125x125.png","caption":"Telinha"},"sameAs":["https:\/\/portaltela.pt\/"],"url":"https:\/\/portaltela.pt\/por\/367410592786\/"}]}},"_links":{"self":[{"href":"https:\/\/portaltela.pt\/api\/wp\/v2\/posts\/206194","targetHints":{"allow":["GET"]}}],"collection":[{"href":"https:\/\/portaltela.pt\/api\/wp\/v2\/posts"}],"about":[{"href":"https:\/\/portaltela.pt\/api\/wp\/v2\/types\/post"}],"author":[{"embeddable":true,"href":"https:\/\/portaltela.pt\/api\/wp\/v2\/users\/2"}],"replies":[{"embeddable":true,"href":"https:\/\/portaltela.pt\/api\/wp\/v2\/comments?post=206194"}],"version-history":[{"count":0,"href":"https:\/\/portaltela.pt\/api\/wp\/v2\/posts\/206194\/revisions"}],"wp:featuredmedia":[{"embeddable":true,"href":"https:\/\/portaltela.pt\/api\/wp\/v2\/media\/206196"}],"wp:attachment":[{"href":"https:\/\/portaltela.pt\/api\/wp\/v2\/media?parent=206194"}],"wp:term":[{"taxonomy":"category","embeddable":true,"href":"https:\/\/portaltela.pt\/api\/wp\/v2\/categories?post=206194"},{"taxonomy":"post_tag","embeddable":true,"href":"https:\/\/portaltela.pt\/api\/wp\/v2\/tags?post=206194"}],"curies":[{"name":"wp","href":"https:\/\/api.w.org\/{rel}","templated":true}]}}