{"id":206192,"date":"2026-02-09T22:08:00","date_gmt":"2026-02-10T01:08:00","guid":{"rendered":"https:\/\/portaltela.pt\/noticias\/2026\/02\/09\/reacoes-dos-adeptos-do-fc-porto-ao-empate-no-classico-sete-na-area\/"},"modified":"2026-02-09T22:08:00","modified_gmt":"2026-02-10T01:08:00","slug":"reacoes-dos-adeptos-do-fc-porto-ao-empate-no-classico-sete-na-area","status":"publish","type":"post","link":"https:\/\/portaltela.pt\/desporto\/futebol\/2026\/02\/09\/reacoes-dos-adeptos-do-fc-porto-ao-empate-no-classico-sete-na-area\/","title":{"rendered":"Rea\u00e7\u00f5es dos adeptos do FC Porto ao empate no cl\u00e1ssico: sete na \u00e1rea"},"content":{"rendered":"<p>O FC Porto empatou 1-1 no cl\u00e1ssico, com Fofana a abrir o marcador na estreia pelos azuis e brancos. Su\u00e1rez empatou numa recarga ao pen\u00e1lti defendido por Diogo Costa, mantendo o jogo empatado at\u00e9 final.<\/p>\n<p>A equipa portista ambicionou uma exibi\u00e7\u00e3o valiosa que n\u00e3o se consolidou com o triunfo. O golo de Fofana permitiu manter o equil\u00edbrio no marcador, ap\u00f3s uma primeira parte disputada e marcada pela procura de oportunidades.<\/p>\n<p>Record falou com tr\u00eas convidados para perceber as leituras da massa adepta: Fernando P\u00f3voas, Cristiano Pereira e \u00c1lvaro Magalh\u00e3es, que responderam de forma un\u00edssona sobre a interpreta\u00e7\u00e3o do resultado.<\/p>\n<p>O jornal procurou entender o que a massa adepta retirou do encontro, destacando a import\u00e2ncia do lance do pen\u00e1lti defendido por Diogo Costa e a conclus\u00e3o de Su\u00e1rez na recarga. O desfecho manteve o empate no cl\u00e1ssico.<\/p>\n<p>A partida realizou-se, em termos de contexto, num cen\u00e1rio onde as equipas defenderam sectors distintos e procuraram segurar o duelo at\u00e9 ao final, sem que nenhum dos lados consolidasse vantagem decisiva.<\/p>\n","protected":false},"excerpt":{"rendered":"<ul>\n<li>O FC Porto adiantou-se no cl\u00e1ssico com golo de Fofana, na estreia pela equipa.<\/li>\n<li>O golo de Su\u00e1rez, numa recarga ao pen\u00e1lti defendido por Diogo Costa, empatou a partida em 1-1.<\/li>\n<li>O clube portista esteve perto de uma exibi\u00e7\u00e3o mais valiosa, mas acabou por ceder o empate.<\/li>\n<li>Record recolheu rea\u00e7\u00f5es da massa adepta portista para perceber o que ficou do desempenho no jogo.<\/li>\n<li>A an\u00e1lise destaca a resposta dos adeptos ao ajuste da divis\u00e3o de pontos ap\u00f3s o empate.<\/li>\n<\/ul>\n","protected":false},"author":2,"featured_media":206193,"comment_status":"closed","ping_status":"closed","sticky":false,"template":"","format":"standard","meta":{"footnotes":""},"categories":[21,24],"tags":[3406,2028,4297,32,1885,982],"class_list":["post-206192","post","type-post","status-publish","format-standard","has-post-thumbnail","hentry","category-desporto","category-futebol","tag-diogo-costa","tag-fc-porto","tag-fofana","tag-futebol","tag-penalti","tag-porto"],"yoast_head":"<!-- This site is optimized with the Yoast SEO plugin v27.2 - https:\/\/yoast.com\/product\/yoast-seo-wordpress\/ -->\n<title>Rea\u00e7\u00f5es dos adeptos do FC Porto ao empate no cl\u00e1ssico: sete na \u00e1rea - Portal Tela Portugal<\/title>\n<meta name=\"robots\" content=\"index, follow, max-snippet:-1, max-image-preview:large, max-video-preview:-1\" \/>\n<meta property=\"og:locale\" content=\"pt_PT\" \/>\n<meta property=\"og:type\" content=\"article\" \/>\n<meta property=\"og:title\" content=\"Rea\u00e7\u00f5es dos adeptos do FC Porto ao empate no cl\u00e1ssico: sete na \u00e1rea - Portal Tela Portugal\" \/>\n<meta property=\"og:description\" content=\"O FC Porto adiantou-se no cl\u00e1ssico com golo de Fofana, na estreia pela equipa. O golo de Su\u00e1rez, numa recarga ao pen\u00e1lti defendido por Diogo Costa, empatou a partida em 1-1. O clube portista esteve perto de uma exibi\u00e7\u00e3o mais valiosa, mas acabou por ceder o empate. Record recolheu rea\u00e7\u00f5es da massa adepta portista para perceber o que ficou do desempenho no jogo. A an\u00e1lise destaca a resposta dos adeptos ao ajuste da divis\u00e3o de pontos ap\u00f3s o empate.\" \/>\n<meta property=\"og:url\" content=\"https:\/\/portaltela.pt\/noticias\/2026\/02\/09\/reacoes-dos-adeptos-do-fc-porto-ao-empate-no-classico-sete-na-area\/\" \/>\n<meta property=\"og:site_name\" content=\"Portal Tela Portugal\" \/>\n<meta property=\"article:published_time\" content=\"2026-02-10T01:08:00+00:00\" \/>\n<meta name=\"author\" content=\"Telinha\" \/>\n<meta name=\"twitter:card\" content=\"summary_large_image\" \/>\n<meta name=\"twitter:label1\" content=\"Escrito por\" \/>\n\t<meta name=\"twitter:data1\" content=\"Telinha\" \/>\n\t<meta name=\"twitter:label2\" content=\"Tempo estimado de leitura\" \/>\n\t<meta name=\"twitter:data2\" content=\"1 minuto\" \/>\n<script type=\"application\/ld+json\" class=\"yoast-schema-graph\">{\"@context\":\"https:\/\/schema.org\",\"@graph\":[{\"@type\":\"Article\",\"@id\":\"https:\/\/portaltela.pt\/noticias\/2026\/02\/09\/reacoes-dos-adeptos-do-fc-porto-ao-empate-no-classico-sete-na-area\/#article\",\"isPartOf\":{\"@id\":\"https:\/\/portaltela.pt\/noticias\/2026\/02\/09\/reacoes-dos-adeptos-do-fc-porto-ao-empate-no-classico-sete-na-area\/\"},\"author\":{\"name\":\"Telinha\",\"@id\":\"https:\/\/portaltela.pt\/#\/schema\/person\/c4278d4a6028830caff9ee44b42d32ed\"},\"headline\":\"Rea\u00e7\u00f5es dos adeptos do FC Porto ao empate no cl\u00e1ssico: sete na \u00e1rea\",\"datePublished\":\"2026-02-10T01:08:00+00:00\",\"mainEntityOfPage\":{\"@id\":\"https:\/\/portaltela.pt\/noticias\/2026\/02\/09\/reacoes-dos-adeptos-do-fc-porto-ao-empate-no-classico-sete-na-area\/\"},\"wordCount\":200,\"image\":{\"@id\":\"https:\/\/portaltela.pt\/noticias\/2026\/02\/09\/reacoes-dos-adeptos-do-fc-porto-ao-empate-no-classico-sete-na-area\/#primaryimage\"},\"thumbnailUrl\":\"https:\/\/portaltela.pt\/s.01k8rhncp4jt1\/2026\/02\/img_920x518uu2026-02-10-01-09-59-2420703.jpg\",\"keywords\":[\"Diogo Costa\",\"FC Porto\",\"Fofana\",\"futebol\",\"pen\u00e1lti\",\"Porto\"],\"articleSection\":[\"Desporto\",\"Futebol\"],\"inLanguage\":\"pt-PT\"},{\"@type\":\"WebPage\",\"@id\":\"https:\/\/portaltela.pt\/noticias\/2026\/02\/09\/reacoes-dos-adeptos-do-fc-porto-ao-empate-no-classico-sete-na-area\/\",\"url\":\"https:\/\/portaltela.pt\/noticias\/2026\/02\/09\/reacoes-dos-adeptos-do-fc-porto-ao-empate-no-classico-sete-na-area\/\",\"name\":\"Rea\u00e7\u00f5es dos adeptos do FC Porto ao empate no cl\u00e1ssico: sete na \u00e1rea - Portal Tela Portugal\",\"isPartOf\":{\"@id\":\"https:\/\/portaltela.pt\/#website\"},\"primaryImageOfPage\":{\"@id\":\"https:\/\/portaltela.pt\/noticias\/2026\/02\/09\/reacoes-dos-adeptos-do-fc-porto-ao-empate-no-classico-sete-na-area\/#primaryimage\"},\"image\":{\"@id\":\"https:\/\/portaltela.pt\/noticias\/2026\/02\/09\/reacoes-dos-adeptos-do-fc-porto-ao-empate-no-classico-sete-na-area\/#primaryimage\"},\"thumbnailUrl\":\"https:\/\/portaltela.pt\/s.01k8rhncp4jt1\/2026\/02\/img_920x518uu2026-02-10-01-09-59-2420703.jpg\",\"datePublished\":\"2026-02-10T01:08:00+00:00\",\"author\":{\"@id\":\"https:\/\/portaltela.pt\/#\/schema\/person\/c4278d4a6028830caff9ee44b42d32ed\"},\"breadcrumb\":{\"@id\":\"https:\/\/portaltela.pt\/noticias\/2026\/02\/09\/reacoes-dos-adeptos-do-fc-porto-ao-empate-no-classico-sete-na-area\/#breadcrumb\"},\"inLanguage\":\"pt-PT\",\"potentialAction\":[{\"@type\":\"ReadAction\",\"target\":[\"https:\/\/portaltela.pt\/noticias\/2026\/02\/09\/reacoes-dos-adeptos-do-fc-porto-ao-empate-no-classico-sete-na-area\/\"]}]},{\"@type\":\"ImageObject\",\"inLanguage\":\"pt-PT\",\"@id\":\"https:\/\/portaltela.pt\/noticias\/2026\/02\/09\/reacoes-dos-adeptos-do-fc-porto-ao-empate-no-classico-sete-na-area\/#primaryimage\",\"url\":\"https:\/\/portaltela.pt\/s.01k8rhncp4jt1\/2026\/02\/img_920x518uu2026-02-10-01-09-59-2420703.jpg\",\"contentUrl\":\"https:\/\/portaltela.pt\/s.01k8rhncp4jt1\/2026\/02\/img_920x518uu2026-02-10-01-09-59-2420703.jpg\",\"width\":796,\"height\":448,\"caption\":\"Jogadores do FC Porto aplaudem os adeptos depois do cl\u00e1ssico\"},{\"@type\":\"BreadcrumbList\",\"@id\":\"https:\/\/portaltela.pt\/noticias\/2026\/02\/09\/reacoes-dos-adeptos-do-fc-porto-ao-empate-no-classico-sete-na-area\/#breadcrumb\",\"itemListElement\":[{\"@type\":\"ListItem\",\"position\":1,\"name\":\"In\u00edcio\",\"item\":\"https:\/\/portaltela.pt\/\"},{\"@type\":\"ListItem\",\"position\":2,\"name\":\"Rea\u00e7\u00f5es dos adeptos do FC Porto ao empate no cl\u00e1ssico: sete na \u00e1rea\"}]},{\"@type\":\"WebSite\",\"@id\":\"https:\/\/portaltela.pt\/#website\",\"url\":\"https:\/\/portaltela.pt\/\",\"name\":\"Portal Tela Portugal\",\"description\":\"\",\"potentialAction\":[{\"@type\":\"SearchAction\",\"target\":{\"@type\":\"EntryPoint\",\"urlTemplate\":\"https:\/\/portaltela.pt\/?s={search_term_string}\"},\"query-input\":{\"@type\":\"PropertyValueSpecification\",\"valueRequired\":true,\"valueName\":\"search_term_string\"}}],\"inLanguage\":\"pt-PT\"},{\"@type\":\"Person\",\"@id\":\"https:\/\/portaltela.pt\/#\/schema\/person\/c4278d4a6028830caff9ee44b42d32ed\",\"name\":\"Telinha\",\"image\":{\"@type\":\"ImageObject\",\"inLanguage\":\"pt-PT\",\"@id\":\"https:\/\/portaltela.pt\/s.01k8rhncp4jt1\/2025\/11\/talking-bot-125x125.png\",\"url\":\"https:\/\/portaltela.pt\/s.01k8rhncp4jt1\/2025\/11\/talking-bot-125x125.png\",\"contentUrl\":\"https:\/\/portaltela.pt\/s.01k8rhncp4jt1\/2025\/11\/talking-bot-125x125.png\",\"caption\":\"Telinha\"},\"sameAs\":[\"https:\/\/portaltela.pt\/\"],\"url\":\"https:\/\/portaltela.pt\/por\/367410592786\/\"}]}<\/script>\n<!-- \/ Yoast SEO plugin. -->","yoast_head_json":{"title":"Rea\u00e7\u00f5es dos adeptos do FC Porto ao empate no cl\u00e1ssico: sete na \u00e1rea - Portal Tela Portugal","robots":{"index":"index","follow":"follow","max-snippet":"max-snippet:-1","max-image-preview":"max-image-preview:large","max-video-preview":"max-video-preview:-1"},"og_locale":"pt_PT","og_type":"article","og_title":"Rea\u00e7\u00f5es dos adeptos do FC Porto ao empate no cl\u00e1ssico: sete na \u00e1rea - Portal Tela Portugal","og_description":"O FC Porto adiantou-se no cl\u00e1ssico com golo de Fofana, na estreia pela equipa. O golo de Su\u00e1rez, numa recarga ao pen\u00e1lti defendido por Diogo Costa, empatou a partida em 1-1. O clube portista esteve perto de uma exibi\u00e7\u00e3o mais valiosa, mas acabou por ceder o empate. Record recolheu rea\u00e7\u00f5es da massa adepta portista para perceber o que ficou do desempenho no jogo. A an\u00e1lise destaca a resposta dos adeptos ao ajuste da divis\u00e3o de pontos ap\u00f3s o empate.","og_url":"https:\/\/portaltela.pt\/noticias\/2026\/02\/09\/reacoes-dos-adeptos-do-fc-porto-ao-empate-no-classico-sete-na-area\/","og_site_name":"Portal Tela Portugal","article_published_time":"2026-02-10T01:08:00+00:00","author":"Telinha","twitter_card":"summary_large_image","twitter_misc":{"Escrito por":"Telinha","Tempo estimado de leitura":"1 minuto"},"schema":{"@context":"https:\/\/schema.org","@graph":[{"@type":"Article","@id":"https:\/\/portaltela.pt\/noticias\/2026\/02\/09\/reacoes-dos-adeptos-do-fc-porto-ao-empate-no-classico-sete-na-area\/#article","isPartOf":{"@id":"https:\/\/portaltela.pt\/noticias\/2026\/02\/09\/reacoes-dos-adeptos-do-fc-porto-ao-empate-no-classico-sete-na-area\/"},"author":{"name":"Telinha","@id":"https:\/\/portaltela.pt\/#\/schema\/person\/c4278d4a6028830caff9ee44b42d32ed"},"headline":"Rea\u00e7\u00f5es dos adeptos do FC Porto ao empate no cl\u00e1ssico: sete na \u00e1rea","datePublished":"2026-02-10T01:08:00+00:00","mainEntityOfPage":{"@id":"https:\/\/portaltela.pt\/noticias\/2026\/02\/09\/reacoes-dos-adeptos-do-fc-porto-ao-empate-no-classico-sete-na-area\/"},"wordCount":200,"image":{"@id":"https:\/\/portaltela.pt\/noticias\/2026\/02\/09\/reacoes-dos-adeptos-do-fc-porto-ao-empate-no-classico-sete-na-area\/#primaryimage"},"thumbnailUrl":"https:\/\/portaltela.pt\/s.01k8rhncp4jt1\/2026\/02\/img_920x518uu2026-02-10-01-09-59-2420703.jpg","keywords":["Diogo Costa","FC Porto","Fofana","futebol","pen\u00e1lti","Porto"],"articleSection":["Desporto","Futebol"],"inLanguage":"pt-PT"},{"@type":"WebPage","@id":"https:\/\/portaltela.pt\/noticias\/2026\/02\/09\/reacoes-dos-adeptos-do-fc-porto-ao-empate-no-classico-sete-na-area\/","url":"https:\/\/portaltela.pt\/noticias\/2026\/02\/09\/reacoes-dos-adeptos-do-fc-porto-ao-empate-no-classico-sete-na-area\/","name":"Rea\u00e7\u00f5es dos adeptos do FC Porto ao empate no cl\u00e1ssico: sete na \u00e1rea - Portal Tela Portugal","isPartOf":{"@id":"https:\/\/portaltela.pt\/#website"},"primaryImageOfPage":{"@id":"https:\/\/portaltela.pt\/noticias\/2026\/02\/09\/reacoes-dos-adeptos-do-fc-porto-ao-empate-no-classico-sete-na-area\/#primaryimage"},"image":{"@id":"https:\/\/portaltela.pt\/noticias\/2026\/02\/09\/reacoes-dos-adeptos-do-fc-porto-ao-empate-no-classico-sete-na-area\/#primaryimage"},"thumbnailUrl":"https:\/\/portaltela.pt\/s.01k8rhncp4jt1\/2026\/02\/img_920x518uu2026-02-10-01-09-59-2420703.jpg","datePublished":"2026-02-10T01:08:00+00:00","author":{"@id":"https:\/\/portaltela.pt\/#\/schema\/person\/c4278d4a6028830caff9ee44b42d32ed"},"breadcrumb":{"@id":"https:\/\/portaltela.pt\/noticias\/2026\/02\/09\/reacoes-dos-adeptos-do-fc-porto-ao-empate-no-classico-sete-na-area\/#breadcrumb"},"inLanguage":"pt-PT","potentialAction":[{"@type":"ReadAction","target":["https:\/\/portaltela.pt\/noticias\/2026\/02\/09\/reacoes-dos-adeptos-do-fc-porto-ao-empate-no-classico-sete-na-area\/"]}]},{"@type":"ImageObject","inLanguage":"pt-PT","@id":"https:\/\/portaltela.pt\/noticias\/2026\/02\/09\/reacoes-dos-adeptos-do-fc-porto-ao-empate-no-classico-sete-na-area\/#primaryimage","url":"https:\/\/portaltela.pt\/s.01k8rhncp4jt1\/2026\/02\/img_920x518uu2026-02-10-01-09-59-2420703.jpg","contentUrl":"https:\/\/portaltela.pt\/s.01k8rhncp4jt1\/2026\/02\/img_920x518uu2026-02-10-01-09-59-2420703.jpg","width":796,"height":448,"caption":"Jogadores do FC Porto aplaudem os adeptos depois do cl\u00e1ssico"},{"@type":"BreadcrumbList","@id":"https:\/\/portaltela.pt\/noticias\/2026\/02\/09\/reacoes-dos-adeptos-do-fc-porto-ao-empate-no-classico-sete-na-area\/#breadcrumb","itemListElement":[{"@type":"ListItem","position":1,"name":"In\u00edcio","item":"https:\/\/portaltela.pt\/"},{"@type":"ListItem","position":2,"name":"Rea\u00e7\u00f5es dos adeptos do FC Porto ao empate no cl\u00e1ssico: sete na \u00e1rea"}]},{"@type":"WebSite","@id":"https:\/\/portaltela.pt\/#website","url":"https:\/\/portaltela.pt\/","name":"Portal Tela Portugal","description":"","potentialAction":[{"@type":"SearchAction","target":{"@type":"EntryPoint","urlTemplate":"https:\/\/portaltela.pt\/?s={search_term_string}"},"query-input":{"@type":"PropertyValueSpecification","valueRequired":true,"valueName":"search_term_string"}}],"inLanguage":"pt-PT"},{"@type":"Person","@id":"https:\/\/portaltela.pt\/#\/schema\/person\/c4278d4a6028830caff9ee44b42d32ed","name":"Telinha","image":{"@type":"ImageObject","inLanguage":"pt-PT","@id":"https:\/\/portaltela.pt\/s.01k8rhncp4jt1\/2025\/11\/talking-bot-125x125.png","url":"https:\/\/portaltela.pt\/s.01k8rhncp4jt1\/2025\/11\/talking-bot-125x125.png","contentUrl":"https:\/\/portaltela.pt\/s.01k8rhncp4jt1\/2025\/11\/talking-bot-125x125.png","caption":"Telinha"},"sameAs":["https:\/\/portaltela.pt\/"],"url":"https:\/\/portaltela.pt\/por\/367410592786\/"}]}},"_links":{"self":[{"href":"https:\/\/portaltela.pt\/api\/wp\/v2\/posts\/206192","targetHints":{"allow":["GET"]}}],"collection":[{"href":"https:\/\/portaltela.pt\/api\/wp\/v2\/posts"}],"about":[{"href":"https:\/\/portaltela.pt\/api\/wp\/v2\/types\/post"}],"author":[{"embeddable":true,"href":"https:\/\/portaltela.pt\/api\/wp\/v2\/users\/2"}],"replies":[{"embeddable":true,"href":"https:\/\/portaltela.pt\/api\/wp\/v2\/comments?post=206192"}],"version-history":[{"count":0,"href":"https:\/\/portaltela.pt\/api\/wp\/v2\/posts\/206192\/revisions"}],"wp:featuredmedia":[{"embeddable":true,"href":"https:\/\/portaltela.pt\/api\/wp\/v2\/media\/206193"}],"wp:attachment":[{"href":"https:\/\/portaltela.pt\/api\/wp\/v2\/media?parent=206192"}],"wp:term":[{"taxonomy":"category","embeddable":true,"href":"https:\/\/portaltela.pt\/api\/wp\/v2\/categories?post=206192"},{"taxonomy":"post_tag","embeddable":true,"href":"https:\/\/portaltela.pt\/api\/wp\/v2\/tags?post=206192"}],"curies":[{"name":"wp","href":"https:\/\/api.w.org\/{rel}","templated":true}]}}