{"id":206129,"date":"2026-02-09T20:58:00","date_gmt":"2026-02-09T23:58:00","guid":{"rendered":"https:\/\/portaltela.pt\/noticias\/2026\/02\/09\/fernando-gomes-proposto-como-membro-honorario-do-comite-executivo-da-uefa\/"},"modified":"2026-02-09T20:58:00","modified_gmt":"2026-02-09T23:58:00","slug":"fernando-gomes-proposto-como-membro-honorario-do-comite-executivo-da-uefa","status":"publish","type":"post","link":"https:\/\/portaltela.pt\/desporto\/futebol\/2026\/02\/09\/fernando-gomes-proposto-como-membro-honorario-do-comite-executivo-da-uefa\/","title":{"rendered":"Fernando Gomes proposto como membro honor\u00e1rio do Comit\u00e9 Executivo da UEFA"},"content":{"rendered":"<p>Fernando Gomes foi proposto para se tornar membro honor\u00e1rio do Comit\u00e9 Executivo da UEFA, segundo o jornal Record. A not\u00edcia indica que a designa\u00e7\u00e3o est\u00e1 em avalia\u00e7\u00e3o, sem confirma\u00e7\u00e3o oficial.<\/p>\n<p>Gomes \u00e9 antigo presidente da Federa\u00e7\u00e3o Portuguesa de Futebol (FPF) e, atualmente, lidera o Comit\u00e9 Ol\u00edmpico de Portugal (COP). A proposta insere-se na lista de potenciais membros honor\u00e1rios da UEFA.<\/p>\n<p>O processo envolve a UEFA e as suas comiss\u00f5es de governance, com a decis\u00e3o a depender de regras internas e aprova\u00e7\u00e3o das entidades competentes. A not\u00edcia n\u00e3o detalha a data nem o protocolo seguinte.<\/p>\n<p>Record destaca que a proposta ainda n\u00e3o resulta em confirma\u00e7\u00e3o p\u00fablica, e que eventuais passos depender\u00e3o de procedimentos formais dentro da UEFA. N\u00e3o foram inclu\u00eddas outras informa\u00e7\u00f5es adicionais.<\/p>\n","protected":false},"excerpt":{"rendered":"<ul>\n<li>Fernando Gomes, ex-presidente da Federa\u00e7\u00e3o Portuguesa de Futebol e atual l\u00edder do Comit\u00e9 Ol\u00edmpico de Portugal, foi proposto como membro honor\u00e1rio do Comit\u00e9 Executivo da UEFA.<\/li>\n<li>A not\u00edcia \u00e9 divulgada pelo jornal Record.<\/li>\n<li>A proposta refere-se \u00e0 nomea\u00e7\u00e3o de Gomes para o \u00f3rg\u00e3o executivo da UEFA, em forma de distin\u00e7\u00e3o honor\u00e1ria.<\/li>\n<li>Gomes j\u00e1 ocupou cargos de destaque no desporto portugu\u00eas, incluindo a lideran\u00e7a da FPF e do COP.<\/li>\n<\/ul>\n","protected":false},"author":2,"featured_media":206131,"comment_status":"closed","ping_status":"closed","sticky":false,"template":"","format":"standard","meta":{"footnotes":""},"categories":[21,24],"tags":[4688,152,32,1274,136,1014],"class_list":["post-206129","post","type-post","status-publish","format-standard","has-post-thumbnail","hentry","category-desporto","category-futebol","tag-comite-olimpico-internacional","tag-desporto","tag-futebol","tag-governanca","tag-organizacoes","tag-portugal"],"yoast_head":"<!-- This site is optimized with the Yoast SEO plugin v27.2 - https:\/\/yoast.com\/product\/yoast-seo-wordpress\/ -->\n<title>Fernando Gomes proposto como membro honor\u00e1rio do Comit\u00e9 Executivo da UEFA - Portal Tela Portugal<\/title>\n<meta name=\"robots\" content=\"index, follow, max-snippet:-1, max-image-preview:large, max-video-preview:-1\" \/>\n<meta property=\"og:locale\" content=\"pt_PT\" \/>\n<meta property=\"og:type\" content=\"article\" \/>\n<meta property=\"og:title\" content=\"Fernando Gomes proposto como membro honor\u00e1rio do Comit\u00e9 Executivo da UEFA - Portal Tela Portugal\" \/>\n<meta property=\"og:description\" content=\"Fernando Gomes, ex-presidente da Federa\u00e7\u00e3o Portuguesa de Futebol e atual l\u00edder do Comit\u00e9 Ol\u00edmpico de Portugal, foi proposto como membro honor\u00e1rio do Comit\u00e9 Executivo da UEFA. A not\u00edcia \u00e9 divulgada pelo jornal Record. A proposta refere-se \u00e0 nomea\u00e7\u00e3o de Gomes para o \u00f3rg\u00e3o executivo da UEFA, em forma de distin\u00e7\u00e3o honor\u00e1ria. Gomes j\u00e1 ocupou cargos de destaque no desporto portugu\u00eas, incluindo a lideran\u00e7a da FPF e do COP.\" \/>\n<meta property=\"og:url\" content=\"https:\/\/portaltela.pt\/noticias\/2026\/02\/09\/fernando-gomes-proposto-como-membro-honorario-do-comite-executivo-da-uefa\/\" \/>\n<meta property=\"og:site_name\" content=\"Portal Tela Portugal\" \/>\n<meta property=\"article:published_time\" content=\"2026-02-09T23:58:00+00:00\" \/>\n<meta name=\"author\" content=\"Telinha\" \/>\n<meta name=\"twitter:card\" content=\"summary_large_image\" \/>\n<meta name=\"twitter:label1\" content=\"Escrito por\" \/>\n\t<meta name=\"twitter:data1\" content=\"Telinha\" \/>\n\t<meta name=\"twitter:label2\" content=\"Tempo estimado de leitura\" \/>\n\t<meta name=\"twitter:data2\" content=\"1 minuto\" \/>\n<script type=\"application\/ld+json\" class=\"yoast-schema-graph\">{\"@context\":\"https:\/\/schema.org\",\"@graph\":[{\"@type\":\"Article\",\"@id\":\"https:\/\/portaltela.pt\/noticias\/2026\/02\/09\/fernando-gomes-proposto-como-membro-honorario-do-comite-executivo-da-uefa\/#article\",\"isPartOf\":{\"@id\":\"https:\/\/portaltela.pt\/noticias\/2026\/02\/09\/fernando-gomes-proposto-como-membro-honorario-do-comite-executivo-da-uefa\/\"},\"author\":{\"name\":\"Telinha\",\"@id\":\"https:\/\/portaltela.pt\/#\/schema\/person\/c4278d4a6028830caff9ee44b42d32ed\"},\"headline\":\"Fernando Gomes proposto como membro honor\u00e1rio do Comit\u00e9 Executivo da UEFA\",\"datePublished\":\"2026-02-09T23:58:00+00:00\",\"mainEntityOfPage\":{\"@id\":\"https:\/\/portaltela.pt\/noticias\/2026\/02\/09\/fernando-gomes-proposto-como-membro-honorario-do-comite-executivo-da-uefa\/\"},\"wordCount\":153,\"image\":{\"@id\":\"https:\/\/portaltela.pt\/noticias\/2026\/02\/09\/fernando-gomes-proposto-como-membro-honorario-do-comite-executivo-da-uefa\/#primaryimage\"},\"thumbnailUrl\":\"https:\/\/portaltela.pt\/s.01k8rhncp4jt1\/2026\/02\/img_920x518uu2026-02-09-18-32-13-2420583.jpg\",\"keywords\":[\"Comit\u00e9 Ol\u00edmpico Internacional\",\"desporto\",\"futebol\",\"governan\u00e7a\",\"organiza\u00e7\u00f5es\",\"Portugal\"],\"articleSection\":[\"Desporto\",\"Futebol\"],\"inLanguage\":\"pt-PT\"},{\"@type\":\"WebPage\",\"@id\":\"https:\/\/portaltela.pt\/noticias\/2026\/02\/09\/fernando-gomes-proposto-como-membro-honorario-do-comite-executivo-da-uefa\/\",\"url\":\"https:\/\/portaltela.pt\/noticias\/2026\/02\/09\/fernando-gomes-proposto-como-membro-honorario-do-comite-executivo-da-uefa\/\",\"name\":\"Fernando Gomes proposto como membro honor\u00e1rio do Comit\u00e9 Executivo da UEFA - Portal Tela Portugal\",\"isPartOf\":{\"@id\":\"https:\/\/portaltela.pt\/#website\"},\"primaryImageOfPage\":{\"@id\":\"https:\/\/portaltela.pt\/noticias\/2026\/02\/09\/fernando-gomes-proposto-como-membro-honorario-do-comite-executivo-da-uefa\/#primaryimage\"},\"image\":{\"@id\":\"https:\/\/portaltela.pt\/noticias\/2026\/02\/09\/fernando-gomes-proposto-como-membro-honorario-do-comite-executivo-da-uefa\/#primaryimage\"},\"thumbnailUrl\":\"https:\/\/portaltela.pt\/s.01k8rhncp4jt1\/2026\/02\/img_920x518uu2026-02-09-18-32-13-2420583.jpg\",\"datePublished\":\"2026-02-09T23:58:00+00:00\",\"author\":{\"@id\":\"https:\/\/portaltela.pt\/#\/schema\/person\/c4278d4a6028830caff9ee44b42d32ed\"},\"breadcrumb\":{\"@id\":\"https:\/\/portaltela.pt\/noticias\/2026\/02\/09\/fernando-gomes-proposto-como-membro-honorario-do-comite-executivo-da-uefa\/#breadcrumb\"},\"inLanguage\":\"pt-PT\",\"potentialAction\":[{\"@type\":\"ReadAction\",\"target\":[\"https:\/\/portaltela.pt\/noticias\/2026\/02\/09\/fernando-gomes-proposto-como-membro-honorario-do-comite-executivo-da-uefa\/\"]}]},{\"@type\":\"ImageObject\",\"inLanguage\":\"pt-PT\",\"@id\":\"https:\/\/portaltela.pt\/noticias\/2026\/02\/09\/fernando-gomes-proposto-como-membro-honorario-do-comite-executivo-da-uefa\/#primaryimage\",\"url\":\"https:\/\/portaltela.pt\/s.01k8rhncp4jt1\/2026\/02\/img_920x518uu2026-02-09-18-32-13-2420583.jpg\",\"contentUrl\":\"https:\/\/portaltela.pt\/s.01k8rhncp4jt1\/2026\/02\/img_920x518uu2026-02-09-18-32-13-2420583.jpg\",\"width\":796,\"height\":448,\"caption\":\"Aleksander Ceferin e Fernando Gomes juntos num evento\"},{\"@type\":\"BreadcrumbList\",\"@id\":\"https:\/\/portaltela.pt\/noticias\/2026\/02\/09\/fernando-gomes-proposto-como-membro-honorario-do-comite-executivo-da-uefa\/#breadcrumb\",\"itemListElement\":[{\"@type\":\"ListItem\",\"position\":1,\"name\":\"In\u00edcio\",\"item\":\"https:\/\/portaltela.pt\/\"},{\"@type\":\"ListItem\",\"position\":2,\"name\":\"Fernando Gomes proposto como membro honor\u00e1rio do Comit\u00e9 Executivo da UEFA\"}]},{\"@type\":\"WebSite\",\"@id\":\"https:\/\/portaltela.pt\/#website\",\"url\":\"https:\/\/portaltela.pt\/\",\"name\":\"Portal Tela Portugal\",\"description\":\"\",\"potentialAction\":[{\"@type\":\"SearchAction\",\"target\":{\"@type\":\"EntryPoint\",\"urlTemplate\":\"https:\/\/portaltela.pt\/?s={search_term_string}\"},\"query-input\":{\"@type\":\"PropertyValueSpecification\",\"valueRequired\":true,\"valueName\":\"search_term_string\"}}],\"inLanguage\":\"pt-PT\"},{\"@type\":\"Person\",\"@id\":\"https:\/\/portaltela.pt\/#\/schema\/person\/c4278d4a6028830caff9ee44b42d32ed\",\"name\":\"Telinha\",\"image\":{\"@type\":\"ImageObject\",\"inLanguage\":\"pt-PT\",\"@id\":\"https:\/\/portaltela.pt\/s.01k8rhncp4jt1\/2025\/11\/talking-bot-125x125.png\",\"url\":\"https:\/\/portaltela.pt\/s.01k8rhncp4jt1\/2025\/11\/talking-bot-125x125.png\",\"contentUrl\":\"https:\/\/portaltela.pt\/s.01k8rhncp4jt1\/2025\/11\/talking-bot-125x125.png\",\"caption\":\"Telinha\"},\"sameAs\":[\"https:\/\/portaltela.pt\/\"],\"url\":\"https:\/\/portaltela.pt\/por\/367410592786\/\"}]}<\/script>\n<!-- \/ Yoast SEO plugin. -->","yoast_head_json":{"title":"Fernando Gomes proposto como membro honor\u00e1rio do Comit\u00e9 Executivo da UEFA - Portal Tela Portugal","robots":{"index":"index","follow":"follow","max-snippet":"max-snippet:-1","max-image-preview":"max-image-preview:large","max-video-preview":"max-video-preview:-1"},"og_locale":"pt_PT","og_type":"article","og_title":"Fernando Gomes proposto como membro honor\u00e1rio do Comit\u00e9 Executivo da UEFA - Portal Tela Portugal","og_description":"Fernando Gomes, ex-presidente da Federa\u00e7\u00e3o Portuguesa de Futebol e atual l\u00edder do Comit\u00e9 Ol\u00edmpico de Portugal, foi proposto como membro honor\u00e1rio do Comit\u00e9 Executivo da UEFA. A not\u00edcia \u00e9 divulgada pelo jornal Record. A proposta refere-se \u00e0 nomea\u00e7\u00e3o de Gomes para o \u00f3rg\u00e3o executivo da UEFA, em forma de distin\u00e7\u00e3o honor\u00e1ria. Gomes j\u00e1 ocupou cargos de destaque no desporto portugu\u00eas, incluindo a lideran\u00e7a da FPF e do COP.","og_url":"https:\/\/portaltela.pt\/noticias\/2026\/02\/09\/fernando-gomes-proposto-como-membro-honorario-do-comite-executivo-da-uefa\/","og_site_name":"Portal Tela Portugal","article_published_time":"2026-02-09T23:58:00+00:00","author":"Telinha","twitter_card":"summary_large_image","twitter_misc":{"Escrito por":"Telinha","Tempo estimado de leitura":"1 minuto"},"schema":{"@context":"https:\/\/schema.org","@graph":[{"@type":"Article","@id":"https:\/\/portaltela.pt\/noticias\/2026\/02\/09\/fernando-gomes-proposto-como-membro-honorario-do-comite-executivo-da-uefa\/#article","isPartOf":{"@id":"https:\/\/portaltela.pt\/noticias\/2026\/02\/09\/fernando-gomes-proposto-como-membro-honorario-do-comite-executivo-da-uefa\/"},"author":{"name":"Telinha","@id":"https:\/\/portaltela.pt\/#\/schema\/person\/c4278d4a6028830caff9ee44b42d32ed"},"headline":"Fernando Gomes proposto como membro honor\u00e1rio do Comit\u00e9 Executivo da UEFA","datePublished":"2026-02-09T23:58:00+00:00","mainEntityOfPage":{"@id":"https:\/\/portaltela.pt\/noticias\/2026\/02\/09\/fernando-gomes-proposto-como-membro-honorario-do-comite-executivo-da-uefa\/"},"wordCount":153,"image":{"@id":"https:\/\/portaltela.pt\/noticias\/2026\/02\/09\/fernando-gomes-proposto-como-membro-honorario-do-comite-executivo-da-uefa\/#primaryimage"},"thumbnailUrl":"https:\/\/portaltela.pt\/s.01k8rhncp4jt1\/2026\/02\/img_920x518uu2026-02-09-18-32-13-2420583.jpg","keywords":["Comit\u00e9 Ol\u00edmpico Internacional","desporto","futebol","governan\u00e7a","organiza\u00e7\u00f5es","Portugal"],"articleSection":["Desporto","Futebol"],"inLanguage":"pt-PT"},{"@type":"WebPage","@id":"https:\/\/portaltela.pt\/noticias\/2026\/02\/09\/fernando-gomes-proposto-como-membro-honorario-do-comite-executivo-da-uefa\/","url":"https:\/\/portaltela.pt\/noticias\/2026\/02\/09\/fernando-gomes-proposto-como-membro-honorario-do-comite-executivo-da-uefa\/","name":"Fernando Gomes proposto como membro honor\u00e1rio do Comit\u00e9 Executivo da UEFA - Portal Tela Portugal","isPartOf":{"@id":"https:\/\/portaltela.pt\/#website"},"primaryImageOfPage":{"@id":"https:\/\/portaltela.pt\/noticias\/2026\/02\/09\/fernando-gomes-proposto-como-membro-honorario-do-comite-executivo-da-uefa\/#primaryimage"},"image":{"@id":"https:\/\/portaltela.pt\/noticias\/2026\/02\/09\/fernando-gomes-proposto-como-membro-honorario-do-comite-executivo-da-uefa\/#primaryimage"},"thumbnailUrl":"https:\/\/portaltela.pt\/s.01k8rhncp4jt1\/2026\/02\/img_920x518uu2026-02-09-18-32-13-2420583.jpg","datePublished":"2026-02-09T23:58:00+00:00","author":{"@id":"https:\/\/portaltela.pt\/#\/schema\/person\/c4278d4a6028830caff9ee44b42d32ed"},"breadcrumb":{"@id":"https:\/\/portaltela.pt\/noticias\/2026\/02\/09\/fernando-gomes-proposto-como-membro-honorario-do-comite-executivo-da-uefa\/#breadcrumb"},"inLanguage":"pt-PT","potentialAction":[{"@type":"ReadAction","target":["https:\/\/portaltela.pt\/noticias\/2026\/02\/09\/fernando-gomes-proposto-como-membro-honorario-do-comite-executivo-da-uefa\/"]}]},{"@type":"ImageObject","inLanguage":"pt-PT","@id":"https:\/\/portaltela.pt\/noticias\/2026\/02\/09\/fernando-gomes-proposto-como-membro-honorario-do-comite-executivo-da-uefa\/#primaryimage","url":"https:\/\/portaltela.pt\/s.01k8rhncp4jt1\/2026\/02\/img_920x518uu2026-02-09-18-32-13-2420583.jpg","contentUrl":"https:\/\/portaltela.pt\/s.01k8rhncp4jt1\/2026\/02\/img_920x518uu2026-02-09-18-32-13-2420583.jpg","width":796,"height":448,"caption":"Aleksander Ceferin e Fernando Gomes juntos num evento"},{"@type":"BreadcrumbList","@id":"https:\/\/portaltela.pt\/noticias\/2026\/02\/09\/fernando-gomes-proposto-como-membro-honorario-do-comite-executivo-da-uefa\/#breadcrumb","itemListElement":[{"@type":"ListItem","position":1,"name":"In\u00edcio","item":"https:\/\/portaltela.pt\/"},{"@type":"ListItem","position":2,"name":"Fernando Gomes proposto como membro honor\u00e1rio do Comit\u00e9 Executivo da UEFA"}]},{"@type":"WebSite","@id":"https:\/\/portaltela.pt\/#website","url":"https:\/\/portaltela.pt\/","name":"Portal Tela Portugal","description":"","potentialAction":[{"@type":"SearchAction","target":{"@type":"EntryPoint","urlTemplate":"https:\/\/portaltela.pt\/?s={search_term_string}"},"query-input":{"@type":"PropertyValueSpecification","valueRequired":true,"valueName":"search_term_string"}}],"inLanguage":"pt-PT"},{"@type":"Person","@id":"https:\/\/portaltela.pt\/#\/schema\/person\/c4278d4a6028830caff9ee44b42d32ed","name":"Telinha","image":{"@type":"ImageObject","inLanguage":"pt-PT","@id":"https:\/\/portaltela.pt\/s.01k8rhncp4jt1\/2025\/11\/talking-bot-125x125.png","url":"https:\/\/portaltela.pt\/s.01k8rhncp4jt1\/2025\/11\/talking-bot-125x125.png","contentUrl":"https:\/\/portaltela.pt\/s.01k8rhncp4jt1\/2025\/11\/talking-bot-125x125.png","caption":"Telinha"},"sameAs":["https:\/\/portaltela.pt\/"],"url":"https:\/\/portaltela.pt\/por\/367410592786\/"}]}},"_links":{"self":[{"href":"https:\/\/portaltela.pt\/api\/wp\/v2\/posts\/206129","targetHints":{"allow":["GET"]}}],"collection":[{"href":"https:\/\/portaltela.pt\/api\/wp\/v2\/posts"}],"about":[{"href":"https:\/\/portaltela.pt\/api\/wp\/v2\/types\/post"}],"author":[{"embeddable":true,"href":"https:\/\/portaltela.pt\/api\/wp\/v2\/users\/2"}],"replies":[{"embeddable":true,"href":"https:\/\/portaltela.pt\/api\/wp\/v2\/comments?post=206129"}],"version-history":[{"count":0,"href":"https:\/\/portaltela.pt\/api\/wp\/v2\/posts\/206129\/revisions"}],"wp:featuredmedia":[{"embeddable":true,"href":"https:\/\/portaltela.pt\/api\/wp\/v2\/media\/206131"}],"wp:attachment":[{"href":"https:\/\/portaltela.pt\/api\/wp\/v2\/media?parent=206129"}],"wp:term":[{"taxonomy":"category","embeddable":true,"href":"https:\/\/portaltela.pt\/api\/wp\/v2\/categories?post=206129"},{"taxonomy":"post_tag","embeddable":true,"href":"https:\/\/portaltela.pt\/api\/wp\/v2\/tags?post=206129"}],"curies":[{"name":"wp","href":"https:\/\/api.w.org\/{rel}","templated":true}]}}