{"id":206120,"date":"2026-02-09T20:41:00","date_gmt":"2026-02-09T23:41:00","guid":{"rendered":"https:\/\/portaltela.pt\/noticias\/2026\/02\/09\/fc-porto-decorou-balneario-do-sporting-com-capas-enaltecendo-conquista\/"},"modified":"2026-02-09T20:41:00","modified_gmt":"2026-02-09T23:41:00","slug":"fc-porto-decorou-balneario-do-sporting-com-capas-enaltecendo-conquista","status":"publish","type":"post","link":"https:\/\/portaltela.pt\/desporto\/futebol\/2026\/02\/09\/fc-porto-decorou-balneario-do-sporting-com-capas-enaltecendo-conquista\/","title":{"rendered":"FC Porto decorou balne\u00e1rio do Sporting com capas enaltecendo conquista"},"content":{"rendered":"<p>Ap\u00f3s o empate 1-1 no cl\u00e1ssico entre Sporting e FC Porto, os jogadores leoninos encontraram o balne\u00e1rio do Sporting j\u00e1 preparado para o regresso ao espa\u00e7o. O ambiente foi marcado por uma interven\u00e7\u00e3o dos visitantes.<\/p>\n<p>No vestu\u00e1rio, ficou registada uma provoca\u00e7\u00e3o associada ao FC Porto. Nas paredes estavam afixadas capas de jornais que enalteciam vit\u00f3rias e feitos do clube, vis\u00edveis aos jogadores que entraram no balne\u00e1rio.<\/p>\n<p>Al\u00e9m disso, o ar condicionado estava ligado na temperatura m\u00e1xima, sem possibilidade de ajuste, surpreendendo os jogadores do Sporting que regressavam ao espa\u00e7o ap\u00f3s o encontro.<\/p>\n<p>Segundo fontes pr\u00f3ximas \u00e0 equipa, a situa\u00e7\u00e3o n\u00e3o foi pedida pela dire\u00e7\u00e3o, mas interpretada como uma provoca\u00e7\u00e3o associada ao clima quente do interior do balne\u00e1rio.<\/p>\n<p>O epis\u00f3dio \u00e9 visto como uma curiosidade extra no confronto direto entre as duas equipas, j\u00e1 com o foco no desfecho da partida disputada em casa do Sporting.<\/p>\n","protected":false},"excerpt":{"rendered":"<ul>\n<li>O FC Porto decorou o balne\u00e1rio do Sporting com capas de jornais a enaltecer conquistas dos drag\u00f5es.<\/li>\n<li>Os jogadores do Sporting encontraram o ar condicionado ligado \u00e0 temperatura m\u00e1xima no regresso ao balne\u00e1rio.<\/li>\n<li>O cen\u00e1rio ocorreu ap\u00f3s o empate 1-1 no cl\u00e1ssico entre Sporting e FC Porto.<\/li>\n<li>Nas paredes, estavam afixadas v\u00e1rias capas de jornais a celebrar vit\u00f3rias passadas do FC Porto.<\/li>\n<li>A situa\u00e7\u00e3o \u00e9 mostrada num v\u00eddeo que circula nas redes sociais.<\/li>\n<\/ul>\n","protected":false},"author":2,"featured_media":206123,"comment_status":"closed","ping_status":"closed","sticky":false,"template":"","format":"standard","meta":{"footnotes":""},"categories":[21,24],"tags":[660,152,2028,32,3789,1652],"class_list":["post-206120","post","type-post","status-publish","format-standard","has-post-thumbnail","hentry","category-desporto","category-futebol","tag-assuntos-desportivos","tag-desporto","tag-fc-porto","tag-futebol","tag-provocacoes","tag-sporting"],"yoast_head":"<!-- This site is optimized with the Yoast SEO plugin v27.2 - https:\/\/yoast.com\/product\/yoast-seo-wordpress\/ -->\n<title>FC Porto decorou balne\u00e1rio do Sporting com capas enaltecendo conquista - Portal Tela Portugal<\/title>\n<meta name=\"robots\" content=\"index, follow, max-snippet:-1, max-image-preview:large, max-video-preview:-1\" \/>\n<meta property=\"og:locale\" content=\"pt_PT\" \/>\n<meta property=\"og:type\" content=\"article\" \/>\n<meta property=\"og:title\" content=\"FC Porto decorou balne\u00e1rio do Sporting com capas enaltecendo conquista - Portal Tela Portugal\" \/>\n<meta property=\"og:description\" content=\"O FC Porto decorou o balne\u00e1rio do Sporting com capas de jornais a enaltecer conquistas dos drag\u00f5es. Os jogadores do Sporting encontraram o ar condicionado ligado \u00e0 temperatura m\u00e1xima no regresso ao balne\u00e1rio. O cen\u00e1rio ocorreu ap\u00f3s o empate 1-1 no cl\u00e1ssico entre Sporting e FC Porto. Nas paredes, estavam afixadas v\u00e1rias capas de jornais a celebrar vit\u00f3rias passadas do FC Porto. A situa\u00e7\u00e3o \u00e9 mostrada num v\u00eddeo que circula nas redes sociais.\" \/>\n<meta property=\"og:url\" content=\"https:\/\/portaltela.pt\/noticias\/2026\/02\/09\/fc-porto-decorou-balneario-do-sporting-com-capas-enaltecendo-conquista\/\" \/>\n<meta property=\"og:site_name\" content=\"Portal Tela Portugal\" \/>\n<meta property=\"article:published_time\" content=\"2026-02-09T23:41:00+00:00\" \/>\n<meta name=\"author\" content=\"Telinha\" \/>\n<meta name=\"twitter:card\" content=\"summary_large_image\" \/>\n<meta name=\"twitter:label1\" content=\"Escrito por\" \/>\n\t<meta name=\"twitter:data1\" content=\"Telinha\" \/>\n\t<meta name=\"twitter:label2\" content=\"Tempo estimado de leitura\" \/>\n\t<meta name=\"twitter:data2\" content=\"1 minuto\" \/>\n<script type=\"application\/ld+json\" class=\"yoast-schema-graph\">{\"@context\":\"https:\/\/schema.org\",\"@graph\":[{\"@type\":\"Article\",\"@id\":\"https:\/\/portaltela.pt\/noticias\/2026\/02\/09\/fc-porto-decorou-balneario-do-sporting-com-capas-enaltecendo-conquista\/#article\",\"isPartOf\":{\"@id\":\"https:\/\/portaltela.pt\/noticias\/2026\/02\/09\/fc-porto-decorou-balneario-do-sporting-com-capas-enaltecendo-conquista\/\"},\"author\":{\"name\":\"Telinha\",\"@id\":\"https:\/\/portaltela.pt\/#\/schema\/person\/c4278d4a6028830caff9ee44b42d32ed\"},\"headline\":\"FC Porto decorou balne\u00e1rio do Sporting com capas enaltecendo conquista\",\"datePublished\":\"2026-02-09T23:41:00+00:00\",\"mainEntityOfPage\":{\"@id\":\"https:\/\/portaltela.pt\/noticias\/2026\/02\/09\/fc-porto-decorou-balneario-do-sporting-com-capas-enaltecendo-conquista\/\"},\"wordCount\":175,\"image\":{\"@id\":\"https:\/\/portaltela.pt\/noticias\/2026\/02\/09\/fc-porto-decorou-balneario-do-sporting-com-capas-enaltecendo-conquista\/#primaryimage\"},\"thumbnailUrl\":\"https:\/\/portaltela.pt\/s.01k8rhncp4jt1\/2026\/02\/img_1200x721uu2026-02-09-23-40-51-2420677.jpg\",\"keywords\":[\"assuntos desportivos\",\"desporto\",\"FC Porto\",\"futebol\",\"provoca\u00e7\u00f5es\",\"Sporting\"],\"articleSection\":[\"Desporto\",\"Futebol\"],\"inLanguage\":\"pt-PT\"},{\"@type\":\"WebPage\",\"@id\":\"https:\/\/portaltela.pt\/noticias\/2026\/02\/09\/fc-porto-decorou-balneario-do-sporting-com-capas-enaltecendo-conquista\/\",\"url\":\"https:\/\/portaltela.pt\/noticias\/2026\/02\/09\/fc-porto-decorou-balneario-do-sporting-com-capas-enaltecendo-conquista\/\",\"name\":\"FC Porto decorou balne\u00e1rio do Sporting com capas enaltecendo conquista - Portal Tela Portugal\",\"isPartOf\":{\"@id\":\"https:\/\/portaltela.pt\/#website\"},\"primaryImageOfPage\":{\"@id\":\"https:\/\/portaltela.pt\/noticias\/2026\/02\/09\/fc-porto-decorou-balneario-do-sporting-com-capas-enaltecendo-conquista\/#primaryimage\"},\"image\":{\"@id\":\"https:\/\/portaltela.pt\/noticias\/2026\/02\/09\/fc-porto-decorou-balneario-do-sporting-com-capas-enaltecendo-conquista\/#primaryimage\"},\"thumbnailUrl\":\"https:\/\/portaltela.pt\/s.01k8rhncp4jt1\/2026\/02\/img_1200x721uu2026-02-09-23-40-51-2420677.jpg\",\"datePublished\":\"2026-02-09T23:41:00+00:00\",\"author\":{\"@id\":\"https:\/\/portaltela.pt\/#\/schema\/person\/c4278d4a6028830caff9ee44b42d32ed\"},\"breadcrumb\":{\"@id\":\"https:\/\/portaltela.pt\/noticias\/2026\/02\/09\/fc-porto-decorou-balneario-do-sporting-com-capas-enaltecendo-conquista\/#breadcrumb\"},\"inLanguage\":\"pt-PT\",\"potentialAction\":[{\"@type\":\"ReadAction\",\"target\":[\"https:\/\/portaltela.pt\/noticias\/2026\/02\/09\/fc-porto-decorou-balneario-do-sporting-com-capas-enaltecendo-conquista\/\"]}]},{\"@type\":\"ImageObject\",\"inLanguage\":\"pt-PT\",\"@id\":\"https:\/\/portaltela.pt\/noticias\/2026\/02\/09\/fc-porto-decorou-balneario-do-sporting-com-capas-enaltecendo-conquista\/#primaryimage\",\"url\":\"https:\/\/portaltela.pt\/s.01k8rhncp4jt1\/2026\/02\/img_1200x721uu2026-02-09-23-40-51-2420677.jpg\",\"contentUrl\":\"https:\/\/portaltela.pt\/s.01k8rhncp4jt1\/2026\/02\/img_1200x721uu2026-02-09-23-40-51-2420677.jpg\",\"width\":796,\"height\":448,\"caption\":\"FC Porto com provoca\u00e7\u00e3o decorou balne\u00e1rio do Sporting com capas a enaltecer conquista dos drag\u00f5es\"},{\"@type\":\"BreadcrumbList\",\"@id\":\"https:\/\/portaltela.pt\/noticias\/2026\/02\/09\/fc-porto-decorou-balneario-do-sporting-com-capas-enaltecendo-conquista\/#breadcrumb\",\"itemListElement\":[{\"@type\":\"ListItem\",\"position\":1,\"name\":\"In\u00edcio\",\"item\":\"https:\/\/portaltela.pt\/\"},{\"@type\":\"ListItem\",\"position\":2,\"name\":\"FC Porto decorou balne\u00e1rio do Sporting com capas enaltecendo conquista\"}]},{\"@type\":\"WebSite\",\"@id\":\"https:\/\/portaltela.pt\/#website\",\"url\":\"https:\/\/portaltela.pt\/\",\"name\":\"Portal Tela Portugal\",\"description\":\"\",\"potentialAction\":[{\"@type\":\"SearchAction\",\"target\":{\"@type\":\"EntryPoint\",\"urlTemplate\":\"https:\/\/portaltela.pt\/?s={search_term_string}\"},\"query-input\":{\"@type\":\"PropertyValueSpecification\",\"valueRequired\":true,\"valueName\":\"search_term_string\"}}],\"inLanguage\":\"pt-PT\"},{\"@type\":\"Person\",\"@id\":\"https:\/\/portaltela.pt\/#\/schema\/person\/c4278d4a6028830caff9ee44b42d32ed\",\"name\":\"Telinha\",\"image\":{\"@type\":\"ImageObject\",\"inLanguage\":\"pt-PT\",\"@id\":\"https:\/\/portaltela.pt\/s.01k8rhncp4jt1\/2025\/11\/talking-bot-125x125.png\",\"url\":\"https:\/\/portaltela.pt\/s.01k8rhncp4jt1\/2025\/11\/talking-bot-125x125.png\",\"contentUrl\":\"https:\/\/portaltela.pt\/s.01k8rhncp4jt1\/2025\/11\/talking-bot-125x125.png\",\"caption\":\"Telinha\"},\"sameAs\":[\"https:\/\/portaltela.pt\/\"],\"url\":\"https:\/\/portaltela.pt\/por\/367410592786\/\"}]}<\/script>\n<!-- \/ Yoast SEO plugin. -->","yoast_head_json":{"title":"FC Porto decorou balne\u00e1rio do Sporting com capas enaltecendo conquista - Portal Tela Portugal","robots":{"index":"index","follow":"follow","max-snippet":"max-snippet:-1","max-image-preview":"max-image-preview:large","max-video-preview":"max-video-preview:-1"},"og_locale":"pt_PT","og_type":"article","og_title":"FC Porto decorou balne\u00e1rio do Sporting com capas enaltecendo conquista - Portal Tela Portugal","og_description":"O FC Porto decorou o balne\u00e1rio do Sporting com capas de jornais a enaltecer conquistas dos drag\u00f5es. Os jogadores do Sporting encontraram o ar condicionado ligado \u00e0 temperatura m\u00e1xima no regresso ao balne\u00e1rio. O cen\u00e1rio ocorreu ap\u00f3s o empate 1-1 no cl\u00e1ssico entre Sporting e FC Porto. Nas paredes, estavam afixadas v\u00e1rias capas de jornais a celebrar vit\u00f3rias passadas do FC Porto. A situa\u00e7\u00e3o \u00e9 mostrada num v\u00eddeo que circula nas redes sociais.","og_url":"https:\/\/portaltela.pt\/noticias\/2026\/02\/09\/fc-porto-decorou-balneario-do-sporting-com-capas-enaltecendo-conquista\/","og_site_name":"Portal Tela Portugal","article_published_time":"2026-02-09T23:41:00+00:00","author":"Telinha","twitter_card":"summary_large_image","twitter_misc":{"Escrito por":"Telinha","Tempo estimado de leitura":"1 minuto"},"schema":{"@context":"https:\/\/schema.org","@graph":[{"@type":"Article","@id":"https:\/\/portaltela.pt\/noticias\/2026\/02\/09\/fc-porto-decorou-balneario-do-sporting-com-capas-enaltecendo-conquista\/#article","isPartOf":{"@id":"https:\/\/portaltela.pt\/noticias\/2026\/02\/09\/fc-porto-decorou-balneario-do-sporting-com-capas-enaltecendo-conquista\/"},"author":{"name":"Telinha","@id":"https:\/\/portaltela.pt\/#\/schema\/person\/c4278d4a6028830caff9ee44b42d32ed"},"headline":"FC Porto decorou balne\u00e1rio do Sporting com capas enaltecendo conquista","datePublished":"2026-02-09T23:41:00+00:00","mainEntityOfPage":{"@id":"https:\/\/portaltela.pt\/noticias\/2026\/02\/09\/fc-porto-decorou-balneario-do-sporting-com-capas-enaltecendo-conquista\/"},"wordCount":175,"image":{"@id":"https:\/\/portaltela.pt\/noticias\/2026\/02\/09\/fc-porto-decorou-balneario-do-sporting-com-capas-enaltecendo-conquista\/#primaryimage"},"thumbnailUrl":"https:\/\/portaltela.pt\/s.01k8rhncp4jt1\/2026\/02\/img_1200x721uu2026-02-09-23-40-51-2420677.jpg","keywords":["assuntos desportivos","desporto","FC Porto","futebol","provoca\u00e7\u00f5es","Sporting"],"articleSection":["Desporto","Futebol"],"inLanguage":"pt-PT"},{"@type":"WebPage","@id":"https:\/\/portaltela.pt\/noticias\/2026\/02\/09\/fc-porto-decorou-balneario-do-sporting-com-capas-enaltecendo-conquista\/","url":"https:\/\/portaltela.pt\/noticias\/2026\/02\/09\/fc-porto-decorou-balneario-do-sporting-com-capas-enaltecendo-conquista\/","name":"FC Porto decorou balne\u00e1rio do Sporting com capas enaltecendo conquista - Portal Tela Portugal","isPartOf":{"@id":"https:\/\/portaltela.pt\/#website"},"primaryImageOfPage":{"@id":"https:\/\/portaltela.pt\/noticias\/2026\/02\/09\/fc-porto-decorou-balneario-do-sporting-com-capas-enaltecendo-conquista\/#primaryimage"},"image":{"@id":"https:\/\/portaltela.pt\/noticias\/2026\/02\/09\/fc-porto-decorou-balneario-do-sporting-com-capas-enaltecendo-conquista\/#primaryimage"},"thumbnailUrl":"https:\/\/portaltela.pt\/s.01k8rhncp4jt1\/2026\/02\/img_1200x721uu2026-02-09-23-40-51-2420677.jpg","datePublished":"2026-02-09T23:41:00+00:00","author":{"@id":"https:\/\/portaltela.pt\/#\/schema\/person\/c4278d4a6028830caff9ee44b42d32ed"},"breadcrumb":{"@id":"https:\/\/portaltela.pt\/noticias\/2026\/02\/09\/fc-porto-decorou-balneario-do-sporting-com-capas-enaltecendo-conquista\/#breadcrumb"},"inLanguage":"pt-PT","potentialAction":[{"@type":"ReadAction","target":["https:\/\/portaltela.pt\/noticias\/2026\/02\/09\/fc-porto-decorou-balneario-do-sporting-com-capas-enaltecendo-conquista\/"]}]},{"@type":"ImageObject","inLanguage":"pt-PT","@id":"https:\/\/portaltela.pt\/noticias\/2026\/02\/09\/fc-porto-decorou-balneario-do-sporting-com-capas-enaltecendo-conquista\/#primaryimage","url":"https:\/\/portaltela.pt\/s.01k8rhncp4jt1\/2026\/02\/img_1200x721uu2026-02-09-23-40-51-2420677.jpg","contentUrl":"https:\/\/portaltela.pt\/s.01k8rhncp4jt1\/2026\/02\/img_1200x721uu2026-02-09-23-40-51-2420677.jpg","width":796,"height":448,"caption":"FC Porto com provoca\u00e7\u00e3o decorou balne\u00e1rio do Sporting com capas a enaltecer conquista dos drag\u00f5es"},{"@type":"BreadcrumbList","@id":"https:\/\/portaltela.pt\/noticias\/2026\/02\/09\/fc-porto-decorou-balneario-do-sporting-com-capas-enaltecendo-conquista\/#breadcrumb","itemListElement":[{"@type":"ListItem","position":1,"name":"In\u00edcio","item":"https:\/\/portaltela.pt\/"},{"@type":"ListItem","position":2,"name":"FC Porto decorou balne\u00e1rio do Sporting com capas enaltecendo conquista"}]},{"@type":"WebSite","@id":"https:\/\/portaltela.pt\/#website","url":"https:\/\/portaltela.pt\/","name":"Portal Tela Portugal","description":"","potentialAction":[{"@type":"SearchAction","target":{"@type":"EntryPoint","urlTemplate":"https:\/\/portaltela.pt\/?s={search_term_string}"},"query-input":{"@type":"PropertyValueSpecification","valueRequired":true,"valueName":"search_term_string"}}],"inLanguage":"pt-PT"},{"@type":"Person","@id":"https:\/\/portaltela.pt\/#\/schema\/person\/c4278d4a6028830caff9ee44b42d32ed","name":"Telinha","image":{"@type":"ImageObject","inLanguage":"pt-PT","@id":"https:\/\/portaltela.pt\/s.01k8rhncp4jt1\/2025\/11\/talking-bot-125x125.png","url":"https:\/\/portaltela.pt\/s.01k8rhncp4jt1\/2025\/11\/talking-bot-125x125.png","contentUrl":"https:\/\/portaltela.pt\/s.01k8rhncp4jt1\/2025\/11\/talking-bot-125x125.png","caption":"Telinha"},"sameAs":["https:\/\/portaltela.pt\/"],"url":"https:\/\/portaltela.pt\/por\/367410592786\/"}]}},"_links":{"self":[{"href":"https:\/\/portaltela.pt\/api\/wp\/v2\/posts\/206120","targetHints":{"allow":["GET"]}}],"collection":[{"href":"https:\/\/portaltela.pt\/api\/wp\/v2\/posts"}],"about":[{"href":"https:\/\/portaltela.pt\/api\/wp\/v2\/types\/post"}],"author":[{"embeddable":true,"href":"https:\/\/portaltela.pt\/api\/wp\/v2\/users\/2"}],"replies":[{"embeddable":true,"href":"https:\/\/portaltela.pt\/api\/wp\/v2\/comments?post=206120"}],"version-history":[{"count":0,"href":"https:\/\/portaltela.pt\/api\/wp\/v2\/posts\/206120\/revisions"}],"wp:featuredmedia":[{"embeddable":true,"href":"https:\/\/portaltela.pt\/api\/wp\/v2\/media\/206123"}],"wp:attachment":[{"href":"https:\/\/portaltela.pt\/api\/wp\/v2\/media?parent=206120"}],"wp:term":[{"taxonomy":"category","embeddable":true,"href":"https:\/\/portaltela.pt\/api\/wp\/v2\/categories?post=206120"},{"taxonomy":"post_tag","embeddable":true,"href":"https:\/\/portaltela.pt\/api\/wp\/v2\/tags?post=206120"}],"curies":[{"name":"wp","href":"https:\/\/api.w.org\/{rel}","templated":true}]}}