{"id":206095,"date":"2026-02-09T20:10:00","date_gmt":"2026-02-09T23:10:00","guid":{"rendered":"https:\/\/portaltela.pt\/noticias\/2026\/02\/09\/militar-de-21-anos-morre-em-estremoz-apos-pratica-desportiva\/"},"modified":"2026-02-09T20:10:00","modified_gmt":"2026-02-09T23:10:00","slug":"militar-de-21-anos-morre-em-estremoz-apos-pratica-desportiva","status":"publish","type":"post","link":"https:\/\/portaltela.pt\/noticias\/2026\/02\/09\/militar-de-21-anos-morre-em-estremoz-apos-pratica-desportiva\/","title":{"rendered":"Militar de 21 anos morre em Estremoz ap\u00f3s pr\u00e1tica desportiva"},"content":{"rendered":"<p>Um militar de 21 anos morreu esta segunda-feira, 9 de Fevereiro, em Estremoz, ap\u00f3s uma indisposi\u00e7\u00e3o durante a pr\u00e1tica desportiva junto ao Campo Municipal de Futebol. O Ex\u00e9rcito abriu um processo de averigua\u00e7\u00f5es para apurar as circunst\u00e2ncias do sucedido.<\/p>\n<p>O incidente ocorreu no final da tarde e decorreu enquanto o soldado, pertencente ao Regimento de Cavalaria N.\u00ba 3, praticava desporto. Um outro militar acompanhava a v\u00edtima e chamou as equipas de emerg\u00eancia.<\/p>\n<p>As equipas de emerg\u00eancia foram apresentadas no local e o INEM transportou o Corpo de Bombeiros para o Centro de Sa\u00fade de Estremoz, onde foi declarado o \u00f3bito. N\u00e3o houve informa\u00e7\u00f5es sobre outras pessoas envolvidas.<\/p>\n<p>Segundo o Ex\u00e9rcito, foi ativado o servi\u00e7o de apoio psicol\u00f3gico para a fam\u00edlia do militar. O processo de averigua\u00e7\u00f5es visa esclarecer as circunst\u00e2ncias que levaram \u00e0 indisposi\u00e7\u00e3o.<\/p>\n<p>O militar era natural de Alter do Ch\u00e3o, no distrito de Portalegre. O Regimento de Cavalaria N.\u00ba 3 est\u00e1 sediado em Estremoz, onde ocorreu o incidente.<\/p>\n<p>Em nota, o Ex\u00e9rcito expressa condol\u00eancias \u00e0s fam\u00edlias e amigos, destacando que est\u00e1 a acompanhar o processo com a devida seriedade e transpar\u00eancia. O objetivo \u00e9 esclarecer factos de forma c\u00e9lere.<\/p>\n","protected":false},"excerpt":{"rendered":"<ul>\n<li>O militar de 21 anos morreu em Estremoz na segunda-feira, 9 de Fevereiro, ap\u00f3s indisposi\u00e7\u00e3o durante a pr\u00e1tica desportiva.<\/li>\n<li>O Ex\u00e9rcito instaurou um processo de averigua\u00e7\u00f5es para apurar as circunst\u00e2ncias do sucedido.<\/li>\n<li>O incidente ocorreu ao final da tarde junto ao Campo Municipal de Futebol de Estremoz; o militar foi transportado pelo INEM para o Centro de Sa\u00fade de Estremoz, onde foi declarado o \u00f3bito.<\/li>\n<li>Foi ativado o servi\u00e7o de apoio psicol\u00f3gico para a fam\u00edlia da v\u00edtima.<\/li>\n<li>O soldado pertencia ao Regimento de Cavalaria N.\u00ba 3, natural de Alter do Ch\u00e3o, Portalegre.<\/li>\n<\/ul>\n","protected":false},"author":2,"featured_media":206096,"comment_status":"closed","ping_status":"closed","sticky":false,"template":"","format":"standard","meta":{"footnotes":""},"categories":[1],"tags":[5487,4673,1098,1779,215,1075],"class_list":["post-206095","post","type-post","status-publish","format-standard","has-post-thumbnail","hentry","category-noticias","tag-acidente","tag-alter-do-chao","tag-estremoz","tag-forcas-armadas","tag-investigacao","tag-portalegre"],"yoast_head":"<!-- This site is optimized with the Yoast SEO plugin v27.2 - https:\/\/yoast.com\/product\/yoast-seo-wordpress\/ -->\n<title>Militar de 21 anos morre em Estremoz ap\u00f3s pr\u00e1tica desportiva - Portal Tela Portugal<\/title>\n<meta name=\"robots\" content=\"index, follow, max-snippet:-1, max-image-preview:large, max-video-preview:-1\" \/>\n<meta property=\"og:locale\" content=\"pt_PT\" \/>\n<meta property=\"og:type\" content=\"article\" \/>\n<meta property=\"og:title\" content=\"Militar de 21 anos morre em Estremoz ap\u00f3s pr\u00e1tica desportiva - Portal Tela Portugal\" \/>\n<meta property=\"og:description\" content=\"O militar de 21 anos morreu em Estremoz na segunda-feira, 9 de Fevereiro, ap\u00f3s indisposi\u00e7\u00e3o durante a pr\u00e1tica desportiva. O Ex\u00e9rcito instaurou um processo de averigua\u00e7\u00f5es para apurar as circunst\u00e2ncias do sucedido. O incidente ocorreu ao final da tarde junto ao Campo Municipal de Futebol de Estremoz; o militar foi transportado pelo INEM para o Centro de Sa\u00fade de Estremoz, onde foi declarado o \u00f3bito. Foi ativado o servi\u00e7o de apoio psicol\u00f3gico para a fam\u00edlia da v\u00edtima. O soldado pertencia ao Regimento de Cavalaria N.\u00ba 3, natural de Alter do Ch\u00e3o, Portalegre.\" \/>\n<meta property=\"og:url\" content=\"https:\/\/portaltela.pt\/noticias\/2026\/02\/09\/militar-de-21-anos-morre-em-estremoz-apos-pratica-desportiva\/\" \/>\n<meta property=\"og:site_name\" content=\"Portal Tela Portugal\" \/>\n<meta property=\"article:published_time\" content=\"2026-02-09T23:10:00+00:00\" \/>\n<meta name=\"author\" content=\"Telinha\" \/>\n<meta name=\"twitter:card\" content=\"summary_large_image\" \/>\n<meta name=\"twitter:label1\" content=\"Escrito por\" \/>\n\t<meta name=\"twitter:data1\" content=\"Telinha\" \/>\n\t<meta name=\"twitter:label2\" content=\"Tempo estimado de leitura\" \/>\n\t<meta name=\"twitter:data2\" content=\"1 minuto\" \/>\n<script type=\"application\/ld+json\" class=\"yoast-schema-graph\">{\"@context\":\"https:\/\/schema.org\",\"@graph\":[{\"@type\":\"Article\",\"@id\":\"https:\/\/portaltela.pt\/noticias\/2026\/02\/09\/militar-de-21-anos-morre-em-estremoz-apos-pratica-desportiva\/#article\",\"isPartOf\":{\"@id\":\"https:\/\/portaltela.pt\/noticias\/2026\/02\/09\/militar-de-21-anos-morre-em-estremoz-apos-pratica-desportiva\/\"},\"author\":{\"name\":\"Telinha\",\"@id\":\"https:\/\/portaltela.pt\/#\/schema\/person\/c4278d4a6028830caff9ee44b42d32ed\"},\"headline\":\"Militar de 21 anos morre em Estremoz ap\u00f3s pr\u00e1tica desportiva\",\"datePublished\":\"2026-02-09T23:10:00+00:00\",\"mainEntityOfPage\":{\"@id\":\"https:\/\/portaltela.pt\/noticias\/2026\/02\/09\/militar-de-21-anos-morre-em-estremoz-apos-pratica-desportiva\/\"},\"wordCount\":221,\"image\":{\"@id\":\"https:\/\/portaltela.pt\/noticias\/2026\/02\/09\/militar-de-21-anos-morre-em-estremoz-apos-pratica-desportiva\/#primaryimage\"},\"thumbnailUrl\":\"https:\/\/portaltela.pt\/s.01k8rhncp4jt1\/2026\/02\/2065942.jpg\",\"keywords\":[\"acidente\",\"Alter do Ch\u00e3o\",\"Estremoz\",\"For\u00e7as Armadas\",\"investiga\u00e7\u00e3o\",\"Portalegre\"],\"articleSection\":[\"Not\u00edcias\"],\"inLanguage\":\"pt-PT\"},{\"@type\":\"WebPage\",\"@id\":\"https:\/\/portaltela.pt\/noticias\/2026\/02\/09\/militar-de-21-anos-morre-em-estremoz-apos-pratica-desportiva\/\",\"url\":\"https:\/\/portaltela.pt\/noticias\/2026\/02\/09\/militar-de-21-anos-morre-em-estremoz-apos-pratica-desportiva\/\",\"name\":\"Militar de 21 anos morre em Estremoz ap\u00f3s pr\u00e1tica desportiva - Portal Tela Portugal\",\"isPartOf\":{\"@id\":\"https:\/\/portaltela.pt\/#website\"},\"primaryImageOfPage\":{\"@id\":\"https:\/\/portaltela.pt\/noticias\/2026\/02\/09\/militar-de-21-anos-morre-em-estremoz-apos-pratica-desportiva\/#primaryimage\"},\"image\":{\"@id\":\"https:\/\/portaltela.pt\/noticias\/2026\/02\/09\/militar-de-21-anos-morre-em-estremoz-apos-pratica-desportiva\/#primaryimage\"},\"thumbnailUrl\":\"https:\/\/portaltela.pt\/s.01k8rhncp4jt1\/2026\/02\/2065942.jpg\",\"datePublished\":\"2026-02-09T23:10:00+00:00\",\"author\":{\"@id\":\"https:\/\/portaltela.pt\/#\/schema\/person\/c4278d4a6028830caff9ee44b42d32ed\"},\"breadcrumb\":{\"@id\":\"https:\/\/portaltela.pt\/noticias\/2026\/02\/09\/militar-de-21-anos-morre-em-estremoz-apos-pratica-desportiva\/#breadcrumb\"},\"inLanguage\":\"pt-PT\",\"potentialAction\":[{\"@type\":\"ReadAction\",\"target\":[\"https:\/\/portaltela.pt\/noticias\/2026\/02\/09\/militar-de-21-anos-morre-em-estremoz-apos-pratica-desportiva\/\"]}]},{\"@type\":\"ImageObject\",\"inLanguage\":\"pt-PT\",\"@id\":\"https:\/\/portaltela.pt\/noticias\/2026\/02\/09\/militar-de-21-anos-morre-em-estremoz-apos-pratica-desportiva\/#primaryimage\",\"url\":\"https:\/\/portaltela.pt\/s.01k8rhncp4jt1\/2026\/02\/2065942.jpg\",\"contentUrl\":\"https:\/\/portaltela.pt\/s.01k8rhncp4jt1\/2026\/02\/2065942.jpg\",\"width\":796,\"height\":448,\"caption\":\"Soldado pertencia ao Regimento de Cavalaria N.\u00ba 3, em Estremoz\"},{\"@type\":\"BreadcrumbList\",\"@id\":\"https:\/\/portaltela.pt\/noticias\/2026\/02\/09\/militar-de-21-anos-morre-em-estremoz-apos-pratica-desportiva\/#breadcrumb\",\"itemListElement\":[{\"@type\":\"ListItem\",\"position\":1,\"name\":\"In\u00edcio\",\"item\":\"https:\/\/portaltela.pt\/\"},{\"@type\":\"ListItem\",\"position\":2,\"name\":\"Militar de 21 anos morre em Estremoz ap\u00f3s pr\u00e1tica desportiva\"}]},{\"@type\":\"WebSite\",\"@id\":\"https:\/\/portaltela.pt\/#website\",\"url\":\"https:\/\/portaltela.pt\/\",\"name\":\"Portal Tela Portugal\",\"description\":\"\",\"potentialAction\":[{\"@type\":\"SearchAction\",\"target\":{\"@type\":\"EntryPoint\",\"urlTemplate\":\"https:\/\/portaltela.pt\/?s={search_term_string}\"},\"query-input\":{\"@type\":\"PropertyValueSpecification\",\"valueRequired\":true,\"valueName\":\"search_term_string\"}}],\"inLanguage\":\"pt-PT\"},{\"@type\":\"Person\",\"@id\":\"https:\/\/portaltela.pt\/#\/schema\/person\/c4278d4a6028830caff9ee44b42d32ed\",\"name\":\"Telinha\",\"image\":{\"@type\":\"ImageObject\",\"inLanguage\":\"pt-PT\",\"@id\":\"https:\/\/portaltela.pt\/s.01k8rhncp4jt1\/2025\/11\/talking-bot-125x125.png\",\"url\":\"https:\/\/portaltela.pt\/s.01k8rhncp4jt1\/2025\/11\/talking-bot-125x125.png\",\"contentUrl\":\"https:\/\/portaltela.pt\/s.01k8rhncp4jt1\/2025\/11\/talking-bot-125x125.png\",\"caption\":\"Telinha\"},\"sameAs\":[\"https:\/\/portaltela.pt\/\"],\"url\":\"https:\/\/portaltela.pt\/por\/367410592786\/\"}]}<\/script>\n<!-- \/ Yoast SEO plugin. -->","yoast_head_json":{"title":"Militar de 21 anos morre em Estremoz ap\u00f3s pr\u00e1tica desportiva - Portal Tela Portugal","robots":{"index":"index","follow":"follow","max-snippet":"max-snippet:-1","max-image-preview":"max-image-preview:large","max-video-preview":"max-video-preview:-1"},"og_locale":"pt_PT","og_type":"article","og_title":"Militar de 21 anos morre em Estremoz ap\u00f3s pr\u00e1tica desportiva - Portal Tela Portugal","og_description":"O militar de 21 anos morreu em Estremoz na segunda-feira, 9 de Fevereiro, ap\u00f3s indisposi\u00e7\u00e3o durante a pr\u00e1tica desportiva. O Ex\u00e9rcito instaurou um processo de averigua\u00e7\u00f5es para apurar as circunst\u00e2ncias do sucedido. O incidente ocorreu ao final da tarde junto ao Campo Municipal de Futebol de Estremoz; o militar foi transportado pelo INEM para o Centro de Sa\u00fade de Estremoz, onde foi declarado o \u00f3bito. Foi ativado o servi\u00e7o de apoio psicol\u00f3gico para a fam\u00edlia da v\u00edtima. O soldado pertencia ao Regimento de Cavalaria N.\u00ba 3, natural de Alter do Ch\u00e3o, Portalegre.","og_url":"https:\/\/portaltela.pt\/noticias\/2026\/02\/09\/militar-de-21-anos-morre-em-estremoz-apos-pratica-desportiva\/","og_site_name":"Portal Tela Portugal","article_published_time":"2026-02-09T23:10:00+00:00","author":"Telinha","twitter_card":"summary_large_image","twitter_misc":{"Escrito por":"Telinha","Tempo estimado de leitura":"1 minuto"},"schema":{"@context":"https:\/\/schema.org","@graph":[{"@type":"Article","@id":"https:\/\/portaltela.pt\/noticias\/2026\/02\/09\/militar-de-21-anos-morre-em-estremoz-apos-pratica-desportiva\/#article","isPartOf":{"@id":"https:\/\/portaltela.pt\/noticias\/2026\/02\/09\/militar-de-21-anos-morre-em-estremoz-apos-pratica-desportiva\/"},"author":{"name":"Telinha","@id":"https:\/\/portaltela.pt\/#\/schema\/person\/c4278d4a6028830caff9ee44b42d32ed"},"headline":"Militar de 21 anos morre em Estremoz ap\u00f3s pr\u00e1tica desportiva","datePublished":"2026-02-09T23:10:00+00:00","mainEntityOfPage":{"@id":"https:\/\/portaltela.pt\/noticias\/2026\/02\/09\/militar-de-21-anos-morre-em-estremoz-apos-pratica-desportiva\/"},"wordCount":221,"image":{"@id":"https:\/\/portaltela.pt\/noticias\/2026\/02\/09\/militar-de-21-anos-morre-em-estremoz-apos-pratica-desportiva\/#primaryimage"},"thumbnailUrl":"https:\/\/portaltela.pt\/s.01k8rhncp4jt1\/2026\/02\/2065942.jpg","keywords":["acidente","Alter do Ch\u00e3o","Estremoz","For\u00e7as Armadas","investiga\u00e7\u00e3o","Portalegre"],"articleSection":["Not\u00edcias"],"inLanguage":"pt-PT"},{"@type":"WebPage","@id":"https:\/\/portaltela.pt\/noticias\/2026\/02\/09\/militar-de-21-anos-morre-em-estremoz-apos-pratica-desportiva\/","url":"https:\/\/portaltela.pt\/noticias\/2026\/02\/09\/militar-de-21-anos-morre-em-estremoz-apos-pratica-desportiva\/","name":"Militar de 21 anos morre em Estremoz ap\u00f3s pr\u00e1tica desportiva - Portal Tela Portugal","isPartOf":{"@id":"https:\/\/portaltela.pt\/#website"},"primaryImageOfPage":{"@id":"https:\/\/portaltela.pt\/noticias\/2026\/02\/09\/militar-de-21-anos-morre-em-estremoz-apos-pratica-desportiva\/#primaryimage"},"image":{"@id":"https:\/\/portaltela.pt\/noticias\/2026\/02\/09\/militar-de-21-anos-morre-em-estremoz-apos-pratica-desportiva\/#primaryimage"},"thumbnailUrl":"https:\/\/portaltela.pt\/s.01k8rhncp4jt1\/2026\/02\/2065942.jpg","datePublished":"2026-02-09T23:10:00+00:00","author":{"@id":"https:\/\/portaltela.pt\/#\/schema\/person\/c4278d4a6028830caff9ee44b42d32ed"},"breadcrumb":{"@id":"https:\/\/portaltela.pt\/noticias\/2026\/02\/09\/militar-de-21-anos-morre-em-estremoz-apos-pratica-desportiva\/#breadcrumb"},"inLanguage":"pt-PT","potentialAction":[{"@type":"ReadAction","target":["https:\/\/portaltela.pt\/noticias\/2026\/02\/09\/militar-de-21-anos-morre-em-estremoz-apos-pratica-desportiva\/"]}]},{"@type":"ImageObject","inLanguage":"pt-PT","@id":"https:\/\/portaltela.pt\/noticias\/2026\/02\/09\/militar-de-21-anos-morre-em-estremoz-apos-pratica-desportiva\/#primaryimage","url":"https:\/\/portaltela.pt\/s.01k8rhncp4jt1\/2026\/02\/2065942.jpg","contentUrl":"https:\/\/portaltela.pt\/s.01k8rhncp4jt1\/2026\/02\/2065942.jpg","width":796,"height":448,"caption":"Soldado pertencia ao Regimento de Cavalaria N.\u00ba 3, em Estremoz"},{"@type":"BreadcrumbList","@id":"https:\/\/portaltela.pt\/noticias\/2026\/02\/09\/militar-de-21-anos-morre-em-estremoz-apos-pratica-desportiva\/#breadcrumb","itemListElement":[{"@type":"ListItem","position":1,"name":"In\u00edcio","item":"https:\/\/portaltela.pt\/"},{"@type":"ListItem","position":2,"name":"Militar de 21 anos morre em Estremoz ap\u00f3s pr\u00e1tica desportiva"}]},{"@type":"WebSite","@id":"https:\/\/portaltela.pt\/#website","url":"https:\/\/portaltela.pt\/","name":"Portal Tela Portugal","description":"","potentialAction":[{"@type":"SearchAction","target":{"@type":"EntryPoint","urlTemplate":"https:\/\/portaltela.pt\/?s={search_term_string}"},"query-input":{"@type":"PropertyValueSpecification","valueRequired":true,"valueName":"search_term_string"}}],"inLanguage":"pt-PT"},{"@type":"Person","@id":"https:\/\/portaltela.pt\/#\/schema\/person\/c4278d4a6028830caff9ee44b42d32ed","name":"Telinha","image":{"@type":"ImageObject","inLanguage":"pt-PT","@id":"https:\/\/portaltela.pt\/s.01k8rhncp4jt1\/2025\/11\/talking-bot-125x125.png","url":"https:\/\/portaltela.pt\/s.01k8rhncp4jt1\/2025\/11\/talking-bot-125x125.png","contentUrl":"https:\/\/portaltela.pt\/s.01k8rhncp4jt1\/2025\/11\/talking-bot-125x125.png","caption":"Telinha"},"sameAs":["https:\/\/portaltela.pt\/"],"url":"https:\/\/portaltela.pt\/por\/367410592786\/"}]}},"_links":{"self":[{"href":"https:\/\/portaltela.pt\/api\/wp\/v2\/posts\/206095","targetHints":{"allow":["GET"]}}],"collection":[{"href":"https:\/\/portaltela.pt\/api\/wp\/v2\/posts"}],"about":[{"href":"https:\/\/portaltela.pt\/api\/wp\/v2\/types\/post"}],"author":[{"embeddable":true,"href":"https:\/\/portaltela.pt\/api\/wp\/v2\/users\/2"}],"replies":[{"embeddable":true,"href":"https:\/\/portaltela.pt\/api\/wp\/v2\/comments?post=206095"}],"version-history":[{"count":0,"href":"https:\/\/portaltela.pt\/api\/wp\/v2\/posts\/206095\/revisions"}],"wp:featuredmedia":[{"embeddable":true,"href":"https:\/\/portaltela.pt\/api\/wp\/v2\/media\/206096"}],"wp:attachment":[{"href":"https:\/\/portaltela.pt\/api\/wp\/v2\/media?parent=206095"}],"wp:term":[{"taxonomy":"category","embeddable":true,"href":"https:\/\/portaltela.pt\/api\/wp\/v2\/categories?post=206095"},{"taxonomy":"post_tag","embeddable":true,"href":"https:\/\/portaltela.pt\/api\/wp\/v2\/tags?post=206095"}],"curies":[{"name":"wp","href":"https:\/\/api.w.org\/{rel}","templated":true}]}}