{"id":206058,"date":"2026-02-09T19:15:00","date_gmt":"2026-02-09T22:15:00","guid":{"rendered":"https:\/\/portaltela.pt\/noticias\/2026\/02\/09\/pirotecnia-interrompe-jogo-no-dragao-mendes-aponta-ausencia-de-dois-a-tres-anos\/"},"modified":"2026-02-09T19:15:00","modified_gmt":"2026-02-09T22:15:00","slug":"pirotecnia-interrompe-jogo-no-dragao-mendes-aponta-ausencia-de-dois-a-tres-anos","status":"publish","type":"post","link":"https:\/\/portaltela.pt\/desporto\/futebol\/2026\/02\/09\/pirotecnia-interrompe-jogo-no-dragao-mendes-aponta-ausencia-de-dois-a-tres-anos\/","title":{"rendered":"Pirotecnia interrompe jogo no Drag\u00e3o; Mendes aponta aus\u00eancia de dois a tr\u00eas anos"},"content":{"rendered":"<p>O cl\u00e1ssico entre o FC Porto e o Sporting foi interrompido na primeira parte por lan\u00e7ar de pirotecnia por parte da claque Super Drag\u00f5es. O fumo cobriu parte do relvado, levando o \u00e1rbitro a interromper temporariamente a gest\u00e3o do jogo. A interrup\u00e7\u00e3o decorreu durante a fase inicial do encontro, com impacto vis\u00edvel no decorro da partida.<\/p>\n<p>A interven\u00e7\u00e3o ocorreu no Drag\u00e3o, em pleno recinto portuense, quando a ilumina\u00e7\u00e3o de sinais pirot\u00e9cnicos gerou fumo denso sobre o relvado. O sucedido obrigou os respons\u00e1veis a suspender, de forma provis\u00f3ria, a circula\u00e7\u00e3o de jogadores e a organiza\u00e7\u00e3o a adotar medidas de seguran\u00e7a.<\/p>\n<h3>Detalhes e contexto<\/h3>\n<p>At\u00e9 ao momento, n\u00e3o foram anunciadas medidas disciplinares definitivas, mas o incidente j\u00e1 est\u00e1 a ser alvo de an\u00e1lise pela liga e pela comiss\u00e3o de disciplina. O motivo apresentado envolve o comportamento da claque local e o uso de artefactos pirot\u00e9cnicos dentro de recinto desportivo.<\/p>\n<p>Os clubes envolvidos n\u00e3o emitiram declara\u00e7\u00f5es p\u00fablicas de forma imediata, mantendo o foco no rein\u00edcio do encontro assim que as condi\u00e7\u00f5es permitiram. N\u00e3o h\u00e1 ainda confirma\u00e7\u00e3o de desvio de hor\u00e1rio ou de impactos no planeamento da jornada.<\/p>\n<p>O encontro prosseguiu ap\u00f3s a retirada do fumo, mantendo-se a disputa entre as duas equipes. A organiza\u00e7\u00e3o do evento e as autoridades permanecem em monitoriza\u00e7\u00e3o para eventuais san\u00e7\u00f5es futuras.<\/p>\n","protected":false},"excerpt":{"rendered":"<ul>\n<li>O d\u00e9rbi entre o FC Porto e o Sporting ficou interrompido na primeira parte devido ao lan\u00e7amento de pirotecnia pela claque Super Drag\u00f5es, que criou fumo intenso no relvado.<\/li>\n<li>Segundo Fernando Mendes, o incidente poderia ter afastado jogadores dos recintos desportivos por dois a tr\u00eas anos.<\/li>\n<li>A interrup\u00e7\u00e3o ocorreu durante a primeira parte do encontro.<\/li>\n<li>A not\u00edcia foi publicada a 09 de fevereiro de 2026 \u00e0s 22:15.<\/li>\n<li>N\u00e3o foram apresentadas informa\u00e7\u00f5es adicionais sobre san\u00e7\u00f5es ou consequ\u00eancias para as claques.<\/li>\n<\/ul>\n","protected":false},"author":2,"featured_media":206060,"comment_status":"closed","ping_status":"closed","sticky":false,"template":"","format":"standard","meta":{"footnotes":""},"categories":[21,24],"tags":[152,2028,1959,32,982,1652],"class_list":["post-206058","post","type-post","status-publish","format-standard","has-post-thumbnail","hentry","category-desporto","category-futebol","tag-desporto","tag-fc-porto","tag-fogo-de-artificio","tag-futebol","tag-porto","tag-sporting"],"yoast_head":"<!-- This site is optimized with the Yoast SEO plugin v27.2 - https:\/\/yoast.com\/product\/yoast-seo-wordpress\/ -->\n<title>Pirotecnia interrompe jogo no Drag\u00e3o; Mendes aponta aus\u00eancia de dois a tr\u00eas anos - Portal Tela Portugal<\/title>\n<meta name=\"robots\" content=\"index, follow, max-snippet:-1, max-image-preview:large, max-video-preview:-1\" \/>\n<meta property=\"og:locale\" content=\"pt_PT\" \/>\n<meta property=\"og:type\" content=\"article\" \/>\n<meta property=\"og:title\" content=\"Pirotecnia interrompe jogo no Drag\u00e3o; Mendes aponta aus\u00eancia de dois a tr\u00eas anos - Portal Tela Portugal\" \/>\n<meta property=\"og:description\" content=\"O d\u00e9rbi entre o FC Porto e o Sporting ficou interrompido na primeira parte devido ao lan\u00e7amento de pirotecnia pela claque Super Drag\u00f5es, que criou fumo intenso no relvado. Segundo Fernando Mendes, o incidente poderia ter afastado jogadores dos recintos desportivos por dois a tr\u00eas anos. A interrup\u00e7\u00e3o ocorreu durante a primeira parte do encontro. A not\u00edcia foi publicada a 09 de fevereiro de 2026 \u00e0s 22:15. N\u00e3o foram apresentadas informa\u00e7\u00f5es adicionais sobre san\u00e7\u00f5es ou consequ\u00eancias para as claques.\" \/>\n<meta property=\"og:url\" content=\"https:\/\/portaltela.pt\/noticias\/2026\/02\/09\/pirotecnia-interrompe-jogo-no-dragao-mendes-aponta-ausencia-de-dois-a-tres-anos\/\" \/>\n<meta property=\"og:site_name\" content=\"Portal Tela Portugal\" \/>\n<meta property=\"article:published_time\" content=\"2026-02-09T22:15:00+00:00\" \/>\n<meta name=\"author\" content=\"Telinha\" \/>\n<meta name=\"twitter:card\" content=\"summary_large_image\" \/>\n<meta name=\"twitter:label1\" content=\"Escrito por\" \/>\n\t<meta name=\"twitter:data1\" content=\"Telinha\" \/>\n\t<meta name=\"twitter:label2\" content=\"Tempo estimado de leitura\" \/>\n\t<meta name=\"twitter:data2\" content=\"1 minuto\" \/>\n<script type=\"application\/ld+json\" class=\"yoast-schema-graph\">{\"@context\":\"https:\/\/schema.org\",\"@graph\":[{\"@type\":\"Article\",\"@id\":\"https:\/\/portaltela.pt\/noticias\/2026\/02\/09\/pirotecnia-interrompe-jogo-no-dragao-mendes-aponta-ausencia-de-dois-a-tres-anos\/#article\",\"isPartOf\":{\"@id\":\"https:\/\/portaltela.pt\/noticias\/2026\/02\/09\/pirotecnia-interrompe-jogo-no-dragao-mendes-aponta-ausencia-de-dois-a-tres-anos\/\"},\"author\":{\"name\":\"Telinha\",\"@id\":\"https:\/\/portaltela.pt\/#\/schema\/person\/c4278d4a6028830caff9ee44b42d32ed\"},\"headline\":\"Pirotecnia interrompe jogo no Drag\u00e3o; Mendes aponta aus\u00eancia de dois a tr\u00eas anos\",\"datePublished\":\"2026-02-09T22:15:00+00:00\",\"mainEntityOfPage\":{\"@id\":\"https:\/\/portaltela.pt\/noticias\/2026\/02\/09\/pirotecnia-interrompe-jogo-no-dragao-mendes-aponta-ausencia-de-dois-a-tres-anos\/\"},\"wordCount\":260,\"image\":{\"@id\":\"https:\/\/portaltela.pt\/noticias\/2026\/02\/09\/pirotecnia-interrompe-jogo-no-dragao-mendes-aponta-ausencia-de-dois-a-tres-anos\/#primaryimage\"},\"thumbnailUrl\":\"https:\/\/portaltela.pt\/s.01k8rhncp4jt1\/2026\/02\/img_1280x722uu2026-02-09-22-14-27-2265997.jpg\",\"keywords\":[\"desporto\",\"FC Porto\",\"fogo de artif\u00edcio\",\"futebol\",\"Porto\",\"Sporting\"],\"articleSection\":[\"Desporto\",\"Futebol\"],\"inLanguage\":\"pt-PT\"},{\"@type\":\"WebPage\",\"@id\":\"https:\/\/portaltela.pt\/noticias\/2026\/02\/09\/pirotecnia-interrompe-jogo-no-dragao-mendes-aponta-ausencia-de-dois-a-tres-anos\/\",\"url\":\"https:\/\/portaltela.pt\/noticias\/2026\/02\/09\/pirotecnia-interrompe-jogo-no-dragao-mendes-aponta-ausencia-de-dois-a-tres-anos\/\",\"name\":\"Pirotecnia interrompe jogo no Drag\u00e3o; Mendes aponta aus\u00eancia de dois a tr\u00eas anos - Portal Tela Portugal\",\"isPartOf\":{\"@id\":\"https:\/\/portaltela.pt\/#website\"},\"primaryImageOfPage\":{\"@id\":\"https:\/\/portaltela.pt\/noticias\/2026\/02\/09\/pirotecnia-interrompe-jogo-no-dragao-mendes-aponta-ausencia-de-dois-a-tres-anos\/#primaryimage\"},\"image\":{\"@id\":\"https:\/\/portaltela.pt\/noticias\/2026\/02\/09\/pirotecnia-interrompe-jogo-no-dragao-mendes-aponta-ausencia-de-dois-a-tres-anos\/#primaryimage\"},\"thumbnailUrl\":\"https:\/\/portaltela.pt\/s.01k8rhncp4jt1\/2026\/02\/img_1280x722uu2026-02-09-22-14-27-2265997.jpg\",\"datePublished\":\"2026-02-09T22:15:00+00:00\",\"author\":{\"@id\":\"https:\/\/portaltela.pt\/#\/schema\/person\/c4278d4a6028830caff9ee44b42d32ed\"},\"breadcrumb\":{\"@id\":\"https:\/\/portaltela.pt\/noticias\/2026\/02\/09\/pirotecnia-interrompe-jogo-no-dragao-mendes-aponta-ausencia-de-dois-a-tres-anos\/#breadcrumb\"},\"inLanguage\":\"pt-PT\",\"potentialAction\":[{\"@type\":\"ReadAction\",\"target\":[\"https:\/\/portaltela.pt\/noticias\/2026\/02\/09\/pirotecnia-interrompe-jogo-no-dragao-mendes-aponta-ausencia-de-dois-a-tres-anos\/\"]}]},{\"@type\":\"ImageObject\",\"inLanguage\":\"pt-PT\",\"@id\":\"https:\/\/portaltela.pt\/noticias\/2026\/02\/09\/pirotecnia-interrompe-jogo-no-dragao-mendes-aponta-ausencia-de-dois-a-tres-anos\/#primaryimage\",\"url\":\"https:\/\/portaltela.pt\/s.01k8rhncp4jt1\/2026\/02\/img_1280x722uu2026-02-09-22-14-27-2265997.jpg\",\"contentUrl\":\"https:\/\/portaltela.pt\/s.01k8rhncp4jt1\/2026\/02\/img_1280x722uu2026-02-09-22-14-27-2265997.jpg\",\"width\":796,\"height\":448,\"caption\":\"Pirotecnia parou jogo no Drag\u00e3o: \\\"Era dois ou tr\u00eas anos fora dos recintos desportivos\\\", diz Fernando Mendes\"},{\"@type\":\"BreadcrumbList\",\"@id\":\"https:\/\/portaltela.pt\/noticias\/2026\/02\/09\/pirotecnia-interrompe-jogo-no-dragao-mendes-aponta-ausencia-de-dois-a-tres-anos\/#breadcrumb\",\"itemListElement\":[{\"@type\":\"ListItem\",\"position\":1,\"name\":\"In\u00edcio\",\"item\":\"https:\/\/portaltela.pt\/\"},{\"@type\":\"ListItem\",\"position\":2,\"name\":\"Pirotecnia interrompe jogo no Drag\u00e3o; Mendes aponta aus\u00eancia de dois a tr\u00eas anos\"}]},{\"@type\":\"WebSite\",\"@id\":\"https:\/\/portaltela.pt\/#website\",\"url\":\"https:\/\/portaltela.pt\/\",\"name\":\"Portal Tela Portugal\",\"description\":\"\",\"potentialAction\":[{\"@type\":\"SearchAction\",\"target\":{\"@type\":\"EntryPoint\",\"urlTemplate\":\"https:\/\/portaltela.pt\/?s={search_term_string}\"},\"query-input\":{\"@type\":\"PropertyValueSpecification\",\"valueRequired\":true,\"valueName\":\"search_term_string\"}}],\"inLanguage\":\"pt-PT\"},{\"@type\":\"Person\",\"@id\":\"https:\/\/portaltela.pt\/#\/schema\/person\/c4278d4a6028830caff9ee44b42d32ed\",\"name\":\"Telinha\",\"image\":{\"@type\":\"ImageObject\",\"inLanguage\":\"pt-PT\",\"@id\":\"https:\/\/portaltela.pt\/s.01k8rhncp4jt1\/2025\/11\/talking-bot-125x125.png\",\"url\":\"https:\/\/portaltela.pt\/s.01k8rhncp4jt1\/2025\/11\/talking-bot-125x125.png\",\"contentUrl\":\"https:\/\/portaltela.pt\/s.01k8rhncp4jt1\/2025\/11\/talking-bot-125x125.png\",\"caption\":\"Telinha\"},\"sameAs\":[\"https:\/\/portaltela.pt\/\"],\"url\":\"https:\/\/portaltela.pt\/por\/367410592786\/\"}]}<\/script>\n<!-- \/ Yoast SEO plugin. -->","yoast_head_json":{"title":"Pirotecnia interrompe jogo no Drag\u00e3o; Mendes aponta aus\u00eancia de dois a tr\u00eas anos - Portal Tela Portugal","robots":{"index":"index","follow":"follow","max-snippet":"max-snippet:-1","max-image-preview":"max-image-preview:large","max-video-preview":"max-video-preview:-1"},"og_locale":"pt_PT","og_type":"article","og_title":"Pirotecnia interrompe jogo no Drag\u00e3o; Mendes aponta aus\u00eancia de dois a tr\u00eas anos - Portal Tela Portugal","og_description":"O d\u00e9rbi entre o FC Porto e o Sporting ficou interrompido na primeira parte devido ao lan\u00e7amento de pirotecnia pela claque Super Drag\u00f5es, que criou fumo intenso no relvado. Segundo Fernando Mendes, o incidente poderia ter afastado jogadores dos recintos desportivos por dois a tr\u00eas anos. A interrup\u00e7\u00e3o ocorreu durante a primeira parte do encontro. A not\u00edcia foi publicada a 09 de fevereiro de 2026 \u00e0s 22:15. N\u00e3o foram apresentadas informa\u00e7\u00f5es adicionais sobre san\u00e7\u00f5es ou consequ\u00eancias para as claques.","og_url":"https:\/\/portaltela.pt\/noticias\/2026\/02\/09\/pirotecnia-interrompe-jogo-no-dragao-mendes-aponta-ausencia-de-dois-a-tres-anos\/","og_site_name":"Portal Tela Portugal","article_published_time":"2026-02-09T22:15:00+00:00","author":"Telinha","twitter_card":"summary_large_image","twitter_misc":{"Escrito por":"Telinha","Tempo estimado de leitura":"1 minuto"},"schema":{"@context":"https:\/\/schema.org","@graph":[{"@type":"Article","@id":"https:\/\/portaltela.pt\/noticias\/2026\/02\/09\/pirotecnia-interrompe-jogo-no-dragao-mendes-aponta-ausencia-de-dois-a-tres-anos\/#article","isPartOf":{"@id":"https:\/\/portaltela.pt\/noticias\/2026\/02\/09\/pirotecnia-interrompe-jogo-no-dragao-mendes-aponta-ausencia-de-dois-a-tres-anos\/"},"author":{"name":"Telinha","@id":"https:\/\/portaltela.pt\/#\/schema\/person\/c4278d4a6028830caff9ee44b42d32ed"},"headline":"Pirotecnia interrompe jogo no Drag\u00e3o; Mendes aponta aus\u00eancia de dois a tr\u00eas anos","datePublished":"2026-02-09T22:15:00+00:00","mainEntityOfPage":{"@id":"https:\/\/portaltela.pt\/noticias\/2026\/02\/09\/pirotecnia-interrompe-jogo-no-dragao-mendes-aponta-ausencia-de-dois-a-tres-anos\/"},"wordCount":260,"image":{"@id":"https:\/\/portaltela.pt\/noticias\/2026\/02\/09\/pirotecnia-interrompe-jogo-no-dragao-mendes-aponta-ausencia-de-dois-a-tres-anos\/#primaryimage"},"thumbnailUrl":"https:\/\/portaltela.pt\/s.01k8rhncp4jt1\/2026\/02\/img_1280x722uu2026-02-09-22-14-27-2265997.jpg","keywords":["desporto","FC Porto","fogo de artif\u00edcio","futebol","Porto","Sporting"],"articleSection":["Desporto","Futebol"],"inLanguage":"pt-PT"},{"@type":"WebPage","@id":"https:\/\/portaltela.pt\/noticias\/2026\/02\/09\/pirotecnia-interrompe-jogo-no-dragao-mendes-aponta-ausencia-de-dois-a-tres-anos\/","url":"https:\/\/portaltela.pt\/noticias\/2026\/02\/09\/pirotecnia-interrompe-jogo-no-dragao-mendes-aponta-ausencia-de-dois-a-tres-anos\/","name":"Pirotecnia interrompe jogo no Drag\u00e3o; Mendes aponta aus\u00eancia de dois a tr\u00eas anos - Portal Tela Portugal","isPartOf":{"@id":"https:\/\/portaltela.pt\/#website"},"primaryImageOfPage":{"@id":"https:\/\/portaltela.pt\/noticias\/2026\/02\/09\/pirotecnia-interrompe-jogo-no-dragao-mendes-aponta-ausencia-de-dois-a-tres-anos\/#primaryimage"},"image":{"@id":"https:\/\/portaltela.pt\/noticias\/2026\/02\/09\/pirotecnia-interrompe-jogo-no-dragao-mendes-aponta-ausencia-de-dois-a-tres-anos\/#primaryimage"},"thumbnailUrl":"https:\/\/portaltela.pt\/s.01k8rhncp4jt1\/2026\/02\/img_1280x722uu2026-02-09-22-14-27-2265997.jpg","datePublished":"2026-02-09T22:15:00+00:00","author":{"@id":"https:\/\/portaltela.pt\/#\/schema\/person\/c4278d4a6028830caff9ee44b42d32ed"},"breadcrumb":{"@id":"https:\/\/portaltela.pt\/noticias\/2026\/02\/09\/pirotecnia-interrompe-jogo-no-dragao-mendes-aponta-ausencia-de-dois-a-tres-anos\/#breadcrumb"},"inLanguage":"pt-PT","potentialAction":[{"@type":"ReadAction","target":["https:\/\/portaltela.pt\/noticias\/2026\/02\/09\/pirotecnia-interrompe-jogo-no-dragao-mendes-aponta-ausencia-de-dois-a-tres-anos\/"]}]},{"@type":"ImageObject","inLanguage":"pt-PT","@id":"https:\/\/portaltela.pt\/noticias\/2026\/02\/09\/pirotecnia-interrompe-jogo-no-dragao-mendes-aponta-ausencia-de-dois-a-tres-anos\/#primaryimage","url":"https:\/\/portaltela.pt\/s.01k8rhncp4jt1\/2026\/02\/img_1280x722uu2026-02-09-22-14-27-2265997.jpg","contentUrl":"https:\/\/portaltela.pt\/s.01k8rhncp4jt1\/2026\/02\/img_1280x722uu2026-02-09-22-14-27-2265997.jpg","width":796,"height":448,"caption":"Pirotecnia parou jogo no Drag\u00e3o: \"Era dois ou tr\u00eas anos fora dos recintos desportivos\", diz Fernando Mendes"},{"@type":"BreadcrumbList","@id":"https:\/\/portaltela.pt\/noticias\/2026\/02\/09\/pirotecnia-interrompe-jogo-no-dragao-mendes-aponta-ausencia-de-dois-a-tres-anos\/#breadcrumb","itemListElement":[{"@type":"ListItem","position":1,"name":"In\u00edcio","item":"https:\/\/portaltela.pt\/"},{"@type":"ListItem","position":2,"name":"Pirotecnia interrompe jogo no Drag\u00e3o; Mendes aponta aus\u00eancia de dois a tr\u00eas anos"}]},{"@type":"WebSite","@id":"https:\/\/portaltela.pt\/#website","url":"https:\/\/portaltela.pt\/","name":"Portal Tela Portugal","description":"","potentialAction":[{"@type":"SearchAction","target":{"@type":"EntryPoint","urlTemplate":"https:\/\/portaltela.pt\/?s={search_term_string}"},"query-input":{"@type":"PropertyValueSpecification","valueRequired":true,"valueName":"search_term_string"}}],"inLanguage":"pt-PT"},{"@type":"Person","@id":"https:\/\/portaltela.pt\/#\/schema\/person\/c4278d4a6028830caff9ee44b42d32ed","name":"Telinha","image":{"@type":"ImageObject","inLanguage":"pt-PT","@id":"https:\/\/portaltela.pt\/s.01k8rhncp4jt1\/2025\/11\/talking-bot-125x125.png","url":"https:\/\/portaltela.pt\/s.01k8rhncp4jt1\/2025\/11\/talking-bot-125x125.png","contentUrl":"https:\/\/portaltela.pt\/s.01k8rhncp4jt1\/2025\/11\/talking-bot-125x125.png","caption":"Telinha"},"sameAs":["https:\/\/portaltela.pt\/"],"url":"https:\/\/portaltela.pt\/por\/367410592786\/"}]}},"_links":{"self":[{"href":"https:\/\/portaltela.pt\/api\/wp\/v2\/posts\/206058","targetHints":{"allow":["GET"]}}],"collection":[{"href":"https:\/\/portaltela.pt\/api\/wp\/v2\/posts"}],"about":[{"href":"https:\/\/portaltela.pt\/api\/wp\/v2\/types\/post"}],"author":[{"embeddable":true,"href":"https:\/\/portaltela.pt\/api\/wp\/v2\/users\/2"}],"replies":[{"embeddable":true,"href":"https:\/\/portaltela.pt\/api\/wp\/v2\/comments?post=206058"}],"version-history":[{"count":0,"href":"https:\/\/portaltela.pt\/api\/wp\/v2\/posts\/206058\/revisions"}],"wp:featuredmedia":[{"embeddable":true,"href":"https:\/\/portaltela.pt\/api\/wp\/v2\/media\/206060"}],"wp:attachment":[{"href":"https:\/\/portaltela.pt\/api\/wp\/v2\/media?parent=206058"}],"wp:term":[{"taxonomy":"category","embeddable":true,"href":"https:\/\/portaltela.pt\/api\/wp\/v2\/categories?post=206058"},{"taxonomy":"post_tag","embeddable":true,"href":"https:\/\/portaltela.pt\/api\/wp\/v2\/tags?post=206058"}],"curies":[{"name":"wp","href":"https:\/\/api.w.org\/{rel}","templated":true}]}}