{"id":206057,"date":"2026-02-09T19:18:00","date_gmt":"2026-02-09T22:18:00","guid":{"rendered":"https:\/\/portaltela.pt\/noticias\/2026\/02\/09\/militar-de-21-anos-morre-em-atividade-desportiva-em-estremoz\/"},"modified":"2026-02-09T19:18:00","modified_gmt":"2026-02-09T22:18:00","slug":"militar-de-21-anos-morre-em-atividade-desportiva-em-estremoz","status":"publish","type":"post","link":"https:\/\/portaltela.pt\/noticias\/2026\/02\/09\/militar-de-21-anos-morre-em-atividade-desportiva-em-estremoz\/","title":{"rendered":"Militar de 21 anos morre em atividade desportiva em Estremoz"},"content":{"rendered":"<p>Um militar do Ex\u00e9rcito, 21 anos, morreu esta segunda-feira enquanto praticava uma atividade desportiva junto ao Campo Municipal de Futebol de Estremoz. O soldado G\u00e9rson Pinto, colocado no Regimento de Cavalaria N.\u00ba 3, em Estremoz, sentiu-se indisposto no final da tarde durante a pr\u00e1tica desportiva.<\/p>\n<p>O alerta foi dado por um outro militar que o acompanhava e acionou o INEM. G\u00e9rson Pinto recebeu assist\u00eancia no local e foi transportado para o Centro de Sa\u00fade de Estremoz, onde o \u00f3bito foi confirmado.<\/p>\n<p>O Ex\u00e9rcito informou que ativou apoio psicol\u00f3gico direcionado \u00e0 fam\u00edlia e instaurou um processo de averigua\u00e7\u00f5es para apurar as circunst\u00e2ncias do sucedido. O militar era natural do concelho de Alter do Ch\u00e3o, no distrito de Portalegre, e a institui\u00e7\u00e3o transmite condol\u00eancias aos familiares e amigos.<\/p>\n<h3>Investiga\u00e7\u00e3o e apoio<\/h3>\n<p>A defesa afirma manter a colabora\u00e7\u00e3o com as autoridades competentes durante o inqu\u00e9rito. O Regimento de Cavalaria N.\u00ba 3 \u00e9 a unidade a que o militar pertencia, com presen\u00e7a na regi\u00e3o. As autoridades de sa\u00fade n\u00e3o divulgaram mais detalhes sobre a causa da morte.<\/p>\n","protected":false},"excerpt":{"rendered":"<ul>\n<li>Militar de 21 anos morreu durante pr\u00e1tica desportiva junto ao Campo Municipal de Estremoz, na regi\u00e3o de Portalegre.<\/li>\n<li>O soldado G\u00e9rson Pinto, colocado no Regimento de Cavalaria N.\u00ba 3, come\u00e7ou a sentir-se indisposto no final da tarde.<\/li>\n<li>O alerta foi dado por um colega militar que o acompanhava; o INEM foi acionado e ele foi transportado para o Centro de Sa\u00fade de Estremoz, onde o \u00f3bito foi confirmado.<\/li>\n<li>O Ex\u00e9rcito ativou apoio psicol\u00f3gico direcionado \u00e0 fam\u00edlia e abriu um processo de averigua\u00e7\u00f5es para apurar as circunst\u00e2ncias do sucedido.<\/li>\n<li>G\u00e9rson Pinto era natural do concelho de Alter do Ch\u00e3o, distrito de Portalegre.<\/li>\n<\/ul>\n","protected":false},"author":2,"featured_media":206059,"comment_status":"closed","ping_status":"closed","sticky":false,"template":"","format":"standard","meta":{"footnotes":""},"categories":[1],"tags":[883,4673,152,1779,215,1075],"class_list":["post-206057","post","type-post","status-publish","format-standard","has-post-thumbnail","hentry","category-noticias","tag-alentejo","tag-alter-do-chao","tag-desporto","tag-forcas-armadas","tag-investigacao","tag-portalegre"],"yoast_head":"<!-- This site is optimized with the Yoast SEO plugin v27.2 - https:\/\/yoast.com\/product\/yoast-seo-wordpress\/ -->\n<title>Militar de 21 anos morre em atividade desportiva em Estremoz - Portal Tela Portugal<\/title>\n<meta name=\"robots\" content=\"index, follow, max-snippet:-1, max-image-preview:large, max-video-preview:-1\" \/>\n<meta property=\"og:locale\" content=\"pt_PT\" \/>\n<meta property=\"og:type\" content=\"article\" \/>\n<meta property=\"og:title\" content=\"Militar de 21 anos morre em atividade desportiva em Estremoz - Portal Tela Portugal\" \/>\n<meta property=\"og:description\" content=\"Militar de 21 anos morreu durante pr\u00e1tica desportiva junto ao Campo Municipal de Estremoz, na regi\u00e3o de Portalegre. O soldado G\u00e9rson Pinto, colocado no Regimento de Cavalaria N.\u00ba 3, come\u00e7ou a sentir-se indisposto no final da tarde. O alerta foi dado por um colega militar que o acompanhava; o INEM foi acionado e ele foi transportado para o Centro de Sa\u00fade de Estremoz, onde o \u00f3bito foi confirmado. O Ex\u00e9rcito ativou apoio psicol\u00f3gico direcionado \u00e0 fam\u00edlia e abriu um processo de averigua\u00e7\u00f5es para apurar as circunst\u00e2ncias do sucedido. G\u00e9rson Pinto era natural do concelho de Alter do Ch\u00e3o, distrito de Portalegre.\" \/>\n<meta property=\"og:url\" content=\"https:\/\/portaltela.pt\/noticias\/2026\/02\/09\/militar-de-21-anos-morre-em-atividade-desportiva-em-estremoz\/\" \/>\n<meta property=\"og:site_name\" content=\"Portal Tela Portugal\" \/>\n<meta property=\"article:published_time\" content=\"2026-02-09T22:18:00+00:00\" \/>\n<meta name=\"author\" content=\"Telinha\" \/>\n<meta name=\"twitter:card\" content=\"summary_large_image\" \/>\n<meta name=\"twitter:label1\" content=\"Escrito por\" \/>\n\t<meta name=\"twitter:data1\" content=\"Telinha\" \/>\n\t<meta name=\"twitter:label2\" content=\"Tempo estimado de leitura\" \/>\n\t<meta name=\"twitter:data2\" content=\"1 minuto\" \/>\n<script type=\"application\/ld+json\" class=\"yoast-schema-graph\">{\"@context\":\"https:\/\/schema.org\",\"@graph\":[{\"@type\":\"Article\",\"@id\":\"https:\/\/portaltela.pt\/noticias\/2026\/02\/09\/militar-de-21-anos-morre-em-atividade-desportiva-em-estremoz\/#article\",\"isPartOf\":{\"@id\":\"https:\/\/portaltela.pt\/noticias\/2026\/02\/09\/militar-de-21-anos-morre-em-atividade-desportiva-em-estremoz\/\"},\"author\":{\"name\":\"Telinha\",\"@id\":\"https:\/\/portaltela.pt\/#\/schema\/person\/c4278d4a6028830caff9ee44b42d32ed\"},\"headline\":\"Militar de 21 anos morre em atividade desportiva em Estremoz\",\"datePublished\":\"2026-02-09T22:18:00+00:00\",\"mainEntityOfPage\":{\"@id\":\"https:\/\/portaltela.pt\/noticias\/2026\/02\/09\/militar-de-21-anos-morre-em-atividade-desportiva-em-estremoz\/\"},\"wordCount\":198,\"image\":{\"@id\":\"https:\/\/portaltela.pt\/noticias\/2026\/02\/09\/militar-de-21-anos-morre-em-atividade-desportiva-em-estremoz\/#primaryimage\"},\"thumbnailUrl\":\"https:\/\/portaltela.pt\/s.01k8rhncp4jt1\/2026\/02\/img_1500x1000uu2025-11-05-23-40-28-2246236.jpg\",\"keywords\":[\"Alentejo\",\"Alter do Ch\u00e3o\",\"desporto\",\"For\u00e7as Armadas\",\"investiga\u00e7\u00e3o\",\"Portalegre\"],\"articleSection\":[\"Not\u00edcias\"],\"inLanguage\":\"pt-PT\"},{\"@type\":\"WebPage\",\"@id\":\"https:\/\/portaltela.pt\/noticias\/2026\/02\/09\/militar-de-21-anos-morre-em-atividade-desportiva-em-estremoz\/\",\"url\":\"https:\/\/portaltela.pt\/noticias\/2026\/02\/09\/militar-de-21-anos-morre-em-atividade-desportiva-em-estremoz\/\",\"name\":\"Militar de 21 anos morre em atividade desportiva em Estremoz - Portal Tela Portugal\",\"isPartOf\":{\"@id\":\"https:\/\/portaltela.pt\/#website\"},\"primaryImageOfPage\":{\"@id\":\"https:\/\/portaltela.pt\/noticias\/2026\/02\/09\/militar-de-21-anos-morre-em-atividade-desportiva-em-estremoz\/#primaryimage\"},\"image\":{\"@id\":\"https:\/\/portaltela.pt\/noticias\/2026\/02\/09\/militar-de-21-anos-morre-em-atividade-desportiva-em-estremoz\/#primaryimage\"},\"thumbnailUrl\":\"https:\/\/portaltela.pt\/s.01k8rhncp4jt1\/2026\/02\/img_1500x1000uu2025-11-05-23-40-28-2246236.jpg\",\"datePublished\":\"2026-02-09T22:18:00+00:00\",\"author\":{\"@id\":\"https:\/\/portaltela.pt\/#\/schema\/person\/c4278d4a6028830caff9ee44b42d32ed\"},\"breadcrumb\":{\"@id\":\"https:\/\/portaltela.pt\/noticias\/2026\/02\/09\/militar-de-21-anos-morre-em-atividade-desportiva-em-estremoz\/#breadcrumb\"},\"inLanguage\":\"pt-PT\",\"potentialAction\":[{\"@type\":\"ReadAction\",\"target\":[\"https:\/\/portaltela.pt\/noticias\/2026\/02\/09\/militar-de-21-anos-morre-em-atividade-desportiva-em-estremoz\/\"]}]},{\"@type\":\"ImageObject\",\"inLanguage\":\"pt-PT\",\"@id\":\"https:\/\/portaltela.pt\/noticias\/2026\/02\/09\/militar-de-21-anos-morre-em-atividade-desportiva-em-estremoz\/#primaryimage\",\"url\":\"https:\/\/portaltela.pt\/s.01k8rhncp4jt1\/2026\/02\/img_1500x1000uu2025-11-05-23-40-28-2246236.jpg\",\"contentUrl\":\"https:\/\/portaltela.pt\/s.01k8rhncp4jt1\/2026\/02\/img_1500x1000uu2025-11-05-23-40-28-2246236.jpg\",\"width\":796,\"height\":448,\"caption\":\"Militar de 21 anos morre durante atividade desportiva em Estremoz\"},{\"@type\":\"BreadcrumbList\",\"@id\":\"https:\/\/portaltela.pt\/noticias\/2026\/02\/09\/militar-de-21-anos-morre-em-atividade-desportiva-em-estremoz\/#breadcrumb\",\"itemListElement\":[{\"@type\":\"ListItem\",\"position\":1,\"name\":\"In\u00edcio\",\"item\":\"https:\/\/portaltela.pt\/\"},{\"@type\":\"ListItem\",\"position\":2,\"name\":\"Militar de 21 anos morre em atividade desportiva em Estremoz\"}]},{\"@type\":\"WebSite\",\"@id\":\"https:\/\/portaltela.pt\/#website\",\"url\":\"https:\/\/portaltela.pt\/\",\"name\":\"Portal Tela Portugal\",\"description\":\"\",\"potentialAction\":[{\"@type\":\"SearchAction\",\"target\":{\"@type\":\"EntryPoint\",\"urlTemplate\":\"https:\/\/portaltela.pt\/?s={search_term_string}\"},\"query-input\":{\"@type\":\"PropertyValueSpecification\",\"valueRequired\":true,\"valueName\":\"search_term_string\"}}],\"inLanguage\":\"pt-PT\"},{\"@type\":\"Person\",\"@id\":\"https:\/\/portaltela.pt\/#\/schema\/person\/c4278d4a6028830caff9ee44b42d32ed\",\"name\":\"Telinha\",\"image\":{\"@type\":\"ImageObject\",\"inLanguage\":\"pt-PT\",\"@id\":\"https:\/\/portaltela.pt\/s.01k8rhncp4jt1\/2025\/11\/talking-bot-125x125.png\",\"url\":\"https:\/\/portaltela.pt\/s.01k8rhncp4jt1\/2025\/11\/talking-bot-125x125.png\",\"contentUrl\":\"https:\/\/portaltela.pt\/s.01k8rhncp4jt1\/2025\/11\/talking-bot-125x125.png\",\"caption\":\"Telinha\"},\"sameAs\":[\"https:\/\/portaltela.pt\/\"],\"url\":\"https:\/\/portaltela.pt\/por\/367410592786\/\"}]}<\/script>\n<!-- \/ Yoast SEO plugin. -->","yoast_head_json":{"title":"Militar de 21 anos morre em atividade desportiva em Estremoz - Portal Tela Portugal","robots":{"index":"index","follow":"follow","max-snippet":"max-snippet:-1","max-image-preview":"max-image-preview:large","max-video-preview":"max-video-preview:-1"},"og_locale":"pt_PT","og_type":"article","og_title":"Militar de 21 anos morre em atividade desportiva em Estremoz - Portal Tela Portugal","og_description":"Militar de 21 anos morreu durante pr\u00e1tica desportiva junto ao Campo Municipal de Estremoz, na regi\u00e3o de Portalegre. O soldado G\u00e9rson Pinto, colocado no Regimento de Cavalaria N.\u00ba 3, come\u00e7ou a sentir-se indisposto no final da tarde. O alerta foi dado por um colega militar que o acompanhava; o INEM foi acionado e ele foi transportado para o Centro de Sa\u00fade de Estremoz, onde o \u00f3bito foi confirmado. O Ex\u00e9rcito ativou apoio psicol\u00f3gico direcionado \u00e0 fam\u00edlia e abriu um processo de averigua\u00e7\u00f5es para apurar as circunst\u00e2ncias do sucedido. G\u00e9rson Pinto era natural do concelho de Alter do Ch\u00e3o, distrito de Portalegre.","og_url":"https:\/\/portaltela.pt\/noticias\/2026\/02\/09\/militar-de-21-anos-morre-em-atividade-desportiva-em-estremoz\/","og_site_name":"Portal Tela Portugal","article_published_time":"2026-02-09T22:18:00+00:00","author":"Telinha","twitter_card":"summary_large_image","twitter_misc":{"Escrito por":"Telinha","Tempo estimado de leitura":"1 minuto"},"schema":{"@context":"https:\/\/schema.org","@graph":[{"@type":"Article","@id":"https:\/\/portaltela.pt\/noticias\/2026\/02\/09\/militar-de-21-anos-morre-em-atividade-desportiva-em-estremoz\/#article","isPartOf":{"@id":"https:\/\/portaltela.pt\/noticias\/2026\/02\/09\/militar-de-21-anos-morre-em-atividade-desportiva-em-estremoz\/"},"author":{"name":"Telinha","@id":"https:\/\/portaltela.pt\/#\/schema\/person\/c4278d4a6028830caff9ee44b42d32ed"},"headline":"Militar de 21 anos morre em atividade desportiva em Estremoz","datePublished":"2026-02-09T22:18:00+00:00","mainEntityOfPage":{"@id":"https:\/\/portaltela.pt\/noticias\/2026\/02\/09\/militar-de-21-anos-morre-em-atividade-desportiva-em-estremoz\/"},"wordCount":198,"image":{"@id":"https:\/\/portaltela.pt\/noticias\/2026\/02\/09\/militar-de-21-anos-morre-em-atividade-desportiva-em-estremoz\/#primaryimage"},"thumbnailUrl":"https:\/\/portaltela.pt\/s.01k8rhncp4jt1\/2026\/02\/img_1500x1000uu2025-11-05-23-40-28-2246236.jpg","keywords":["Alentejo","Alter do Ch\u00e3o","desporto","For\u00e7as Armadas","investiga\u00e7\u00e3o","Portalegre"],"articleSection":["Not\u00edcias"],"inLanguage":"pt-PT"},{"@type":"WebPage","@id":"https:\/\/portaltela.pt\/noticias\/2026\/02\/09\/militar-de-21-anos-morre-em-atividade-desportiva-em-estremoz\/","url":"https:\/\/portaltela.pt\/noticias\/2026\/02\/09\/militar-de-21-anos-morre-em-atividade-desportiva-em-estremoz\/","name":"Militar de 21 anos morre em atividade desportiva em Estremoz - Portal Tela Portugal","isPartOf":{"@id":"https:\/\/portaltela.pt\/#website"},"primaryImageOfPage":{"@id":"https:\/\/portaltela.pt\/noticias\/2026\/02\/09\/militar-de-21-anos-morre-em-atividade-desportiva-em-estremoz\/#primaryimage"},"image":{"@id":"https:\/\/portaltela.pt\/noticias\/2026\/02\/09\/militar-de-21-anos-morre-em-atividade-desportiva-em-estremoz\/#primaryimage"},"thumbnailUrl":"https:\/\/portaltela.pt\/s.01k8rhncp4jt1\/2026\/02\/img_1500x1000uu2025-11-05-23-40-28-2246236.jpg","datePublished":"2026-02-09T22:18:00+00:00","author":{"@id":"https:\/\/portaltela.pt\/#\/schema\/person\/c4278d4a6028830caff9ee44b42d32ed"},"breadcrumb":{"@id":"https:\/\/portaltela.pt\/noticias\/2026\/02\/09\/militar-de-21-anos-morre-em-atividade-desportiva-em-estremoz\/#breadcrumb"},"inLanguage":"pt-PT","potentialAction":[{"@type":"ReadAction","target":["https:\/\/portaltela.pt\/noticias\/2026\/02\/09\/militar-de-21-anos-morre-em-atividade-desportiva-em-estremoz\/"]}]},{"@type":"ImageObject","inLanguage":"pt-PT","@id":"https:\/\/portaltela.pt\/noticias\/2026\/02\/09\/militar-de-21-anos-morre-em-atividade-desportiva-em-estremoz\/#primaryimage","url":"https:\/\/portaltela.pt\/s.01k8rhncp4jt1\/2026\/02\/img_1500x1000uu2025-11-05-23-40-28-2246236.jpg","contentUrl":"https:\/\/portaltela.pt\/s.01k8rhncp4jt1\/2026\/02\/img_1500x1000uu2025-11-05-23-40-28-2246236.jpg","width":796,"height":448,"caption":"Militar de 21 anos morre durante atividade desportiva em Estremoz"},{"@type":"BreadcrumbList","@id":"https:\/\/portaltela.pt\/noticias\/2026\/02\/09\/militar-de-21-anos-morre-em-atividade-desportiva-em-estremoz\/#breadcrumb","itemListElement":[{"@type":"ListItem","position":1,"name":"In\u00edcio","item":"https:\/\/portaltela.pt\/"},{"@type":"ListItem","position":2,"name":"Militar de 21 anos morre em atividade desportiva em Estremoz"}]},{"@type":"WebSite","@id":"https:\/\/portaltela.pt\/#website","url":"https:\/\/portaltela.pt\/","name":"Portal Tela Portugal","description":"","potentialAction":[{"@type":"SearchAction","target":{"@type":"EntryPoint","urlTemplate":"https:\/\/portaltela.pt\/?s={search_term_string}"},"query-input":{"@type":"PropertyValueSpecification","valueRequired":true,"valueName":"search_term_string"}}],"inLanguage":"pt-PT"},{"@type":"Person","@id":"https:\/\/portaltela.pt\/#\/schema\/person\/c4278d4a6028830caff9ee44b42d32ed","name":"Telinha","image":{"@type":"ImageObject","inLanguage":"pt-PT","@id":"https:\/\/portaltela.pt\/s.01k8rhncp4jt1\/2025\/11\/talking-bot-125x125.png","url":"https:\/\/portaltela.pt\/s.01k8rhncp4jt1\/2025\/11\/talking-bot-125x125.png","contentUrl":"https:\/\/portaltela.pt\/s.01k8rhncp4jt1\/2025\/11\/talking-bot-125x125.png","caption":"Telinha"},"sameAs":["https:\/\/portaltela.pt\/"],"url":"https:\/\/portaltela.pt\/por\/367410592786\/"}]}},"_links":{"self":[{"href":"https:\/\/portaltela.pt\/api\/wp\/v2\/posts\/206057","targetHints":{"allow":["GET"]}}],"collection":[{"href":"https:\/\/portaltela.pt\/api\/wp\/v2\/posts"}],"about":[{"href":"https:\/\/portaltela.pt\/api\/wp\/v2\/types\/post"}],"author":[{"embeddable":true,"href":"https:\/\/portaltela.pt\/api\/wp\/v2\/users\/2"}],"replies":[{"embeddable":true,"href":"https:\/\/portaltela.pt\/api\/wp\/v2\/comments?post=206057"}],"version-history":[{"count":0,"href":"https:\/\/portaltela.pt\/api\/wp\/v2\/posts\/206057\/revisions"}],"wp:featuredmedia":[{"embeddable":true,"href":"https:\/\/portaltela.pt\/api\/wp\/v2\/media\/206059"}],"wp:attachment":[{"href":"https:\/\/portaltela.pt\/api\/wp\/v2\/media?parent=206057"}],"wp:term":[{"taxonomy":"category","embeddable":true,"href":"https:\/\/portaltela.pt\/api\/wp\/v2\/categories?post=206057"},{"taxonomy":"post_tag","embeddable":true,"href":"https:\/\/portaltela.pt\/api\/wp\/v2\/tags?post=206057"}],"curies":[{"name":"wp","href":"https:\/\/api.w.org\/{rel}","templated":true}]}}