{"id":206039,"date":"2026-02-09T19:03:00","date_gmt":"2026-02-09T22:03:00","guid":{"rendered":"https:\/\/portaltela.pt\/noticias\/2026\/02\/09\/adeptos-do-sporting-queixam-se-de-colunas-que-abafam-canticos\/"},"modified":"2026-02-09T19:03:00","modified_gmt":"2026-02-09T22:03:00","slug":"adeptos-do-sporting-queixam-se-de-colunas-que-abafam-canticos","status":"publish","type":"post","link":"https:\/\/portaltela.pt\/desporto\/futebol\/2026\/02\/09\/adeptos-do-sporting-queixam-se-de-colunas-que-abafam-canticos\/","title":{"rendered":"Adeptos do Sporting queixam-se de colunas que abafam c\u00e2nticos"},"content":{"rendered":"<p>Durante o cl\u00e1ssico entre FC Porto e Sporting no Est\u00e1dio do Drag\u00e3o, adeptos leoninos recorreram \u00e0s redes sociais para reclamar de colunas que emitiram ru\u00eddos com o objetivo de abafar os seus c\u00e2nticos. A situa\u00e7\u00e3o ocorreu durante a segunda metade do encontro.<\/p>\n<p>Os adeptos do Sporting contestaram o recurso a equipamentos sonoros durante a partida, que decorreu no recinto portista. A queixa ganhou for\u00e7a nas plataformas online, com relatos de interrup\u00e7\u00f5es ao ritmo dos c\u00e2nticos dos apoiantes.<\/p>\n<p>Na tarde de segunda-feira, foi reportada a coloca\u00e7\u00e3o de cortinas no teto do setor visitante, no mesmo est\u00e1dio. Segundo o que foi apurado, trata-se de uma interven\u00e7\u00e3o t\u00e9cnica pontual que abrange v\u00e1rios setores e est\u00e1 ligada \u00e0 instala\u00e7\u00e3o sonora.<\/p>\n<h3>Interven\u00e7\u00e3o t\u00e9cnica no Est\u00e1dio do Drag\u00e3o<\/h3>\n<p>A interven\u00e7\u00e3o envolve a instala\u00e7\u00e3o de elementos sonoros que visam gerir o ambiente no recinto. O objetivo da medida, segundo as informa\u00e7\u00f5es recolhidas, \u00e9 ajustar o sistema sonoro do est\u00e1dio, com impacto direto no setor visitante.<\/p>\n<p>N\u00e3o foram emitidas declara\u00e7\u00f5es oficiais sobre o objetivo espec\u00edfico da opera\u00e7\u00e3o nem sobre a sua dura\u00e7\u00e3o. O que se sabe \u00e9 que o epis\u00f3dio gerou diverg\u00eancia entre os adeptos nas redes sociais, sem que haja ainda confirma\u00e7\u00e3o p\u00fablica de responsabiliza\u00e7\u00e3o ou de mudan\u00e7as adicionais.<\/p>\n","protected":false},"excerpt":{"rendered":"<ul>\n<li>Adeptos do Sporting denunciaram nas redes sociais que foram instaladas colunas sonoras para abafar os seus c\u00e2nticos no cl\u00e1ssico frente ao FC Porto.<\/li>\n<li>O jogo decorreu no Est\u00e1dio do Drag\u00e3o, no setor visitante.<\/li>\n<li>Nessa tarde, foram colocadas cortinas no teto do setor visitante, numa interven\u00e7\u00e3o pontual.<\/li>\n<li>De acordo com a informa\u00e7\u00e3o apurada, a interven\u00e7\u00e3o abrange v\u00e1rios setores e est\u00e1 relacionada com a instala\u00e7\u00e3o sonora.<\/li>\n<li>A not\u00edcia foi reportada pelo jornal Record, que descreve a interven\u00e7\u00e3o como t\u00e9cnica e pontual.<\/li>\n<\/ul>\n","protected":false},"author":2,"featured_media":206041,"comment_status":"closed","ping_status":"closed","sticky":false,"template":"","format":"standard","meta":{"footnotes":""},"categories":[21,24],"tags":[2533,152,32,982,2405,1652],"class_list":["post-206039","post","type-post","status-publish","format-standard","has-post-thumbnail","hentry","category-desporto","category-futebol","tag-adeptos","tag-desporto","tag-futebol","tag-porto","tag-som","tag-sporting"],"yoast_head":"<!-- This site is optimized with the Yoast SEO plugin v27.2 - https:\/\/yoast.com\/product\/yoast-seo-wordpress\/ -->\n<title>Adeptos do Sporting queixam-se de colunas que abafam c\u00e2nticos - Portal Tela Portugal<\/title>\n<meta name=\"robots\" content=\"index, follow, max-snippet:-1, max-image-preview:large, max-video-preview:-1\" \/>\n<meta property=\"og:locale\" content=\"pt_PT\" \/>\n<meta property=\"og:type\" content=\"article\" \/>\n<meta property=\"og:title\" content=\"Adeptos do Sporting queixam-se de colunas que abafam c\u00e2nticos - Portal Tela Portugal\" \/>\n<meta property=\"og:description\" content=\"Adeptos do Sporting denunciaram nas redes sociais que foram instaladas colunas sonoras para abafar os seus c\u00e2nticos no cl\u00e1ssico frente ao FC Porto. O jogo decorreu no Est\u00e1dio do Drag\u00e3o, no setor visitante. Nessa tarde, foram colocadas cortinas no teto do setor visitante, numa interven\u00e7\u00e3o pontual. De acordo com a informa\u00e7\u00e3o apurada, a interven\u00e7\u00e3o abrange v\u00e1rios setores e est\u00e1 relacionada com a instala\u00e7\u00e3o sonora. A not\u00edcia foi reportada pelo jornal Record, que descreve a interven\u00e7\u00e3o como t\u00e9cnica e pontual.\" \/>\n<meta property=\"og:url\" content=\"https:\/\/portaltela.pt\/noticias\/2026\/02\/09\/adeptos-do-sporting-queixam-se-de-colunas-que-abafam-canticos\/\" \/>\n<meta property=\"og:site_name\" content=\"Portal Tela Portugal\" \/>\n<meta property=\"article:published_time\" content=\"2026-02-09T22:03:00+00:00\" \/>\n<meta name=\"author\" content=\"Telinha\" \/>\n<meta name=\"twitter:card\" content=\"summary_large_image\" \/>\n<meta name=\"twitter:label1\" content=\"Escrito por\" \/>\n\t<meta name=\"twitter:data1\" content=\"Telinha\" \/>\n\t<meta name=\"twitter:label2\" content=\"Tempo estimado de leitura\" \/>\n\t<meta name=\"twitter:data2\" content=\"1 minuto\" \/>\n<script type=\"application\/ld+json\" class=\"yoast-schema-graph\">{\"@context\":\"https:\/\/schema.org\",\"@graph\":[{\"@type\":\"Article\",\"@id\":\"https:\/\/portaltela.pt\/noticias\/2026\/02\/09\/adeptos-do-sporting-queixam-se-de-colunas-que-abafam-canticos\/#article\",\"isPartOf\":{\"@id\":\"https:\/\/portaltela.pt\/noticias\/2026\/02\/09\/adeptos-do-sporting-queixam-se-de-colunas-que-abafam-canticos\/\"},\"author\":{\"name\":\"Telinha\",\"@id\":\"https:\/\/portaltela.pt\/#\/schema\/person\/c4278d4a6028830caff9ee44b42d32ed\"},\"headline\":\"Adeptos do Sporting queixam-se de colunas que abafam c\u00e2nticos\",\"datePublished\":\"2026-02-09T22:03:00+00:00\",\"mainEntityOfPage\":{\"@id\":\"https:\/\/portaltela.pt\/noticias\/2026\/02\/09\/adeptos-do-sporting-queixam-se-de-colunas-que-abafam-canticos\/\"},\"wordCount\":243,\"image\":{\"@id\":\"https:\/\/portaltela.pt\/noticias\/2026\/02\/09\/adeptos-do-sporting-queixam-se-de-colunas-que-abafam-canticos\/#primaryimage\"},\"thumbnailUrl\":\"https:\/\/portaltela.pt\/s.01k8rhncp4jt1\/2026\/02\/img_1200x721uu2026-02-09-22-02-33-2420648.jpg\",\"keywords\":[\"adeptos\",\"desporto\",\"futebol\",\"Porto\",\"Som\",\"Sporting\"],\"articleSection\":[\"Desporto\",\"Futebol\"],\"inLanguage\":\"pt-PT\"},{\"@type\":\"WebPage\",\"@id\":\"https:\/\/portaltela.pt\/noticias\/2026\/02\/09\/adeptos-do-sporting-queixam-se-de-colunas-que-abafam-canticos\/\",\"url\":\"https:\/\/portaltela.pt\/noticias\/2026\/02\/09\/adeptos-do-sporting-queixam-se-de-colunas-que-abafam-canticos\/\",\"name\":\"Adeptos do Sporting queixam-se de colunas que abafam c\u00e2nticos - Portal Tela Portugal\",\"isPartOf\":{\"@id\":\"https:\/\/portaltela.pt\/#website\"},\"primaryImageOfPage\":{\"@id\":\"https:\/\/portaltela.pt\/noticias\/2026\/02\/09\/adeptos-do-sporting-queixam-se-de-colunas-que-abafam-canticos\/#primaryimage\"},\"image\":{\"@id\":\"https:\/\/portaltela.pt\/noticias\/2026\/02\/09\/adeptos-do-sporting-queixam-se-de-colunas-que-abafam-canticos\/#primaryimage\"},\"thumbnailUrl\":\"https:\/\/portaltela.pt\/s.01k8rhncp4jt1\/2026\/02\/img_1200x721uu2026-02-09-22-02-33-2420648.jpg\",\"datePublished\":\"2026-02-09T22:03:00+00:00\",\"author\":{\"@id\":\"https:\/\/portaltela.pt\/#\/schema\/person\/c4278d4a6028830caff9ee44b42d32ed\"},\"breadcrumb\":{\"@id\":\"https:\/\/portaltela.pt\/noticias\/2026\/02\/09\/adeptos-do-sporting-queixam-se-de-colunas-que-abafam-canticos\/#breadcrumb\"},\"inLanguage\":\"pt-PT\",\"potentialAction\":[{\"@type\":\"ReadAction\",\"target\":[\"https:\/\/portaltela.pt\/noticias\/2026\/02\/09\/adeptos-do-sporting-queixam-se-de-colunas-que-abafam-canticos\/\"]}]},{\"@type\":\"ImageObject\",\"inLanguage\":\"pt-PT\",\"@id\":\"https:\/\/portaltela.pt\/noticias\/2026\/02\/09\/adeptos-do-sporting-queixam-se-de-colunas-que-abafam-canticos\/#primaryimage\",\"url\":\"https:\/\/portaltela.pt\/s.01k8rhncp4jt1\/2026\/02\/img_1200x721uu2026-02-09-22-02-33-2420648.jpg\",\"contentUrl\":\"https:\/\/portaltela.pt\/s.01k8rhncp4jt1\/2026\/02\/img_1200x721uu2026-02-09-22-02-33-2420648.jpg\",\"width\":796,\"height\":448,\"caption\":\"Adeptos do Sporting queixam-se de colunas a fazerem ru\u00eddo para abafar os seus c\u00e2nticos\"},{\"@type\":\"BreadcrumbList\",\"@id\":\"https:\/\/portaltela.pt\/noticias\/2026\/02\/09\/adeptos-do-sporting-queixam-se-de-colunas-que-abafam-canticos\/#breadcrumb\",\"itemListElement\":[{\"@type\":\"ListItem\",\"position\":1,\"name\":\"In\u00edcio\",\"item\":\"https:\/\/portaltela.pt\/\"},{\"@type\":\"ListItem\",\"position\":2,\"name\":\"Adeptos do Sporting queixam-se de colunas que abafam c\u00e2nticos\"}]},{\"@type\":\"WebSite\",\"@id\":\"https:\/\/portaltela.pt\/#website\",\"url\":\"https:\/\/portaltela.pt\/\",\"name\":\"Portal Tela Portugal\",\"description\":\"\",\"potentialAction\":[{\"@type\":\"SearchAction\",\"target\":{\"@type\":\"EntryPoint\",\"urlTemplate\":\"https:\/\/portaltela.pt\/?s={search_term_string}\"},\"query-input\":{\"@type\":\"PropertyValueSpecification\",\"valueRequired\":true,\"valueName\":\"search_term_string\"}}],\"inLanguage\":\"pt-PT\"},{\"@type\":\"Person\",\"@id\":\"https:\/\/portaltela.pt\/#\/schema\/person\/c4278d4a6028830caff9ee44b42d32ed\",\"name\":\"Telinha\",\"image\":{\"@type\":\"ImageObject\",\"inLanguage\":\"pt-PT\",\"@id\":\"https:\/\/portaltela.pt\/s.01k8rhncp4jt1\/2025\/11\/talking-bot-125x125.png\",\"url\":\"https:\/\/portaltela.pt\/s.01k8rhncp4jt1\/2025\/11\/talking-bot-125x125.png\",\"contentUrl\":\"https:\/\/portaltela.pt\/s.01k8rhncp4jt1\/2025\/11\/talking-bot-125x125.png\",\"caption\":\"Telinha\"},\"sameAs\":[\"https:\/\/portaltela.pt\/\"],\"url\":\"https:\/\/portaltela.pt\/por\/367410592786\/\"}]}<\/script>\n<!-- \/ Yoast SEO plugin. -->","yoast_head_json":{"title":"Adeptos do Sporting queixam-se de colunas que abafam c\u00e2nticos - Portal Tela Portugal","robots":{"index":"index","follow":"follow","max-snippet":"max-snippet:-1","max-image-preview":"max-image-preview:large","max-video-preview":"max-video-preview:-1"},"og_locale":"pt_PT","og_type":"article","og_title":"Adeptos do Sporting queixam-se de colunas que abafam c\u00e2nticos - Portal Tela Portugal","og_description":"Adeptos do Sporting denunciaram nas redes sociais que foram instaladas colunas sonoras para abafar os seus c\u00e2nticos no cl\u00e1ssico frente ao FC Porto. O jogo decorreu no Est\u00e1dio do Drag\u00e3o, no setor visitante. Nessa tarde, foram colocadas cortinas no teto do setor visitante, numa interven\u00e7\u00e3o pontual. De acordo com a informa\u00e7\u00e3o apurada, a interven\u00e7\u00e3o abrange v\u00e1rios setores e est\u00e1 relacionada com a instala\u00e7\u00e3o sonora. A not\u00edcia foi reportada pelo jornal Record, que descreve a interven\u00e7\u00e3o como t\u00e9cnica e pontual.","og_url":"https:\/\/portaltela.pt\/noticias\/2026\/02\/09\/adeptos-do-sporting-queixam-se-de-colunas-que-abafam-canticos\/","og_site_name":"Portal Tela Portugal","article_published_time":"2026-02-09T22:03:00+00:00","author":"Telinha","twitter_card":"summary_large_image","twitter_misc":{"Escrito por":"Telinha","Tempo estimado de leitura":"1 minuto"},"schema":{"@context":"https:\/\/schema.org","@graph":[{"@type":"Article","@id":"https:\/\/portaltela.pt\/noticias\/2026\/02\/09\/adeptos-do-sporting-queixam-se-de-colunas-que-abafam-canticos\/#article","isPartOf":{"@id":"https:\/\/portaltela.pt\/noticias\/2026\/02\/09\/adeptos-do-sporting-queixam-se-de-colunas-que-abafam-canticos\/"},"author":{"name":"Telinha","@id":"https:\/\/portaltela.pt\/#\/schema\/person\/c4278d4a6028830caff9ee44b42d32ed"},"headline":"Adeptos do Sporting queixam-se de colunas que abafam c\u00e2nticos","datePublished":"2026-02-09T22:03:00+00:00","mainEntityOfPage":{"@id":"https:\/\/portaltela.pt\/noticias\/2026\/02\/09\/adeptos-do-sporting-queixam-se-de-colunas-que-abafam-canticos\/"},"wordCount":243,"image":{"@id":"https:\/\/portaltela.pt\/noticias\/2026\/02\/09\/adeptos-do-sporting-queixam-se-de-colunas-que-abafam-canticos\/#primaryimage"},"thumbnailUrl":"https:\/\/portaltela.pt\/s.01k8rhncp4jt1\/2026\/02\/img_1200x721uu2026-02-09-22-02-33-2420648.jpg","keywords":["adeptos","desporto","futebol","Porto","Som","Sporting"],"articleSection":["Desporto","Futebol"],"inLanguage":"pt-PT"},{"@type":"WebPage","@id":"https:\/\/portaltela.pt\/noticias\/2026\/02\/09\/adeptos-do-sporting-queixam-se-de-colunas-que-abafam-canticos\/","url":"https:\/\/portaltela.pt\/noticias\/2026\/02\/09\/adeptos-do-sporting-queixam-se-de-colunas-que-abafam-canticos\/","name":"Adeptos do Sporting queixam-se de colunas que abafam c\u00e2nticos - Portal Tela Portugal","isPartOf":{"@id":"https:\/\/portaltela.pt\/#website"},"primaryImageOfPage":{"@id":"https:\/\/portaltela.pt\/noticias\/2026\/02\/09\/adeptos-do-sporting-queixam-se-de-colunas-que-abafam-canticos\/#primaryimage"},"image":{"@id":"https:\/\/portaltela.pt\/noticias\/2026\/02\/09\/adeptos-do-sporting-queixam-se-de-colunas-que-abafam-canticos\/#primaryimage"},"thumbnailUrl":"https:\/\/portaltela.pt\/s.01k8rhncp4jt1\/2026\/02\/img_1200x721uu2026-02-09-22-02-33-2420648.jpg","datePublished":"2026-02-09T22:03:00+00:00","author":{"@id":"https:\/\/portaltela.pt\/#\/schema\/person\/c4278d4a6028830caff9ee44b42d32ed"},"breadcrumb":{"@id":"https:\/\/portaltela.pt\/noticias\/2026\/02\/09\/adeptos-do-sporting-queixam-se-de-colunas-que-abafam-canticos\/#breadcrumb"},"inLanguage":"pt-PT","potentialAction":[{"@type":"ReadAction","target":["https:\/\/portaltela.pt\/noticias\/2026\/02\/09\/adeptos-do-sporting-queixam-se-de-colunas-que-abafam-canticos\/"]}]},{"@type":"ImageObject","inLanguage":"pt-PT","@id":"https:\/\/portaltela.pt\/noticias\/2026\/02\/09\/adeptos-do-sporting-queixam-se-de-colunas-que-abafam-canticos\/#primaryimage","url":"https:\/\/portaltela.pt\/s.01k8rhncp4jt1\/2026\/02\/img_1200x721uu2026-02-09-22-02-33-2420648.jpg","contentUrl":"https:\/\/portaltela.pt\/s.01k8rhncp4jt1\/2026\/02\/img_1200x721uu2026-02-09-22-02-33-2420648.jpg","width":796,"height":448,"caption":"Adeptos do Sporting queixam-se de colunas a fazerem ru\u00eddo para abafar os seus c\u00e2nticos"},{"@type":"BreadcrumbList","@id":"https:\/\/portaltela.pt\/noticias\/2026\/02\/09\/adeptos-do-sporting-queixam-se-de-colunas-que-abafam-canticos\/#breadcrumb","itemListElement":[{"@type":"ListItem","position":1,"name":"In\u00edcio","item":"https:\/\/portaltela.pt\/"},{"@type":"ListItem","position":2,"name":"Adeptos do Sporting queixam-se de colunas que abafam c\u00e2nticos"}]},{"@type":"WebSite","@id":"https:\/\/portaltela.pt\/#website","url":"https:\/\/portaltela.pt\/","name":"Portal Tela Portugal","description":"","potentialAction":[{"@type":"SearchAction","target":{"@type":"EntryPoint","urlTemplate":"https:\/\/portaltela.pt\/?s={search_term_string}"},"query-input":{"@type":"PropertyValueSpecification","valueRequired":true,"valueName":"search_term_string"}}],"inLanguage":"pt-PT"},{"@type":"Person","@id":"https:\/\/portaltela.pt\/#\/schema\/person\/c4278d4a6028830caff9ee44b42d32ed","name":"Telinha","image":{"@type":"ImageObject","inLanguage":"pt-PT","@id":"https:\/\/portaltela.pt\/s.01k8rhncp4jt1\/2025\/11\/talking-bot-125x125.png","url":"https:\/\/portaltela.pt\/s.01k8rhncp4jt1\/2025\/11\/talking-bot-125x125.png","contentUrl":"https:\/\/portaltela.pt\/s.01k8rhncp4jt1\/2025\/11\/talking-bot-125x125.png","caption":"Telinha"},"sameAs":["https:\/\/portaltela.pt\/"],"url":"https:\/\/portaltela.pt\/por\/367410592786\/"}]}},"_links":{"self":[{"href":"https:\/\/portaltela.pt\/api\/wp\/v2\/posts\/206039","targetHints":{"allow":["GET"]}}],"collection":[{"href":"https:\/\/portaltela.pt\/api\/wp\/v2\/posts"}],"about":[{"href":"https:\/\/portaltela.pt\/api\/wp\/v2\/types\/post"}],"author":[{"embeddable":true,"href":"https:\/\/portaltela.pt\/api\/wp\/v2\/users\/2"}],"replies":[{"embeddable":true,"href":"https:\/\/portaltela.pt\/api\/wp\/v2\/comments?post=206039"}],"version-history":[{"count":0,"href":"https:\/\/portaltela.pt\/api\/wp\/v2\/posts\/206039\/revisions"}],"wp:featuredmedia":[{"embeddable":true,"href":"https:\/\/portaltela.pt\/api\/wp\/v2\/media\/206041"}],"wp:attachment":[{"href":"https:\/\/portaltela.pt\/api\/wp\/v2\/media?parent=206039"}],"wp:term":[{"taxonomy":"category","embeddable":true,"href":"https:\/\/portaltela.pt\/api\/wp\/v2\/categories?post=206039"},{"taxonomy":"post_tag","embeddable":true,"href":"https:\/\/portaltela.pt\/api\/wp\/v2\/tags?post=206039"}],"curies":[{"name":"wp","href":"https:\/\/api.w.org\/{rel}","templated":true}]}}