{"id":206033,"date":"2026-02-09T18:46:02","date_gmt":"2026-02-09T21:46:02","guid":{"rendered":"https:\/\/portaltela.pt\/noticias\/2026\/02\/09\/supremo-confirma-20-anos-de-prisao-por-homicidio-com-tres-tiros-em-braga\/"},"modified":"2026-02-09T18:46:02","modified_gmt":"2026-02-09T21:46:02","slug":"supremo-confirma-20-anos-de-prisao-por-homicidio-com-tres-tiros-em-braga","status":"publish","type":"post","link":"https:\/\/portaltela.pt\/noticias\/2026\/02\/09\/supremo-confirma-20-anos-de-prisao-por-homicidio-com-tres-tiros-em-braga\/","title":{"rendered":"Supremo confirma 20 anos de pris\u00e3o por homic\u00eddio com tr\u00eas tiros em Braga"},"content":{"rendered":"<p>O Supremo Tribunal de Justi\u00e7a (STJ) manteve a condena\u00e7\u00e3o de 20 anos de pris\u00e3o de um homem que matou a mulher com tr\u00eas tiros em Pedralva, Braga, em agosto de 2019. O processo n\u00e3o aceitou a tese de inexist\u00eancia de inten\u00e7\u00e3o de matar, apesar de o arguido apresentar relat\u00f3rios m\u00e9dicos de les\u00f5es cervicais.<\/p>\n<p>Segundo o STJ, os relat\u00f3rios apresentados s\u00e3o posteriores ao homic\u00eddio e n\u00e3o alteram os factos provados. O tribunal explicou que a condi\u00e7\u00e3o neurol\u00f3gica atual do arguido n\u00e3o afecta a decis\u00e3o j\u00e1 tomada no processo.<\/p>\n<p>O arguido, ca\u00e7ador de longa data, conhecia bem o manuseamento de armas e sabia que tr\u00eas disparos a curta dist\u00e2ncia podem causar a morte. A defesa alegou que a les\u00e3o na medula cervical dificultava o controlo da arma, o que o STJ rejeitou.<\/p>\n<p>Os factos ocorreram a 23 de agosto, por volta das 21h00, na resid\u00eancia do casal em Pedralva. O arguido disparou tr\u00eas vezes contra a v\u00edtima, atingindo-a no ombro, bra\u00e7o e garganta, provocando a morte.<\/p>\n<p>Testemunhas indicaram no julgamento epis\u00f3dios de viol\u00eancia f\u00edsica e verbal ao longo de mais de 15 anos. Ap\u00f3s o crime, o homem entregou-se \u00e0s autoridades, dirigindo-se \u00e0 GNR.<\/p>\n<p>A decis\u00e3o final mant\u00e9m a pena de 20 anos de pris\u00e3o por homic\u00eddio qualificado agravado, sem altera\u00e7\u00f5es na pena proposta no ac\u00f3rd\u00e3o. A defesa pode recorrer dentro dos prazos legais.<\/p>\n","protected":false},"excerpt":{"rendered":"<ul>\n<li>O Supremo Tribunal de Justi\u00e7a confirmou a condena\u00e7\u00e3o a 20 anos de pris\u00e3o de um homem que, em agosto de 2019, matou a mulher com tr\u00eas disparos na casa do casal em Pedralva, Braga.<\/li>\n<li>A defesa argumentou que a les\u00e3o cervical sofrida pelo arguido poderia atenuar a culpa, mas o STJ rejeitou a tese, considerando irrelevante para a revis\u00e3o da decis\u00e3o.<\/li>\n<li>Os relat\u00f3rios m\u00e9dicos indicam tetraplegia, mas o STJ note que essas informa\u00e7\u00f5es s\u00e3o posteriores ao crime e n\u00e3o abalam os factos provados.<\/li>\n<li>O tribunal lembra que o arguido \u00e9 ca\u00e7ador desde os 20 anos e tem conhecimento do manuseamento de armas, afirmando que disparou a curta dist\u00e2ncia com potencial para causar a morte.<\/li>\n<li>Os factos ocorreram a 23 de agosto, por volta das 21h00, ap\u00f3s uma discuss\u00e3o; o arguido disparou tr\u00eas vezes na dire\u00e7\u00e3o da mulher, tendo- a atingido no ombro, bra\u00e7o e garganta; ap\u00f3s o crime entregou-se na GNR. Um filho do casal relatou epis\u00f3dios de viol\u00eancia ao longo de mais de 15 anos.<\/li>\n<\/ul>\n","protected":false},"author":2,"featured_media":206034,"comment_status":"closed","ping_status":"closed","sticky":false,"template":"","format":"standard","meta":{"footnotes":""},"categories":[1],"tags":[1207,147,1345,5197,52,939],"class_list":["post-206033","post","type-post","status-publish","format-standard","has-post-thumbnail","hentry","category-noticias","tag-braga","tag-crime","tag-homicidio","tag-homicidio-agravado","tag-tribunal","tag-violencia"],"yoast_head":"<!-- This site is optimized with the Yoast SEO plugin v27.2 - https:\/\/yoast.com\/product\/yoast-seo-wordpress\/ -->\n<title>Supremo confirma 20 anos de pris\u00e3o por homic\u00eddio com tr\u00eas tiros em Braga - Portal Tela Portugal<\/title>\n<meta name=\"robots\" content=\"index, follow, max-snippet:-1, max-image-preview:large, max-video-preview:-1\" \/>\n<meta property=\"og:locale\" content=\"pt_PT\" \/>\n<meta property=\"og:type\" content=\"article\" \/>\n<meta property=\"og:title\" content=\"Supremo confirma 20 anos de pris\u00e3o por homic\u00eddio com tr\u00eas tiros em Braga - Portal Tela Portugal\" \/>\n<meta property=\"og:description\" content=\"O Supremo Tribunal de Justi\u00e7a confirmou a condena\u00e7\u00e3o a 20 anos de pris\u00e3o de um homem que, em agosto de 2019, matou a mulher com tr\u00eas disparos na casa do casal em Pedralva, Braga. A defesa argumentou que a les\u00e3o cervical sofrida pelo arguido poderia atenuar a culpa, mas o STJ rejeitou a tese, considerando irrelevante para a revis\u00e3o da decis\u00e3o. Os relat\u00f3rios m\u00e9dicos indicam tetraplegia, mas o STJ note que essas informa\u00e7\u00f5es s\u00e3o posteriores ao crime e n\u00e3o abalam os factos provados. O tribunal lembra que o arguido \u00e9 ca\u00e7ador desde os 20 anos e tem conhecimento do manuseamento de armas, afirmando que disparou a curta dist\u00e2ncia com potencial para causar a morte. Os factos ocorreram a 23 de agosto, por volta das 21h00, ap\u00f3s uma discuss\u00e3o; o arguido disparou tr\u00eas vezes na dire\u00e7\u00e3o da mulher, tendo- a atingido no ombro, bra\u00e7o e garganta; ap\u00f3s o crime entregou-se na GNR. Um filho do casal relatou epis\u00f3dios de viol\u00eancia ao longo de mais de 15 anos.\" \/>\n<meta property=\"og:url\" content=\"https:\/\/portaltela.pt\/noticias\/2026\/02\/09\/supremo-confirma-20-anos-de-prisao-por-homicidio-com-tres-tiros-em-braga\/\" \/>\n<meta property=\"og:site_name\" content=\"Portal Tela Portugal\" \/>\n<meta property=\"article:published_time\" content=\"2026-02-09T21:46:02+00:00\" \/>\n<meta name=\"author\" content=\"Telinha\" \/>\n<meta name=\"twitter:card\" content=\"summary_large_image\" \/>\n<meta name=\"twitter:label1\" content=\"Escrito por\" \/>\n\t<meta name=\"twitter:data1\" content=\"Telinha\" \/>\n\t<meta name=\"twitter:label2\" content=\"Tempo estimado de leitura\" \/>\n\t<meta name=\"twitter:data2\" content=\"1 minuto\" \/>\n<script type=\"application\/ld+json\" class=\"yoast-schema-graph\">{\"@context\":\"https:\/\/schema.org\",\"@graph\":[{\"@type\":\"Article\",\"@id\":\"https:\/\/portaltela.pt\/noticias\/2026\/02\/09\/supremo-confirma-20-anos-de-prisao-por-homicidio-com-tres-tiros-em-braga\/#article\",\"isPartOf\":{\"@id\":\"https:\/\/portaltela.pt\/noticias\/2026\/02\/09\/supremo-confirma-20-anos-de-prisao-por-homicidio-com-tres-tiros-em-braga\/\"},\"author\":{\"name\":\"Telinha\",\"@id\":\"https:\/\/portaltela.pt\/#\/schema\/person\/c4278d4a6028830caff9ee44b42d32ed\"},\"headline\":\"Supremo confirma 20 anos de pris\u00e3o por homic\u00eddio com tr\u00eas tiros em Braga\",\"datePublished\":\"2026-02-09T21:46:02+00:00\",\"mainEntityOfPage\":{\"@id\":\"https:\/\/portaltela.pt\/noticias\/2026\/02\/09\/supremo-confirma-20-anos-de-prisao-por-homicidio-com-tres-tiros-em-braga\/\"},\"wordCount\":268,\"image\":{\"@id\":\"https:\/\/portaltela.pt\/noticias\/2026\/02\/09\/supremo-confirma-20-anos-de-prisao-por-homicidio-com-tres-tiros-em-braga\/#primaryimage\"},\"thumbnailUrl\":\"https:\/\/portaltela.pt\/s.01k8rhncp4jt1\/2026\/02\/img_1500x1000uu2020-07-15-19-59-39-958155.jpg\",\"keywords\":[\"Braga\",\"crime\",\"homic\u00eddio\",\"homic\u00eddio agravado\",\"tribunal\",\"viol\u00eancia\"],\"articleSection\":[\"Not\u00edcias\"],\"inLanguage\":\"pt-PT\"},{\"@type\":\"WebPage\",\"@id\":\"https:\/\/portaltela.pt\/noticias\/2026\/02\/09\/supremo-confirma-20-anos-de-prisao-por-homicidio-com-tres-tiros-em-braga\/\",\"url\":\"https:\/\/portaltela.pt\/noticias\/2026\/02\/09\/supremo-confirma-20-anos-de-prisao-por-homicidio-com-tres-tiros-em-braga\/\",\"name\":\"Supremo confirma 20 anos de pris\u00e3o por homic\u00eddio com tr\u00eas tiros em Braga - Portal Tela Portugal\",\"isPartOf\":{\"@id\":\"https:\/\/portaltela.pt\/#website\"},\"primaryImageOfPage\":{\"@id\":\"https:\/\/portaltela.pt\/noticias\/2026\/02\/09\/supremo-confirma-20-anos-de-prisao-por-homicidio-com-tres-tiros-em-braga\/#primaryimage\"},\"image\":{\"@id\":\"https:\/\/portaltela.pt\/noticias\/2026\/02\/09\/supremo-confirma-20-anos-de-prisao-por-homicidio-com-tres-tiros-em-braga\/#primaryimage\"},\"thumbnailUrl\":\"https:\/\/portaltela.pt\/s.01k8rhncp4jt1\/2026\/02\/img_1500x1000uu2020-07-15-19-59-39-958155.jpg\",\"datePublished\":\"2026-02-09T21:46:02+00:00\",\"author\":{\"@id\":\"https:\/\/portaltela.pt\/#\/schema\/person\/c4278d4a6028830caff9ee44b42d32ed\"},\"breadcrumb\":{\"@id\":\"https:\/\/portaltela.pt\/noticias\/2026\/02\/09\/supremo-confirma-20-anos-de-prisao-por-homicidio-com-tres-tiros-em-braga\/#breadcrumb\"},\"inLanguage\":\"pt-PT\",\"potentialAction\":[{\"@type\":\"ReadAction\",\"target\":[\"https:\/\/portaltela.pt\/noticias\/2026\/02\/09\/supremo-confirma-20-anos-de-prisao-por-homicidio-com-tres-tiros-em-braga\/\"]}]},{\"@type\":\"ImageObject\",\"inLanguage\":\"pt-PT\",\"@id\":\"https:\/\/portaltela.pt\/noticias\/2026\/02\/09\/supremo-confirma-20-anos-de-prisao-por-homicidio-com-tres-tiros-em-braga\/#primaryimage\",\"url\":\"https:\/\/portaltela.pt\/s.01k8rhncp4jt1\/2026\/02\/img_1500x1000uu2020-07-15-19-59-39-958155.jpg\",\"contentUrl\":\"https:\/\/portaltela.pt\/s.01k8rhncp4jt1\/2026\/02\/img_1500x1000uu2020-07-15-19-59-39-958155.jpg\",\"width\":796,\"height\":448,\"caption\":\"Manuel Lopes, de 65 anos, assassinou Maria Clara Magalh\u00e3es na v\u00e9spera do anivers\u00e1rio da v\u00edtima, em agosto de 2019\"},{\"@type\":\"BreadcrumbList\",\"@id\":\"https:\/\/portaltela.pt\/noticias\/2026\/02\/09\/supremo-confirma-20-anos-de-prisao-por-homicidio-com-tres-tiros-em-braga\/#breadcrumb\",\"itemListElement\":[{\"@type\":\"ListItem\",\"position\":1,\"name\":\"In\u00edcio\",\"item\":\"https:\/\/portaltela.pt\/\"},{\"@type\":\"ListItem\",\"position\":2,\"name\":\"Supremo confirma 20 anos de pris\u00e3o por homic\u00eddio com tr\u00eas tiros em Braga\"}]},{\"@type\":\"WebSite\",\"@id\":\"https:\/\/portaltela.pt\/#website\",\"url\":\"https:\/\/portaltela.pt\/\",\"name\":\"Portal Tela Portugal\",\"description\":\"\",\"potentialAction\":[{\"@type\":\"SearchAction\",\"target\":{\"@type\":\"EntryPoint\",\"urlTemplate\":\"https:\/\/portaltela.pt\/?s={search_term_string}\"},\"query-input\":{\"@type\":\"PropertyValueSpecification\",\"valueRequired\":true,\"valueName\":\"search_term_string\"}}],\"inLanguage\":\"pt-PT\"},{\"@type\":\"Person\",\"@id\":\"https:\/\/portaltela.pt\/#\/schema\/person\/c4278d4a6028830caff9ee44b42d32ed\",\"name\":\"Telinha\",\"image\":{\"@type\":\"ImageObject\",\"inLanguage\":\"pt-PT\",\"@id\":\"https:\/\/portaltela.pt\/s.01k8rhncp4jt1\/2025\/11\/talking-bot-125x125.png\",\"url\":\"https:\/\/portaltela.pt\/s.01k8rhncp4jt1\/2025\/11\/talking-bot-125x125.png\",\"contentUrl\":\"https:\/\/portaltela.pt\/s.01k8rhncp4jt1\/2025\/11\/talking-bot-125x125.png\",\"caption\":\"Telinha\"},\"sameAs\":[\"https:\/\/portaltela.pt\/\"],\"url\":\"https:\/\/portaltela.pt\/por\/367410592786\/\"}]}<\/script>\n<!-- \/ Yoast SEO plugin. -->","yoast_head_json":{"title":"Supremo confirma 20 anos de pris\u00e3o por homic\u00eddio com tr\u00eas tiros em Braga - Portal Tela Portugal","robots":{"index":"index","follow":"follow","max-snippet":"max-snippet:-1","max-image-preview":"max-image-preview:large","max-video-preview":"max-video-preview:-1"},"og_locale":"pt_PT","og_type":"article","og_title":"Supremo confirma 20 anos de pris\u00e3o por homic\u00eddio com tr\u00eas tiros em Braga - Portal Tela Portugal","og_description":"O Supremo Tribunal de Justi\u00e7a confirmou a condena\u00e7\u00e3o a 20 anos de pris\u00e3o de um homem que, em agosto de 2019, matou a mulher com tr\u00eas disparos na casa do casal em Pedralva, Braga. A defesa argumentou que a les\u00e3o cervical sofrida pelo arguido poderia atenuar a culpa, mas o STJ rejeitou a tese, considerando irrelevante para a revis\u00e3o da decis\u00e3o. Os relat\u00f3rios m\u00e9dicos indicam tetraplegia, mas o STJ note que essas informa\u00e7\u00f5es s\u00e3o posteriores ao crime e n\u00e3o abalam os factos provados. O tribunal lembra que o arguido \u00e9 ca\u00e7ador desde os 20 anos e tem conhecimento do manuseamento de armas, afirmando que disparou a curta dist\u00e2ncia com potencial para causar a morte. Os factos ocorreram a 23 de agosto, por volta das 21h00, ap\u00f3s uma discuss\u00e3o; o arguido disparou tr\u00eas vezes na dire\u00e7\u00e3o da mulher, tendo- a atingido no ombro, bra\u00e7o e garganta; ap\u00f3s o crime entregou-se na GNR. Um filho do casal relatou epis\u00f3dios de viol\u00eancia ao longo de mais de 15 anos.","og_url":"https:\/\/portaltela.pt\/noticias\/2026\/02\/09\/supremo-confirma-20-anos-de-prisao-por-homicidio-com-tres-tiros-em-braga\/","og_site_name":"Portal Tela Portugal","article_published_time":"2026-02-09T21:46:02+00:00","author":"Telinha","twitter_card":"summary_large_image","twitter_misc":{"Escrito por":"Telinha","Tempo estimado de leitura":"1 minuto"},"schema":{"@context":"https:\/\/schema.org","@graph":[{"@type":"Article","@id":"https:\/\/portaltela.pt\/noticias\/2026\/02\/09\/supremo-confirma-20-anos-de-prisao-por-homicidio-com-tres-tiros-em-braga\/#article","isPartOf":{"@id":"https:\/\/portaltela.pt\/noticias\/2026\/02\/09\/supremo-confirma-20-anos-de-prisao-por-homicidio-com-tres-tiros-em-braga\/"},"author":{"name":"Telinha","@id":"https:\/\/portaltela.pt\/#\/schema\/person\/c4278d4a6028830caff9ee44b42d32ed"},"headline":"Supremo confirma 20 anos de pris\u00e3o por homic\u00eddio com tr\u00eas tiros em Braga","datePublished":"2026-02-09T21:46:02+00:00","mainEntityOfPage":{"@id":"https:\/\/portaltela.pt\/noticias\/2026\/02\/09\/supremo-confirma-20-anos-de-prisao-por-homicidio-com-tres-tiros-em-braga\/"},"wordCount":268,"image":{"@id":"https:\/\/portaltela.pt\/noticias\/2026\/02\/09\/supremo-confirma-20-anos-de-prisao-por-homicidio-com-tres-tiros-em-braga\/#primaryimage"},"thumbnailUrl":"https:\/\/portaltela.pt\/s.01k8rhncp4jt1\/2026\/02\/img_1500x1000uu2020-07-15-19-59-39-958155.jpg","keywords":["Braga","crime","homic\u00eddio","homic\u00eddio agravado","tribunal","viol\u00eancia"],"articleSection":["Not\u00edcias"],"inLanguage":"pt-PT"},{"@type":"WebPage","@id":"https:\/\/portaltela.pt\/noticias\/2026\/02\/09\/supremo-confirma-20-anos-de-prisao-por-homicidio-com-tres-tiros-em-braga\/","url":"https:\/\/portaltela.pt\/noticias\/2026\/02\/09\/supremo-confirma-20-anos-de-prisao-por-homicidio-com-tres-tiros-em-braga\/","name":"Supremo confirma 20 anos de pris\u00e3o por homic\u00eddio com tr\u00eas tiros em Braga - Portal Tela Portugal","isPartOf":{"@id":"https:\/\/portaltela.pt\/#website"},"primaryImageOfPage":{"@id":"https:\/\/portaltela.pt\/noticias\/2026\/02\/09\/supremo-confirma-20-anos-de-prisao-por-homicidio-com-tres-tiros-em-braga\/#primaryimage"},"image":{"@id":"https:\/\/portaltela.pt\/noticias\/2026\/02\/09\/supremo-confirma-20-anos-de-prisao-por-homicidio-com-tres-tiros-em-braga\/#primaryimage"},"thumbnailUrl":"https:\/\/portaltela.pt\/s.01k8rhncp4jt1\/2026\/02\/img_1500x1000uu2020-07-15-19-59-39-958155.jpg","datePublished":"2026-02-09T21:46:02+00:00","author":{"@id":"https:\/\/portaltela.pt\/#\/schema\/person\/c4278d4a6028830caff9ee44b42d32ed"},"breadcrumb":{"@id":"https:\/\/portaltela.pt\/noticias\/2026\/02\/09\/supremo-confirma-20-anos-de-prisao-por-homicidio-com-tres-tiros-em-braga\/#breadcrumb"},"inLanguage":"pt-PT","potentialAction":[{"@type":"ReadAction","target":["https:\/\/portaltela.pt\/noticias\/2026\/02\/09\/supremo-confirma-20-anos-de-prisao-por-homicidio-com-tres-tiros-em-braga\/"]}]},{"@type":"ImageObject","inLanguage":"pt-PT","@id":"https:\/\/portaltela.pt\/noticias\/2026\/02\/09\/supremo-confirma-20-anos-de-prisao-por-homicidio-com-tres-tiros-em-braga\/#primaryimage","url":"https:\/\/portaltela.pt\/s.01k8rhncp4jt1\/2026\/02\/img_1500x1000uu2020-07-15-19-59-39-958155.jpg","contentUrl":"https:\/\/portaltela.pt\/s.01k8rhncp4jt1\/2026\/02\/img_1500x1000uu2020-07-15-19-59-39-958155.jpg","width":796,"height":448,"caption":"Manuel Lopes, de 65 anos, assassinou Maria Clara Magalh\u00e3es na v\u00e9spera do anivers\u00e1rio da v\u00edtima, em agosto de 2019"},{"@type":"BreadcrumbList","@id":"https:\/\/portaltela.pt\/noticias\/2026\/02\/09\/supremo-confirma-20-anos-de-prisao-por-homicidio-com-tres-tiros-em-braga\/#breadcrumb","itemListElement":[{"@type":"ListItem","position":1,"name":"In\u00edcio","item":"https:\/\/portaltela.pt\/"},{"@type":"ListItem","position":2,"name":"Supremo confirma 20 anos de pris\u00e3o por homic\u00eddio com tr\u00eas tiros em Braga"}]},{"@type":"WebSite","@id":"https:\/\/portaltela.pt\/#website","url":"https:\/\/portaltela.pt\/","name":"Portal Tela Portugal","description":"","potentialAction":[{"@type":"SearchAction","target":{"@type":"EntryPoint","urlTemplate":"https:\/\/portaltela.pt\/?s={search_term_string}"},"query-input":{"@type":"PropertyValueSpecification","valueRequired":true,"valueName":"search_term_string"}}],"inLanguage":"pt-PT"},{"@type":"Person","@id":"https:\/\/portaltela.pt\/#\/schema\/person\/c4278d4a6028830caff9ee44b42d32ed","name":"Telinha","image":{"@type":"ImageObject","inLanguage":"pt-PT","@id":"https:\/\/portaltela.pt\/s.01k8rhncp4jt1\/2025\/11\/talking-bot-125x125.png","url":"https:\/\/portaltela.pt\/s.01k8rhncp4jt1\/2025\/11\/talking-bot-125x125.png","contentUrl":"https:\/\/portaltela.pt\/s.01k8rhncp4jt1\/2025\/11\/talking-bot-125x125.png","caption":"Telinha"},"sameAs":["https:\/\/portaltela.pt\/"],"url":"https:\/\/portaltela.pt\/por\/367410592786\/"}]}},"_links":{"self":[{"href":"https:\/\/portaltela.pt\/api\/wp\/v2\/posts\/206033","targetHints":{"allow":["GET"]}}],"collection":[{"href":"https:\/\/portaltela.pt\/api\/wp\/v2\/posts"}],"about":[{"href":"https:\/\/portaltela.pt\/api\/wp\/v2\/types\/post"}],"author":[{"embeddable":true,"href":"https:\/\/portaltela.pt\/api\/wp\/v2\/users\/2"}],"replies":[{"embeddable":true,"href":"https:\/\/portaltela.pt\/api\/wp\/v2\/comments?post=206033"}],"version-history":[{"count":0,"href":"https:\/\/portaltela.pt\/api\/wp\/v2\/posts\/206033\/revisions"}],"wp:featuredmedia":[{"embeddable":true,"href":"https:\/\/portaltela.pt\/api\/wp\/v2\/media\/206034"}],"wp:attachment":[{"href":"https:\/\/portaltela.pt\/api\/wp\/v2\/media?parent=206033"}],"wp:term":[{"taxonomy":"category","embeddable":true,"href":"https:\/\/portaltela.pt\/api\/wp\/v2\/categories?post=206033"},{"taxonomy":"post_tag","embeddable":true,"href":"https:\/\/portaltela.pt\/api\/wp\/v2\/tags?post=206033"}],"curies":[{"name":"wp","href":"https:\/\/api.w.org\/{rel}","templated":true}]}}