{"id":206018,"date":"2026-02-09T18:23:54","date_gmt":"2026-02-09T21:23:54","guid":{"rendered":"https:\/\/portaltela.pt\/noticias\/2026\/02\/09\/goncalo-marques-lidera-a-qualificacao-do-open-internacional-de-tenis-de-vrsa\/"},"modified":"2026-02-09T18:23:54","modified_gmt":"2026-02-09T21:23:54","slug":"goncalo-marques-lidera-a-qualificacao-do-open-internacional-de-tenis-de-vrsa","status":"publish","type":"post","link":"https:\/\/portaltela.pt\/desporto\/2026\/02\/09\/goncalo-marques-lidera-a-qualificacao-do-open-internacional-de-tenis-de-vrsa\/","title":{"rendered":"Gon\u00e7alo Marques lidera a qualifica\u00e7\u00e3o do Open Internacional de T\u00e9nis de VRSA"},"content":{"rendered":"<p>Nestes Open Internacionais de T\u00e9nis de Vila Real de Santo Ant\u00f3nio, o sorteio do quadro principal ficou marcado por uma forte presen\u00e7a portuguesa, com dois candidatos a vencer hoje nas primeiras rondas de qualifica\u00e7\u00e3o. A chuva atrasou parte da jornada, mantendo o quadro principal ainda sem in\u00edcio total.<\/p>\n<p>O juiz-\u00e1rbitro brit\u00e2nico Sultan Ganji determinou que o quadro principal s\u00f3 come\u00e7aria na quarta-feira, ap\u00f3s a conclus\u00e3o prevista da qualifica\u00e7\u00e3o em dia seguinte. Em Vila Real de Santo Ant\u00f3nio, a prova distribui 30 mil d\u00f3lares em pr\u00e9mios e integra o ITF World Tennis Tour, na categoria M25.<\/p>\n<h3>SORTEIO DO QUADRO PRINCIPAL<\/h3>\n<p>Gon\u00e7alo Elias, campe\u00e3o do 6.\u00ba Open de Vila Real de Santo Ant\u00f3nio, \u00e9 o \u00fanico portugu\u00eas a ingressar como cabe\u00e7a de s\u00e9rie, no quinto posto, defesa de t\u00edtulo. O sorteio definiu para os oitavos de final um duelo entre o wild card Hugo Maia e Tiago Ca\u00e7\u00e3o, que regressou \u00e0 competi\u00e7\u00e3o no ano passado.<\/p>\n<p>Francisco Rocha, Jo\u00e3o Domingues e Jo\u00e3o Gra\u00e7a v\u00e3o defrontar cabe\u00e7as de s\u00e9rie de refer\u00eancia: Olle Wallin (8.\u00ba), Carlo Alberto Caniato (7) e Max Basing (4), respectivamente. As combina\u00e7\u00f5es apontam a uma fase inicial dif\u00edcil para os atletas nacionais.<\/p>\n<h3>FASE DE QUALIFICA\u00c7\u00c3O<\/h3>\n<p>Na primeira ronda da qualifica\u00e7\u00e3o, Gon\u00e7alo Marques triunfou sobre Nacho Cepeda Martinez por 6-2, 6-0, enquanto Guilherme Valdoleiros venceu Cristian Kouchnarev por 6-1, 6-1. Outros portugueses tamb\u00e9m avan\u00e7aram para a segunda ronda, somando j\u00e1 cinco casos no dia anterior.<\/p>\n<p>Entre as derrotas nacionais, Martim Couto perdeu para Adam Martin Espinar por 7-5, 6-2, ainda na primeira ronda. Na segunda ronda, Francisco Faria caiu frente a Vladislav Melnic, enquanto Dino Molokova Ferreira foi eliminado por Cian Maguire.<\/p>\n<h3>PERFIL DE GON\u00c7ALO MARQUES<\/h3>\n<p>Aos 20 anos, Gon\u00e7alo Marques est\u00e1 a competir apenas no seu quarto torneio desde o regresso ap\u00f3s tr\u00eas cirurgias. Em novembro de 2024 encerrou a carreira temporariamente e regressou em novembro de 2025, somando desde ent\u00e3o seis vit\u00f3rias e tr\u00eas derrotas em ITF.<\/p>\n<p>Natural de Santo Tirso, Marques j\u00e1 foi campe\u00e3o nacional em v\u00e1rias categorias de j\u00fanior e tem um percurso no ranking mundial de sub-18. Atualmente treina em Lisboa com Frederico Marques, acompanhado por Tom\u00e1s Soares nesta semana, tendo passado por Villena e pela academia de Juan Carlos Ferrero.<\/p>\n","protected":false},"excerpt":{"rendered":"<ul>\n<li>O sorteio do quadro principal do 7.\u00ba Open Internacional de T\u00e9nis de Vila Real de Santo Ant\u00f3nio teve forte presen\u00e7a portuguesa, com apenas Gast\u00e3o Elias como cabe\u00e7a de s\u00e9rie (n\u00ba 5) e um duelo entre Hugo Maia (wild card) e Tiago Ca\u00e7\u00e3o nos oitavos.<\/li>\n<li>A chuva atrasou a qualifica\u00e7\u00e3o e o quadro principal s\u00f3 dever\u00e1 arrancar na quarta-feira; amanh\u00e3 tenta-se concluir a segunda e terceira rondas da qualifica\u00e7\u00e3o.<\/li>\n<li>Na qualifica\u00e7\u00e3o, Gon\u00e7alo Marques e Guilherme Valdoleiros venceram hoje os seus jogos, juntando-se aos cinco portugueses j\u00e1 apurados para a segunda ronda.<\/li>\n<li>Gon\u00e7alo Marques, 20 anos, treina h\u00e1 um ano e meio na Academia de Frederico Marques e j\u00e1 treinou com Carlos Alcaraz e Juan Carlos Ferrero; joga pela quarta vez em Vila Real de Santo Ant\u00f3nio nos quadros do ITF World Tennis Tour.<\/li>\n<li>O torneio distribui 30 mil d\u00f3lares em pr\u00e9mios e termina a 15 de fevereiro, integrando o circuito ITF World Tennis Tour com a categoria M25.<\/li>\n<\/ul>\n","protected":false},"author":2,"featured_media":206020,"comment_status":"closed","ping_status":"closed","sticky":false,"template":"","format":"standard","meta":{"footnotes":""},"categories":[21],"tags":[928,5356,242,1014,94,1665],"class_list":["post-206018","post","type-post","status-publish","format-standard","has-post-thumbnail","hentry","category-desporto","tag-algarve","tag-itf","tag-jogadores","tag-portugal","tag-tenis","tag-vila-real"],"yoast_head":"<!-- This site is optimized with the Yoast SEO plugin v27.2 - https:\/\/yoast.com\/product\/yoast-seo-wordpress\/ -->\n<title>Gon\u00e7alo Marques lidera a qualifica\u00e7\u00e3o do Open Internacional de T\u00e9nis de VRSA - Portal Tela Portugal<\/title>\n<meta name=\"robots\" content=\"index, follow, max-snippet:-1, max-image-preview:large, max-video-preview:-1\" \/>\n<meta property=\"og:locale\" content=\"pt_PT\" \/>\n<meta property=\"og:type\" content=\"article\" \/>\n<meta property=\"og:title\" content=\"Gon\u00e7alo Marques lidera a qualifica\u00e7\u00e3o do Open Internacional de T\u00e9nis de VRSA - Portal Tela Portugal\" \/>\n<meta property=\"og:description\" content=\"O sorteio do quadro principal do 7.\u00ba Open Internacional de T\u00e9nis de Vila Real de Santo Ant\u00f3nio teve forte presen\u00e7a portuguesa, com apenas Gast\u00e3o Elias como cabe\u00e7a de s\u00e9rie (n\u00ba 5) e um duelo entre Hugo Maia (wild card) e Tiago Ca\u00e7\u00e3o nos oitavos. A chuva atrasou a qualifica\u00e7\u00e3o e o quadro principal s\u00f3 dever\u00e1 arrancar na quarta-feira; amanh\u00e3 tenta-se concluir a segunda e terceira rondas da qualifica\u00e7\u00e3o. Na qualifica\u00e7\u00e3o, Gon\u00e7alo Marques e Guilherme Valdoleiros venceram hoje os seus jogos, juntando-se aos cinco portugueses j\u00e1 apurados para a segunda ronda. Gon\u00e7alo Marques, 20 anos, treina h\u00e1 um ano e meio na Academia de Frederico Marques e j\u00e1 treinou com Carlos Alcaraz e Juan Carlos Ferrero; joga pela quarta vez em Vila Real de Santo Ant\u00f3nio nos quadros do ITF World Tennis Tour. O torneio distribui 30 mil d\u00f3lares em pr\u00e9mios e termina a 15 de fevereiro, integrando o circuito ITF World Tennis Tour com a categoria M25.\" \/>\n<meta property=\"og:url\" content=\"https:\/\/portaltela.pt\/noticias\/2026\/02\/09\/goncalo-marques-lidera-a-qualificacao-do-open-internacional-de-tenis-de-vrsa\/\" \/>\n<meta property=\"og:site_name\" content=\"Portal Tela Portugal\" \/>\n<meta property=\"article:published_time\" content=\"2026-02-09T21:23:54+00:00\" \/>\n<meta name=\"author\" content=\"Telinha\" \/>\n<meta name=\"twitter:card\" content=\"summary_large_image\" \/>\n<meta name=\"twitter:label1\" content=\"Escrito por\" \/>\n\t<meta name=\"twitter:data1\" content=\"Telinha\" \/>\n\t<meta name=\"twitter:label2\" content=\"Tempo estimado de leitura\" \/>\n\t<meta name=\"twitter:data2\" content=\"2 minutos\" \/>\n<script type=\"application\/ld+json\" class=\"yoast-schema-graph\">{\"@context\":\"https:\/\/schema.org\",\"@graph\":[{\"@type\":\"Article\",\"@id\":\"https:\/\/portaltela.pt\/noticias\/2026\/02\/09\/goncalo-marques-lidera-a-qualificacao-do-open-internacional-de-tenis-de-vrsa\/#article\",\"isPartOf\":{\"@id\":\"https:\/\/portaltela.pt\/noticias\/2026\/02\/09\/goncalo-marques-lidera-a-qualificacao-do-open-internacional-de-tenis-de-vrsa\/\"},\"author\":{\"name\":\"Telinha\",\"@id\":\"https:\/\/portaltela.pt\/#\/schema\/person\/c4278d4a6028830caff9ee44b42d32ed\"},\"headline\":\"Gon\u00e7alo Marques lidera a qualifica\u00e7\u00e3o do Open Internacional de T\u00e9nis de VRSA\",\"datePublished\":\"2026-02-09T21:23:54+00:00\",\"mainEntityOfPage\":{\"@id\":\"https:\/\/portaltela.pt\/noticias\/2026\/02\/09\/goncalo-marques-lidera-a-qualificacao-do-open-internacional-de-tenis-de-vrsa\/\"},\"wordCount\":417,\"image\":{\"@id\":\"https:\/\/portaltela.pt\/noticias\/2026\/02\/09\/goncalo-marques-lidera-a-qualificacao-do-open-internacional-de-tenis-de-vrsa\/#primaryimage\"},\"thumbnailUrl\":\"https:\/\/portaltela.pt\/s.01k8rhncp4jt1\/2026\/02\/img_920x518uu2026-02-09-21-23-43-2420643.jpg\",\"keywords\":[\"Algarve\",\"ITF\",\"jogadores\",\"Portugal\",\"t\u00eanis\",\"Vila Real\"],\"articleSection\":[\"Desporto\"],\"inLanguage\":\"pt-PT\"},{\"@type\":\"WebPage\",\"@id\":\"https:\/\/portaltela.pt\/noticias\/2026\/02\/09\/goncalo-marques-lidera-a-qualificacao-do-open-internacional-de-tenis-de-vrsa\/\",\"url\":\"https:\/\/portaltela.pt\/noticias\/2026\/02\/09\/goncalo-marques-lidera-a-qualificacao-do-open-internacional-de-tenis-de-vrsa\/\",\"name\":\"Gon\u00e7alo Marques lidera a qualifica\u00e7\u00e3o do Open Internacional de T\u00e9nis de VRSA - Portal Tela Portugal\",\"isPartOf\":{\"@id\":\"https:\/\/portaltela.pt\/#website\"},\"primaryImageOfPage\":{\"@id\":\"https:\/\/portaltela.pt\/noticias\/2026\/02\/09\/goncalo-marques-lidera-a-qualificacao-do-open-internacional-de-tenis-de-vrsa\/#primaryimage\"},\"image\":{\"@id\":\"https:\/\/portaltela.pt\/noticias\/2026\/02\/09\/goncalo-marques-lidera-a-qualificacao-do-open-internacional-de-tenis-de-vrsa\/#primaryimage\"},\"thumbnailUrl\":\"https:\/\/portaltela.pt\/s.01k8rhncp4jt1\/2026\/02\/img_920x518uu2026-02-09-21-23-43-2420643.jpg\",\"datePublished\":\"2026-02-09T21:23:54+00:00\",\"author\":{\"@id\":\"https:\/\/portaltela.pt\/#\/schema\/person\/c4278d4a6028830caff9ee44b42d32ed\"},\"breadcrumb\":{\"@id\":\"https:\/\/portaltela.pt\/noticias\/2026\/02\/09\/goncalo-marques-lidera-a-qualificacao-do-open-internacional-de-tenis-de-vrsa\/#breadcrumb\"},\"inLanguage\":\"pt-PT\",\"potentialAction\":[{\"@type\":\"ReadAction\",\"target\":[\"https:\/\/portaltela.pt\/noticias\/2026\/02\/09\/goncalo-marques-lidera-a-qualificacao-do-open-internacional-de-tenis-de-vrsa\/\"]}]},{\"@type\":\"ImageObject\",\"inLanguage\":\"pt-PT\",\"@id\":\"https:\/\/portaltela.pt\/noticias\/2026\/02\/09\/goncalo-marques-lidera-a-qualificacao-do-open-internacional-de-tenis-de-vrsa\/#primaryimage\",\"url\":\"https:\/\/portaltela.pt\/s.01k8rhncp4jt1\/2026\/02\/img_920x518uu2026-02-09-21-23-43-2420643.jpg\",\"contentUrl\":\"https:\/\/portaltela.pt\/s.01k8rhncp4jt1\/2026\/02\/img_920x518uu2026-02-09-21-23-43-2420643.jpg\",\"width\":796,\"height\":448,\"caption\":\"Gon\u00e7alo Marques\"},{\"@type\":\"BreadcrumbList\",\"@id\":\"https:\/\/portaltela.pt\/noticias\/2026\/02\/09\/goncalo-marques-lidera-a-qualificacao-do-open-internacional-de-tenis-de-vrsa\/#breadcrumb\",\"itemListElement\":[{\"@type\":\"ListItem\",\"position\":1,\"name\":\"In\u00edcio\",\"item\":\"https:\/\/portaltela.pt\/\"},{\"@type\":\"ListItem\",\"position\":2,\"name\":\"Gon\u00e7alo Marques lidera a qualifica\u00e7\u00e3o do Open Internacional de T\u00e9nis de VRSA\"}]},{\"@type\":\"WebSite\",\"@id\":\"https:\/\/portaltela.pt\/#website\",\"url\":\"https:\/\/portaltela.pt\/\",\"name\":\"Portal Tela Portugal\",\"description\":\"\",\"potentialAction\":[{\"@type\":\"SearchAction\",\"target\":{\"@type\":\"EntryPoint\",\"urlTemplate\":\"https:\/\/portaltela.pt\/?s={search_term_string}\"},\"query-input\":{\"@type\":\"PropertyValueSpecification\",\"valueRequired\":true,\"valueName\":\"search_term_string\"}}],\"inLanguage\":\"pt-PT\"},{\"@type\":\"Person\",\"@id\":\"https:\/\/portaltela.pt\/#\/schema\/person\/c4278d4a6028830caff9ee44b42d32ed\",\"name\":\"Telinha\",\"image\":{\"@type\":\"ImageObject\",\"inLanguage\":\"pt-PT\",\"@id\":\"https:\/\/portaltela.pt\/s.01k8rhncp4jt1\/2025\/11\/talking-bot-125x125.png\",\"url\":\"https:\/\/portaltela.pt\/s.01k8rhncp4jt1\/2025\/11\/talking-bot-125x125.png\",\"contentUrl\":\"https:\/\/portaltela.pt\/s.01k8rhncp4jt1\/2025\/11\/talking-bot-125x125.png\",\"caption\":\"Telinha\"},\"sameAs\":[\"https:\/\/portaltela.pt\/\"],\"url\":\"https:\/\/portaltela.pt\/por\/367410592786\/\"}]}<\/script>\n<!-- \/ Yoast SEO plugin. -->","yoast_head_json":{"title":"Gon\u00e7alo Marques lidera a qualifica\u00e7\u00e3o do Open Internacional de T\u00e9nis de VRSA - Portal Tela Portugal","robots":{"index":"index","follow":"follow","max-snippet":"max-snippet:-1","max-image-preview":"max-image-preview:large","max-video-preview":"max-video-preview:-1"},"og_locale":"pt_PT","og_type":"article","og_title":"Gon\u00e7alo Marques lidera a qualifica\u00e7\u00e3o do Open Internacional de T\u00e9nis de VRSA - Portal Tela Portugal","og_description":"O sorteio do quadro principal do 7.\u00ba Open Internacional de T\u00e9nis de Vila Real de Santo Ant\u00f3nio teve forte presen\u00e7a portuguesa, com apenas Gast\u00e3o Elias como cabe\u00e7a de s\u00e9rie (n\u00ba 5) e um duelo entre Hugo Maia (wild card) e Tiago Ca\u00e7\u00e3o nos oitavos. A chuva atrasou a qualifica\u00e7\u00e3o e o quadro principal s\u00f3 dever\u00e1 arrancar na quarta-feira; amanh\u00e3 tenta-se concluir a segunda e terceira rondas da qualifica\u00e7\u00e3o. Na qualifica\u00e7\u00e3o, Gon\u00e7alo Marques e Guilherme Valdoleiros venceram hoje os seus jogos, juntando-se aos cinco portugueses j\u00e1 apurados para a segunda ronda. Gon\u00e7alo Marques, 20 anos, treina h\u00e1 um ano e meio na Academia de Frederico Marques e j\u00e1 treinou com Carlos Alcaraz e Juan Carlos Ferrero; joga pela quarta vez em Vila Real de Santo Ant\u00f3nio nos quadros do ITF World Tennis Tour. O torneio distribui 30 mil d\u00f3lares em pr\u00e9mios e termina a 15 de fevereiro, integrando o circuito ITF World Tennis Tour com a categoria M25.","og_url":"https:\/\/portaltela.pt\/noticias\/2026\/02\/09\/goncalo-marques-lidera-a-qualificacao-do-open-internacional-de-tenis-de-vrsa\/","og_site_name":"Portal Tela Portugal","article_published_time":"2026-02-09T21:23:54+00:00","author":"Telinha","twitter_card":"summary_large_image","twitter_misc":{"Escrito por":"Telinha","Tempo estimado de leitura":"2 minutos"},"schema":{"@context":"https:\/\/schema.org","@graph":[{"@type":"Article","@id":"https:\/\/portaltela.pt\/noticias\/2026\/02\/09\/goncalo-marques-lidera-a-qualificacao-do-open-internacional-de-tenis-de-vrsa\/#article","isPartOf":{"@id":"https:\/\/portaltela.pt\/noticias\/2026\/02\/09\/goncalo-marques-lidera-a-qualificacao-do-open-internacional-de-tenis-de-vrsa\/"},"author":{"name":"Telinha","@id":"https:\/\/portaltela.pt\/#\/schema\/person\/c4278d4a6028830caff9ee44b42d32ed"},"headline":"Gon\u00e7alo Marques lidera a qualifica\u00e7\u00e3o do Open Internacional de T\u00e9nis de VRSA","datePublished":"2026-02-09T21:23:54+00:00","mainEntityOfPage":{"@id":"https:\/\/portaltela.pt\/noticias\/2026\/02\/09\/goncalo-marques-lidera-a-qualificacao-do-open-internacional-de-tenis-de-vrsa\/"},"wordCount":417,"image":{"@id":"https:\/\/portaltela.pt\/noticias\/2026\/02\/09\/goncalo-marques-lidera-a-qualificacao-do-open-internacional-de-tenis-de-vrsa\/#primaryimage"},"thumbnailUrl":"https:\/\/portaltela.pt\/s.01k8rhncp4jt1\/2026\/02\/img_920x518uu2026-02-09-21-23-43-2420643.jpg","keywords":["Algarve","ITF","jogadores","Portugal","t\u00eanis","Vila Real"],"articleSection":["Desporto"],"inLanguage":"pt-PT"},{"@type":"WebPage","@id":"https:\/\/portaltela.pt\/noticias\/2026\/02\/09\/goncalo-marques-lidera-a-qualificacao-do-open-internacional-de-tenis-de-vrsa\/","url":"https:\/\/portaltela.pt\/noticias\/2026\/02\/09\/goncalo-marques-lidera-a-qualificacao-do-open-internacional-de-tenis-de-vrsa\/","name":"Gon\u00e7alo Marques lidera a qualifica\u00e7\u00e3o do Open Internacional de T\u00e9nis de VRSA - Portal Tela Portugal","isPartOf":{"@id":"https:\/\/portaltela.pt\/#website"},"primaryImageOfPage":{"@id":"https:\/\/portaltela.pt\/noticias\/2026\/02\/09\/goncalo-marques-lidera-a-qualificacao-do-open-internacional-de-tenis-de-vrsa\/#primaryimage"},"image":{"@id":"https:\/\/portaltela.pt\/noticias\/2026\/02\/09\/goncalo-marques-lidera-a-qualificacao-do-open-internacional-de-tenis-de-vrsa\/#primaryimage"},"thumbnailUrl":"https:\/\/portaltela.pt\/s.01k8rhncp4jt1\/2026\/02\/img_920x518uu2026-02-09-21-23-43-2420643.jpg","datePublished":"2026-02-09T21:23:54+00:00","author":{"@id":"https:\/\/portaltela.pt\/#\/schema\/person\/c4278d4a6028830caff9ee44b42d32ed"},"breadcrumb":{"@id":"https:\/\/portaltela.pt\/noticias\/2026\/02\/09\/goncalo-marques-lidera-a-qualificacao-do-open-internacional-de-tenis-de-vrsa\/#breadcrumb"},"inLanguage":"pt-PT","potentialAction":[{"@type":"ReadAction","target":["https:\/\/portaltela.pt\/noticias\/2026\/02\/09\/goncalo-marques-lidera-a-qualificacao-do-open-internacional-de-tenis-de-vrsa\/"]}]},{"@type":"ImageObject","inLanguage":"pt-PT","@id":"https:\/\/portaltela.pt\/noticias\/2026\/02\/09\/goncalo-marques-lidera-a-qualificacao-do-open-internacional-de-tenis-de-vrsa\/#primaryimage","url":"https:\/\/portaltela.pt\/s.01k8rhncp4jt1\/2026\/02\/img_920x518uu2026-02-09-21-23-43-2420643.jpg","contentUrl":"https:\/\/portaltela.pt\/s.01k8rhncp4jt1\/2026\/02\/img_920x518uu2026-02-09-21-23-43-2420643.jpg","width":796,"height":448,"caption":"Gon\u00e7alo Marques"},{"@type":"BreadcrumbList","@id":"https:\/\/portaltela.pt\/noticias\/2026\/02\/09\/goncalo-marques-lidera-a-qualificacao-do-open-internacional-de-tenis-de-vrsa\/#breadcrumb","itemListElement":[{"@type":"ListItem","position":1,"name":"In\u00edcio","item":"https:\/\/portaltela.pt\/"},{"@type":"ListItem","position":2,"name":"Gon\u00e7alo Marques lidera a qualifica\u00e7\u00e3o do Open Internacional de T\u00e9nis de VRSA"}]},{"@type":"WebSite","@id":"https:\/\/portaltela.pt\/#website","url":"https:\/\/portaltela.pt\/","name":"Portal Tela Portugal","description":"","potentialAction":[{"@type":"SearchAction","target":{"@type":"EntryPoint","urlTemplate":"https:\/\/portaltela.pt\/?s={search_term_string}"},"query-input":{"@type":"PropertyValueSpecification","valueRequired":true,"valueName":"search_term_string"}}],"inLanguage":"pt-PT"},{"@type":"Person","@id":"https:\/\/portaltela.pt\/#\/schema\/person\/c4278d4a6028830caff9ee44b42d32ed","name":"Telinha","image":{"@type":"ImageObject","inLanguage":"pt-PT","@id":"https:\/\/portaltela.pt\/s.01k8rhncp4jt1\/2025\/11\/talking-bot-125x125.png","url":"https:\/\/portaltela.pt\/s.01k8rhncp4jt1\/2025\/11\/talking-bot-125x125.png","contentUrl":"https:\/\/portaltela.pt\/s.01k8rhncp4jt1\/2025\/11\/talking-bot-125x125.png","caption":"Telinha"},"sameAs":["https:\/\/portaltela.pt\/"],"url":"https:\/\/portaltela.pt\/por\/367410592786\/"}]}},"_links":{"self":[{"href":"https:\/\/portaltela.pt\/api\/wp\/v2\/posts\/206018","targetHints":{"allow":["GET"]}}],"collection":[{"href":"https:\/\/portaltela.pt\/api\/wp\/v2\/posts"}],"about":[{"href":"https:\/\/portaltela.pt\/api\/wp\/v2\/types\/post"}],"author":[{"embeddable":true,"href":"https:\/\/portaltela.pt\/api\/wp\/v2\/users\/2"}],"replies":[{"embeddable":true,"href":"https:\/\/portaltela.pt\/api\/wp\/v2\/comments?post=206018"}],"version-history":[{"count":0,"href":"https:\/\/portaltela.pt\/api\/wp\/v2\/posts\/206018\/revisions"}],"wp:featuredmedia":[{"embeddable":true,"href":"https:\/\/portaltela.pt\/api\/wp\/v2\/media\/206020"}],"wp:attachment":[{"href":"https:\/\/portaltela.pt\/api\/wp\/v2\/media?parent=206018"}],"wp:term":[{"taxonomy":"category","embeddable":true,"href":"https:\/\/portaltela.pt\/api\/wp\/v2\/categories?post=206018"},{"taxonomy":"post_tag","embeddable":true,"href":"https:\/\/portaltela.pt\/api\/wp\/v2\/tags?post=206018"}],"curies":[{"name":"wp","href":"https:\/\/api.w.org\/{rel}","templated":true}]}}