{"id":205947,"date":"2026-02-09T17:09:00","date_gmt":"2026-02-09T20:09:00","guid":{"rendered":"https:\/\/portaltela.pt\/noticias\/2026\/02\/09\/credito-agricola-inicia-moratoria-de-apoio-a-familias-e-empresas\/"},"modified":"2026-02-09T17:09:00","modified_gmt":"2026-02-09T20:09:00","slug":"credito-agricola-inicia-moratoria-de-apoio-a-familias-e-empresas","status":"publish","type":"post","link":"https:\/\/portaltela.pt\/noticias\/economia\/2026\/02\/09\/credito-agricola-inicia-moratoria-de-apoio-a-familias-e-empresas\/","title":{"rendered":"Cr\u00e9dito Agr\u00edcola inicia morat\u00f3ria de apoio a fam\u00edlias e empresas"},"content":{"rendered":"<p>O Cr\u00e9dito Agr\u00edcola anunciou, nesta segunda-feira, ter operacionalizado as medidas de apoio a fam\u00edlias e empresas afetadas pela tempestade Kristin, incluindo a morat\u00f3ria que suspende pagamentos de cr\u00e9ditos por alguns meses. A institui\u00e7\u00e3o salienta que a morat\u00f3ria envolve prorroga\u00e7\u00e3o do prazo de vig\u00eancia dos empr\u00e9stimos, com pagamento de capital no final do contrato, bem como os juros e garantias.<\/p>\n<p>A suspens\u00e3o estende-se a cr\u00e9ditos com reembolso parcelar de capital ou de outras presta\u00e7\u00f5es, incluindo rendas e juros com vencimento previsto at\u00e9 ao t\u00e9rmino do per\u00edodo. O plano de pagamentos \u00e9 automaticamente estendido por igual dura\u00e7\u00e3o da suspens\u00e3o.<\/p>\n<h3>Medidas em vigor e \u00e2mbito<\/h3>\n<p>O banco recorda que a operacionaliza\u00e7\u00e3o d\u00e1 continuidade ao pacote de medidas p\u00fablicas j\u00e1 ativadas para apoiar popula\u00e7\u00f5es e entidades afetadas pela tempestade, incluindo linhas bonificadas e morat\u00f3rias de capital at\u00e9 12 meses para contratos em vigor.<\/p>\n<p>O Governo, atrav\u00e9s de decreto\u2011lei, prev\u00ea morat\u00f3rias para fam\u00edlias, empresas e entidades p\u00fablicas, v\u00e1lidas nos munic\u00edpios com declara\u00e7\u00e3o de calamidade. As morat\u00f3rias distinguem habita\u00e7\u00e3o, cr\u00e9dito \u00e0s empresas e demais cr\u00e9dito, com diferimento de capital, juros e encargos at\u00e9 28 de janeiro de 2026, sem incumprimento.<\/p>\n<p>As morat\u00f3rias s\u00e3o de 90 dias, retroativas a 28 de janeiro. Se o pedido \u00e9 apresentado depois, a suspens\u00e3o come\u00e7a no dia 28 de janeiro. Clientes que j\u00e1 efetuaram presta\u00e7\u00f5es ser\u00e3o reembolsados, mantendo a suspens\u00e3o no resto do per\u00edodo.<\/p>\n<h3>Elegibilidade e procedimentos<\/h3>\n<p>Particulares residentes nos concelhos afetados podem recorrer \u00e0s morat\u00f3rias; tamb\u00e9m extracomunit\u00e1rios em lay\u2011off, se trabalhem em empresas da \u00e1rea calamitada. Est\u00e3o exclu\u00eddos de Mgente com d\u00edvidas fiscais ou d\u00edvida com a Seguran\u00e7a Social, ou em mora superior a 90 dias.<\/p>\n<p>Para empresas, a morat\u00f3ria \u00e9 aplic\u00e1vel \u00e0s entidades sediadas ou que atuem nos munic\u00edpios atingidos. Ap\u00f3s ades\u00e3o, o banco tem at\u00e9 tr\u00eas dias \u00fateis para confirmar a elegibilidade e at\u00e9 cinco dias \u00fateis para aplicar a suspens\u00e3o.<\/p>\n<p>O decreto\u2011lei prev\u00ea ainda, ap\u00f3s os 90 dias, a possibilidade de uma morat\u00f3ria adicional de 12 meses, apenas em situa\u00e7\u00f5es de danos profundos que o justifiquem.<\/p>\n","protected":false},"excerpt":{"rendered":"<ul>\n<li>O Cr\u00e9dito Agr\u00edcola informou ter operacionalizado as medidas de apoio a fam\u00edlias e empresas afetadas pela tempestade Kristin, incluindo a morat\u00f3ria que suspende pagamentos durante alguns meses.<\/li>\n<li>A morat\u00f3ria abrange tanto o alargamento do prazo de vig\u00eancia de empr\u00e9stimos com pagamento de capital no final do contrato, como a suspens\u00e3o de capital, rendas e juros para cr\u00e9ditos com pagamento parcelado. A dura\u00e7\u00e3o da suspens\u00e3o estende-se automaticamente por per\u00edodo id\u00eantico ao da suspens\u00e3o.<\/li>\n<li>O banco lembra que estas medidas complementam um pacote p\u00fablico j\u00e1 existente, que inclui linhas de financiamento bonificado e a possibilidade de morat\u00f3rias de capital at\u00e9 doze meses para contratos em vigor.<\/li>\n<li>As morat\u00f3rias previstas s\u00e3o de noventa dias, retroativas a 28 de janeiro, terminando em 27 de abril; ap\u00f3s esse per\u00edodo, podem ser criadas morat\u00f3rias adicionais de mais doze meses apenas em situa\u00e7\u00f5es de danos profundos.<\/li>\n<li>Elegibilidade: particulares residentes nos concelhos abrangidos pela calamidade e empresas com atividade nesses munic\u00edpios; existem exce\u00e7\u00f5es para d\u00edvidas ao fisco ou \u00e0 Seguran\u00e7a Social e para cr\u00e9ditos em mora h\u00e1 mais de noventa dias. O Cr\u00e9dito Agr\u00edcola tem tr\u00eas dias \u00fateis para informar se o cliente cumpre as condi\u00e7\u00f5es e at\u00e9 cinco dias \u00fateis para aplicar a suspens\u00e3o.<\/li>\n<\/ul>\n","protected":false},"author":2,"featured_media":205950,"comment_status":"closed","ping_status":"closed","sticky":false,"template":"","format":"standard","meta":{"footnotes":""},"categories":[2,1],"tags":[1211,4687,1960,150,5238,2093],"class_list":["post-205947","post","type-post","status-publish","format-standard","has-post-thumbnail","hentry","category-economia","category-noticias","tag-apoio-social","tag-calamidade-publica","tag-credito","tag-habitacao","tag-moratorias","tag-municipios"],"yoast_head":"<!-- This site is optimized with the Yoast SEO plugin v27.2 - https:\/\/yoast.com\/product\/yoast-seo-wordpress\/ -->\n<title>Cr\u00e9dito Agr\u00edcola inicia morat\u00f3ria de apoio a fam\u00edlias e empresas - Portal Tela Portugal<\/title>\n<meta name=\"robots\" content=\"index, follow, max-snippet:-1, max-image-preview:large, max-video-preview:-1\" \/>\n<meta property=\"og:locale\" content=\"pt_PT\" \/>\n<meta property=\"og:type\" content=\"article\" \/>\n<meta property=\"og:title\" content=\"Cr\u00e9dito Agr\u00edcola inicia morat\u00f3ria de apoio a fam\u00edlias e empresas - Portal Tela Portugal\" \/>\n<meta property=\"og:description\" content=\"O Cr\u00e9dito Agr\u00edcola informou ter operacionalizado as medidas de apoio a fam\u00edlias e empresas afetadas pela tempestade Kristin, incluindo a morat\u00f3ria que suspende pagamentos durante alguns meses. A morat\u00f3ria abrange tanto o alargamento do prazo de vig\u00eancia de empr\u00e9stimos com pagamento de capital no final do contrato, como a suspens\u00e3o de capital, rendas e juros para cr\u00e9ditos com pagamento parcelado. A dura\u00e7\u00e3o da suspens\u00e3o estende-se automaticamente por per\u00edodo id\u00eantico ao da suspens\u00e3o. O banco lembra que estas medidas complementam um pacote p\u00fablico j\u00e1 existente, que inclui linhas de financiamento bonificado e a possibilidade de morat\u00f3rias de capital at\u00e9 doze meses para contratos em vigor. As morat\u00f3rias previstas s\u00e3o de noventa dias, retroativas a 28 de janeiro, terminando em 27 de abril; ap\u00f3s esse per\u00edodo, podem ser criadas morat\u00f3rias adicionais de mais doze meses apenas em situa\u00e7\u00f5es de danos profundos. Elegibilidade: particulares residentes nos concelhos abrangidos pela calamidade e empresas com atividade nesses munic\u00edpios; existem exce\u00e7\u00f5es para d\u00edvidas ao fisco ou \u00e0 Seguran\u00e7a Social e para cr\u00e9ditos em mora h\u00e1 mais de noventa dias. O Cr\u00e9dito Agr\u00edcola tem tr\u00eas dias \u00fateis para informar se o cliente cumpre as condi\u00e7\u00f5es e at\u00e9 cinco dias \u00fateis para aplicar a suspens\u00e3o.\" \/>\n<meta property=\"og:url\" content=\"https:\/\/portaltela.pt\/noticias\/2026\/02\/09\/credito-agricola-inicia-moratoria-de-apoio-a-familias-e-empresas\/\" \/>\n<meta property=\"og:site_name\" content=\"Portal Tela Portugal\" \/>\n<meta property=\"article:published_time\" content=\"2026-02-09T20:09:00+00:00\" \/>\n<meta name=\"author\" content=\"Telinha\" \/>\n<meta name=\"twitter:card\" content=\"summary_large_image\" \/>\n<meta name=\"twitter:label1\" content=\"Escrito por\" \/>\n\t<meta name=\"twitter:data1\" content=\"Telinha\" \/>\n\t<meta name=\"twitter:label2\" content=\"Tempo estimado de leitura\" \/>\n\t<meta name=\"twitter:data2\" content=\"2 minutos\" \/>\n<script type=\"application\/ld+json\" class=\"yoast-schema-graph\">{\"@context\":\"https:\/\/schema.org\",\"@graph\":[{\"@type\":\"Article\",\"@id\":\"https:\/\/portaltela.pt\/noticias\/2026\/02\/09\/credito-agricola-inicia-moratoria-de-apoio-a-familias-e-empresas\/#article\",\"isPartOf\":{\"@id\":\"https:\/\/portaltela.pt\/noticias\/2026\/02\/09\/credito-agricola-inicia-moratoria-de-apoio-a-familias-e-empresas\/\"},\"author\":{\"name\":\"Telinha\",\"@id\":\"https:\/\/portaltela.pt\/#\/schema\/person\/c4278d4a6028830caff9ee44b42d32ed\"},\"headline\":\"Cr\u00e9dito Agr\u00edcola inicia morat\u00f3ria de apoio a fam\u00edlias e empresas\",\"datePublished\":\"2026-02-09T20:09:00+00:00\",\"mainEntityOfPage\":{\"@id\":\"https:\/\/portaltela.pt\/noticias\/2026\/02\/09\/credito-agricola-inicia-moratoria-de-apoio-a-familias-e-empresas\/\"},\"wordCount\":392,\"image\":{\"@id\":\"https:\/\/portaltela.pt\/noticias\/2026\/02\/09\/credito-agricola-inicia-moratoria-de-apoio-a-familias-e-empresas\/#primaryimage\"},\"thumbnailUrl\":\"https:\/\/portaltela.pt\/s.01k8rhncp4jt1\/2026\/02\/img_1500x1000uu2020-01-04-20-40-51-914354.jpg\",\"keywords\":[\"Apoio Social\",\"calamidade p\u00fablica\",\"cr\u00e9dito\",\"habita\u00e7\u00e3o\",\"morat\u00f3rias\",\"munic\u00edpios\"],\"articleSection\":[\"Economia\",\"Not\u00edcias\"],\"inLanguage\":\"pt-PT\"},{\"@type\":\"WebPage\",\"@id\":\"https:\/\/portaltela.pt\/noticias\/2026\/02\/09\/credito-agricola-inicia-moratoria-de-apoio-a-familias-e-empresas\/\",\"url\":\"https:\/\/portaltela.pt\/noticias\/2026\/02\/09\/credito-agricola-inicia-moratoria-de-apoio-a-familias-e-empresas\/\",\"name\":\"Cr\u00e9dito Agr\u00edcola inicia morat\u00f3ria de apoio a fam\u00edlias e empresas - Portal Tela Portugal\",\"isPartOf\":{\"@id\":\"https:\/\/portaltela.pt\/#website\"},\"primaryImageOfPage\":{\"@id\":\"https:\/\/portaltela.pt\/noticias\/2026\/02\/09\/credito-agricola-inicia-moratoria-de-apoio-a-familias-e-empresas\/#primaryimage\"},\"image\":{\"@id\":\"https:\/\/portaltela.pt\/noticias\/2026\/02\/09\/credito-agricola-inicia-moratoria-de-apoio-a-familias-e-empresas\/#primaryimage\"},\"thumbnailUrl\":\"https:\/\/portaltela.pt\/s.01k8rhncp4jt1\/2026\/02\/img_1500x1000uu2020-01-04-20-40-51-914354.jpg\",\"datePublished\":\"2026-02-09T20:09:00+00:00\",\"author\":{\"@id\":\"https:\/\/portaltela.pt\/#\/schema\/person\/c4278d4a6028830caff9ee44b42d32ed\"},\"breadcrumb\":{\"@id\":\"https:\/\/portaltela.pt\/noticias\/2026\/02\/09\/credito-agricola-inicia-moratoria-de-apoio-a-familias-e-empresas\/#breadcrumb\"},\"inLanguage\":\"pt-PT\",\"potentialAction\":[{\"@type\":\"ReadAction\",\"target\":[\"https:\/\/portaltela.pt\/noticias\/2026\/02\/09\/credito-agricola-inicia-moratoria-de-apoio-a-familias-e-empresas\/\"]}]},{\"@type\":\"ImageObject\",\"inLanguage\":\"pt-PT\",\"@id\":\"https:\/\/portaltela.pt\/noticias\/2026\/02\/09\/credito-agricola-inicia-moratoria-de-apoio-a-familias-e-empresas\/#primaryimage\",\"url\":\"https:\/\/portaltela.pt\/s.01k8rhncp4jt1\/2026\/02\/img_1500x1000uu2020-01-04-20-40-51-914354.jpg\",\"contentUrl\":\"https:\/\/portaltela.pt\/s.01k8rhncp4jt1\/2026\/02\/img_1500x1000uu2020-01-04-20-40-51-914354.jpg\",\"width\":1500,\"height\":1000,\"caption\":\"Cr\u00e9dito Agr\u00edcola\"},{\"@type\":\"BreadcrumbList\",\"@id\":\"https:\/\/portaltela.pt\/noticias\/2026\/02\/09\/credito-agricola-inicia-moratoria-de-apoio-a-familias-e-empresas\/#breadcrumb\",\"itemListElement\":[{\"@type\":\"ListItem\",\"position\":1,\"name\":\"In\u00edcio\",\"item\":\"https:\/\/portaltela.pt\/\"},{\"@type\":\"ListItem\",\"position\":2,\"name\":\"Cr\u00e9dito Agr\u00edcola inicia morat\u00f3ria de apoio a fam\u00edlias e empresas\"}]},{\"@type\":\"WebSite\",\"@id\":\"https:\/\/portaltela.pt\/#website\",\"url\":\"https:\/\/portaltela.pt\/\",\"name\":\"Portal Tela Portugal\",\"description\":\"\",\"potentialAction\":[{\"@type\":\"SearchAction\",\"target\":{\"@type\":\"EntryPoint\",\"urlTemplate\":\"https:\/\/portaltela.pt\/?s={search_term_string}\"},\"query-input\":{\"@type\":\"PropertyValueSpecification\",\"valueRequired\":true,\"valueName\":\"search_term_string\"}}],\"inLanguage\":\"pt-PT\"},{\"@type\":\"Person\",\"@id\":\"https:\/\/portaltela.pt\/#\/schema\/person\/c4278d4a6028830caff9ee44b42d32ed\",\"name\":\"Telinha\",\"image\":{\"@type\":\"ImageObject\",\"inLanguage\":\"pt-PT\",\"@id\":\"https:\/\/portaltela.pt\/s.01k8rhncp4jt1\/2025\/11\/talking-bot-125x125.png\",\"url\":\"https:\/\/portaltela.pt\/s.01k8rhncp4jt1\/2025\/11\/talking-bot-125x125.png\",\"contentUrl\":\"https:\/\/portaltela.pt\/s.01k8rhncp4jt1\/2025\/11\/talking-bot-125x125.png\",\"caption\":\"Telinha\"},\"sameAs\":[\"https:\/\/portaltela.pt\/\"],\"url\":\"https:\/\/portaltela.pt\/por\/367410592786\/\"}]}<\/script>\n<!-- \/ Yoast SEO plugin. -->","yoast_head_json":{"title":"Cr\u00e9dito Agr\u00edcola inicia morat\u00f3ria de apoio a fam\u00edlias e empresas - Portal Tela Portugal","robots":{"index":"index","follow":"follow","max-snippet":"max-snippet:-1","max-image-preview":"max-image-preview:large","max-video-preview":"max-video-preview:-1"},"og_locale":"pt_PT","og_type":"article","og_title":"Cr\u00e9dito Agr\u00edcola inicia morat\u00f3ria de apoio a fam\u00edlias e empresas - Portal Tela Portugal","og_description":"O Cr\u00e9dito Agr\u00edcola informou ter operacionalizado as medidas de apoio a fam\u00edlias e empresas afetadas pela tempestade Kristin, incluindo a morat\u00f3ria que suspende pagamentos durante alguns meses. A morat\u00f3ria abrange tanto o alargamento do prazo de vig\u00eancia de empr\u00e9stimos com pagamento de capital no final do contrato, como a suspens\u00e3o de capital, rendas e juros para cr\u00e9ditos com pagamento parcelado. A dura\u00e7\u00e3o da suspens\u00e3o estende-se automaticamente por per\u00edodo id\u00eantico ao da suspens\u00e3o. O banco lembra que estas medidas complementam um pacote p\u00fablico j\u00e1 existente, que inclui linhas de financiamento bonificado e a possibilidade de morat\u00f3rias de capital at\u00e9 doze meses para contratos em vigor. As morat\u00f3rias previstas s\u00e3o de noventa dias, retroativas a 28 de janeiro, terminando em 27 de abril; ap\u00f3s esse per\u00edodo, podem ser criadas morat\u00f3rias adicionais de mais doze meses apenas em situa\u00e7\u00f5es de danos profundos. Elegibilidade: particulares residentes nos concelhos abrangidos pela calamidade e empresas com atividade nesses munic\u00edpios; existem exce\u00e7\u00f5es para d\u00edvidas ao fisco ou \u00e0 Seguran\u00e7a Social e para cr\u00e9ditos em mora h\u00e1 mais de noventa dias. O Cr\u00e9dito Agr\u00edcola tem tr\u00eas dias \u00fateis para informar se o cliente cumpre as condi\u00e7\u00f5es e at\u00e9 cinco dias \u00fateis para aplicar a suspens\u00e3o.","og_url":"https:\/\/portaltela.pt\/noticias\/2026\/02\/09\/credito-agricola-inicia-moratoria-de-apoio-a-familias-e-empresas\/","og_site_name":"Portal Tela Portugal","article_published_time":"2026-02-09T20:09:00+00:00","author":"Telinha","twitter_card":"summary_large_image","twitter_misc":{"Escrito por":"Telinha","Tempo estimado de leitura":"2 minutos"},"schema":{"@context":"https:\/\/schema.org","@graph":[{"@type":"Article","@id":"https:\/\/portaltela.pt\/noticias\/2026\/02\/09\/credito-agricola-inicia-moratoria-de-apoio-a-familias-e-empresas\/#article","isPartOf":{"@id":"https:\/\/portaltela.pt\/noticias\/2026\/02\/09\/credito-agricola-inicia-moratoria-de-apoio-a-familias-e-empresas\/"},"author":{"name":"Telinha","@id":"https:\/\/portaltela.pt\/#\/schema\/person\/c4278d4a6028830caff9ee44b42d32ed"},"headline":"Cr\u00e9dito Agr\u00edcola inicia morat\u00f3ria de apoio a fam\u00edlias e empresas","datePublished":"2026-02-09T20:09:00+00:00","mainEntityOfPage":{"@id":"https:\/\/portaltela.pt\/noticias\/2026\/02\/09\/credito-agricola-inicia-moratoria-de-apoio-a-familias-e-empresas\/"},"wordCount":392,"image":{"@id":"https:\/\/portaltela.pt\/noticias\/2026\/02\/09\/credito-agricola-inicia-moratoria-de-apoio-a-familias-e-empresas\/#primaryimage"},"thumbnailUrl":"https:\/\/portaltela.pt\/s.01k8rhncp4jt1\/2026\/02\/img_1500x1000uu2020-01-04-20-40-51-914354.jpg","keywords":["Apoio Social","calamidade p\u00fablica","cr\u00e9dito","habita\u00e7\u00e3o","morat\u00f3rias","munic\u00edpios"],"articleSection":["Economia","Not\u00edcias"],"inLanguage":"pt-PT"},{"@type":"WebPage","@id":"https:\/\/portaltela.pt\/noticias\/2026\/02\/09\/credito-agricola-inicia-moratoria-de-apoio-a-familias-e-empresas\/","url":"https:\/\/portaltela.pt\/noticias\/2026\/02\/09\/credito-agricola-inicia-moratoria-de-apoio-a-familias-e-empresas\/","name":"Cr\u00e9dito Agr\u00edcola inicia morat\u00f3ria de apoio a fam\u00edlias e empresas - Portal Tela Portugal","isPartOf":{"@id":"https:\/\/portaltela.pt\/#website"},"primaryImageOfPage":{"@id":"https:\/\/portaltela.pt\/noticias\/2026\/02\/09\/credito-agricola-inicia-moratoria-de-apoio-a-familias-e-empresas\/#primaryimage"},"image":{"@id":"https:\/\/portaltela.pt\/noticias\/2026\/02\/09\/credito-agricola-inicia-moratoria-de-apoio-a-familias-e-empresas\/#primaryimage"},"thumbnailUrl":"https:\/\/portaltela.pt\/s.01k8rhncp4jt1\/2026\/02\/img_1500x1000uu2020-01-04-20-40-51-914354.jpg","datePublished":"2026-02-09T20:09:00+00:00","author":{"@id":"https:\/\/portaltela.pt\/#\/schema\/person\/c4278d4a6028830caff9ee44b42d32ed"},"breadcrumb":{"@id":"https:\/\/portaltela.pt\/noticias\/2026\/02\/09\/credito-agricola-inicia-moratoria-de-apoio-a-familias-e-empresas\/#breadcrumb"},"inLanguage":"pt-PT","potentialAction":[{"@type":"ReadAction","target":["https:\/\/portaltela.pt\/noticias\/2026\/02\/09\/credito-agricola-inicia-moratoria-de-apoio-a-familias-e-empresas\/"]}]},{"@type":"ImageObject","inLanguage":"pt-PT","@id":"https:\/\/portaltela.pt\/noticias\/2026\/02\/09\/credito-agricola-inicia-moratoria-de-apoio-a-familias-e-empresas\/#primaryimage","url":"https:\/\/portaltela.pt\/s.01k8rhncp4jt1\/2026\/02\/img_1500x1000uu2020-01-04-20-40-51-914354.jpg","contentUrl":"https:\/\/portaltela.pt\/s.01k8rhncp4jt1\/2026\/02\/img_1500x1000uu2020-01-04-20-40-51-914354.jpg","width":1500,"height":1000,"caption":"Cr\u00e9dito Agr\u00edcola"},{"@type":"BreadcrumbList","@id":"https:\/\/portaltela.pt\/noticias\/2026\/02\/09\/credito-agricola-inicia-moratoria-de-apoio-a-familias-e-empresas\/#breadcrumb","itemListElement":[{"@type":"ListItem","position":1,"name":"In\u00edcio","item":"https:\/\/portaltela.pt\/"},{"@type":"ListItem","position":2,"name":"Cr\u00e9dito Agr\u00edcola inicia morat\u00f3ria de apoio a fam\u00edlias e empresas"}]},{"@type":"WebSite","@id":"https:\/\/portaltela.pt\/#website","url":"https:\/\/portaltela.pt\/","name":"Portal Tela Portugal","description":"","potentialAction":[{"@type":"SearchAction","target":{"@type":"EntryPoint","urlTemplate":"https:\/\/portaltela.pt\/?s={search_term_string}"},"query-input":{"@type":"PropertyValueSpecification","valueRequired":true,"valueName":"search_term_string"}}],"inLanguage":"pt-PT"},{"@type":"Person","@id":"https:\/\/portaltela.pt\/#\/schema\/person\/c4278d4a6028830caff9ee44b42d32ed","name":"Telinha","image":{"@type":"ImageObject","inLanguage":"pt-PT","@id":"https:\/\/portaltela.pt\/s.01k8rhncp4jt1\/2025\/11\/talking-bot-125x125.png","url":"https:\/\/portaltela.pt\/s.01k8rhncp4jt1\/2025\/11\/talking-bot-125x125.png","contentUrl":"https:\/\/portaltela.pt\/s.01k8rhncp4jt1\/2025\/11\/talking-bot-125x125.png","caption":"Telinha"},"sameAs":["https:\/\/portaltela.pt\/"],"url":"https:\/\/portaltela.pt\/por\/367410592786\/"}]}},"_links":{"self":[{"href":"https:\/\/portaltela.pt\/api\/wp\/v2\/posts\/205947","targetHints":{"allow":["GET"]}}],"collection":[{"href":"https:\/\/portaltela.pt\/api\/wp\/v2\/posts"}],"about":[{"href":"https:\/\/portaltela.pt\/api\/wp\/v2\/types\/post"}],"author":[{"embeddable":true,"href":"https:\/\/portaltela.pt\/api\/wp\/v2\/users\/2"}],"replies":[{"embeddable":true,"href":"https:\/\/portaltela.pt\/api\/wp\/v2\/comments?post=205947"}],"version-history":[{"count":0,"href":"https:\/\/portaltela.pt\/api\/wp\/v2\/posts\/205947\/revisions"}],"wp:featuredmedia":[{"embeddable":true,"href":"https:\/\/portaltela.pt\/api\/wp\/v2\/media\/205950"}],"wp:attachment":[{"href":"https:\/\/portaltela.pt\/api\/wp\/v2\/media?parent=205947"}],"wp:term":[{"taxonomy":"category","embeddable":true,"href":"https:\/\/portaltela.pt\/api\/wp\/v2\/categories?post=205947"},{"taxonomy":"post_tag","embeddable":true,"href":"https:\/\/portaltela.pt\/api\/wp\/v2\/tags?post=205947"}],"curies":[{"name":"wp","href":"https:\/\/api.w.org\/{rel}","templated":true}]}}