{"id":205917,"date":"2026-02-09T16:55:00","date_gmt":"2026-02-09T19:55:00","guid":{"rendered":"https:\/\/portaltela.pt\/noticias\/2026\/02\/09\/creche-funcionario-culpado-de-violacao-e-agressao-a-cinco-criancas-no-reino-unido\/"},"modified":"2026-02-09T16:55:00","modified_gmt":"2026-02-09T19:55:00","slug":"creche-funcionario-culpado-de-violacao-e-agressao-a-cinco-criancas-no-reino-unido","status":"publish","type":"post","link":"https:\/\/portaltela.pt\/noticias\/2026\/02\/09\/creche-funcionario-culpado-de-violacao-e-agressao-a-cinco-criancas-no-reino-unido\/","title":{"rendered":"Creche: funcion\u00e1rio culpado de viola\u00e7\u00e3o e agress\u00e3o a cinco crian\u00e7as no Reino Unido"},"content":{"rendered":"<p>Um funcion\u00e1rio de uma creche em Bristol, no Reino Unido, foi considerado culpado de viola\u00e7\u00e3o e agress\u00e3o sexual contra cinco crian\u00e7as com idades entre dois e tr\u00eas anos. Nathan Bennett, de 30 anos, enfrentou duas acusa\u00e7\u00f5es de viola\u00e7\u00e3o de uma crian\u00e7a menor, quatro de agress\u00e3o sexual contra uma crian\u00e7a menor e duas de agress\u00e3o sexual com penetra\u00e7\u00e3o contra uma crian\u00e7a menor.<\/p>\n<p>O caso chegou aos tribunais ap\u00f3s a gerente da creche ter identificado, em imagens de videovigil\u00e2ncia, Bennett a colocar a m\u00e3o dentro das cal\u00e7as de uma crian\u00e7a. A direc\u00e7\u00e3o da creche encerrou as opera\u00e7\u00f5es no centro da cidade, e a pol\u00edcia iniciou uma investiga\u00e7\u00e3o.<\/p>\n<p>Ao longo de quatro dias de depoimentos, o j\u00fari ouviu relatos de funcion\u00e1rios sobre comportamentos inadequados. Eles mencionaram que Bennett sentava crian\u00e7as no colo por longos per\u00edodos, usava cal\u00e7as com buracos na virilha e demonstrava um comportamento territorial em rela\u00e7\u00e3o a determinadas crian\u00e7as.<\/p>\n<h3>Investiga\u00e7\u00e3o e desfecho<\/h3>\n<p>A pol\u00edcia explicou que Bennett tinha a responsabilidade de cuidar das crian\u00e7as, mas cometeu crimes sexuais contra crian\u00e7as muito pequenas no local de trabalho. A investiga\u00e7\u00e3o envolveu fam\u00edlias e profissionais da creche, causando angustia entre todos os envolvidos, segundo a Inspetora Lucy Ford.<\/p>\n","protected":false},"excerpt":{"rendered":"<ul>\n<li>Um funcion\u00e1rio de uma creche em Bristol, Reino Unido, foi considerado culpado de v\u00e1rios crimes sexuais contra cinco crian\u00e7as com idades entre dois e tr\u00eas anos.<\/li>\n<li>O respons\u00e1vel \u00e9 Nathan Bennett, de 30 anos, condenado por viola\u00e7\u00f5es e agress\u00f5es sexuais contra crian\u00e7as muito pequenas.<\/li>\n<li>O caso surgiu em fevereiro de 2025, quando a gerente da creche, ap\u00f3s imagens de videovigil\u00e2ncia, suspeitou do comportamento de Bennett e ele foi despedido.<\/li>\n<li>A pol\u00edcia iniciou uma investiga\u00e7\u00e3o que levou \u00e0 pris\u00e3o de Bennett e ao encerramento da creche no centro da cidade.<\/li>\n<li>No julgamento de quatro dias, testemunhas relataram que Bennett criava uma rela\u00e7\u00e3o estreita com algumas crian\u00e7as e apresentava comportamentos problem\u00e1ticos no \u00e2mbito do cuidado.<\/li>\n<\/ul>\n","protected":false},"author":2,"featured_media":205918,"comment_status":"closed","ping_status":"closed","sticky":false,"template":"","format":"standard","meta":{"footnotes":""},"categories":[1],"tags":[3990,1759,215,2111,1825,1103],"class_list":["post-205917","post","type-post","status-publish","format-standard","has-post-thumbnail","hentry","category-noticias","tag-crimes-sexuais","tag-infancia","tag-investigacao","tag-reino-unido","tag-violacao","tag-violacao-de-menor-dependente-ou-em-situacao-vulneravel"],"yoast_head":"<!-- This site is optimized with the Yoast SEO plugin v27.2 - https:\/\/yoast.com\/product\/yoast-seo-wordpress\/ -->\n<title>Creche: funcion\u00e1rio culpado de viola\u00e7\u00e3o e agress\u00e3o a cinco crian\u00e7as no Reino Unido - Portal Tela Portugal<\/title>\n<meta name=\"robots\" content=\"index, follow, max-snippet:-1, max-image-preview:large, max-video-preview:-1\" \/>\n<meta property=\"og:locale\" content=\"pt_PT\" \/>\n<meta property=\"og:type\" content=\"article\" \/>\n<meta property=\"og:title\" content=\"Creche: funcion\u00e1rio culpado de viola\u00e7\u00e3o e agress\u00e3o a cinco crian\u00e7as no Reino Unido - Portal Tela Portugal\" \/>\n<meta property=\"og:description\" content=\"Um funcion\u00e1rio de uma creche em Bristol, Reino Unido, foi considerado culpado de v\u00e1rios crimes sexuais contra cinco crian\u00e7as com idades entre dois e tr\u00eas anos. O respons\u00e1vel \u00e9 Nathan Bennett, de 30 anos, condenado por viola\u00e7\u00f5es e agress\u00f5es sexuais contra crian\u00e7as muito pequenas. O caso surgiu em fevereiro de 2025, quando a gerente da creche, ap\u00f3s imagens de videovigil\u00e2ncia, suspeitou do comportamento de Bennett e ele foi despedido. A pol\u00edcia iniciou uma investiga\u00e7\u00e3o que levou \u00e0 pris\u00e3o de Bennett e ao encerramento da creche no centro da cidade. No julgamento de quatro dias, testemunhas relataram que Bennett criava uma rela\u00e7\u00e3o estreita com algumas crian\u00e7as e apresentava comportamentos problem\u00e1ticos no \u00e2mbito do cuidado.\" \/>\n<meta property=\"og:url\" content=\"https:\/\/portaltela.pt\/noticias\/2026\/02\/09\/creche-funcionario-culpado-de-violacao-e-agressao-a-cinco-criancas-no-reino-unido\/\" \/>\n<meta property=\"og:site_name\" content=\"Portal Tela Portugal\" \/>\n<meta property=\"article:published_time\" content=\"2026-02-09T19:55:00+00:00\" \/>\n<meta name=\"author\" content=\"Telinha\" \/>\n<meta name=\"twitter:card\" content=\"summary_large_image\" \/>\n<meta name=\"twitter:label1\" content=\"Escrito por\" \/>\n\t<meta name=\"twitter:data1\" content=\"Telinha\" \/>\n\t<meta name=\"twitter:label2\" content=\"Tempo estimado de leitura\" \/>\n\t<meta name=\"twitter:data2\" content=\"1 minuto\" \/>\n<script type=\"application\/ld+json\" class=\"yoast-schema-graph\">{\"@context\":\"https:\/\/schema.org\",\"@graph\":[{\"@type\":\"Article\",\"@id\":\"https:\/\/portaltela.pt\/noticias\/2026\/02\/09\/creche-funcionario-culpado-de-violacao-e-agressao-a-cinco-criancas-no-reino-unido\/#article\",\"isPartOf\":{\"@id\":\"https:\/\/portaltela.pt\/noticias\/2026\/02\/09\/creche-funcionario-culpado-de-violacao-e-agressao-a-cinco-criancas-no-reino-unido\/\"},\"author\":{\"name\":\"Telinha\",\"@id\":\"https:\/\/portaltela.pt\/#\/schema\/person\/c4278d4a6028830caff9ee44b42d32ed\"},\"headline\":\"Creche: funcion\u00e1rio culpado de viola\u00e7\u00e3o e agress\u00e3o a cinco crian\u00e7as no Reino Unido\",\"datePublished\":\"2026-02-09T19:55:00+00:00\",\"mainEntityOfPage\":{\"@id\":\"https:\/\/portaltela.pt\/noticias\/2026\/02\/09\/creche-funcionario-culpado-de-violacao-e-agressao-a-cinco-criancas-no-reino-unido\/\"},\"wordCount\":245,\"image\":{\"@id\":\"https:\/\/portaltela.pt\/noticias\/2026\/02\/09\/creche-funcionario-culpado-de-violacao-e-agressao-a-cinco-criancas-no-reino-unido\/#primaryimage\"},\"thumbnailUrl\":\"https:\/\/portaltela.pt\/s.01k8rhncp4jt1\/2026\/02\/img_1500x1000uu2026-02-09-19-50-47-2265967.jpg\",\"keywords\":[\"crimes sexuais\",\"inf\u00e2ncia\",\"investiga\u00e7\u00e3o\",\"Reino Unido\",\"viola\u00e7\u00e3o\",\"viola\u00e7\u00e3o de menor dependente ou em situa\u00e7\u00e3o vulner\u00e1vel\"],\"articleSection\":[\"Not\u00edcias\"],\"inLanguage\":\"pt-PT\"},{\"@type\":\"WebPage\",\"@id\":\"https:\/\/portaltela.pt\/noticias\/2026\/02\/09\/creche-funcionario-culpado-de-violacao-e-agressao-a-cinco-criancas-no-reino-unido\/\",\"url\":\"https:\/\/portaltela.pt\/noticias\/2026\/02\/09\/creche-funcionario-culpado-de-violacao-e-agressao-a-cinco-criancas-no-reino-unido\/\",\"name\":\"Creche: funcion\u00e1rio culpado de viola\u00e7\u00e3o e agress\u00e3o a cinco crian\u00e7as no Reino Unido - Portal Tela Portugal\",\"isPartOf\":{\"@id\":\"https:\/\/portaltela.pt\/#website\"},\"primaryImageOfPage\":{\"@id\":\"https:\/\/portaltela.pt\/noticias\/2026\/02\/09\/creche-funcionario-culpado-de-violacao-e-agressao-a-cinco-criancas-no-reino-unido\/#primaryimage\"},\"image\":{\"@id\":\"https:\/\/portaltela.pt\/noticias\/2026\/02\/09\/creche-funcionario-culpado-de-violacao-e-agressao-a-cinco-criancas-no-reino-unido\/#primaryimage\"},\"thumbnailUrl\":\"https:\/\/portaltela.pt\/s.01k8rhncp4jt1\/2026\/02\/img_1500x1000uu2026-02-09-19-50-47-2265967.jpg\",\"datePublished\":\"2026-02-09T19:55:00+00:00\",\"author\":{\"@id\":\"https:\/\/portaltela.pt\/#\/schema\/person\/c4278d4a6028830caff9ee44b42d32ed\"},\"breadcrumb\":{\"@id\":\"https:\/\/portaltela.pt\/noticias\/2026\/02\/09\/creche-funcionario-culpado-de-violacao-e-agressao-a-cinco-criancas-no-reino-unido\/#breadcrumb\"},\"inLanguage\":\"pt-PT\",\"potentialAction\":[{\"@type\":\"ReadAction\",\"target\":[\"https:\/\/portaltela.pt\/noticias\/2026\/02\/09\/creche-funcionario-culpado-de-violacao-e-agressao-a-cinco-criancas-no-reino-unido\/\"]}]},{\"@type\":\"ImageObject\",\"inLanguage\":\"pt-PT\",\"@id\":\"https:\/\/portaltela.pt\/noticias\/2026\/02\/09\/creche-funcionario-culpado-de-violacao-e-agressao-a-cinco-criancas-no-reino-unido\/#primaryimage\",\"url\":\"https:\/\/portaltela.pt\/s.01k8rhncp4jt1\/2026\/02\/img_1500x1000uu2026-02-09-19-50-47-2265967.jpg\",\"contentUrl\":\"https:\/\/portaltela.pt\/s.01k8rhncp4jt1\/2026\/02\/img_1500x1000uu2026-02-09-19-50-47-2265967.jpg\",\"width\":796,\"height\":448,\"caption\":\"Nathan Bennett est\u00e1 acusado de v\u00e1rios crimes\"},{\"@type\":\"BreadcrumbList\",\"@id\":\"https:\/\/portaltela.pt\/noticias\/2026\/02\/09\/creche-funcionario-culpado-de-violacao-e-agressao-a-cinco-criancas-no-reino-unido\/#breadcrumb\",\"itemListElement\":[{\"@type\":\"ListItem\",\"position\":1,\"name\":\"In\u00edcio\",\"item\":\"https:\/\/portaltela.pt\/\"},{\"@type\":\"ListItem\",\"position\":2,\"name\":\"Creche: funcion\u00e1rio culpado de viola\u00e7\u00e3o e agress\u00e3o a cinco crian\u00e7as no Reino Unido\"}]},{\"@type\":\"WebSite\",\"@id\":\"https:\/\/portaltela.pt\/#website\",\"url\":\"https:\/\/portaltela.pt\/\",\"name\":\"Portal Tela Portugal\",\"description\":\"\",\"potentialAction\":[{\"@type\":\"SearchAction\",\"target\":{\"@type\":\"EntryPoint\",\"urlTemplate\":\"https:\/\/portaltela.pt\/?s={search_term_string}\"},\"query-input\":{\"@type\":\"PropertyValueSpecification\",\"valueRequired\":true,\"valueName\":\"search_term_string\"}}],\"inLanguage\":\"pt-PT\"},{\"@type\":\"Person\",\"@id\":\"https:\/\/portaltela.pt\/#\/schema\/person\/c4278d4a6028830caff9ee44b42d32ed\",\"name\":\"Telinha\",\"image\":{\"@type\":\"ImageObject\",\"inLanguage\":\"pt-PT\",\"@id\":\"https:\/\/portaltela.pt\/s.01k8rhncp4jt1\/2025\/11\/talking-bot-125x125.png\",\"url\":\"https:\/\/portaltela.pt\/s.01k8rhncp4jt1\/2025\/11\/talking-bot-125x125.png\",\"contentUrl\":\"https:\/\/portaltela.pt\/s.01k8rhncp4jt1\/2025\/11\/talking-bot-125x125.png\",\"caption\":\"Telinha\"},\"sameAs\":[\"https:\/\/portaltela.pt\/\"],\"url\":\"https:\/\/portaltela.pt\/por\/367410592786\/\"}]}<\/script>\n<!-- \/ Yoast SEO plugin. -->","yoast_head_json":{"title":"Creche: funcion\u00e1rio culpado de viola\u00e7\u00e3o e agress\u00e3o a cinco crian\u00e7as no Reino Unido - Portal Tela Portugal","robots":{"index":"index","follow":"follow","max-snippet":"max-snippet:-1","max-image-preview":"max-image-preview:large","max-video-preview":"max-video-preview:-1"},"og_locale":"pt_PT","og_type":"article","og_title":"Creche: funcion\u00e1rio culpado de viola\u00e7\u00e3o e agress\u00e3o a cinco crian\u00e7as no Reino Unido - Portal Tela Portugal","og_description":"Um funcion\u00e1rio de uma creche em Bristol, Reino Unido, foi considerado culpado de v\u00e1rios crimes sexuais contra cinco crian\u00e7as com idades entre dois e tr\u00eas anos. O respons\u00e1vel \u00e9 Nathan Bennett, de 30 anos, condenado por viola\u00e7\u00f5es e agress\u00f5es sexuais contra crian\u00e7as muito pequenas. O caso surgiu em fevereiro de 2025, quando a gerente da creche, ap\u00f3s imagens de videovigil\u00e2ncia, suspeitou do comportamento de Bennett e ele foi despedido. A pol\u00edcia iniciou uma investiga\u00e7\u00e3o que levou \u00e0 pris\u00e3o de Bennett e ao encerramento da creche no centro da cidade. No julgamento de quatro dias, testemunhas relataram que Bennett criava uma rela\u00e7\u00e3o estreita com algumas crian\u00e7as e apresentava comportamentos problem\u00e1ticos no \u00e2mbito do cuidado.","og_url":"https:\/\/portaltela.pt\/noticias\/2026\/02\/09\/creche-funcionario-culpado-de-violacao-e-agressao-a-cinco-criancas-no-reino-unido\/","og_site_name":"Portal Tela Portugal","article_published_time":"2026-02-09T19:55:00+00:00","author":"Telinha","twitter_card":"summary_large_image","twitter_misc":{"Escrito por":"Telinha","Tempo estimado de leitura":"1 minuto"},"schema":{"@context":"https:\/\/schema.org","@graph":[{"@type":"Article","@id":"https:\/\/portaltela.pt\/noticias\/2026\/02\/09\/creche-funcionario-culpado-de-violacao-e-agressao-a-cinco-criancas-no-reino-unido\/#article","isPartOf":{"@id":"https:\/\/portaltela.pt\/noticias\/2026\/02\/09\/creche-funcionario-culpado-de-violacao-e-agressao-a-cinco-criancas-no-reino-unido\/"},"author":{"name":"Telinha","@id":"https:\/\/portaltela.pt\/#\/schema\/person\/c4278d4a6028830caff9ee44b42d32ed"},"headline":"Creche: funcion\u00e1rio culpado de viola\u00e7\u00e3o e agress\u00e3o a cinco crian\u00e7as no Reino Unido","datePublished":"2026-02-09T19:55:00+00:00","mainEntityOfPage":{"@id":"https:\/\/portaltela.pt\/noticias\/2026\/02\/09\/creche-funcionario-culpado-de-violacao-e-agressao-a-cinco-criancas-no-reino-unido\/"},"wordCount":245,"image":{"@id":"https:\/\/portaltela.pt\/noticias\/2026\/02\/09\/creche-funcionario-culpado-de-violacao-e-agressao-a-cinco-criancas-no-reino-unido\/#primaryimage"},"thumbnailUrl":"https:\/\/portaltela.pt\/s.01k8rhncp4jt1\/2026\/02\/img_1500x1000uu2026-02-09-19-50-47-2265967.jpg","keywords":["crimes sexuais","inf\u00e2ncia","investiga\u00e7\u00e3o","Reino Unido","viola\u00e7\u00e3o","viola\u00e7\u00e3o de menor dependente ou em situa\u00e7\u00e3o vulner\u00e1vel"],"articleSection":["Not\u00edcias"],"inLanguage":"pt-PT"},{"@type":"WebPage","@id":"https:\/\/portaltela.pt\/noticias\/2026\/02\/09\/creche-funcionario-culpado-de-violacao-e-agressao-a-cinco-criancas-no-reino-unido\/","url":"https:\/\/portaltela.pt\/noticias\/2026\/02\/09\/creche-funcionario-culpado-de-violacao-e-agressao-a-cinco-criancas-no-reino-unido\/","name":"Creche: funcion\u00e1rio culpado de viola\u00e7\u00e3o e agress\u00e3o a cinco crian\u00e7as no Reino Unido - Portal Tela Portugal","isPartOf":{"@id":"https:\/\/portaltela.pt\/#website"},"primaryImageOfPage":{"@id":"https:\/\/portaltela.pt\/noticias\/2026\/02\/09\/creche-funcionario-culpado-de-violacao-e-agressao-a-cinco-criancas-no-reino-unido\/#primaryimage"},"image":{"@id":"https:\/\/portaltela.pt\/noticias\/2026\/02\/09\/creche-funcionario-culpado-de-violacao-e-agressao-a-cinco-criancas-no-reino-unido\/#primaryimage"},"thumbnailUrl":"https:\/\/portaltela.pt\/s.01k8rhncp4jt1\/2026\/02\/img_1500x1000uu2026-02-09-19-50-47-2265967.jpg","datePublished":"2026-02-09T19:55:00+00:00","author":{"@id":"https:\/\/portaltela.pt\/#\/schema\/person\/c4278d4a6028830caff9ee44b42d32ed"},"breadcrumb":{"@id":"https:\/\/portaltela.pt\/noticias\/2026\/02\/09\/creche-funcionario-culpado-de-violacao-e-agressao-a-cinco-criancas-no-reino-unido\/#breadcrumb"},"inLanguage":"pt-PT","potentialAction":[{"@type":"ReadAction","target":["https:\/\/portaltela.pt\/noticias\/2026\/02\/09\/creche-funcionario-culpado-de-violacao-e-agressao-a-cinco-criancas-no-reino-unido\/"]}]},{"@type":"ImageObject","inLanguage":"pt-PT","@id":"https:\/\/portaltela.pt\/noticias\/2026\/02\/09\/creche-funcionario-culpado-de-violacao-e-agressao-a-cinco-criancas-no-reino-unido\/#primaryimage","url":"https:\/\/portaltela.pt\/s.01k8rhncp4jt1\/2026\/02\/img_1500x1000uu2026-02-09-19-50-47-2265967.jpg","contentUrl":"https:\/\/portaltela.pt\/s.01k8rhncp4jt1\/2026\/02\/img_1500x1000uu2026-02-09-19-50-47-2265967.jpg","width":796,"height":448,"caption":"Nathan Bennett est\u00e1 acusado de v\u00e1rios crimes"},{"@type":"BreadcrumbList","@id":"https:\/\/portaltela.pt\/noticias\/2026\/02\/09\/creche-funcionario-culpado-de-violacao-e-agressao-a-cinco-criancas-no-reino-unido\/#breadcrumb","itemListElement":[{"@type":"ListItem","position":1,"name":"In\u00edcio","item":"https:\/\/portaltela.pt\/"},{"@type":"ListItem","position":2,"name":"Creche: funcion\u00e1rio culpado de viola\u00e7\u00e3o e agress\u00e3o a cinco crian\u00e7as no Reino Unido"}]},{"@type":"WebSite","@id":"https:\/\/portaltela.pt\/#website","url":"https:\/\/portaltela.pt\/","name":"Portal Tela Portugal","description":"","potentialAction":[{"@type":"SearchAction","target":{"@type":"EntryPoint","urlTemplate":"https:\/\/portaltela.pt\/?s={search_term_string}"},"query-input":{"@type":"PropertyValueSpecification","valueRequired":true,"valueName":"search_term_string"}}],"inLanguage":"pt-PT"},{"@type":"Person","@id":"https:\/\/portaltela.pt\/#\/schema\/person\/c4278d4a6028830caff9ee44b42d32ed","name":"Telinha","image":{"@type":"ImageObject","inLanguage":"pt-PT","@id":"https:\/\/portaltela.pt\/s.01k8rhncp4jt1\/2025\/11\/talking-bot-125x125.png","url":"https:\/\/portaltela.pt\/s.01k8rhncp4jt1\/2025\/11\/talking-bot-125x125.png","contentUrl":"https:\/\/portaltela.pt\/s.01k8rhncp4jt1\/2025\/11\/talking-bot-125x125.png","caption":"Telinha"},"sameAs":["https:\/\/portaltela.pt\/"],"url":"https:\/\/portaltela.pt\/por\/367410592786\/"}]}},"_links":{"self":[{"href":"https:\/\/portaltela.pt\/api\/wp\/v2\/posts\/205917","targetHints":{"allow":["GET"]}}],"collection":[{"href":"https:\/\/portaltela.pt\/api\/wp\/v2\/posts"}],"about":[{"href":"https:\/\/portaltela.pt\/api\/wp\/v2\/types\/post"}],"author":[{"embeddable":true,"href":"https:\/\/portaltela.pt\/api\/wp\/v2\/users\/2"}],"replies":[{"embeddable":true,"href":"https:\/\/portaltela.pt\/api\/wp\/v2\/comments?post=205917"}],"version-history":[{"count":0,"href":"https:\/\/portaltela.pt\/api\/wp\/v2\/posts\/205917\/revisions"}],"wp:featuredmedia":[{"embeddable":true,"href":"https:\/\/portaltela.pt\/api\/wp\/v2\/media\/205918"}],"wp:attachment":[{"href":"https:\/\/portaltela.pt\/api\/wp\/v2\/media?parent=205917"}],"wp:term":[{"taxonomy":"category","embeddable":true,"href":"https:\/\/portaltela.pt\/api\/wp\/v2\/categories?post=205917"},{"taxonomy":"post_tag","embeddable":true,"href":"https:\/\/portaltela.pt\/api\/wp\/v2\/tags?post=205917"}],"curies":[{"name":"wp","href":"https:\/\/api.w.org\/{rel}","templated":true}]}}