{"id":205892,"date":"2026-02-09T16:18:00","date_gmt":"2026-02-09T19:18:00","guid":{"rendered":"https:\/\/portaltela.pt\/noticias\/2026\/02\/09\/colisao-entre-dois-carros-deixa-um-ferido-em-ovar\/"},"modified":"2026-02-09T16:18:00","modified_gmt":"2026-02-09T19:18:00","slug":"colisao-entre-dois-carros-deixa-um-ferido-em-ovar","status":"publish","type":"post","link":"https:\/\/portaltela.pt\/noticias\/2026\/02\/09\/colisao-entre-dois-carros-deixa-um-ferido-em-ovar\/","title":{"rendered":"Colis\u00e3o entre dois carros deixa um ferido em Ovar"},"content":{"rendered":"<p>Uma colis\u00e3o entre dois carros, ocorrida esta tarde em Ovar, deixou uma mulher com ferimentos ligeiros. O incidente aconteceu por volta das 16h30 no cruzamento da Rua da Mariana com a Rua Alexandre S\u00e1 Pinto, em Gondozende, Esmoriz.<\/p>\n<p>Os bombeiros de Esmoriz prestaram os primeiros socorros e transportaram a v\u00edtima ao Hospital de Santa Maria da Feira. A GNR de Esmoriz foi chamada para investigar as causas do acidente.<\/p>\n<p>A institui\u00e7\u00e3o policial continua a tratar o caso como prioridade de investiga\u00e7\u00e3o, sem que, at\u00e9 ao momento, tenha sido apurada qualquer causa definitiva.<\/p>\n","protected":false},"excerpt":{"rendered":"<ul>\n<li>Uma mulher sofreu ferimentos ligeiros numa colis\u00e3o entre dois carros em Gondozende, Esmoriz, concelho de Ovar, esta tarde de segunda-feira.<\/li>\n<li>O acidente ocorreu cerca das 16h30 no cruzamento da rua da Mariana com a rua Alexandre S\u00e1 Pinto.<\/li>\n<li>Os bombeiros de Esmoriz estiveram no local e transportaram a v\u00edtima para o hospital de Santa Maria da Feira.<\/li>\n<li>A Guarda Nacional Republicana de Esmoriz est\u00e1 a investigar as causas do acidente.<\/li>\n<li>N\u00e3o h\u00e1 informa\u00e7\u00e3o sobre outras feridas.<\/li>\n<\/ul>\n","protected":false},"author":2,"featured_media":205895,"comment_status":"closed","ping_status":"closed","sticky":false,"template":"","format":"standard","meta":{"footnotes":""},"categories":[1],"tags":[5487,4169,5695,3449,1380,3210],"class_list":["post-205892","post","type-post","status-publish","format-standard","has-post-thumbnail","hentry","category-noticias","tag-acidente","tag-acidente-rodoviario","tag-esmoriz","tag-feridos","tag-gnr","tag-ovar"],"yoast_head":"<!-- This site is optimized with the Yoast SEO plugin v27.2 - https:\/\/yoast.com\/product\/yoast-seo-wordpress\/ -->\n<title>Colis\u00e3o entre dois carros deixa um ferido em Ovar - Portal Tela Portugal<\/title>\n<meta name=\"robots\" content=\"index, follow, max-snippet:-1, max-image-preview:large, max-video-preview:-1\" \/>\n<meta property=\"og:locale\" content=\"pt_PT\" \/>\n<meta property=\"og:type\" content=\"article\" \/>\n<meta property=\"og:title\" content=\"Colis\u00e3o entre dois carros deixa um ferido em Ovar - Portal Tela Portugal\" \/>\n<meta property=\"og:description\" content=\"Uma mulher sofreu ferimentos ligeiros numa colis\u00e3o entre dois carros em Gondozende, Esmoriz, concelho de Ovar, esta tarde de segunda-feira. O acidente ocorreu cerca das 16h30 no cruzamento da rua da Mariana com a rua Alexandre S\u00e1 Pinto. Os bombeiros de Esmoriz estiveram no local e transportaram a v\u00edtima para o hospital de Santa Maria da Feira. A Guarda Nacional Republicana de Esmoriz est\u00e1 a investigar as causas do acidente. N\u00e3o h\u00e1 informa\u00e7\u00e3o sobre outras feridas.\" \/>\n<meta property=\"og:url\" content=\"https:\/\/portaltela.pt\/noticias\/2026\/02\/09\/colisao-entre-dois-carros-deixa-um-ferido-em-ovar\/\" \/>\n<meta property=\"og:site_name\" content=\"Portal Tela Portugal\" \/>\n<meta property=\"article:published_time\" content=\"2026-02-09T19:18:00+00:00\" \/>\n<meta name=\"author\" content=\"Telinha\" \/>\n<meta name=\"twitter:card\" content=\"summary_large_image\" \/>\n<meta name=\"twitter:label1\" content=\"Escrito por\" \/>\n\t<meta name=\"twitter:data1\" content=\"Telinha\" \/>\n<script type=\"application\/ld+json\" class=\"yoast-schema-graph\">{\"@context\":\"https:\/\/schema.org\",\"@graph\":[{\"@type\":\"Article\",\"@id\":\"https:\/\/portaltela.pt\/noticias\/2026\/02\/09\/colisao-entre-dois-carros-deixa-um-ferido-em-ovar\/#article\",\"isPartOf\":{\"@id\":\"https:\/\/portaltela.pt\/noticias\/2026\/02\/09\/colisao-entre-dois-carros-deixa-um-ferido-em-ovar\/\"},\"author\":{\"name\":\"Telinha\",\"@id\":\"https:\/\/portaltela.pt\/#\/schema\/person\/c4278d4a6028830caff9ee44b42d32ed\"},\"headline\":\"Colis\u00e3o entre dois carros deixa um ferido em Ovar\",\"datePublished\":\"2026-02-09T19:18:00+00:00\",\"mainEntityOfPage\":{\"@id\":\"https:\/\/portaltela.pt\/noticias\/2026\/02\/09\/colisao-entre-dois-carros-deixa-um-ferido-em-ovar\/\"},\"wordCount\":106,\"image\":{\"@id\":\"https:\/\/portaltela.pt\/noticias\/2026\/02\/09\/colisao-entre-dois-carros-deixa-um-ferido-em-ovar\/#primaryimage\"},\"thumbnailUrl\":\"https:\/\/portaltela.pt\/s.01k8rhncp4jt1\/2026\/02\/img_1500x1000uu2026-02-09-19-14-00-2265959.jpg\",\"keywords\":[\"acidente\",\"acidente rodovi\u00e1rio\",\"Esmoriz\",\"feridos\",\"GNR\",\"Ovar\"],\"articleSection\":[\"Not\u00edcias\"],\"inLanguage\":\"pt-PT\"},{\"@type\":\"WebPage\",\"@id\":\"https:\/\/portaltela.pt\/noticias\/2026\/02\/09\/colisao-entre-dois-carros-deixa-um-ferido-em-ovar\/\",\"url\":\"https:\/\/portaltela.pt\/noticias\/2026\/02\/09\/colisao-entre-dois-carros-deixa-um-ferido-em-ovar\/\",\"name\":\"Colis\u00e3o entre dois carros deixa um ferido em Ovar - Portal Tela Portugal\",\"isPartOf\":{\"@id\":\"https:\/\/portaltela.pt\/#website\"},\"primaryImageOfPage\":{\"@id\":\"https:\/\/portaltela.pt\/noticias\/2026\/02\/09\/colisao-entre-dois-carros-deixa-um-ferido-em-ovar\/#primaryimage\"},\"image\":{\"@id\":\"https:\/\/portaltela.pt\/noticias\/2026\/02\/09\/colisao-entre-dois-carros-deixa-um-ferido-em-ovar\/#primaryimage\"},\"thumbnailUrl\":\"https:\/\/portaltela.pt\/s.01k8rhncp4jt1\/2026\/02\/img_1500x1000uu2026-02-09-19-14-00-2265959.jpg\",\"datePublished\":\"2026-02-09T19:18:00+00:00\",\"author\":{\"@id\":\"https:\/\/portaltela.pt\/#\/schema\/person\/c4278d4a6028830caff9ee44b42d32ed\"},\"breadcrumb\":{\"@id\":\"https:\/\/portaltela.pt\/noticias\/2026\/02\/09\/colisao-entre-dois-carros-deixa-um-ferido-em-ovar\/#breadcrumb\"},\"inLanguage\":\"pt-PT\",\"potentialAction\":[{\"@type\":\"ReadAction\",\"target\":[\"https:\/\/portaltela.pt\/noticias\/2026\/02\/09\/colisao-entre-dois-carros-deixa-um-ferido-em-ovar\/\"]}]},{\"@type\":\"ImageObject\",\"inLanguage\":\"pt-PT\",\"@id\":\"https:\/\/portaltela.pt\/noticias\/2026\/02\/09\/colisao-entre-dois-carros-deixa-um-ferido-em-ovar\/#primaryimage\",\"url\":\"https:\/\/portaltela.pt\/s.01k8rhncp4jt1\/2026\/02\/img_1500x1000uu2026-02-09-19-14-00-2265959.jpg\",\"contentUrl\":\"https:\/\/portaltela.pt\/s.01k8rhncp4jt1\/2026\/02\/img_1500x1000uu2026-02-09-19-14-00-2265959.jpg\",\"width\":796,\"height\":448,\"caption\":\"Uma pessoa ferida em colis\u00e3o autom\u00f3vel em Ovar\"},{\"@type\":\"BreadcrumbList\",\"@id\":\"https:\/\/portaltela.pt\/noticias\/2026\/02\/09\/colisao-entre-dois-carros-deixa-um-ferido-em-ovar\/#breadcrumb\",\"itemListElement\":[{\"@type\":\"ListItem\",\"position\":1,\"name\":\"In\u00edcio\",\"item\":\"https:\/\/portaltela.pt\/\"},{\"@type\":\"ListItem\",\"position\":2,\"name\":\"Colis\u00e3o entre dois carros deixa um ferido em Ovar\"}]},{\"@type\":\"WebSite\",\"@id\":\"https:\/\/portaltela.pt\/#website\",\"url\":\"https:\/\/portaltela.pt\/\",\"name\":\"Portal Tela Portugal\",\"description\":\"\",\"potentialAction\":[{\"@type\":\"SearchAction\",\"target\":{\"@type\":\"EntryPoint\",\"urlTemplate\":\"https:\/\/portaltela.pt\/?s={search_term_string}\"},\"query-input\":{\"@type\":\"PropertyValueSpecification\",\"valueRequired\":true,\"valueName\":\"search_term_string\"}}],\"inLanguage\":\"pt-PT\"},{\"@type\":\"Person\",\"@id\":\"https:\/\/portaltela.pt\/#\/schema\/person\/c4278d4a6028830caff9ee44b42d32ed\",\"name\":\"Telinha\",\"image\":{\"@type\":\"ImageObject\",\"inLanguage\":\"pt-PT\",\"@id\":\"https:\/\/portaltela.pt\/s.01k8rhncp4jt1\/2025\/11\/talking-bot-125x125.png\",\"url\":\"https:\/\/portaltela.pt\/s.01k8rhncp4jt1\/2025\/11\/talking-bot-125x125.png\",\"contentUrl\":\"https:\/\/portaltela.pt\/s.01k8rhncp4jt1\/2025\/11\/talking-bot-125x125.png\",\"caption\":\"Telinha\"},\"sameAs\":[\"https:\/\/portaltela.pt\/\"],\"url\":\"https:\/\/portaltela.pt\/por\/367410592786\/\"}]}<\/script>\n<!-- \/ Yoast SEO plugin. -->","yoast_head_json":{"title":"Colis\u00e3o entre dois carros deixa um ferido em Ovar - Portal Tela Portugal","robots":{"index":"index","follow":"follow","max-snippet":"max-snippet:-1","max-image-preview":"max-image-preview:large","max-video-preview":"max-video-preview:-1"},"og_locale":"pt_PT","og_type":"article","og_title":"Colis\u00e3o entre dois carros deixa um ferido em Ovar - Portal Tela Portugal","og_description":"Uma mulher sofreu ferimentos ligeiros numa colis\u00e3o entre dois carros em Gondozende, Esmoriz, concelho de Ovar, esta tarde de segunda-feira. O acidente ocorreu cerca das 16h30 no cruzamento da rua da Mariana com a rua Alexandre S\u00e1 Pinto. Os bombeiros de Esmoriz estiveram no local e transportaram a v\u00edtima para o hospital de Santa Maria da Feira. A Guarda Nacional Republicana de Esmoriz est\u00e1 a investigar as causas do acidente. N\u00e3o h\u00e1 informa\u00e7\u00e3o sobre outras feridas.","og_url":"https:\/\/portaltela.pt\/noticias\/2026\/02\/09\/colisao-entre-dois-carros-deixa-um-ferido-em-ovar\/","og_site_name":"Portal Tela Portugal","article_published_time":"2026-02-09T19:18:00+00:00","author":"Telinha","twitter_card":"summary_large_image","twitter_misc":{"Escrito por":"Telinha"},"schema":{"@context":"https:\/\/schema.org","@graph":[{"@type":"Article","@id":"https:\/\/portaltela.pt\/noticias\/2026\/02\/09\/colisao-entre-dois-carros-deixa-um-ferido-em-ovar\/#article","isPartOf":{"@id":"https:\/\/portaltela.pt\/noticias\/2026\/02\/09\/colisao-entre-dois-carros-deixa-um-ferido-em-ovar\/"},"author":{"name":"Telinha","@id":"https:\/\/portaltela.pt\/#\/schema\/person\/c4278d4a6028830caff9ee44b42d32ed"},"headline":"Colis\u00e3o entre dois carros deixa um ferido em Ovar","datePublished":"2026-02-09T19:18:00+00:00","mainEntityOfPage":{"@id":"https:\/\/portaltela.pt\/noticias\/2026\/02\/09\/colisao-entre-dois-carros-deixa-um-ferido-em-ovar\/"},"wordCount":106,"image":{"@id":"https:\/\/portaltela.pt\/noticias\/2026\/02\/09\/colisao-entre-dois-carros-deixa-um-ferido-em-ovar\/#primaryimage"},"thumbnailUrl":"https:\/\/portaltela.pt\/s.01k8rhncp4jt1\/2026\/02\/img_1500x1000uu2026-02-09-19-14-00-2265959.jpg","keywords":["acidente","acidente rodovi\u00e1rio","Esmoriz","feridos","GNR","Ovar"],"articleSection":["Not\u00edcias"],"inLanguage":"pt-PT"},{"@type":"WebPage","@id":"https:\/\/portaltela.pt\/noticias\/2026\/02\/09\/colisao-entre-dois-carros-deixa-um-ferido-em-ovar\/","url":"https:\/\/portaltela.pt\/noticias\/2026\/02\/09\/colisao-entre-dois-carros-deixa-um-ferido-em-ovar\/","name":"Colis\u00e3o entre dois carros deixa um ferido em Ovar - Portal Tela Portugal","isPartOf":{"@id":"https:\/\/portaltela.pt\/#website"},"primaryImageOfPage":{"@id":"https:\/\/portaltela.pt\/noticias\/2026\/02\/09\/colisao-entre-dois-carros-deixa-um-ferido-em-ovar\/#primaryimage"},"image":{"@id":"https:\/\/portaltela.pt\/noticias\/2026\/02\/09\/colisao-entre-dois-carros-deixa-um-ferido-em-ovar\/#primaryimage"},"thumbnailUrl":"https:\/\/portaltela.pt\/s.01k8rhncp4jt1\/2026\/02\/img_1500x1000uu2026-02-09-19-14-00-2265959.jpg","datePublished":"2026-02-09T19:18:00+00:00","author":{"@id":"https:\/\/portaltela.pt\/#\/schema\/person\/c4278d4a6028830caff9ee44b42d32ed"},"breadcrumb":{"@id":"https:\/\/portaltela.pt\/noticias\/2026\/02\/09\/colisao-entre-dois-carros-deixa-um-ferido-em-ovar\/#breadcrumb"},"inLanguage":"pt-PT","potentialAction":[{"@type":"ReadAction","target":["https:\/\/portaltela.pt\/noticias\/2026\/02\/09\/colisao-entre-dois-carros-deixa-um-ferido-em-ovar\/"]}]},{"@type":"ImageObject","inLanguage":"pt-PT","@id":"https:\/\/portaltela.pt\/noticias\/2026\/02\/09\/colisao-entre-dois-carros-deixa-um-ferido-em-ovar\/#primaryimage","url":"https:\/\/portaltela.pt\/s.01k8rhncp4jt1\/2026\/02\/img_1500x1000uu2026-02-09-19-14-00-2265959.jpg","contentUrl":"https:\/\/portaltela.pt\/s.01k8rhncp4jt1\/2026\/02\/img_1500x1000uu2026-02-09-19-14-00-2265959.jpg","width":796,"height":448,"caption":"Uma pessoa ferida em colis\u00e3o autom\u00f3vel em Ovar"},{"@type":"BreadcrumbList","@id":"https:\/\/portaltela.pt\/noticias\/2026\/02\/09\/colisao-entre-dois-carros-deixa-um-ferido-em-ovar\/#breadcrumb","itemListElement":[{"@type":"ListItem","position":1,"name":"In\u00edcio","item":"https:\/\/portaltela.pt\/"},{"@type":"ListItem","position":2,"name":"Colis\u00e3o entre dois carros deixa um ferido em Ovar"}]},{"@type":"WebSite","@id":"https:\/\/portaltela.pt\/#website","url":"https:\/\/portaltela.pt\/","name":"Portal Tela Portugal","description":"","potentialAction":[{"@type":"SearchAction","target":{"@type":"EntryPoint","urlTemplate":"https:\/\/portaltela.pt\/?s={search_term_string}"},"query-input":{"@type":"PropertyValueSpecification","valueRequired":true,"valueName":"search_term_string"}}],"inLanguage":"pt-PT"},{"@type":"Person","@id":"https:\/\/portaltela.pt\/#\/schema\/person\/c4278d4a6028830caff9ee44b42d32ed","name":"Telinha","image":{"@type":"ImageObject","inLanguage":"pt-PT","@id":"https:\/\/portaltela.pt\/s.01k8rhncp4jt1\/2025\/11\/talking-bot-125x125.png","url":"https:\/\/portaltela.pt\/s.01k8rhncp4jt1\/2025\/11\/talking-bot-125x125.png","contentUrl":"https:\/\/portaltela.pt\/s.01k8rhncp4jt1\/2025\/11\/talking-bot-125x125.png","caption":"Telinha"},"sameAs":["https:\/\/portaltela.pt\/"],"url":"https:\/\/portaltela.pt\/por\/367410592786\/"}]}},"_links":{"self":[{"href":"https:\/\/portaltela.pt\/api\/wp\/v2\/posts\/205892","targetHints":{"allow":["GET"]}}],"collection":[{"href":"https:\/\/portaltela.pt\/api\/wp\/v2\/posts"}],"about":[{"href":"https:\/\/portaltela.pt\/api\/wp\/v2\/types\/post"}],"author":[{"embeddable":true,"href":"https:\/\/portaltela.pt\/api\/wp\/v2\/users\/2"}],"replies":[{"embeddable":true,"href":"https:\/\/portaltela.pt\/api\/wp\/v2\/comments?post=205892"}],"version-history":[{"count":0,"href":"https:\/\/portaltela.pt\/api\/wp\/v2\/posts\/205892\/revisions"}],"wp:featuredmedia":[{"embeddable":true,"href":"https:\/\/portaltela.pt\/api\/wp\/v2\/media\/205895"}],"wp:attachment":[{"href":"https:\/\/portaltela.pt\/api\/wp\/v2\/media?parent=205892"}],"wp:term":[{"taxonomy":"category","embeddable":true,"href":"https:\/\/portaltela.pt\/api\/wp\/v2\/categories?post=205892"},{"taxonomy":"post_tag","embeddable":true,"href":"https:\/\/portaltela.pt\/api\/wp\/v2\/tags?post=205892"}],"curies":[{"name":"wp","href":"https:\/\/api.w.org\/{rel}","templated":true}]}}