{"id":205889,"date":"2026-02-09T16:22:49","date_gmt":"2026-02-09T19:22:49","guid":{"rendered":"https:\/\/portaltela.pt\/noticias\/2026\/02\/09\/psd-madeira-pede-atuacao-firme-e-colaborante-de-antonio-jose-seguro\/"},"modified":"2026-02-09T16:22:49","modified_gmt":"2026-02-09T19:22:49","slug":"psd-madeira-pede-atuacao-firme-e-colaborante-de-antonio-jose-seguro","status":"publish","type":"post","link":"https:\/\/portaltela.pt\/noticias\/politica\/2026\/02\/09\/psd-madeira-pede-atuacao-firme-e-colaborante-de-antonio-jose-seguro\/","title":{"rendered":"PSD\/Madeira pede atua\u00e7\u00e3o firme e colaborante de Ant\u00f3nio Jos\u00e9 Seguro"},"content":{"rendered":"<p>O PSD\/Madeira pediu atua\u00e7\u00e3o firme e colaborante de Ant\u00f3nio Jos\u00e9 Seguro como novo Presidente da Rep\u00fablica, ap\u00f3s a sua elei\u00e7\u00e3o. A Comiss\u00e3o Pol\u00edtica Regional saiu com uma nota, sublinhando a defesa da autonomia regional. Alegeu celebrar a escolha democr\u00e1tica feita pela maioria dos portugueses no fim de semana.<\/p>\n<p>Queremos uma governa\u00e7\u00e3o est\u00e1vel que promova justi\u00e7a social e progresso, mas tamb\u00e9m uma atua\u00e7\u00e3o institucional firme na defesa da autonomia regional, afirma o PSD\/Madeira na mensagem. A nota agradece o ato democr\u00e1tico e aponta para um papel ativo do novo chefe de Estado.<\/p>\n<h3>Defesa da autonomia<\/h3>\n<p>O PSD\/Madeira repudia a posi\u00e7\u00e3o do Governo na mat\u00e9ria do Subs\u00eddio Social de Mobilidade e pede clarifica\u00e7\u00e3o no Parlamento sobre altera\u00e7\u00f5es ao regime. A 18 de fevereiro haver\u00e1 vota\u00e7\u00e3o de uma proposta da Madeira para travar mudan\u00e7as, em especial a exig\u00eancia de declara\u00e7\u00f5es de aus\u00eancia de d\u00edvidas para usufruir do benef\u00edcio.<\/p>\n<p>A bancada madeirense lembra que a mobilidade a\u00e9rea \u00e9 um direito essencial \u00e0 coes\u00e3o territorial, n\u00e3o um privil\u00e9gio sujeito a regras administrativas desajustadas. O acordo pretende preservar a liga\u00e7\u00e3o entre a regi\u00e3o e o continente.<\/p>\n<h3>Contexto e posi\u00e7\u00f5es<\/h3>\n<p>A comiss\u00e3o elogia a evolu\u00e7\u00e3o na Venezuela, considerando-a fundamental para a democracia plena. A liberta\u00e7\u00e3o de presos portugueses e a reabertura do espa\u00e7o a\u00e9reo s\u00e3o sinais positivos de monitoriza\u00e7\u00e3o pela regi\u00e3o. O PSD\/Madeira afirma acompanhar dilig\u00eancias para apoiar os madeirenses residentes.<\/p>\n<p>A nota encerra com a confirma\u00e7\u00e3o de agenda institucional. O Conselho Regional re\u00fane-se a 14 de fevereiro. Festas locais ficam marcadas para 19 de julho, no caso da Herdade do Ch\u00e3o da Lagoa, e 8 de agosto, com a rentr\u00e9e do Porto Santo.<\/p>\n","protected":false},"excerpt":{"rendered":"<ul>\n<li>PSD\/Madeira pede uma atua\u00e7\u00e3o mais firme, atenta e colaborante de Ant\u00f3nio Jos\u00e9 Seguro na defesa da autonomia do pa\u00eds, ap\u00f3s a sua elei\u00e7\u00e3o para Presidente da Rep\u00fablica.<\/li>\n<li>A Comiss\u00e3o Pol\u00edtica Regional espera solidariedade devidamente expressa e atuante do l\u00edder socialista, reconhecendo que foi democraticamente eleito pela maioria.<\/li>\n<li>O PSD\/Madeira critica o Governo na quest\u00e3o do Subs\u00eddio Social de Mobilidade e exige clarifica\u00e7\u00e3o no parlamento sobre as altera\u00e7\u00f5es ao modelo.<\/li>\n<li>Em 18 de fevereiro, a Assembleia da Rep\u00fablica vota uma proposta da Madeira para travar as mudan\u00e7as, defendendo a mobilidade a\u00e9rea como direito essencial \u00e0 coes\u00e3o territorial.<\/li>\n<li>A nota tamb\u00e9m atualiza sobre a situa\u00e7\u00e3o da comunidade madeirense na Venezuela, destacando liberta\u00e7\u00e3o de presos pol\u00edticos e reabertura do espa\u00e7o a\u00e9reo, e avan\u00e7a datas da reuni\u00e3o do Conselho Regional e de eventos regionais.<\/li>\n<\/ul>\n","protected":false},"author":2,"featured_media":205893,"comment_status":"closed","ping_status":"closed","sticky":false,"template":"","format":"standard","meta":{"footnotes":""},"categories":[1,5],"tags":[3344,830,68,859,2832,3695],"class_list":["post-205889","post","type-post","status-publish","format-standard","has-post-thumbnail","hentry","category-noticias","category-politica","tag-autonomia-regional","tag-coesao-territorial","tag-eleicoes","tag-madeira","tag-politica","tag-psd"],"yoast_head":"<!-- This site is optimized with the Yoast SEO plugin v27.2 - https:\/\/yoast.com\/product\/yoast-seo-wordpress\/ -->\n<title>PSD\/Madeira pede atua\u00e7\u00e3o firme e colaborante de Ant\u00f3nio Jos\u00e9 Seguro - Portal Tela Portugal<\/title>\n<meta name=\"robots\" content=\"index, follow, max-snippet:-1, max-image-preview:large, max-video-preview:-1\" \/>\n<meta property=\"og:locale\" content=\"pt_PT\" \/>\n<meta property=\"og:type\" content=\"article\" \/>\n<meta property=\"og:title\" content=\"PSD\/Madeira pede atua\u00e7\u00e3o firme e colaborante de Ant\u00f3nio Jos\u00e9 Seguro - Portal Tela Portugal\" \/>\n<meta property=\"og:description\" content=\"PSD\/Madeira pede uma atua\u00e7\u00e3o mais firme, atenta e colaborante de Ant\u00f3nio Jos\u00e9 Seguro na defesa da autonomia do pa\u00eds, ap\u00f3s a sua elei\u00e7\u00e3o para Presidente da Rep\u00fablica. A Comiss\u00e3o Pol\u00edtica Regional espera solidariedade devidamente expressa e atuante do l\u00edder socialista, reconhecendo que foi democraticamente eleito pela maioria. O PSD\/Madeira critica o Governo na quest\u00e3o do Subs\u00eddio Social de Mobilidade e exige clarifica\u00e7\u00e3o no parlamento sobre as altera\u00e7\u00f5es ao modelo. Em 18 de fevereiro, a Assembleia da Rep\u00fablica vota uma proposta da Madeira para travar as mudan\u00e7as, defendendo a mobilidade a\u00e9rea como direito essencial \u00e0 coes\u00e3o territorial. A nota tamb\u00e9m atualiza sobre a situa\u00e7\u00e3o da comunidade madeirense na Venezuela, destacando liberta\u00e7\u00e3o de presos pol\u00edticos e reabertura do espa\u00e7o a\u00e9reo, e avan\u00e7a datas da reuni\u00e3o do Conselho Regional e de eventos regionais.\" \/>\n<meta property=\"og:url\" content=\"https:\/\/portaltela.pt\/noticias\/2026\/02\/09\/psd-madeira-pede-atuacao-firme-e-colaborante-de-antonio-jose-seguro\/\" \/>\n<meta property=\"og:site_name\" content=\"Portal Tela Portugal\" \/>\n<meta property=\"article:published_time\" content=\"2026-02-09T19:22:49+00:00\" \/>\n<meta name=\"author\" content=\"Telinha\" \/>\n<meta name=\"twitter:card\" content=\"summary_large_image\" \/>\n<meta name=\"twitter:label1\" content=\"Escrito por\" \/>\n\t<meta name=\"twitter:data1\" content=\"Telinha\" \/>\n\t<meta name=\"twitter:label2\" content=\"Tempo estimado de leitura\" \/>\n\t<meta name=\"twitter:data2\" content=\"2 minutos\" \/>\n<script type=\"application\/ld+json\" class=\"yoast-schema-graph\">{\"@context\":\"https:\/\/schema.org\",\"@graph\":[{\"@type\":\"Article\",\"@id\":\"https:\/\/portaltela.pt\/noticias\/2026\/02\/09\/psd-madeira-pede-atuacao-firme-e-colaborante-de-antonio-jose-seguro\/#article\",\"isPartOf\":{\"@id\":\"https:\/\/portaltela.pt\/noticias\/2026\/02\/09\/psd-madeira-pede-atuacao-firme-e-colaborante-de-antonio-jose-seguro\/\"},\"author\":{\"name\":\"Telinha\",\"@id\":\"https:\/\/portaltela.pt\/#\/schema\/person\/c4278d4a6028830caff9ee44b42d32ed\"},\"headline\":\"PSD\/Madeira pede atua\u00e7\u00e3o firme e colaborante de Ant\u00f3nio Jos\u00e9 Seguro\",\"datePublished\":\"2026-02-09T19:22:49+00:00\",\"mainEntityOfPage\":{\"@id\":\"https:\/\/portaltela.pt\/noticias\/2026\/02\/09\/psd-madeira-pede-atuacao-firme-e-colaborante-de-antonio-jose-seguro\/\"},\"wordCount\":324,\"image\":{\"@id\":\"https:\/\/portaltela.pt\/noticias\/2026\/02\/09\/psd-madeira-pede-atuacao-firme-e-colaborante-de-antonio-jose-seguro\/#primaryimage\"},\"thumbnailUrl\":\"https:\/\/portaltela.pt\/s.01k8rhncp4jt1\/2026\/02\/img_1500x1000uu2026-02-09-12-59-00-2265858.jpg\",\"keywords\":[\"autonomia regional\",\"Coes\u00e3o Territorial\",\"elei\u00e7\u00f5es\",\"Madeira\",\"pol\u00edtica\",\"PSD\"],\"articleSection\":[\"Not\u00edcias\",\"Pol\u00edtica\"],\"inLanguage\":\"pt-PT\"},{\"@type\":\"WebPage\",\"@id\":\"https:\/\/portaltela.pt\/noticias\/2026\/02\/09\/psd-madeira-pede-atuacao-firme-e-colaborante-de-antonio-jose-seguro\/\",\"url\":\"https:\/\/portaltela.pt\/noticias\/2026\/02\/09\/psd-madeira-pede-atuacao-firme-e-colaborante-de-antonio-jose-seguro\/\",\"name\":\"PSD\/Madeira pede atua\u00e7\u00e3o firme e colaborante de Ant\u00f3nio Jos\u00e9 Seguro - Portal Tela Portugal\",\"isPartOf\":{\"@id\":\"https:\/\/portaltela.pt\/#website\"},\"primaryImageOfPage\":{\"@id\":\"https:\/\/portaltela.pt\/noticias\/2026\/02\/09\/psd-madeira-pede-atuacao-firme-e-colaborante-de-antonio-jose-seguro\/#primaryimage\"},\"image\":{\"@id\":\"https:\/\/portaltela.pt\/noticias\/2026\/02\/09\/psd-madeira-pede-atuacao-firme-e-colaborante-de-antonio-jose-seguro\/#primaryimage\"},\"thumbnailUrl\":\"https:\/\/portaltela.pt\/s.01k8rhncp4jt1\/2026\/02\/img_1500x1000uu2026-02-09-12-59-00-2265858.jpg\",\"datePublished\":\"2026-02-09T19:22:49+00:00\",\"author\":{\"@id\":\"https:\/\/portaltela.pt\/#\/schema\/person\/c4278d4a6028830caff9ee44b42d32ed\"},\"breadcrumb\":{\"@id\":\"https:\/\/portaltela.pt\/noticias\/2026\/02\/09\/psd-madeira-pede-atuacao-firme-e-colaborante-de-antonio-jose-seguro\/#breadcrumb\"},\"inLanguage\":\"pt-PT\",\"potentialAction\":[{\"@type\":\"ReadAction\",\"target\":[\"https:\/\/portaltela.pt\/noticias\/2026\/02\/09\/psd-madeira-pede-atuacao-firme-e-colaborante-de-antonio-jose-seguro\/\"]}]},{\"@type\":\"ImageObject\",\"inLanguage\":\"pt-PT\",\"@id\":\"https:\/\/portaltela.pt\/noticias\/2026\/02\/09\/psd-madeira-pede-atuacao-firme-e-colaborante-de-antonio-jose-seguro\/#primaryimage\",\"url\":\"https:\/\/portaltela.pt\/s.01k8rhncp4jt1\/2026\/02\/img_1500x1000uu2026-02-09-12-59-00-2265858.jpg\",\"contentUrl\":\"https:\/\/portaltela.pt\/s.01k8rhncp4jt1\/2026\/02\/img_1500x1000uu2026-02-09-12-59-00-2265858.jpg\",\"width\":796,\"height\":448,\"caption\":\"Ant\u00f3nio Jos\u00e9 Seguro\"},{\"@type\":\"BreadcrumbList\",\"@id\":\"https:\/\/portaltela.pt\/noticias\/2026\/02\/09\/psd-madeira-pede-atuacao-firme-e-colaborante-de-antonio-jose-seguro\/#breadcrumb\",\"itemListElement\":[{\"@type\":\"ListItem\",\"position\":1,\"name\":\"In\u00edcio\",\"item\":\"https:\/\/portaltela.pt\/\"},{\"@type\":\"ListItem\",\"position\":2,\"name\":\"PSD\/Madeira pede atua\u00e7\u00e3o firme e colaborante de Ant\u00f3nio Jos\u00e9 Seguro\"}]},{\"@type\":\"WebSite\",\"@id\":\"https:\/\/portaltela.pt\/#website\",\"url\":\"https:\/\/portaltela.pt\/\",\"name\":\"Portal Tela Portugal\",\"description\":\"\",\"potentialAction\":[{\"@type\":\"SearchAction\",\"target\":{\"@type\":\"EntryPoint\",\"urlTemplate\":\"https:\/\/portaltela.pt\/?s={search_term_string}\"},\"query-input\":{\"@type\":\"PropertyValueSpecification\",\"valueRequired\":true,\"valueName\":\"search_term_string\"}}],\"inLanguage\":\"pt-PT\"},{\"@type\":\"Person\",\"@id\":\"https:\/\/portaltela.pt\/#\/schema\/person\/c4278d4a6028830caff9ee44b42d32ed\",\"name\":\"Telinha\",\"image\":{\"@type\":\"ImageObject\",\"inLanguage\":\"pt-PT\",\"@id\":\"https:\/\/portaltela.pt\/s.01k8rhncp4jt1\/2025\/11\/talking-bot-125x125.png\",\"url\":\"https:\/\/portaltela.pt\/s.01k8rhncp4jt1\/2025\/11\/talking-bot-125x125.png\",\"contentUrl\":\"https:\/\/portaltela.pt\/s.01k8rhncp4jt1\/2025\/11\/talking-bot-125x125.png\",\"caption\":\"Telinha\"},\"sameAs\":[\"https:\/\/portaltela.pt\/\"],\"url\":\"https:\/\/portaltela.pt\/por\/367410592786\/\"}]}<\/script>\n<!-- \/ Yoast SEO plugin. -->","yoast_head_json":{"title":"PSD\/Madeira pede atua\u00e7\u00e3o firme e colaborante de Ant\u00f3nio Jos\u00e9 Seguro - Portal Tela Portugal","robots":{"index":"index","follow":"follow","max-snippet":"max-snippet:-1","max-image-preview":"max-image-preview:large","max-video-preview":"max-video-preview:-1"},"og_locale":"pt_PT","og_type":"article","og_title":"PSD\/Madeira pede atua\u00e7\u00e3o firme e colaborante de Ant\u00f3nio Jos\u00e9 Seguro - Portal Tela Portugal","og_description":"PSD\/Madeira pede uma atua\u00e7\u00e3o mais firme, atenta e colaborante de Ant\u00f3nio Jos\u00e9 Seguro na defesa da autonomia do pa\u00eds, ap\u00f3s a sua elei\u00e7\u00e3o para Presidente da Rep\u00fablica. A Comiss\u00e3o Pol\u00edtica Regional espera solidariedade devidamente expressa e atuante do l\u00edder socialista, reconhecendo que foi democraticamente eleito pela maioria. O PSD\/Madeira critica o Governo na quest\u00e3o do Subs\u00eddio Social de Mobilidade e exige clarifica\u00e7\u00e3o no parlamento sobre as altera\u00e7\u00f5es ao modelo. Em 18 de fevereiro, a Assembleia da Rep\u00fablica vota uma proposta da Madeira para travar as mudan\u00e7as, defendendo a mobilidade a\u00e9rea como direito essencial \u00e0 coes\u00e3o territorial. A nota tamb\u00e9m atualiza sobre a situa\u00e7\u00e3o da comunidade madeirense na Venezuela, destacando liberta\u00e7\u00e3o de presos pol\u00edticos e reabertura do espa\u00e7o a\u00e9reo, e avan\u00e7a datas da reuni\u00e3o do Conselho Regional e de eventos regionais.","og_url":"https:\/\/portaltela.pt\/noticias\/2026\/02\/09\/psd-madeira-pede-atuacao-firme-e-colaborante-de-antonio-jose-seguro\/","og_site_name":"Portal Tela Portugal","article_published_time":"2026-02-09T19:22:49+00:00","author":"Telinha","twitter_card":"summary_large_image","twitter_misc":{"Escrito por":"Telinha","Tempo estimado de leitura":"2 minutos"},"schema":{"@context":"https:\/\/schema.org","@graph":[{"@type":"Article","@id":"https:\/\/portaltela.pt\/noticias\/2026\/02\/09\/psd-madeira-pede-atuacao-firme-e-colaborante-de-antonio-jose-seguro\/#article","isPartOf":{"@id":"https:\/\/portaltela.pt\/noticias\/2026\/02\/09\/psd-madeira-pede-atuacao-firme-e-colaborante-de-antonio-jose-seguro\/"},"author":{"name":"Telinha","@id":"https:\/\/portaltela.pt\/#\/schema\/person\/c4278d4a6028830caff9ee44b42d32ed"},"headline":"PSD\/Madeira pede atua\u00e7\u00e3o firme e colaborante de Ant\u00f3nio Jos\u00e9 Seguro","datePublished":"2026-02-09T19:22:49+00:00","mainEntityOfPage":{"@id":"https:\/\/portaltela.pt\/noticias\/2026\/02\/09\/psd-madeira-pede-atuacao-firme-e-colaborante-de-antonio-jose-seguro\/"},"wordCount":324,"image":{"@id":"https:\/\/portaltela.pt\/noticias\/2026\/02\/09\/psd-madeira-pede-atuacao-firme-e-colaborante-de-antonio-jose-seguro\/#primaryimage"},"thumbnailUrl":"https:\/\/portaltela.pt\/s.01k8rhncp4jt1\/2026\/02\/img_1500x1000uu2026-02-09-12-59-00-2265858.jpg","keywords":["autonomia regional","Coes\u00e3o Territorial","elei\u00e7\u00f5es","Madeira","pol\u00edtica","PSD"],"articleSection":["Not\u00edcias","Pol\u00edtica"],"inLanguage":"pt-PT"},{"@type":"WebPage","@id":"https:\/\/portaltela.pt\/noticias\/2026\/02\/09\/psd-madeira-pede-atuacao-firme-e-colaborante-de-antonio-jose-seguro\/","url":"https:\/\/portaltela.pt\/noticias\/2026\/02\/09\/psd-madeira-pede-atuacao-firme-e-colaborante-de-antonio-jose-seguro\/","name":"PSD\/Madeira pede atua\u00e7\u00e3o firme e colaborante de Ant\u00f3nio Jos\u00e9 Seguro - Portal Tela Portugal","isPartOf":{"@id":"https:\/\/portaltela.pt\/#website"},"primaryImageOfPage":{"@id":"https:\/\/portaltela.pt\/noticias\/2026\/02\/09\/psd-madeira-pede-atuacao-firme-e-colaborante-de-antonio-jose-seguro\/#primaryimage"},"image":{"@id":"https:\/\/portaltela.pt\/noticias\/2026\/02\/09\/psd-madeira-pede-atuacao-firme-e-colaborante-de-antonio-jose-seguro\/#primaryimage"},"thumbnailUrl":"https:\/\/portaltela.pt\/s.01k8rhncp4jt1\/2026\/02\/img_1500x1000uu2026-02-09-12-59-00-2265858.jpg","datePublished":"2026-02-09T19:22:49+00:00","author":{"@id":"https:\/\/portaltela.pt\/#\/schema\/person\/c4278d4a6028830caff9ee44b42d32ed"},"breadcrumb":{"@id":"https:\/\/portaltela.pt\/noticias\/2026\/02\/09\/psd-madeira-pede-atuacao-firme-e-colaborante-de-antonio-jose-seguro\/#breadcrumb"},"inLanguage":"pt-PT","potentialAction":[{"@type":"ReadAction","target":["https:\/\/portaltela.pt\/noticias\/2026\/02\/09\/psd-madeira-pede-atuacao-firme-e-colaborante-de-antonio-jose-seguro\/"]}]},{"@type":"ImageObject","inLanguage":"pt-PT","@id":"https:\/\/portaltela.pt\/noticias\/2026\/02\/09\/psd-madeira-pede-atuacao-firme-e-colaborante-de-antonio-jose-seguro\/#primaryimage","url":"https:\/\/portaltela.pt\/s.01k8rhncp4jt1\/2026\/02\/img_1500x1000uu2026-02-09-12-59-00-2265858.jpg","contentUrl":"https:\/\/portaltela.pt\/s.01k8rhncp4jt1\/2026\/02\/img_1500x1000uu2026-02-09-12-59-00-2265858.jpg","width":796,"height":448,"caption":"Ant\u00f3nio Jos\u00e9 Seguro"},{"@type":"BreadcrumbList","@id":"https:\/\/portaltela.pt\/noticias\/2026\/02\/09\/psd-madeira-pede-atuacao-firme-e-colaborante-de-antonio-jose-seguro\/#breadcrumb","itemListElement":[{"@type":"ListItem","position":1,"name":"In\u00edcio","item":"https:\/\/portaltela.pt\/"},{"@type":"ListItem","position":2,"name":"PSD\/Madeira pede atua\u00e7\u00e3o firme e colaborante de Ant\u00f3nio Jos\u00e9 Seguro"}]},{"@type":"WebSite","@id":"https:\/\/portaltela.pt\/#website","url":"https:\/\/portaltela.pt\/","name":"Portal Tela Portugal","description":"","potentialAction":[{"@type":"SearchAction","target":{"@type":"EntryPoint","urlTemplate":"https:\/\/portaltela.pt\/?s={search_term_string}"},"query-input":{"@type":"PropertyValueSpecification","valueRequired":true,"valueName":"search_term_string"}}],"inLanguage":"pt-PT"},{"@type":"Person","@id":"https:\/\/portaltela.pt\/#\/schema\/person\/c4278d4a6028830caff9ee44b42d32ed","name":"Telinha","image":{"@type":"ImageObject","inLanguage":"pt-PT","@id":"https:\/\/portaltela.pt\/s.01k8rhncp4jt1\/2025\/11\/talking-bot-125x125.png","url":"https:\/\/portaltela.pt\/s.01k8rhncp4jt1\/2025\/11\/talking-bot-125x125.png","contentUrl":"https:\/\/portaltela.pt\/s.01k8rhncp4jt1\/2025\/11\/talking-bot-125x125.png","caption":"Telinha"},"sameAs":["https:\/\/portaltela.pt\/"],"url":"https:\/\/portaltela.pt\/por\/367410592786\/"}]}},"_links":{"self":[{"href":"https:\/\/portaltela.pt\/api\/wp\/v2\/posts\/205889","targetHints":{"allow":["GET"]}}],"collection":[{"href":"https:\/\/portaltela.pt\/api\/wp\/v2\/posts"}],"about":[{"href":"https:\/\/portaltela.pt\/api\/wp\/v2\/types\/post"}],"author":[{"embeddable":true,"href":"https:\/\/portaltela.pt\/api\/wp\/v2\/users\/2"}],"replies":[{"embeddable":true,"href":"https:\/\/portaltela.pt\/api\/wp\/v2\/comments?post=205889"}],"version-history":[{"count":0,"href":"https:\/\/portaltela.pt\/api\/wp\/v2\/posts\/205889\/revisions"}],"wp:featuredmedia":[{"embeddable":true,"href":"https:\/\/portaltela.pt\/api\/wp\/v2\/media\/205893"}],"wp:attachment":[{"href":"https:\/\/portaltela.pt\/api\/wp\/v2\/media?parent=205889"}],"wp:term":[{"taxonomy":"category","embeddable":true,"href":"https:\/\/portaltela.pt\/api\/wp\/v2\/categories?post=205889"},{"taxonomy":"post_tag","embeddable":true,"href":"https:\/\/portaltela.pt\/api\/wp\/v2\/tags?post=205889"}],"curies":[{"name":"wp","href":"https:\/\/api.w.org\/{rel}","templated":true}]}}