{"id":205885,"date":"2026-02-09T16:19:10","date_gmt":"2026-02-09T19:19:10","guid":{"rendered":"https:\/\/portaltela.pt\/noticias\/2026\/02\/09\/cerca-de-100-casas-intervencionadas-entre-525-afetadas-em-castanheira-de-pera\/"},"modified":"2026-02-09T16:19:10","modified_gmt":"2026-02-09T19:19:10","slug":"cerca-de-100-casas-intervencionadas-entre-525-afetadas-em-castanheira-de-pera","status":"publish","type":"post","link":"https:\/\/portaltela.pt\/noticias\/2026\/02\/09\/cerca-de-100-casas-intervencionadas-entre-525-afetadas-em-castanheira-de-pera\/","title":{"rendered":"Cerca de 100 casas intervencionadas entre 525 afetadas em Castanheira de Pera"},"content":{"rendered":"<p>O munic\u00edpio de Castanheira de Pera informou que, entre as habita\u00e7\u00f5es afetadas pelo mau tempo, j\u00e1 foram intervencionadas 104 de um total de 525. As a\u00e7\u00f5es incluem reposi\u00e7\u00e3o de telhas e coloca\u00e7\u00e3o de lonas, com equipas dedicadas ao levantamento e \u00e0 resposta aos casos mais urgentes. O balan\u00e7o foi divulgado na segunda-feira pela C\u00e2mara do concelho, no distrito de Leiria.<\/p>\n<p>No estaleiro municipal ficou dispon\u00edvel um banco de telhas gratuito, e no pavilh\u00e3o municipal h\u00e1 acesso a banhos quentes sem custos. Tamb\u00e9m existem espa\u00e7os de apoio no quartel dos Bombeiros e na Biblioteca Municipal, com carregamento de equipamentos e acesso \u00e0 Internet, este \u00faltimo informa\u00e7\u00f5es que permitem trabalho remoto.<\/p>\n<h3>Apoio \u00e0 popula\u00e7\u00e3o<\/h3>\n<p>A Miseric\u00f3rdia de Castanheira de Pera colabora com as equipas de a\u00e7\u00e3o social, assegurando apoio aos mais vulner\u00e1veis. No total, foram acompanhadas 303 pessoas, incluindo sete desalojados e oito com necessidades de oxigenoterapia di\u00e1ria. Uma sala da institui\u00e7\u00e3o acolhe ainda pacientes com apneia do sono, para tratamento tempor\u00e1rio.<\/p>\n<p>Para ampliar o apoio, foi criado um grupo de trabalho que auxilia no levantamento de danos e na gest\u00e3o de pedidos de apoio. Os mun\u00edcipes podem dirigir-se aos Pa\u00e7os do Concelho ou recorrer ao servi\u00e7o m\u00f3vel que j\u00e1 percorre as aldeias do concelho.<\/p>\n<h3>Danos e retoma de servi\u00e7os<\/h3>\n<p>Desde o in\u00edcio da crise, o munic\u00edpio ativou o Plano Municipal de Emerg\u00eancia, na manh\u00e3 de 28 de janeiro, em resposta \u00e0 depress\u00e3o Kristin. As principais ocorr\u00eancias s\u00e3o quedas de \u00e1rvores, danos em habita\u00e7\u00f5es, estradas e infraestruturas, com capita\u00e7\u00f5es de estruturas e inunda\u00e7\u00f5es. Foram registadas 60 estruturas el\u00e9tras de m\u00e9dia tens\u00e3o danificadas.<\/p>\n<p>A reposi\u00e7\u00e3o de energia apresenta regresso pr\u00f3ximo \u00e0 normalidade, com exce\u00e7\u00f5es pontuais. Em telecomunica\u00e7\u00f5es, os danos na rede fixa s\u00e3o significativos, com evolu\u00e7\u00e3o de recupera\u00e7\u00e3o descrita como parcialmente regularizada.<\/p>\n<p>O presidente da C\u00e2mara informou que o preju\u00edzo total no concelho \u00e9 estimado em milh\u00f5es de euros, com v\u00e1rias centenas de habita\u00e7\u00f5es e infraestruturas afetadas. As autoridades mant\u00eam o acompanhamento com a\u00e7\u00f5es coordenadas pelas autoridades locais e servi\u00e7os sociais.<\/p>\n","protected":false},"excerpt":{"rendered":"<ul>\n<li>Cerca de 525 habita\u00e7\u00f5es ficaram afetadas pelo mau tempo em Castanheira de Pera; at\u00e9 ao momento, 104 j\u00e1 foram intervencionadas com reposi\u00e7\u00e3o de telhas ou coloca\u00e7\u00e3o de lonas.<\/li>\n<li>No estaleiro municipal est\u00e1 dispon\u00edvel um banco de telhas gratuito e, no pavilh\u00e3o municipal, h\u00e1 acesso a banhos quentes gratuitos.<\/li>\n<li>A aten\u00e7\u00e3o social alcan\u00e7ou 303 pessoas, incluindo sete desalojados e oito doentes com necessidade de oxigenoterapia di\u00e1ria; uma sala da Miseric\u00f3rdia acolhe quem tem patologia de apneia do sono.<\/li>\n<li>Foi criado um grupo de trabalho para o levantamento de danos e pedidos de apoio; os mun\u00edcipes podem dirigir-se aos Pa\u00e7os do Concelho ou ao servi\u00e7o m\u00f3vel que j\u00e1 percorre as aldeias.<\/li>\n<li>Os principais danos abrangem quedas de \u00e1rvores, habita\u00e7\u00f5es e infraestruturas, bem como estragos em redes el\u00e9ctricas e de telecomunica\u00e7\u00f5es; 60 estruturas de m\u00e9dia tens\u00e3o est\u00e3o danificadas e a reposi\u00e7\u00e3o de energia est\u00e1 quase regularizada.<\/li>\n<\/ul>\n","protected":false},"author":2,"featured_media":205887,"comment_status":"closed","ping_status":"closed","sticky":false,"template":"","format":"standard","meta":{"footnotes":""},"categories":[1],"tags":[971,2515,5215,3004,2293,5099],"class_list":["post-205885","post","type-post","status-publish","format-standard","has-post-thumbnail","hentry","category-noticias","tag-bombeiros","tag-castanheira-de-pera","tag-catastrofes-naturais","tag-desalojados","tag-inundacoes","tag-protecao-civil-municipal"],"yoast_head":"<!-- This site is optimized with the Yoast SEO plugin v27.2 - https:\/\/yoast.com\/product\/yoast-seo-wordpress\/ -->\n<title>Cerca de 100 casas intervencionadas entre 525 afetadas em Castanheira de Pera - Portal Tela Portugal<\/title>\n<meta name=\"robots\" content=\"index, follow, max-snippet:-1, max-image-preview:large, max-video-preview:-1\" \/>\n<meta property=\"og:locale\" content=\"pt_PT\" \/>\n<meta property=\"og:type\" content=\"article\" \/>\n<meta property=\"og:title\" content=\"Cerca de 100 casas intervencionadas entre 525 afetadas em Castanheira de Pera - Portal Tela Portugal\" \/>\n<meta property=\"og:description\" content=\"Cerca de 525 habita\u00e7\u00f5es ficaram afetadas pelo mau tempo em Castanheira de Pera; at\u00e9 ao momento, 104 j\u00e1 foram intervencionadas com reposi\u00e7\u00e3o de telhas ou coloca\u00e7\u00e3o de lonas. No estaleiro municipal est\u00e1 dispon\u00edvel um banco de telhas gratuito e, no pavilh\u00e3o municipal, h\u00e1 acesso a banhos quentes gratuitos. A aten\u00e7\u00e3o social alcan\u00e7ou 303 pessoas, incluindo sete desalojados e oito doentes com necessidade de oxigenoterapia di\u00e1ria; uma sala da Miseric\u00f3rdia acolhe quem tem patologia de apneia do sono. Foi criado um grupo de trabalho para o levantamento de danos e pedidos de apoio; os mun\u00edcipes podem dirigir-se aos Pa\u00e7os do Concelho ou ao servi\u00e7o m\u00f3vel que j\u00e1 percorre as aldeias. Os principais danos abrangem quedas de \u00e1rvores, habita\u00e7\u00f5es e infraestruturas, bem como estragos em redes el\u00e9ctricas e de telecomunica\u00e7\u00f5es; 60 estruturas de m\u00e9dia tens\u00e3o est\u00e3o danificadas e a reposi\u00e7\u00e3o de energia est\u00e1 quase regularizada.\" \/>\n<meta property=\"og:url\" content=\"https:\/\/portaltela.pt\/noticias\/2026\/02\/09\/cerca-de-100-casas-intervencionadas-entre-525-afetadas-em-castanheira-de-pera\/\" \/>\n<meta property=\"og:site_name\" content=\"Portal Tela Portugal\" \/>\n<meta property=\"article:published_time\" content=\"2026-02-09T19:19:10+00:00\" \/>\n<meta name=\"author\" content=\"Telinha\" \/>\n<meta name=\"twitter:card\" content=\"summary_large_image\" \/>\n<meta name=\"twitter:label1\" content=\"Escrito por\" \/>\n\t<meta name=\"twitter:data1\" content=\"Telinha\" \/>\n\t<meta name=\"twitter:label2\" content=\"Tempo estimado de leitura\" \/>\n\t<meta name=\"twitter:data2\" content=\"2 minutos\" \/>\n<script type=\"application\/ld+json\" class=\"yoast-schema-graph\">{\"@context\":\"https:\/\/schema.org\",\"@graph\":[{\"@type\":\"Article\",\"@id\":\"https:\/\/portaltela.pt\/noticias\/2026\/02\/09\/cerca-de-100-casas-intervencionadas-entre-525-afetadas-em-castanheira-de-pera\/#article\",\"isPartOf\":{\"@id\":\"https:\/\/portaltela.pt\/noticias\/2026\/02\/09\/cerca-de-100-casas-intervencionadas-entre-525-afetadas-em-castanheira-de-pera\/\"},\"author\":{\"name\":\"Telinha\",\"@id\":\"https:\/\/portaltela.pt\/#\/schema\/person\/c4278d4a6028830caff9ee44b42d32ed\"},\"headline\":\"Cerca de 100 casas intervencionadas entre 525 afetadas em Castanheira de Pera\",\"datePublished\":\"2026-02-09T19:19:10+00:00\",\"mainEntityOfPage\":{\"@id\":\"https:\/\/portaltela.pt\/noticias\/2026\/02\/09\/cerca-de-100-casas-intervencionadas-entre-525-afetadas-em-castanheira-de-pera\/\"},\"wordCount\":379,\"image\":{\"@id\":\"https:\/\/portaltela.pt\/noticias\/2026\/02\/09\/cerca-de-100-casas-intervencionadas-entre-525-afetadas-em-castanheira-de-pera\/#primaryimage\"},\"thumbnailUrl\":\"https:\/\/portaltela.pt\/s.01k8rhncp4jt1\/2026\/02\/img_1500x1000uu2026-01-31-16-43-30-2263781-2.jpg\",\"keywords\":[\"bombeiros\",\"Castanheira de Per\u00e1\",\"cat\u00e1strofes naturais\",\"desalojados\",\"inunda\u00e7\u00f5es\",\"Prote\u00e7\u00e3o Civil Municipal\"],\"articleSection\":[\"Not\u00edcias\"],\"inLanguage\":\"pt-PT\"},{\"@type\":\"WebPage\",\"@id\":\"https:\/\/portaltela.pt\/noticias\/2026\/02\/09\/cerca-de-100-casas-intervencionadas-entre-525-afetadas-em-castanheira-de-pera\/\",\"url\":\"https:\/\/portaltela.pt\/noticias\/2026\/02\/09\/cerca-de-100-casas-intervencionadas-entre-525-afetadas-em-castanheira-de-pera\/\",\"name\":\"Cerca de 100 casas intervencionadas entre 525 afetadas em Castanheira de Pera - Portal Tela Portugal\",\"isPartOf\":{\"@id\":\"https:\/\/portaltela.pt\/#website\"},\"primaryImageOfPage\":{\"@id\":\"https:\/\/portaltela.pt\/noticias\/2026\/02\/09\/cerca-de-100-casas-intervencionadas-entre-525-afetadas-em-castanheira-de-pera\/#primaryimage\"},\"image\":{\"@id\":\"https:\/\/portaltela.pt\/noticias\/2026\/02\/09\/cerca-de-100-casas-intervencionadas-entre-525-afetadas-em-castanheira-de-pera\/#primaryimage\"},\"thumbnailUrl\":\"https:\/\/portaltela.pt\/s.01k8rhncp4jt1\/2026\/02\/img_1500x1000uu2026-01-31-16-43-30-2263781-2.jpg\",\"datePublished\":\"2026-02-09T19:19:10+00:00\",\"author\":{\"@id\":\"https:\/\/portaltela.pt\/#\/schema\/person\/c4278d4a6028830caff9ee44b42d32ed\"},\"breadcrumb\":{\"@id\":\"https:\/\/portaltela.pt\/noticias\/2026\/02\/09\/cerca-de-100-casas-intervencionadas-entre-525-afetadas-em-castanheira-de-pera\/#breadcrumb\"},\"inLanguage\":\"pt-PT\",\"potentialAction\":[{\"@type\":\"ReadAction\",\"target\":[\"https:\/\/portaltela.pt\/noticias\/2026\/02\/09\/cerca-de-100-casas-intervencionadas-entre-525-afetadas-em-castanheira-de-pera\/\"]}]},{\"@type\":\"ImageObject\",\"inLanguage\":\"pt-PT\",\"@id\":\"https:\/\/portaltela.pt\/noticias\/2026\/02\/09\/cerca-de-100-casas-intervencionadas-entre-525-afetadas-em-castanheira-de-pera\/#primaryimage\",\"url\":\"https:\/\/portaltela.pt\/s.01k8rhncp4jt1\/2026\/02\/img_1500x1000uu2026-01-31-16-43-30-2263781-2.jpg\",\"contentUrl\":\"https:\/\/portaltela.pt\/s.01k8rhncp4jt1\/2026\/02\/img_1500x1000uu2026-01-31-16-43-30-2263781-2.jpg\",\"width\":796,\"height\":448,\"caption\":\"Volunt\u00e1rios removem destro\u00e7os em Leiria ap\u00f3s evento clim\u00e1tico adverso\"},{\"@type\":\"BreadcrumbList\",\"@id\":\"https:\/\/portaltela.pt\/noticias\/2026\/02\/09\/cerca-de-100-casas-intervencionadas-entre-525-afetadas-em-castanheira-de-pera\/#breadcrumb\",\"itemListElement\":[{\"@type\":\"ListItem\",\"position\":1,\"name\":\"In\u00edcio\",\"item\":\"https:\/\/portaltela.pt\/\"},{\"@type\":\"ListItem\",\"position\":2,\"name\":\"Cerca de 100 casas intervencionadas entre 525 afetadas em Castanheira de Pera\"}]},{\"@type\":\"WebSite\",\"@id\":\"https:\/\/portaltela.pt\/#website\",\"url\":\"https:\/\/portaltela.pt\/\",\"name\":\"Portal Tela Portugal\",\"description\":\"\",\"potentialAction\":[{\"@type\":\"SearchAction\",\"target\":{\"@type\":\"EntryPoint\",\"urlTemplate\":\"https:\/\/portaltela.pt\/?s={search_term_string}\"},\"query-input\":{\"@type\":\"PropertyValueSpecification\",\"valueRequired\":true,\"valueName\":\"search_term_string\"}}],\"inLanguage\":\"pt-PT\"},{\"@type\":\"Person\",\"@id\":\"https:\/\/portaltela.pt\/#\/schema\/person\/c4278d4a6028830caff9ee44b42d32ed\",\"name\":\"Telinha\",\"image\":{\"@type\":\"ImageObject\",\"inLanguage\":\"pt-PT\",\"@id\":\"https:\/\/portaltela.pt\/s.01k8rhncp4jt1\/2025\/11\/talking-bot-125x125.png\",\"url\":\"https:\/\/portaltela.pt\/s.01k8rhncp4jt1\/2025\/11\/talking-bot-125x125.png\",\"contentUrl\":\"https:\/\/portaltela.pt\/s.01k8rhncp4jt1\/2025\/11\/talking-bot-125x125.png\",\"caption\":\"Telinha\"},\"sameAs\":[\"https:\/\/portaltela.pt\/\"],\"url\":\"https:\/\/portaltela.pt\/por\/367410592786\/\"}]}<\/script>\n<!-- \/ Yoast SEO plugin. -->","yoast_head_json":{"title":"Cerca de 100 casas intervencionadas entre 525 afetadas em Castanheira de Pera - Portal Tela Portugal","robots":{"index":"index","follow":"follow","max-snippet":"max-snippet:-1","max-image-preview":"max-image-preview:large","max-video-preview":"max-video-preview:-1"},"og_locale":"pt_PT","og_type":"article","og_title":"Cerca de 100 casas intervencionadas entre 525 afetadas em Castanheira de Pera - Portal Tela Portugal","og_description":"Cerca de 525 habita\u00e7\u00f5es ficaram afetadas pelo mau tempo em Castanheira de Pera; at\u00e9 ao momento, 104 j\u00e1 foram intervencionadas com reposi\u00e7\u00e3o de telhas ou coloca\u00e7\u00e3o de lonas. No estaleiro municipal est\u00e1 dispon\u00edvel um banco de telhas gratuito e, no pavilh\u00e3o municipal, h\u00e1 acesso a banhos quentes gratuitos. A aten\u00e7\u00e3o social alcan\u00e7ou 303 pessoas, incluindo sete desalojados e oito doentes com necessidade de oxigenoterapia di\u00e1ria; uma sala da Miseric\u00f3rdia acolhe quem tem patologia de apneia do sono. Foi criado um grupo de trabalho para o levantamento de danos e pedidos de apoio; os mun\u00edcipes podem dirigir-se aos Pa\u00e7os do Concelho ou ao servi\u00e7o m\u00f3vel que j\u00e1 percorre as aldeias. Os principais danos abrangem quedas de \u00e1rvores, habita\u00e7\u00f5es e infraestruturas, bem como estragos em redes el\u00e9ctricas e de telecomunica\u00e7\u00f5es; 60 estruturas de m\u00e9dia tens\u00e3o est\u00e3o danificadas e a reposi\u00e7\u00e3o de energia est\u00e1 quase regularizada.","og_url":"https:\/\/portaltela.pt\/noticias\/2026\/02\/09\/cerca-de-100-casas-intervencionadas-entre-525-afetadas-em-castanheira-de-pera\/","og_site_name":"Portal Tela Portugal","article_published_time":"2026-02-09T19:19:10+00:00","author":"Telinha","twitter_card":"summary_large_image","twitter_misc":{"Escrito por":"Telinha","Tempo estimado de leitura":"2 minutos"},"schema":{"@context":"https:\/\/schema.org","@graph":[{"@type":"Article","@id":"https:\/\/portaltela.pt\/noticias\/2026\/02\/09\/cerca-de-100-casas-intervencionadas-entre-525-afetadas-em-castanheira-de-pera\/#article","isPartOf":{"@id":"https:\/\/portaltela.pt\/noticias\/2026\/02\/09\/cerca-de-100-casas-intervencionadas-entre-525-afetadas-em-castanheira-de-pera\/"},"author":{"name":"Telinha","@id":"https:\/\/portaltela.pt\/#\/schema\/person\/c4278d4a6028830caff9ee44b42d32ed"},"headline":"Cerca de 100 casas intervencionadas entre 525 afetadas em Castanheira de Pera","datePublished":"2026-02-09T19:19:10+00:00","mainEntityOfPage":{"@id":"https:\/\/portaltela.pt\/noticias\/2026\/02\/09\/cerca-de-100-casas-intervencionadas-entre-525-afetadas-em-castanheira-de-pera\/"},"wordCount":379,"image":{"@id":"https:\/\/portaltela.pt\/noticias\/2026\/02\/09\/cerca-de-100-casas-intervencionadas-entre-525-afetadas-em-castanheira-de-pera\/#primaryimage"},"thumbnailUrl":"https:\/\/portaltela.pt\/s.01k8rhncp4jt1\/2026\/02\/img_1500x1000uu2026-01-31-16-43-30-2263781-2.jpg","keywords":["bombeiros","Castanheira de Per\u00e1","cat\u00e1strofes naturais","desalojados","inunda\u00e7\u00f5es","Prote\u00e7\u00e3o Civil Municipal"],"articleSection":["Not\u00edcias"],"inLanguage":"pt-PT"},{"@type":"WebPage","@id":"https:\/\/portaltela.pt\/noticias\/2026\/02\/09\/cerca-de-100-casas-intervencionadas-entre-525-afetadas-em-castanheira-de-pera\/","url":"https:\/\/portaltela.pt\/noticias\/2026\/02\/09\/cerca-de-100-casas-intervencionadas-entre-525-afetadas-em-castanheira-de-pera\/","name":"Cerca de 100 casas intervencionadas entre 525 afetadas em Castanheira de Pera - Portal Tela Portugal","isPartOf":{"@id":"https:\/\/portaltela.pt\/#website"},"primaryImageOfPage":{"@id":"https:\/\/portaltela.pt\/noticias\/2026\/02\/09\/cerca-de-100-casas-intervencionadas-entre-525-afetadas-em-castanheira-de-pera\/#primaryimage"},"image":{"@id":"https:\/\/portaltela.pt\/noticias\/2026\/02\/09\/cerca-de-100-casas-intervencionadas-entre-525-afetadas-em-castanheira-de-pera\/#primaryimage"},"thumbnailUrl":"https:\/\/portaltela.pt\/s.01k8rhncp4jt1\/2026\/02\/img_1500x1000uu2026-01-31-16-43-30-2263781-2.jpg","datePublished":"2026-02-09T19:19:10+00:00","author":{"@id":"https:\/\/portaltela.pt\/#\/schema\/person\/c4278d4a6028830caff9ee44b42d32ed"},"breadcrumb":{"@id":"https:\/\/portaltela.pt\/noticias\/2026\/02\/09\/cerca-de-100-casas-intervencionadas-entre-525-afetadas-em-castanheira-de-pera\/#breadcrumb"},"inLanguage":"pt-PT","potentialAction":[{"@type":"ReadAction","target":["https:\/\/portaltela.pt\/noticias\/2026\/02\/09\/cerca-de-100-casas-intervencionadas-entre-525-afetadas-em-castanheira-de-pera\/"]}]},{"@type":"ImageObject","inLanguage":"pt-PT","@id":"https:\/\/portaltela.pt\/noticias\/2026\/02\/09\/cerca-de-100-casas-intervencionadas-entre-525-afetadas-em-castanheira-de-pera\/#primaryimage","url":"https:\/\/portaltela.pt\/s.01k8rhncp4jt1\/2026\/02\/img_1500x1000uu2026-01-31-16-43-30-2263781-2.jpg","contentUrl":"https:\/\/portaltela.pt\/s.01k8rhncp4jt1\/2026\/02\/img_1500x1000uu2026-01-31-16-43-30-2263781-2.jpg","width":796,"height":448,"caption":"Volunt\u00e1rios removem destro\u00e7os em Leiria ap\u00f3s evento clim\u00e1tico adverso"},{"@type":"BreadcrumbList","@id":"https:\/\/portaltela.pt\/noticias\/2026\/02\/09\/cerca-de-100-casas-intervencionadas-entre-525-afetadas-em-castanheira-de-pera\/#breadcrumb","itemListElement":[{"@type":"ListItem","position":1,"name":"In\u00edcio","item":"https:\/\/portaltela.pt\/"},{"@type":"ListItem","position":2,"name":"Cerca de 100 casas intervencionadas entre 525 afetadas em Castanheira de Pera"}]},{"@type":"WebSite","@id":"https:\/\/portaltela.pt\/#website","url":"https:\/\/portaltela.pt\/","name":"Portal Tela Portugal","description":"","potentialAction":[{"@type":"SearchAction","target":{"@type":"EntryPoint","urlTemplate":"https:\/\/portaltela.pt\/?s={search_term_string}"},"query-input":{"@type":"PropertyValueSpecification","valueRequired":true,"valueName":"search_term_string"}}],"inLanguage":"pt-PT"},{"@type":"Person","@id":"https:\/\/portaltela.pt\/#\/schema\/person\/c4278d4a6028830caff9ee44b42d32ed","name":"Telinha","image":{"@type":"ImageObject","inLanguage":"pt-PT","@id":"https:\/\/portaltela.pt\/s.01k8rhncp4jt1\/2025\/11\/talking-bot-125x125.png","url":"https:\/\/portaltela.pt\/s.01k8rhncp4jt1\/2025\/11\/talking-bot-125x125.png","contentUrl":"https:\/\/portaltela.pt\/s.01k8rhncp4jt1\/2025\/11\/talking-bot-125x125.png","caption":"Telinha"},"sameAs":["https:\/\/portaltela.pt\/"],"url":"https:\/\/portaltela.pt\/por\/367410592786\/"}]}},"_links":{"self":[{"href":"https:\/\/portaltela.pt\/api\/wp\/v2\/posts\/205885","targetHints":{"allow":["GET"]}}],"collection":[{"href":"https:\/\/portaltela.pt\/api\/wp\/v2\/posts"}],"about":[{"href":"https:\/\/portaltela.pt\/api\/wp\/v2\/types\/post"}],"author":[{"embeddable":true,"href":"https:\/\/portaltela.pt\/api\/wp\/v2\/users\/2"}],"replies":[{"embeddable":true,"href":"https:\/\/portaltela.pt\/api\/wp\/v2\/comments?post=205885"}],"version-history":[{"count":0,"href":"https:\/\/portaltela.pt\/api\/wp\/v2\/posts\/205885\/revisions"}],"wp:featuredmedia":[{"embeddable":true,"href":"https:\/\/portaltela.pt\/api\/wp\/v2\/media\/205887"}],"wp:attachment":[{"href":"https:\/\/portaltela.pt\/api\/wp\/v2\/media?parent=205885"}],"wp:term":[{"taxonomy":"category","embeddable":true,"href":"https:\/\/portaltela.pt\/api\/wp\/v2\/categories?post=205885"},{"taxonomy":"post_tag","embeddable":true,"href":"https:\/\/portaltela.pt\/api\/wp\/v2\/tags?post=205885"}],"curies":[{"name":"wp","href":"https:\/\/api.w.org\/{rel}","templated":true}]}}