{"id":205855,"date":"2026-02-09T16:07:00","date_gmt":"2026-02-09T19:07:00","guid":{"rendered":"https:\/\/portaltela.pt\/noticias\/2026\/02\/09\/mau-tempo-deixa-inoperacional-centro-de-canoagem-em-montemor-o-velho\/"},"modified":"2026-02-09T16:07:00","modified_gmt":"2026-02-09T19:07:00","slug":"mau-tempo-deixa-inoperacional-centro-de-canoagem-em-montemor-o-velho","status":"publish","type":"post","link":"https:\/\/portaltela.pt\/desporto\/2026\/02\/09\/mau-tempo-deixa-inoperacional-centro-de-canoagem-em-montemor-o-velho\/","title":{"rendered":"Mau tempo deixa inoperacional Centro de Canoagem em Montemor-o-Velho"},"content":{"rendered":"<p>O Centro de Alto Rendimento (CAR) de Montemor-o-Velho ficou submerso e inoperacional devido \u00e0s cheias que atravessam Portugal, impossibilitando o funcionamento normal do espa\u00e7o. O facto impacta a organiza\u00e7\u00e3o do Campeonato da Europa de canoagem de velocidade, marcado para 10 a 14 de junho, que serve de apuramento ol\u00edmpico para Los Angeles 2026.<\/p>\n<p>Segundo a Federa\u00e7\u00e3o Portuguesa de Canoagem (FPC), o CAR est\u00e1 praticamente isolado pela \u00e1gua, com o edif\u00edcio principal vis\u00edvel acima do n\u00edvel da \u00e1gua. A torre de controlo e as zonas t\u00e9cnicas tamb\u00e9m sofreram danos vis\u00edveis, agravando a situa\u00e7\u00e3o de indisponibilidade da infraestrutura.<\/p>\n<p>A FPC confirmou a anula\u00e7\u00e3o de alguns est\u00e1gios de treino e a desloca\u00e7\u00e3o de outras sess\u00f5es para Avis e Terras do Bouro, na barragem da Cani\u00e7ada. Cerca de 30 cano\u00edstas de v\u00e1rias selec\u00e7\u00f5es s\u00e3o afetados pela mudan\u00e7a de planos.<\/p>\n<p>O n\u00edvel do Rio Mondego subiu significativamente, deixando grande parte do complexo submersa. O r\u00e9s-do-ch\u00e3o foi particularmente afetado, com vidros partidos e alagamento de \u00e1reas t\u00e9cnicas. Estradas de acesso ficaram submersas.<\/p>\n<p>O l\u00edder da federa\u00e7\u00e3o reconheceu a dificuldade em avaliar ainda os danos totais \u00e0 infraestrutura municipal. A FPC j\u00e1 retirou grande parte do material e coordenou o reagendamento de est\u00e1gios para proteger equipamentos.<\/p>\n<p>A situa\u00e7\u00e3o pode agravar-se se as previs\u00f5es de chuva se confirmarem. H\u00e1 o receio de danos adicionais a \u00e1reas como gin\u00e1sios, balne\u00e1rios e zonas de apoio do CAR, caso a \u00e1gua permane\u00e7a em perman\u00eancia prolongada.<\/p>\n<p>A barreira de vento ficou completamente destru\u00edda, com cerca de 40 postes danificados. O impacto nos servi\u00e7os t\u00e9cnicos inclui potenciais preju\u00edzos a bombas, jacuzzis e outros equipamentos de apoio.<\/p>\n<p>O CAR de Montemor-o-Velho permanece a preparar-se para receber o Campeonato da Europa, entre 10 e 14 de junho, mantendo a esperan\u00e7a de que as condi\u00e7\u00f5es melhorem a tempo da prova.<\/p>\n<p>A federa\u00e7\u00e3o espera que o munic\u00edpio consiga reparar os estragos e assegurar as condi\u00e7\u00f5es exigidas para uma competi\u00e7\u00e3o de grande dimens\u00e3o, j\u00e1 com o foco no processo de apuramento ol\u00edmpico.<\/p>\n","protected":false},"excerpt":{"rendered":"<ul>\n<li>O Centro de Alto Rendimento (CAR) de Montemor-o-Velho est\u00e1 submerso e inoperacional devido \u00e0s cheias, obrigando a deslocar est\u00e1gios de v\u00e1rias sele\u00e7\u00f5es para Avis e Terras do Bouro.<\/li>\n<li>O Campeonato da Europa de canoagem de velocidade, entre 10 e 14 de Junho, pode ficar em risco de realiza\u00e7\u00e3o no CAR, que acolha a prova para o apuramento ol\u00edmpico para Los Angeles 2026.<\/li>\n<li>A \u00e1gua elevada do Rio Mondego deixou o complexo quase todo debaixo de \u00e1gua, com a torre de controlo e o r\u00e9s-do-ch\u00e3o danificados; o piso zero da torre est\u00e1 submerso.<\/li>\n<li>A federa\u00e7\u00e3o j\u00e1 retirou grande parte do material e prev\u00ea deslocar os est\u00e1gios das selec\u00e7\u00f5es para outros locais, devido aos danos e ao encerramento do CAR.<\/li>\n<li>O presidente da Federa\u00e7\u00e3o Portuguesa de Canoagem pediu entendimento e apoio municipal para reparar os estragos antes da competi\u00e7\u00e3o, destacando o risco de novos danos com as previs\u00f5es de chuva.<\/li>\n<\/ul>\n","protected":false},"author":2,"featured_media":205861,"comment_status":"closed","ping_status":"closed","sticky":false,"template":"","format":"standard","meta":{"footnotes":""},"categories":[21],"tags":[3812,227,1132,152,1014],"class_list":["post-205855","post","type-post","status-publish","format-standard","has-post-thumbnail","hentry","category-desporto","tag-alagamentos","tag-campeonato","tag-canoagem","tag-desporto","tag-portugal"],"yoast_head":"<!-- This site is optimized with the Yoast SEO plugin v27.2 - https:\/\/yoast.com\/product\/yoast-seo-wordpress\/ -->\n<title>Mau tempo deixa inoperacional Centro de Canoagem em Montemor-o-Velho - Portal Tela Portugal<\/title>\n<meta name=\"robots\" content=\"index, follow, max-snippet:-1, max-image-preview:large, max-video-preview:-1\" \/>\n<meta property=\"og:locale\" content=\"pt_PT\" \/>\n<meta property=\"og:type\" content=\"article\" \/>\n<meta property=\"og:title\" content=\"Mau tempo deixa inoperacional Centro de Canoagem em Montemor-o-Velho - Portal Tela Portugal\" \/>\n<meta property=\"og:description\" content=\"O Centro de Alto Rendimento (CAR) de Montemor-o-Velho est\u00e1 submerso e inoperacional devido \u00e0s cheias, obrigando a deslocar est\u00e1gios de v\u00e1rias sele\u00e7\u00f5es para Avis e Terras do Bouro. O Campeonato da Europa de canoagem de velocidade, entre 10 e 14 de Junho, pode ficar em risco de realiza\u00e7\u00e3o no CAR, que acolha a prova para o apuramento ol\u00edmpico para Los Angeles 2026. A \u00e1gua elevada do Rio Mondego deixou o complexo quase todo debaixo de \u00e1gua, com a torre de controlo e o r\u00e9s-do-ch\u00e3o danificados; o piso zero da torre est\u00e1 submerso. A federa\u00e7\u00e3o j\u00e1 retirou grande parte do material e prev\u00ea deslocar os est\u00e1gios das selec\u00e7\u00f5es para outros locais, devido aos danos e ao encerramento do CAR. O presidente da Federa\u00e7\u00e3o Portuguesa de Canoagem pediu entendimento e apoio municipal para reparar os estragos antes da competi\u00e7\u00e3o, destacando o risco de novos danos com as previs\u00f5es de chuva.\" \/>\n<meta property=\"og:url\" content=\"https:\/\/portaltela.pt\/noticias\/2026\/02\/09\/mau-tempo-deixa-inoperacional-centro-de-canoagem-em-montemor-o-velho\/\" \/>\n<meta property=\"og:site_name\" content=\"Portal Tela Portugal\" \/>\n<meta property=\"article:published_time\" content=\"2026-02-09T19:07:00+00:00\" \/>\n<meta name=\"author\" content=\"Telinha\" \/>\n<meta name=\"twitter:card\" content=\"summary_large_image\" \/>\n<meta name=\"twitter:label1\" content=\"Escrito por\" \/>\n\t<meta name=\"twitter:data1\" content=\"Telinha\" \/>\n\t<meta name=\"twitter:label2\" content=\"Tempo estimado de leitura\" \/>\n\t<meta name=\"twitter:data2\" content=\"2 minutos\" \/>\n<script type=\"application\/ld+json\" class=\"yoast-schema-graph\">{\"@context\":\"https:\/\/schema.org\",\"@graph\":[{\"@type\":\"Article\",\"@id\":\"https:\/\/portaltela.pt\/noticias\/2026\/02\/09\/mau-tempo-deixa-inoperacional-centro-de-canoagem-em-montemor-o-velho\/#article\",\"isPartOf\":{\"@id\":\"https:\/\/portaltela.pt\/noticias\/2026\/02\/09\/mau-tempo-deixa-inoperacional-centro-de-canoagem-em-montemor-o-velho\/\"},\"author\":{\"name\":\"Telinha\",\"@id\":\"https:\/\/portaltela.pt\/#\/schema\/person\/c4278d4a6028830caff9ee44b42d32ed\"},\"headline\":\"Mau tempo deixa inoperacional Centro de Canoagem em Montemor-o-Velho\",\"datePublished\":\"2026-02-09T19:07:00+00:00\",\"mainEntityOfPage\":{\"@id\":\"https:\/\/portaltela.pt\/noticias\/2026\/02\/09\/mau-tempo-deixa-inoperacional-centro-de-canoagem-em-montemor-o-velho\/\"},\"wordCount\":371,\"image\":{\"@id\":\"https:\/\/portaltela.pt\/noticias\/2026\/02\/09\/mau-tempo-deixa-inoperacional-centro-de-canoagem-em-montemor-o-velho\/#primaryimage\"},\"thumbnailUrl\":\"https:\/\/portaltela.pt\/s.01k8rhncp4jt1\/2026\/02\/2065910.jpg\",\"keywords\":[\"alagamentos\",\"campeonato\",\"canoagem\",\"desporto\",\"Portugal\"],\"articleSection\":[\"Desporto\"],\"inLanguage\":\"pt-PT\"},{\"@type\":\"WebPage\",\"@id\":\"https:\/\/portaltela.pt\/noticias\/2026\/02\/09\/mau-tempo-deixa-inoperacional-centro-de-canoagem-em-montemor-o-velho\/\",\"url\":\"https:\/\/portaltela.pt\/noticias\/2026\/02\/09\/mau-tempo-deixa-inoperacional-centro-de-canoagem-em-montemor-o-velho\/\",\"name\":\"Mau tempo deixa inoperacional Centro de Canoagem em Montemor-o-Velho - Portal Tela Portugal\",\"isPartOf\":{\"@id\":\"https:\/\/portaltela.pt\/#website\"},\"primaryImageOfPage\":{\"@id\":\"https:\/\/portaltela.pt\/noticias\/2026\/02\/09\/mau-tempo-deixa-inoperacional-centro-de-canoagem-em-montemor-o-velho\/#primaryimage\"},\"image\":{\"@id\":\"https:\/\/portaltela.pt\/noticias\/2026\/02\/09\/mau-tempo-deixa-inoperacional-centro-de-canoagem-em-montemor-o-velho\/#primaryimage\"},\"thumbnailUrl\":\"https:\/\/portaltela.pt\/s.01k8rhncp4jt1\/2026\/02\/2065910.jpg\",\"datePublished\":\"2026-02-09T19:07:00+00:00\",\"author\":{\"@id\":\"https:\/\/portaltela.pt\/#\/schema\/person\/c4278d4a6028830caff9ee44b42d32ed\"},\"breadcrumb\":{\"@id\":\"https:\/\/portaltela.pt\/noticias\/2026\/02\/09\/mau-tempo-deixa-inoperacional-centro-de-canoagem-em-montemor-o-velho\/#breadcrumb\"},\"inLanguage\":\"pt-PT\",\"potentialAction\":[{\"@type\":\"ReadAction\",\"target\":[\"https:\/\/portaltela.pt\/noticias\/2026\/02\/09\/mau-tempo-deixa-inoperacional-centro-de-canoagem-em-montemor-o-velho\/\"]}]},{\"@type\":\"ImageObject\",\"inLanguage\":\"pt-PT\",\"@id\":\"https:\/\/portaltela.pt\/noticias\/2026\/02\/09\/mau-tempo-deixa-inoperacional-centro-de-canoagem-em-montemor-o-velho\/#primaryimage\",\"url\":\"https:\/\/portaltela.pt\/s.01k8rhncp4jt1\/2026\/02\/2065910.jpg\",\"contentUrl\":\"https:\/\/portaltela.pt\/s.01k8rhncp4jt1\/2026\/02\/2065910.jpg\",\"width\":796,\"height\":448,\"caption\":\"O Centro de Alto Rendimento de Canoagem, em Montemor-o-Velho foi um dos equipamentos desportivos afectados pelo mau tempo\"},{\"@type\":\"BreadcrumbList\",\"@id\":\"https:\/\/portaltela.pt\/noticias\/2026\/02\/09\/mau-tempo-deixa-inoperacional-centro-de-canoagem-em-montemor-o-velho\/#breadcrumb\",\"itemListElement\":[{\"@type\":\"ListItem\",\"position\":1,\"name\":\"In\u00edcio\",\"item\":\"https:\/\/portaltela.pt\/\"},{\"@type\":\"ListItem\",\"position\":2,\"name\":\"Mau tempo deixa inoperacional Centro de Canoagem em Montemor-o-Velho\"}]},{\"@type\":\"WebSite\",\"@id\":\"https:\/\/portaltela.pt\/#website\",\"url\":\"https:\/\/portaltela.pt\/\",\"name\":\"Portal Tela Portugal\",\"description\":\"\",\"potentialAction\":[{\"@type\":\"SearchAction\",\"target\":{\"@type\":\"EntryPoint\",\"urlTemplate\":\"https:\/\/portaltela.pt\/?s={search_term_string}\"},\"query-input\":{\"@type\":\"PropertyValueSpecification\",\"valueRequired\":true,\"valueName\":\"search_term_string\"}}],\"inLanguage\":\"pt-PT\"},{\"@type\":\"Person\",\"@id\":\"https:\/\/portaltela.pt\/#\/schema\/person\/c4278d4a6028830caff9ee44b42d32ed\",\"name\":\"Telinha\",\"image\":{\"@type\":\"ImageObject\",\"inLanguage\":\"pt-PT\",\"@id\":\"https:\/\/portaltela.pt\/s.01k8rhncp4jt1\/2025\/11\/talking-bot-125x125.png\",\"url\":\"https:\/\/portaltela.pt\/s.01k8rhncp4jt1\/2025\/11\/talking-bot-125x125.png\",\"contentUrl\":\"https:\/\/portaltela.pt\/s.01k8rhncp4jt1\/2025\/11\/talking-bot-125x125.png\",\"caption\":\"Telinha\"},\"sameAs\":[\"https:\/\/portaltela.pt\/\"],\"url\":\"https:\/\/portaltela.pt\/por\/367410592786\/\"}]}<\/script>\n<!-- \/ Yoast SEO plugin. -->","yoast_head_json":{"title":"Mau tempo deixa inoperacional Centro de Canoagem em Montemor-o-Velho - Portal Tela Portugal","robots":{"index":"index","follow":"follow","max-snippet":"max-snippet:-1","max-image-preview":"max-image-preview:large","max-video-preview":"max-video-preview:-1"},"og_locale":"pt_PT","og_type":"article","og_title":"Mau tempo deixa inoperacional Centro de Canoagem em Montemor-o-Velho - Portal Tela Portugal","og_description":"O Centro de Alto Rendimento (CAR) de Montemor-o-Velho est\u00e1 submerso e inoperacional devido \u00e0s cheias, obrigando a deslocar est\u00e1gios de v\u00e1rias sele\u00e7\u00f5es para Avis e Terras do Bouro. O Campeonato da Europa de canoagem de velocidade, entre 10 e 14 de Junho, pode ficar em risco de realiza\u00e7\u00e3o no CAR, que acolha a prova para o apuramento ol\u00edmpico para Los Angeles 2026. A \u00e1gua elevada do Rio Mondego deixou o complexo quase todo debaixo de \u00e1gua, com a torre de controlo e o r\u00e9s-do-ch\u00e3o danificados; o piso zero da torre est\u00e1 submerso. A federa\u00e7\u00e3o j\u00e1 retirou grande parte do material e prev\u00ea deslocar os est\u00e1gios das selec\u00e7\u00f5es para outros locais, devido aos danos e ao encerramento do CAR. O presidente da Federa\u00e7\u00e3o Portuguesa de Canoagem pediu entendimento e apoio municipal para reparar os estragos antes da competi\u00e7\u00e3o, destacando o risco de novos danos com as previs\u00f5es de chuva.","og_url":"https:\/\/portaltela.pt\/noticias\/2026\/02\/09\/mau-tempo-deixa-inoperacional-centro-de-canoagem-em-montemor-o-velho\/","og_site_name":"Portal Tela Portugal","article_published_time":"2026-02-09T19:07:00+00:00","author":"Telinha","twitter_card":"summary_large_image","twitter_misc":{"Escrito por":"Telinha","Tempo estimado de leitura":"2 minutos"},"schema":{"@context":"https:\/\/schema.org","@graph":[{"@type":"Article","@id":"https:\/\/portaltela.pt\/noticias\/2026\/02\/09\/mau-tempo-deixa-inoperacional-centro-de-canoagem-em-montemor-o-velho\/#article","isPartOf":{"@id":"https:\/\/portaltela.pt\/noticias\/2026\/02\/09\/mau-tempo-deixa-inoperacional-centro-de-canoagem-em-montemor-o-velho\/"},"author":{"name":"Telinha","@id":"https:\/\/portaltela.pt\/#\/schema\/person\/c4278d4a6028830caff9ee44b42d32ed"},"headline":"Mau tempo deixa inoperacional Centro de Canoagem em Montemor-o-Velho","datePublished":"2026-02-09T19:07:00+00:00","mainEntityOfPage":{"@id":"https:\/\/portaltela.pt\/noticias\/2026\/02\/09\/mau-tempo-deixa-inoperacional-centro-de-canoagem-em-montemor-o-velho\/"},"wordCount":371,"image":{"@id":"https:\/\/portaltela.pt\/noticias\/2026\/02\/09\/mau-tempo-deixa-inoperacional-centro-de-canoagem-em-montemor-o-velho\/#primaryimage"},"thumbnailUrl":"https:\/\/portaltela.pt\/s.01k8rhncp4jt1\/2026\/02\/2065910.jpg","keywords":["alagamentos","campeonato","canoagem","desporto","Portugal"],"articleSection":["Desporto"],"inLanguage":"pt-PT"},{"@type":"WebPage","@id":"https:\/\/portaltela.pt\/noticias\/2026\/02\/09\/mau-tempo-deixa-inoperacional-centro-de-canoagem-em-montemor-o-velho\/","url":"https:\/\/portaltela.pt\/noticias\/2026\/02\/09\/mau-tempo-deixa-inoperacional-centro-de-canoagem-em-montemor-o-velho\/","name":"Mau tempo deixa inoperacional Centro de Canoagem em Montemor-o-Velho - Portal Tela Portugal","isPartOf":{"@id":"https:\/\/portaltela.pt\/#website"},"primaryImageOfPage":{"@id":"https:\/\/portaltela.pt\/noticias\/2026\/02\/09\/mau-tempo-deixa-inoperacional-centro-de-canoagem-em-montemor-o-velho\/#primaryimage"},"image":{"@id":"https:\/\/portaltela.pt\/noticias\/2026\/02\/09\/mau-tempo-deixa-inoperacional-centro-de-canoagem-em-montemor-o-velho\/#primaryimage"},"thumbnailUrl":"https:\/\/portaltela.pt\/s.01k8rhncp4jt1\/2026\/02\/2065910.jpg","datePublished":"2026-02-09T19:07:00+00:00","author":{"@id":"https:\/\/portaltela.pt\/#\/schema\/person\/c4278d4a6028830caff9ee44b42d32ed"},"breadcrumb":{"@id":"https:\/\/portaltela.pt\/noticias\/2026\/02\/09\/mau-tempo-deixa-inoperacional-centro-de-canoagem-em-montemor-o-velho\/#breadcrumb"},"inLanguage":"pt-PT","potentialAction":[{"@type":"ReadAction","target":["https:\/\/portaltela.pt\/noticias\/2026\/02\/09\/mau-tempo-deixa-inoperacional-centro-de-canoagem-em-montemor-o-velho\/"]}]},{"@type":"ImageObject","inLanguage":"pt-PT","@id":"https:\/\/portaltela.pt\/noticias\/2026\/02\/09\/mau-tempo-deixa-inoperacional-centro-de-canoagem-em-montemor-o-velho\/#primaryimage","url":"https:\/\/portaltela.pt\/s.01k8rhncp4jt1\/2026\/02\/2065910.jpg","contentUrl":"https:\/\/portaltela.pt\/s.01k8rhncp4jt1\/2026\/02\/2065910.jpg","width":796,"height":448,"caption":"O Centro de Alto Rendimento de Canoagem, em Montemor-o-Velho foi um dos equipamentos desportivos afectados pelo mau tempo"},{"@type":"BreadcrumbList","@id":"https:\/\/portaltela.pt\/noticias\/2026\/02\/09\/mau-tempo-deixa-inoperacional-centro-de-canoagem-em-montemor-o-velho\/#breadcrumb","itemListElement":[{"@type":"ListItem","position":1,"name":"In\u00edcio","item":"https:\/\/portaltela.pt\/"},{"@type":"ListItem","position":2,"name":"Mau tempo deixa inoperacional Centro de Canoagem em Montemor-o-Velho"}]},{"@type":"WebSite","@id":"https:\/\/portaltela.pt\/#website","url":"https:\/\/portaltela.pt\/","name":"Portal Tela Portugal","description":"","potentialAction":[{"@type":"SearchAction","target":{"@type":"EntryPoint","urlTemplate":"https:\/\/portaltela.pt\/?s={search_term_string}"},"query-input":{"@type":"PropertyValueSpecification","valueRequired":true,"valueName":"search_term_string"}}],"inLanguage":"pt-PT"},{"@type":"Person","@id":"https:\/\/portaltela.pt\/#\/schema\/person\/c4278d4a6028830caff9ee44b42d32ed","name":"Telinha","image":{"@type":"ImageObject","inLanguage":"pt-PT","@id":"https:\/\/portaltela.pt\/s.01k8rhncp4jt1\/2025\/11\/talking-bot-125x125.png","url":"https:\/\/portaltela.pt\/s.01k8rhncp4jt1\/2025\/11\/talking-bot-125x125.png","contentUrl":"https:\/\/portaltela.pt\/s.01k8rhncp4jt1\/2025\/11\/talking-bot-125x125.png","caption":"Telinha"},"sameAs":["https:\/\/portaltela.pt\/"],"url":"https:\/\/portaltela.pt\/por\/367410592786\/"}]}},"_links":{"self":[{"href":"https:\/\/portaltela.pt\/api\/wp\/v2\/posts\/205855","targetHints":{"allow":["GET"]}}],"collection":[{"href":"https:\/\/portaltela.pt\/api\/wp\/v2\/posts"}],"about":[{"href":"https:\/\/portaltela.pt\/api\/wp\/v2\/types\/post"}],"author":[{"embeddable":true,"href":"https:\/\/portaltela.pt\/api\/wp\/v2\/users\/2"}],"replies":[{"embeddable":true,"href":"https:\/\/portaltela.pt\/api\/wp\/v2\/comments?post=205855"}],"version-history":[{"count":0,"href":"https:\/\/portaltela.pt\/api\/wp\/v2\/posts\/205855\/revisions"}],"wp:featuredmedia":[{"embeddable":true,"href":"https:\/\/portaltela.pt\/api\/wp\/v2\/media\/205861"}],"wp:attachment":[{"href":"https:\/\/portaltela.pt\/api\/wp\/v2\/media?parent=205855"}],"wp:term":[{"taxonomy":"category","embeddable":true,"href":"https:\/\/portaltela.pt\/api\/wp\/v2\/categories?post=205855"},{"taxonomy":"post_tag","embeddable":true,"href":"https:\/\/portaltela.pt\/api\/wp\/v2\/tags?post=205855"}],"curies":[{"name":"wp","href":"https:\/\/api.w.org\/{rel}","templated":true}]}}