{"id":205839,"date":"2026-02-09T15:41:00","date_gmt":"2026-02-09T18:41:00","guid":{"rendered":"https:\/\/portaltela.pt\/noticias\/2026\/02\/09\/vinhos-verdes-reunem-37-produtores-na-wine-paris\/"},"modified":"2026-02-09T15:41:00","modified_gmt":"2026-02-09T18:41:00","slug":"vinhos-verdes-reunem-37-produtores-na-wine-paris","status":"publish","type":"post","link":"https:\/\/portaltela.pt\/noticias\/2026\/02\/09\/vinhos-verdes-reunem-37-produtores-na-wine-paris\/","title":{"rendered":"Vinhos Verdes re\u00fanem 37 produtores na Wine Paris"},"content":{"rendered":"<p>A Regi\u00e3o Demarcada dos Vinhos Verdes participa na Wine Paris, uma das maiores feiras internacionais do setor, que decorre entre 9 e 11 de fevereiro, em Paris. O evento acontece na Paris Expo Porte de Versailles e re\u00fane opera\u00e7\u00f5es de negocia\u00e7\u00e3o e oportunidades de exporta\u00e7\u00e3o.<\/p>\n<p>Ao todo, s\u00e3o 37 produtores que v\u00e3o apresentar uma sele\u00e7\u00e3o de vinhos verdes, com foco no terroir. A oferta pretende evidenciar a diversidade resultante das diferentes zonas, castas e pr\u00e1ticas de vinifica\u00e7\u00e3o da regi\u00e3o.<\/p>\n<p>Os produtores presentes representam v\u00e1rias dimens\u00f5es, desde pequenas estruturas at\u00e9 empresas de maior dimens\u00e3o, com portf\u00f3lios variados para diversos mercados.<\/p>\n<h3>Masterclass: The Many Expressions of Vinhos Verde<\/h3>\n<p>No dia 11 de fevereiro, \u00e0s 14h, realiza-se uma masterclass que envolve a prova de sete refer\u00eancias. O objetivo \u00e9 mostrar as caracter\u00edsticas distintas da regi\u00e3o, a diversidade de castas e os estilos de vinhos verdes, sob a condu\u00e7\u00e3o do en\u00f3logo Tiago Macena.<\/p>\n<p>A iniciativa visa aproximar os participantes da riqueza arom\u00e1tica e estrutural dos Vinhos Verdes, contribuindo para a visibilidade da regi\u00e3o junto de compradores e profissionais da prova. A presidente da Comiss\u00e3o de Viticultura da Regi\u00e3o dos Vinhos Verdes comenta que o evento fortalece as cadeias de distribui\u00e7\u00e3o, j\u00e1 que a regi\u00e3o exporta cerca de 45% das suas vendas.<\/p>\n","protected":false},"excerpt":{"rendered":"<ul>\n<li>A Regi\u00e3o Demarcada dos Vinhos Verdes leva 37 produtores \u00e0 Wine Paris, em Fran\u00e7a, de 9 a 11 de fevereiro.<\/li>\n<li>A feira realiza-se na Paris Expo Porte de Versailles, considerado o principal ponto de encontro para negocia\u00e7\u00f5es e exporta\u00e7\u00f5es.<\/li>\n<li>Os produtores apresentar\u00e3o uma sele\u00e7\u00e3o de vinhos verde que reflete o terroir e a diversidade de castas e estilos.<\/li>\n<li>No dia 11 de fevereiro, \u00e0s 14h, ocorre a masterclass &#8220;The Many Expressions of Vinhos Verde&#8221;, com prova de sete refer\u00eancias, conduzida pelo en\u00f3logo Tiago Macena.<\/li>\n<li>Dora Sim\u00f5es, presidente da Comiss\u00e3o de Viticultura da Regi\u00e3o dos Vinhos Verdes, destaca que a presen\u00e7a fortalece as cadeias de distribui\u00e7\u00e3o, j\u00e1 que a regi\u00e3o exporta cerca de 45% das suas vendas.<\/li>\n<\/ul>\n","protected":false},"author":2,"featured_media":205840,"comment_status":"closed","ping_status":"closed","sticky":false,"template":"","format":"standard","meta":{"footnotes":""},"categories":[1],"tags":[2541,3163,1014,5586,779,3508],"class_list":["post-205839","post","type-post","status-publish","format-standard","has-post-thumbnail","hentry","category-noticias","tag-exportacoes","tag-paris","tag-portugal","tag-vinho","tag-vinhos","tag-vitivinicultura"],"yoast_head":"<!-- This site is optimized with the Yoast SEO plugin v27.2 - https:\/\/yoast.com\/product\/yoast-seo-wordpress\/ -->\n<title>Vinhos Verdes re\u00fanem 37 produtores na Wine Paris - Portal Tela Portugal<\/title>\n<meta name=\"robots\" content=\"index, follow, max-snippet:-1, max-image-preview:large, max-video-preview:-1\" \/>\n<meta property=\"og:locale\" content=\"pt_PT\" \/>\n<meta property=\"og:type\" content=\"article\" \/>\n<meta property=\"og:title\" content=\"Vinhos Verdes re\u00fanem 37 produtores na Wine Paris - Portal Tela Portugal\" \/>\n<meta property=\"og:description\" content=\"A Regi\u00e3o Demarcada dos Vinhos Verdes leva 37 produtores \u00e0 Wine Paris, em Fran\u00e7a, de 9 a 11 de fevereiro. A feira realiza-se na Paris Expo Porte de Versailles, considerado o principal ponto de encontro para negocia\u00e7\u00f5es e exporta\u00e7\u00f5es. Os produtores apresentar\u00e3o uma sele\u00e7\u00e3o de vinhos verde que reflete o terroir e a diversidade de castas e estilos. No dia 11 de fevereiro, \u00e0s 14h, ocorre a masterclass &quot;The Many Expressions of Vinhos Verde&quot;, com prova de sete refer\u00eancias, conduzida pelo en\u00f3logo Tiago Macena. Dora Sim\u00f5es, presidente da Comiss\u00e3o de Viticultura da Regi\u00e3o dos Vinhos Verdes, destaca que a presen\u00e7a fortalece as cadeias de distribui\u00e7\u00e3o, j\u00e1 que a regi\u00e3o exporta cerca de 45% das suas vendas.\" \/>\n<meta property=\"og:url\" content=\"https:\/\/portaltela.pt\/noticias\/2026\/02\/09\/vinhos-verdes-reunem-37-produtores-na-wine-paris\/\" \/>\n<meta property=\"og:site_name\" content=\"Portal Tela Portugal\" \/>\n<meta property=\"article:published_time\" content=\"2026-02-09T18:41:00+00:00\" \/>\n<meta name=\"author\" content=\"Telinha\" \/>\n<meta name=\"twitter:card\" content=\"summary_large_image\" \/>\n<meta name=\"twitter:label1\" content=\"Escrito por\" \/>\n\t<meta name=\"twitter:data1\" content=\"Telinha\" \/>\n\t<meta name=\"twitter:label2\" content=\"Tempo estimado de leitura\" \/>\n\t<meta name=\"twitter:data2\" content=\"1 minuto\" \/>\n<script type=\"application\/ld+json\" class=\"yoast-schema-graph\">{\"@context\":\"https:\/\/schema.org\",\"@graph\":[{\"@type\":\"Article\",\"@id\":\"https:\/\/portaltela.pt\/noticias\/2026\/02\/09\/vinhos-verdes-reunem-37-produtores-na-wine-paris\/#article\",\"isPartOf\":{\"@id\":\"https:\/\/portaltela.pt\/noticias\/2026\/02\/09\/vinhos-verdes-reunem-37-produtores-na-wine-paris\/\"},\"author\":{\"name\":\"Telinha\",\"@id\":\"https:\/\/portaltela.pt\/#\/schema\/person\/c4278d4a6028830caff9ee44b42d32ed\"},\"headline\":\"Vinhos Verdes re\u00fanem 37 produtores na Wine Paris\",\"datePublished\":\"2026-02-09T18:41:00+00:00\",\"mainEntityOfPage\":{\"@id\":\"https:\/\/portaltela.pt\/noticias\/2026\/02\/09\/vinhos-verdes-reunem-37-produtores-na-wine-paris\/\"},\"wordCount\":235,\"image\":{\"@id\":\"https:\/\/portaltela.pt\/noticias\/2026\/02\/09\/vinhos-verdes-reunem-37-produtores-na-wine-paris\/#primaryimage\"},\"thumbnailUrl\":\"https:\/\/portaltela.pt\/s.01k8rhncp4jt1\/2026\/02\/image-728.jpg\",\"keywords\":[\"exporta\u00e7\u00f5es\",\"Paris\",\"Portugal\",\"vinho\",\"vinhos\",\"vitivinicultura\"],\"articleSection\":[\"Not\u00edcias\"],\"inLanguage\":\"pt-PT\"},{\"@type\":\"WebPage\",\"@id\":\"https:\/\/portaltela.pt\/noticias\/2026\/02\/09\/vinhos-verdes-reunem-37-produtores-na-wine-paris\/\",\"url\":\"https:\/\/portaltela.pt\/noticias\/2026\/02\/09\/vinhos-verdes-reunem-37-produtores-na-wine-paris\/\",\"name\":\"Vinhos Verdes re\u00fanem 37 produtores na Wine Paris - Portal Tela Portugal\",\"isPartOf\":{\"@id\":\"https:\/\/portaltela.pt\/#website\"},\"primaryImageOfPage\":{\"@id\":\"https:\/\/portaltela.pt\/noticias\/2026\/02\/09\/vinhos-verdes-reunem-37-produtores-na-wine-paris\/#primaryimage\"},\"image\":{\"@id\":\"https:\/\/portaltela.pt\/noticias\/2026\/02\/09\/vinhos-verdes-reunem-37-produtores-na-wine-paris\/#primaryimage\"},\"thumbnailUrl\":\"https:\/\/portaltela.pt\/s.01k8rhncp4jt1\/2026\/02\/image-728.jpg\",\"datePublished\":\"2026-02-09T18:41:00+00:00\",\"author\":{\"@id\":\"https:\/\/portaltela.pt\/#\/schema\/person\/c4278d4a6028830caff9ee44b42d32ed\"},\"breadcrumb\":{\"@id\":\"https:\/\/portaltela.pt\/noticias\/2026\/02\/09\/vinhos-verdes-reunem-37-produtores-na-wine-paris\/#breadcrumb\"},\"inLanguage\":\"pt-PT\",\"potentialAction\":[{\"@type\":\"ReadAction\",\"target\":[\"https:\/\/portaltela.pt\/noticias\/2026\/02\/09\/vinhos-verdes-reunem-37-produtores-na-wine-paris\/\"]}]},{\"@type\":\"ImageObject\",\"inLanguage\":\"pt-PT\",\"@id\":\"https:\/\/portaltela.pt\/noticias\/2026\/02\/09\/vinhos-verdes-reunem-37-produtores-na-wine-paris\/#primaryimage\",\"url\":\"https:\/\/portaltela.pt\/s.01k8rhncp4jt1\/2026\/02\/image-728.jpg\",\"contentUrl\":\"https:\/\/portaltela.pt\/s.01k8rhncp4jt1\/2026\/02\/image-728.jpg\",\"width\":796,\"height\":448,\"caption\":\"Porto, 27\/11\/2025 - Restaurante EZO, de gastronomia Georgiana, na Rua da Medita\u00e7\u00e3o n\u00ba39. Villa Mosavali, vinho georgiano. (Andr\u00e9 Rolo)\"},{\"@type\":\"BreadcrumbList\",\"@id\":\"https:\/\/portaltela.pt\/noticias\/2026\/02\/09\/vinhos-verdes-reunem-37-produtores-na-wine-paris\/#breadcrumb\",\"itemListElement\":[{\"@type\":\"ListItem\",\"position\":1,\"name\":\"In\u00edcio\",\"item\":\"https:\/\/portaltela.pt\/\"},{\"@type\":\"ListItem\",\"position\":2,\"name\":\"Vinhos Verdes re\u00fanem 37 produtores na Wine Paris\"}]},{\"@type\":\"WebSite\",\"@id\":\"https:\/\/portaltela.pt\/#website\",\"url\":\"https:\/\/portaltela.pt\/\",\"name\":\"Portal Tela Portugal\",\"description\":\"\",\"potentialAction\":[{\"@type\":\"SearchAction\",\"target\":{\"@type\":\"EntryPoint\",\"urlTemplate\":\"https:\/\/portaltela.pt\/?s={search_term_string}\"},\"query-input\":{\"@type\":\"PropertyValueSpecification\",\"valueRequired\":true,\"valueName\":\"search_term_string\"}}],\"inLanguage\":\"pt-PT\"},{\"@type\":\"Person\",\"@id\":\"https:\/\/portaltela.pt\/#\/schema\/person\/c4278d4a6028830caff9ee44b42d32ed\",\"name\":\"Telinha\",\"image\":{\"@type\":\"ImageObject\",\"inLanguage\":\"pt-PT\",\"@id\":\"https:\/\/portaltela.pt\/s.01k8rhncp4jt1\/2025\/11\/talking-bot-125x125.png\",\"url\":\"https:\/\/portaltela.pt\/s.01k8rhncp4jt1\/2025\/11\/talking-bot-125x125.png\",\"contentUrl\":\"https:\/\/portaltela.pt\/s.01k8rhncp4jt1\/2025\/11\/talking-bot-125x125.png\",\"caption\":\"Telinha\"},\"sameAs\":[\"https:\/\/portaltela.pt\/\"],\"url\":\"https:\/\/portaltela.pt\/por\/367410592786\/\"}]}<\/script>\n<!-- \/ Yoast SEO plugin. -->","yoast_head_json":{"title":"Vinhos Verdes re\u00fanem 37 produtores na Wine Paris - Portal Tela Portugal","robots":{"index":"index","follow":"follow","max-snippet":"max-snippet:-1","max-image-preview":"max-image-preview:large","max-video-preview":"max-video-preview:-1"},"og_locale":"pt_PT","og_type":"article","og_title":"Vinhos Verdes re\u00fanem 37 produtores na Wine Paris - Portal Tela Portugal","og_description":"A Regi\u00e3o Demarcada dos Vinhos Verdes leva 37 produtores \u00e0 Wine Paris, em Fran\u00e7a, de 9 a 11 de fevereiro. A feira realiza-se na Paris Expo Porte de Versailles, considerado o principal ponto de encontro para negocia\u00e7\u00f5es e exporta\u00e7\u00f5es. Os produtores apresentar\u00e3o uma sele\u00e7\u00e3o de vinhos verde que reflete o terroir e a diversidade de castas e estilos. No dia 11 de fevereiro, \u00e0s 14h, ocorre a masterclass \"The Many Expressions of Vinhos Verde\", com prova de sete refer\u00eancias, conduzida pelo en\u00f3logo Tiago Macena. Dora Sim\u00f5es, presidente da Comiss\u00e3o de Viticultura da Regi\u00e3o dos Vinhos Verdes, destaca que a presen\u00e7a fortalece as cadeias de distribui\u00e7\u00e3o, j\u00e1 que a regi\u00e3o exporta cerca de 45% das suas vendas.","og_url":"https:\/\/portaltela.pt\/noticias\/2026\/02\/09\/vinhos-verdes-reunem-37-produtores-na-wine-paris\/","og_site_name":"Portal Tela Portugal","article_published_time":"2026-02-09T18:41:00+00:00","author":"Telinha","twitter_card":"summary_large_image","twitter_misc":{"Escrito por":"Telinha","Tempo estimado de leitura":"1 minuto"},"schema":{"@context":"https:\/\/schema.org","@graph":[{"@type":"Article","@id":"https:\/\/portaltela.pt\/noticias\/2026\/02\/09\/vinhos-verdes-reunem-37-produtores-na-wine-paris\/#article","isPartOf":{"@id":"https:\/\/portaltela.pt\/noticias\/2026\/02\/09\/vinhos-verdes-reunem-37-produtores-na-wine-paris\/"},"author":{"name":"Telinha","@id":"https:\/\/portaltela.pt\/#\/schema\/person\/c4278d4a6028830caff9ee44b42d32ed"},"headline":"Vinhos Verdes re\u00fanem 37 produtores na Wine Paris","datePublished":"2026-02-09T18:41:00+00:00","mainEntityOfPage":{"@id":"https:\/\/portaltela.pt\/noticias\/2026\/02\/09\/vinhos-verdes-reunem-37-produtores-na-wine-paris\/"},"wordCount":235,"image":{"@id":"https:\/\/portaltela.pt\/noticias\/2026\/02\/09\/vinhos-verdes-reunem-37-produtores-na-wine-paris\/#primaryimage"},"thumbnailUrl":"https:\/\/portaltela.pt\/s.01k8rhncp4jt1\/2026\/02\/image-728.jpg","keywords":["exporta\u00e7\u00f5es","Paris","Portugal","vinho","vinhos","vitivinicultura"],"articleSection":["Not\u00edcias"],"inLanguage":"pt-PT"},{"@type":"WebPage","@id":"https:\/\/portaltela.pt\/noticias\/2026\/02\/09\/vinhos-verdes-reunem-37-produtores-na-wine-paris\/","url":"https:\/\/portaltela.pt\/noticias\/2026\/02\/09\/vinhos-verdes-reunem-37-produtores-na-wine-paris\/","name":"Vinhos Verdes re\u00fanem 37 produtores na Wine Paris - Portal Tela Portugal","isPartOf":{"@id":"https:\/\/portaltela.pt\/#website"},"primaryImageOfPage":{"@id":"https:\/\/portaltela.pt\/noticias\/2026\/02\/09\/vinhos-verdes-reunem-37-produtores-na-wine-paris\/#primaryimage"},"image":{"@id":"https:\/\/portaltela.pt\/noticias\/2026\/02\/09\/vinhos-verdes-reunem-37-produtores-na-wine-paris\/#primaryimage"},"thumbnailUrl":"https:\/\/portaltela.pt\/s.01k8rhncp4jt1\/2026\/02\/image-728.jpg","datePublished":"2026-02-09T18:41:00+00:00","author":{"@id":"https:\/\/portaltela.pt\/#\/schema\/person\/c4278d4a6028830caff9ee44b42d32ed"},"breadcrumb":{"@id":"https:\/\/portaltela.pt\/noticias\/2026\/02\/09\/vinhos-verdes-reunem-37-produtores-na-wine-paris\/#breadcrumb"},"inLanguage":"pt-PT","potentialAction":[{"@type":"ReadAction","target":["https:\/\/portaltela.pt\/noticias\/2026\/02\/09\/vinhos-verdes-reunem-37-produtores-na-wine-paris\/"]}]},{"@type":"ImageObject","inLanguage":"pt-PT","@id":"https:\/\/portaltela.pt\/noticias\/2026\/02\/09\/vinhos-verdes-reunem-37-produtores-na-wine-paris\/#primaryimage","url":"https:\/\/portaltela.pt\/s.01k8rhncp4jt1\/2026\/02\/image-728.jpg","contentUrl":"https:\/\/portaltela.pt\/s.01k8rhncp4jt1\/2026\/02\/image-728.jpg","width":796,"height":448,"caption":"Porto, 27\/11\/2025 - Restaurante EZO, de gastronomia Georgiana, na Rua da Medita\u00e7\u00e3o n\u00ba39. Villa Mosavali, vinho georgiano. (Andr\u00e9 Rolo)"},{"@type":"BreadcrumbList","@id":"https:\/\/portaltela.pt\/noticias\/2026\/02\/09\/vinhos-verdes-reunem-37-produtores-na-wine-paris\/#breadcrumb","itemListElement":[{"@type":"ListItem","position":1,"name":"In\u00edcio","item":"https:\/\/portaltela.pt\/"},{"@type":"ListItem","position":2,"name":"Vinhos Verdes re\u00fanem 37 produtores na Wine Paris"}]},{"@type":"WebSite","@id":"https:\/\/portaltela.pt\/#website","url":"https:\/\/portaltela.pt\/","name":"Portal Tela Portugal","description":"","potentialAction":[{"@type":"SearchAction","target":{"@type":"EntryPoint","urlTemplate":"https:\/\/portaltela.pt\/?s={search_term_string}"},"query-input":{"@type":"PropertyValueSpecification","valueRequired":true,"valueName":"search_term_string"}}],"inLanguage":"pt-PT"},{"@type":"Person","@id":"https:\/\/portaltela.pt\/#\/schema\/person\/c4278d4a6028830caff9ee44b42d32ed","name":"Telinha","image":{"@type":"ImageObject","inLanguage":"pt-PT","@id":"https:\/\/portaltela.pt\/s.01k8rhncp4jt1\/2025\/11\/talking-bot-125x125.png","url":"https:\/\/portaltela.pt\/s.01k8rhncp4jt1\/2025\/11\/talking-bot-125x125.png","contentUrl":"https:\/\/portaltela.pt\/s.01k8rhncp4jt1\/2025\/11\/talking-bot-125x125.png","caption":"Telinha"},"sameAs":["https:\/\/portaltela.pt\/"],"url":"https:\/\/portaltela.pt\/por\/367410592786\/"}]}},"_links":{"self":[{"href":"https:\/\/portaltela.pt\/api\/wp\/v2\/posts\/205839","targetHints":{"allow":["GET"]}}],"collection":[{"href":"https:\/\/portaltela.pt\/api\/wp\/v2\/posts"}],"about":[{"href":"https:\/\/portaltela.pt\/api\/wp\/v2\/types\/post"}],"author":[{"embeddable":true,"href":"https:\/\/portaltela.pt\/api\/wp\/v2\/users\/2"}],"replies":[{"embeddable":true,"href":"https:\/\/portaltela.pt\/api\/wp\/v2\/comments?post=205839"}],"version-history":[{"count":0,"href":"https:\/\/portaltela.pt\/api\/wp\/v2\/posts\/205839\/revisions"}],"wp:featuredmedia":[{"embeddable":true,"href":"https:\/\/portaltela.pt\/api\/wp\/v2\/media\/205840"}],"wp:attachment":[{"href":"https:\/\/portaltela.pt\/api\/wp\/v2\/media?parent=205839"}],"wp:term":[{"taxonomy":"category","embeddable":true,"href":"https:\/\/portaltela.pt\/api\/wp\/v2\/categories?post=205839"},{"taxonomy":"post_tag","embeddable":true,"href":"https:\/\/portaltela.pt\/api\/wp\/v2\/tags?post=205839"}],"curies":[{"name":"wp","href":"https:\/\/api.w.org\/{rel}","templated":true}]}}