{"id":205835,"date":"2026-02-09T15:43:46","date_gmt":"2026-02-09T18:43:46","guid":{"rendered":"https:\/\/portaltela.pt\/noticias\/2026\/02\/09\/car-de-canoagem-em-montemor-o-velho-inoperante-obriga-federacao-a-alterar-planos\/"},"modified":"2026-02-09T15:43:46","modified_gmt":"2026-02-09T18:43:46","slug":"car-de-canoagem-em-montemor-o-velho-inoperante-obriga-federacao-a-alterar-planos","status":"publish","type":"post","link":"https:\/\/portaltela.pt\/desporto\/2026\/02\/09\/car-de-canoagem-em-montemor-o-velho-inoperante-obriga-federacao-a-alterar-planos\/","title":{"rendered":"CAR de canoagem em Montemor-o-Velho inoperante obriga federa\u00e7\u00e3o a alterar planos"},"content":{"rendered":"<p>O Centro de Alto Rendimento (CAR) de Montemor-o-Velho encontra-se submerso e inoperacional devido \u00e0s cheias que atingiram Portugal. A Federa\u00e7\u00e3o Portuguesa de Canoagem (FPC) decidiu transferir os est\u00e1gios de v\u00e1rias sele\u00e7\u00f5es para Avis e para Terras do Bouro, na barragem da Cani\u00e7ada. O cen\u00e1rio impede a continuidade de prepara\u00e7\u00e3o no local.<\/p>\n<p>Segundo a dire\u00e7\u00e3o, o n\u00edvel da \u00e1gua tem subido de forma constante, deixando o CAR praticamente isolado com apenas o edif\u00edcio principal vis\u00edvel acima da \u00e1gua. A infraestrutura ficou parcialmente inundada h\u00e1 v\u00e1rios dias, inviabilizando atividades e obrigando a reorganiza\u00e7\u00e3o das sess\u00f5es.<\/p>\n<p>A altera\u00e7\u00e3o de planos afeta, cerca de 30 cano\u00edstas, com a anula\u00e7\u00e3o de alguns est\u00e1gios e o deslocamento de outros. Enquanto as equipas nacionais prosseguem, a prioridade passa pela salvaguarda de material e pela reprograma\u00e7\u00e3o de treinos.<\/p>\n<h3>Impacto nas estruturas e nos planos<\/h3>\n<p>A eleva\u00e7\u00e3o das \u00e1guas do rio Mondego deixou grande parte do complexo submersa, destacando-se a torre de controlo e os hangares, com danos no r\u00e9s-do-ch\u00e3o e vidros partidos. A via de acesso central encontra-se submersa, tingindo de \u00e1gua zonas t\u00e9cnicas e de apoio.<\/p>\n<p>Apesar da avalia\u00e7\u00e3o ainda n\u00e3o ser poss\u00edvel, a lideran\u00e7a reconhece danos significativos. Entre os agentes de risco est\u00e3o a destrui\u00e7\u00e3o de uma barreira de vento, postes danificados e o risco de danos a bombas e equipamentos de tratamento de \u00e1guas, caso a \u00e1gua persista.<\/p>\n<p>A FPC aponta que o CAR de Montemor-o-Velho ainda acolher\u00e1 o Campeonato da Europa de velocidade entre 10 e 14 de junho, prova que tamb\u00e9m funciona como apuramento ol\u00edmpico para Los Angeles 2026. A expectativa \u00e9 de que as obras avancem com o apoio municipal e das autoridades competentes.<\/p>\n","protected":false},"excerpt":{"rendered":"<ul>\n<li>O Centro de Alto Rendimento de Montemor-o-Velho est\u00e1 submerso e inoperacional devido \u00e0s cheias, com o edif\u00edcio principal ainda vis\u00edvel acima da \u00e1gua.<\/li>\n<li>A Federa\u00e7\u00e3o Portuguesa de Canoagem transferiu est\u00e1gios e deslocou v\u00e1rios trabalhos para Avis e Terras do Bouro, afetando cerca de 30 cano\u00edstas.<\/li>\n<li>A FPC j\u00e1 come\u00e7ou a retirar grande parte do material e a mudar os est\u00e1gios das sele\u00e7\u00f5es para evitar maior impacto na prepara\u00e7\u00e3o.<\/li>\n<li>A torre de controlo ficou danificada e o piso zero est\u00e1 submerso; a barreira de vento foi destru\u00edda, com cerca de 40 postes danificados e vidros partidos.<\/li>\n<li>O CAR de Montemor-o-Velho vai acolher o Campeonato da Europa de canoagem de velocidade entre 10 e 14 de junho, no \u00e2mbito do apuramento ol\u00edmpico para Los Angeles 2026; a federa\u00e7\u00e3o espera que as obras de repara\u00e7\u00e3o avancem com apoio municipal.<\/li>\n<\/ul>\n","protected":false},"author":2,"featured_media":205838,"comment_status":"closed","ping_status":"closed","sticky":false,"template":"","format":"standard","meta":{"footnotes":""},"categories":[21],"tags":[1331,2897,5159,227,152,2487],"class_list":["post-205835","post","type-post","status-publish","format-standard","has-post-thumbnail","hentry","category-desporto","tag-alagamento","tag-avis","tag-aviso-de-mau-tempo","tag-campeonato","tag-desporto","tag-europa"],"yoast_head":"<!-- This site is optimized with the Yoast SEO plugin v27.2 - https:\/\/yoast.com\/product\/yoast-seo-wordpress\/ -->\n<title>CAR de canoagem em Montemor-o-Velho inoperante obriga federa\u00e7\u00e3o a alterar planos - Portal Tela Portugal<\/title>\n<meta name=\"robots\" content=\"index, follow, max-snippet:-1, max-image-preview:large, max-video-preview:-1\" \/>\n<meta property=\"og:locale\" content=\"pt_PT\" \/>\n<meta property=\"og:type\" content=\"article\" \/>\n<meta property=\"og:title\" content=\"CAR de canoagem em Montemor-o-Velho inoperante obriga federa\u00e7\u00e3o a alterar planos - Portal Tela Portugal\" \/>\n<meta property=\"og:description\" content=\"O Centro de Alto Rendimento de Montemor-o-Velho est\u00e1 submerso e inoperacional devido \u00e0s cheias, com o edif\u00edcio principal ainda vis\u00edvel acima da \u00e1gua. A Federa\u00e7\u00e3o Portuguesa de Canoagem transferiu est\u00e1gios e deslocou v\u00e1rios trabalhos para Avis e Terras do Bouro, afetando cerca de 30 cano\u00edstas. A FPC j\u00e1 come\u00e7ou a retirar grande parte do material e a mudar os est\u00e1gios das sele\u00e7\u00f5es para evitar maior impacto na prepara\u00e7\u00e3o. A torre de controlo ficou danificada e o piso zero est\u00e1 submerso; a barreira de vento foi destru\u00edda, com cerca de 40 postes danificados e vidros partidos. O CAR de Montemor-o-Velho vai acolher o Campeonato da Europa de canoagem de velocidade entre 10 e 14 de junho, no \u00e2mbito do apuramento ol\u00edmpico para Los Angeles 2026; a federa\u00e7\u00e3o espera que as obras de repara\u00e7\u00e3o avancem com apoio municipal.\" \/>\n<meta property=\"og:url\" content=\"https:\/\/portaltela.pt\/noticias\/2026\/02\/09\/car-de-canoagem-em-montemor-o-velho-inoperante-obriga-federacao-a-alterar-planos\/\" \/>\n<meta property=\"og:site_name\" content=\"Portal Tela Portugal\" \/>\n<meta property=\"article:published_time\" content=\"2026-02-09T18:43:46+00:00\" \/>\n<meta name=\"author\" content=\"Telinha\" \/>\n<meta name=\"twitter:card\" content=\"summary_large_image\" \/>\n<meta name=\"twitter:label1\" content=\"Escrito por\" \/>\n\t<meta name=\"twitter:data1\" content=\"Telinha\" \/>\n\t<meta name=\"twitter:label2\" content=\"Tempo estimado de leitura\" \/>\n\t<meta name=\"twitter:data2\" content=\"1 minuto\" \/>\n<script type=\"application\/ld+json\" class=\"yoast-schema-graph\">{\"@context\":\"https:\/\/schema.org\",\"@graph\":[{\"@type\":\"Article\",\"@id\":\"https:\/\/portaltela.pt\/noticias\/2026\/02\/09\/car-de-canoagem-em-montemor-o-velho-inoperante-obriga-federacao-a-alterar-planos\/#article\",\"isPartOf\":{\"@id\":\"https:\/\/portaltela.pt\/noticias\/2026\/02\/09\/car-de-canoagem-em-montemor-o-velho-inoperante-obriga-federacao-a-alterar-planos\/\"},\"author\":{\"name\":\"Telinha\",\"@id\":\"https:\/\/portaltela.pt\/#\/schema\/person\/c4278d4a6028830caff9ee44b42d32ed\"},\"headline\":\"CAR de canoagem em Montemor-o-Velho inoperante obriga federa\u00e7\u00e3o a alterar planos\",\"datePublished\":\"2026-02-09T18:43:46+00:00\",\"mainEntityOfPage\":{\"@id\":\"https:\/\/portaltela.pt\/noticias\/2026\/02\/09\/car-de-canoagem-em-montemor-o-velho-inoperante-obriga-federacao-a-alterar-planos\/\"},\"wordCount\":310,\"image\":{\"@id\":\"https:\/\/portaltela.pt\/noticias\/2026\/02\/09\/car-de-canoagem-em-montemor-o-velho-inoperante-obriga-federacao-a-alterar-planos\/#primaryimage\"},\"thumbnailUrl\":\"https:\/\/portaltela.pt\/s.01k8rhncp4jt1\/2026\/02\/img_920x518uu2026-02-09-18-42-09-2420584.jpg\",\"keywords\":[\"alagamento\",\"Avis\",\"aviso de mau tempo\",\"campeonato\",\"desporto\",\"Europa\"],\"articleSection\":[\"Desporto\"],\"inLanguage\":\"pt-PT\"},{\"@type\":\"WebPage\",\"@id\":\"https:\/\/portaltela.pt\/noticias\/2026\/02\/09\/car-de-canoagem-em-montemor-o-velho-inoperante-obriga-federacao-a-alterar-planos\/\",\"url\":\"https:\/\/portaltela.pt\/noticias\/2026\/02\/09\/car-de-canoagem-em-montemor-o-velho-inoperante-obriga-federacao-a-alterar-planos\/\",\"name\":\"CAR de canoagem em Montemor-o-Velho inoperante obriga federa\u00e7\u00e3o a alterar planos - Portal Tela Portugal\",\"isPartOf\":{\"@id\":\"https:\/\/portaltela.pt\/#website\"},\"primaryImageOfPage\":{\"@id\":\"https:\/\/portaltela.pt\/noticias\/2026\/02\/09\/car-de-canoagem-em-montemor-o-velho-inoperante-obriga-federacao-a-alterar-planos\/#primaryimage\"},\"image\":{\"@id\":\"https:\/\/portaltela.pt\/noticias\/2026\/02\/09\/car-de-canoagem-em-montemor-o-velho-inoperante-obriga-federacao-a-alterar-planos\/#primaryimage\"},\"thumbnailUrl\":\"https:\/\/portaltela.pt\/s.01k8rhncp4jt1\/2026\/02\/img_920x518uu2026-02-09-18-42-09-2420584.jpg\",\"datePublished\":\"2026-02-09T18:43:46+00:00\",\"author\":{\"@id\":\"https:\/\/portaltela.pt\/#\/schema\/person\/c4278d4a6028830caff9ee44b42d32ed\"},\"breadcrumb\":{\"@id\":\"https:\/\/portaltela.pt\/noticias\/2026\/02\/09\/car-de-canoagem-em-montemor-o-velho-inoperante-obriga-federacao-a-alterar-planos\/#breadcrumb\"},\"inLanguage\":\"pt-PT\",\"potentialAction\":[{\"@type\":\"ReadAction\",\"target\":[\"https:\/\/portaltela.pt\/noticias\/2026\/02\/09\/car-de-canoagem-em-montemor-o-velho-inoperante-obriga-federacao-a-alterar-planos\/\"]}]},{\"@type\":\"ImageObject\",\"inLanguage\":\"pt-PT\",\"@id\":\"https:\/\/portaltela.pt\/noticias\/2026\/02\/09\/car-de-canoagem-em-montemor-o-velho-inoperante-obriga-federacao-a-alterar-planos\/#primaryimage\",\"url\":\"https:\/\/portaltela.pt\/s.01k8rhncp4jt1\/2026\/02\/img_920x518uu2026-02-09-18-42-09-2420584.jpg\",\"contentUrl\":\"https:\/\/portaltela.pt\/s.01k8rhncp4jt1\/2026\/02\/img_920x518uu2026-02-09-18-42-09-2420584.jpg\",\"width\":796,\"height\":448,\"caption\":\"Assim est\u00e1 a entrada para o CAR de Montemor o Velho\"},{\"@type\":\"BreadcrumbList\",\"@id\":\"https:\/\/portaltela.pt\/noticias\/2026\/02\/09\/car-de-canoagem-em-montemor-o-velho-inoperante-obriga-federacao-a-alterar-planos\/#breadcrumb\",\"itemListElement\":[{\"@type\":\"ListItem\",\"position\":1,\"name\":\"In\u00edcio\",\"item\":\"https:\/\/portaltela.pt\/\"},{\"@type\":\"ListItem\",\"position\":2,\"name\":\"CAR de canoagem em Montemor-o-Velho inoperante obriga federa\u00e7\u00e3o a alterar planos\"}]},{\"@type\":\"WebSite\",\"@id\":\"https:\/\/portaltela.pt\/#website\",\"url\":\"https:\/\/portaltela.pt\/\",\"name\":\"Portal Tela Portugal\",\"description\":\"\",\"potentialAction\":[{\"@type\":\"SearchAction\",\"target\":{\"@type\":\"EntryPoint\",\"urlTemplate\":\"https:\/\/portaltela.pt\/?s={search_term_string}\"},\"query-input\":{\"@type\":\"PropertyValueSpecification\",\"valueRequired\":true,\"valueName\":\"search_term_string\"}}],\"inLanguage\":\"pt-PT\"},{\"@type\":\"Person\",\"@id\":\"https:\/\/portaltela.pt\/#\/schema\/person\/c4278d4a6028830caff9ee44b42d32ed\",\"name\":\"Telinha\",\"image\":{\"@type\":\"ImageObject\",\"inLanguage\":\"pt-PT\",\"@id\":\"https:\/\/portaltela.pt\/s.01k8rhncp4jt1\/2025\/11\/talking-bot-125x125.png\",\"url\":\"https:\/\/portaltela.pt\/s.01k8rhncp4jt1\/2025\/11\/talking-bot-125x125.png\",\"contentUrl\":\"https:\/\/portaltela.pt\/s.01k8rhncp4jt1\/2025\/11\/talking-bot-125x125.png\",\"caption\":\"Telinha\"},\"sameAs\":[\"https:\/\/portaltela.pt\/\"],\"url\":\"https:\/\/portaltela.pt\/por\/367410592786\/\"}]}<\/script>\n<!-- \/ Yoast SEO plugin. -->","yoast_head_json":{"title":"CAR de canoagem em Montemor-o-Velho inoperante obriga federa\u00e7\u00e3o a alterar planos - Portal Tela Portugal","robots":{"index":"index","follow":"follow","max-snippet":"max-snippet:-1","max-image-preview":"max-image-preview:large","max-video-preview":"max-video-preview:-1"},"og_locale":"pt_PT","og_type":"article","og_title":"CAR de canoagem em Montemor-o-Velho inoperante obriga federa\u00e7\u00e3o a alterar planos - Portal Tela Portugal","og_description":"O Centro de Alto Rendimento de Montemor-o-Velho est\u00e1 submerso e inoperacional devido \u00e0s cheias, com o edif\u00edcio principal ainda vis\u00edvel acima da \u00e1gua. A Federa\u00e7\u00e3o Portuguesa de Canoagem transferiu est\u00e1gios e deslocou v\u00e1rios trabalhos para Avis e Terras do Bouro, afetando cerca de 30 cano\u00edstas. A FPC j\u00e1 come\u00e7ou a retirar grande parte do material e a mudar os est\u00e1gios das sele\u00e7\u00f5es para evitar maior impacto na prepara\u00e7\u00e3o. A torre de controlo ficou danificada e o piso zero est\u00e1 submerso; a barreira de vento foi destru\u00edda, com cerca de 40 postes danificados e vidros partidos. O CAR de Montemor-o-Velho vai acolher o Campeonato da Europa de canoagem de velocidade entre 10 e 14 de junho, no \u00e2mbito do apuramento ol\u00edmpico para Los Angeles 2026; a federa\u00e7\u00e3o espera que as obras de repara\u00e7\u00e3o avancem com apoio municipal.","og_url":"https:\/\/portaltela.pt\/noticias\/2026\/02\/09\/car-de-canoagem-em-montemor-o-velho-inoperante-obriga-federacao-a-alterar-planos\/","og_site_name":"Portal Tela Portugal","article_published_time":"2026-02-09T18:43:46+00:00","author":"Telinha","twitter_card":"summary_large_image","twitter_misc":{"Escrito por":"Telinha","Tempo estimado de leitura":"1 minuto"},"schema":{"@context":"https:\/\/schema.org","@graph":[{"@type":"Article","@id":"https:\/\/portaltela.pt\/noticias\/2026\/02\/09\/car-de-canoagem-em-montemor-o-velho-inoperante-obriga-federacao-a-alterar-planos\/#article","isPartOf":{"@id":"https:\/\/portaltela.pt\/noticias\/2026\/02\/09\/car-de-canoagem-em-montemor-o-velho-inoperante-obriga-federacao-a-alterar-planos\/"},"author":{"name":"Telinha","@id":"https:\/\/portaltela.pt\/#\/schema\/person\/c4278d4a6028830caff9ee44b42d32ed"},"headline":"CAR de canoagem em Montemor-o-Velho inoperante obriga federa\u00e7\u00e3o a alterar planos","datePublished":"2026-02-09T18:43:46+00:00","mainEntityOfPage":{"@id":"https:\/\/portaltela.pt\/noticias\/2026\/02\/09\/car-de-canoagem-em-montemor-o-velho-inoperante-obriga-federacao-a-alterar-planos\/"},"wordCount":310,"image":{"@id":"https:\/\/portaltela.pt\/noticias\/2026\/02\/09\/car-de-canoagem-em-montemor-o-velho-inoperante-obriga-federacao-a-alterar-planos\/#primaryimage"},"thumbnailUrl":"https:\/\/portaltela.pt\/s.01k8rhncp4jt1\/2026\/02\/img_920x518uu2026-02-09-18-42-09-2420584.jpg","keywords":["alagamento","Avis","aviso de mau tempo","campeonato","desporto","Europa"],"articleSection":["Desporto"],"inLanguage":"pt-PT"},{"@type":"WebPage","@id":"https:\/\/portaltela.pt\/noticias\/2026\/02\/09\/car-de-canoagem-em-montemor-o-velho-inoperante-obriga-federacao-a-alterar-planos\/","url":"https:\/\/portaltela.pt\/noticias\/2026\/02\/09\/car-de-canoagem-em-montemor-o-velho-inoperante-obriga-federacao-a-alterar-planos\/","name":"CAR de canoagem em Montemor-o-Velho inoperante obriga federa\u00e7\u00e3o a alterar planos - Portal Tela Portugal","isPartOf":{"@id":"https:\/\/portaltela.pt\/#website"},"primaryImageOfPage":{"@id":"https:\/\/portaltela.pt\/noticias\/2026\/02\/09\/car-de-canoagem-em-montemor-o-velho-inoperante-obriga-federacao-a-alterar-planos\/#primaryimage"},"image":{"@id":"https:\/\/portaltela.pt\/noticias\/2026\/02\/09\/car-de-canoagem-em-montemor-o-velho-inoperante-obriga-federacao-a-alterar-planos\/#primaryimage"},"thumbnailUrl":"https:\/\/portaltela.pt\/s.01k8rhncp4jt1\/2026\/02\/img_920x518uu2026-02-09-18-42-09-2420584.jpg","datePublished":"2026-02-09T18:43:46+00:00","author":{"@id":"https:\/\/portaltela.pt\/#\/schema\/person\/c4278d4a6028830caff9ee44b42d32ed"},"breadcrumb":{"@id":"https:\/\/portaltela.pt\/noticias\/2026\/02\/09\/car-de-canoagem-em-montemor-o-velho-inoperante-obriga-federacao-a-alterar-planos\/#breadcrumb"},"inLanguage":"pt-PT","potentialAction":[{"@type":"ReadAction","target":["https:\/\/portaltela.pt\/noticias\/2026\/02\/09\/car-de-canoagem-em-montemor-o-velho-inoperante-obriga-federacao-a-alterar-planos\/"]}]},{"@type":"ImageObject","inLanguage":"pt-PT","@id":"https:\/\/portaltela.pt\/noticias\/2026\/02\/09\/car-de-canoagem-em-montemor-o-velho-inoperante-obriga-federacao-a-alterar-planos\/#primaryimage","url":"https:\/\/portaltela.pt\/s.01k8rhncp4jt1\/2026\/02\/img_920x518uu2026-02-09-18-42-09-2420584.jpg","contentUrl":"https:\/\/portaltela.pt\/s.01k8rhncp4jt1\/2026\/02\/img_920x518uu2026-02-09-18-42-09-2420584.jpg","width":796,"height":448,"caption":"Assim est\u00e1 a entrada para o CAR de Montemor o Velho"},{"@type":"BreadcrumbList","@id":"https:\/\/portaltela.pt\/noticias\/2026\/02\/09\/car-de-canoagem-em-montemor-o-velho-inoperante-obriga-federacao-a-alterar-planos\/#breadcrumb","itemListElement":[{"@type":"ListItem","position":1,"name":"In\u00edcio","item":"https:\/\/portaltela.pt\/"},{"@type":"ListItem","position":2,"name":"CAR de canoagem em Montemor-o-Velho inoperante obriga federa\u00e7\u00e3o a alterar planos"}]},{"@type":"WebSite","@id":"https:\/\/portaltela.pt\/#website","url":"https:\/\/portaltela.pt\/","name":"Portal Tela Portugal","description":"","potentialAction":[{"@type":"SearchAction","target":{"@type":"EntryPoint","urlTemplate":"https:\/\/portaltela.pt\/?s={search_term_string}"},"query-input":{"@type":"PropertyValueSpecification","valueRequired":true,"valueName":"search_term_string"}}],"inLanguage":"pt-PT"},{"@type":"Person","@id":"https:\/\/portaltela.pt\/#\/schema\/person\/c4278d4a6028830caff9ee44b42d32ed","name":"Telinha","image":{"@type":"ImageObject","inLanguage":"pt-PT","@id":"https:\/\/portaltela.pt\/s.01k8rhncp4jt1\/2025\/11\/talking-bot-125x125.png","url":"https:\/\/portaltela.pt\/s.01k8rhncp4jt1\/2025\/11\/talking-bot-125x125.png","contentUrl":"https:\/\/portaltela.pt\/s.01k8rhncp4jt1\/2025\/11\/talking-bot-125x125.png","caption":"Telinha"},"sameAs":["https:\/\/portaltela.pt\/"],"url":"https:\/\/portaltela.pt\/por\/367410592786\/"}]}},"_links":{"self":[{"href":"https:\/\/portaltela.pt\/api\/wp\/v2\/posts\/205835","targetHints":{"allow":["GET"]}}],"collection":[{"href":"https:\/\/portaltela.pt\/api\/wp\/v2\/posts"}],"about":[{"href":"https:\/\/portaltela.pt\/api\/wp\/v2\/types\/post"}],"author":[{"embeddable":true,"href":"https:\/\/portaltela.pt\/api\/wp\/v2\/users\/2"}],"replies":[{"embeddable":true,"href":"https:\/\/portaltela.pt\/api\/wp\/v2\/comments?post=205835"}],"version-history":[{"count":0,"href":"https:\/\/portaltela.pt\/api\/wp\/v2\/posts\/205835\/revisions"}],"wp:featuredmedia":[{"embeddable":true,"href":"https:\/\/portaltela.pt\/api\/wp\/v2\/media\/205838"}],"wp:attachment":[{"href":"https:\/\/portaltela.pt\/api\/wp\/v2\/media?parent=205835"}],"wp:term":[{"taxonomy":"category","embeddable":true,"href":"https:\/\/portaltela.pt\/api\/wp\/v2\/categories?post=205835"},{"taxonomy":"post_tag","embeddable":true,"href":"https:\/\/portaltela.pt\/api\/wp\/v2\/tags?post=205835"}],"curies":[{"name":"wp","href":"https:\/\/api.w.org\/{rel}","templated":true}]}}