{"id":205807,"date":"2026-02-09T15:03:00","date_gmt":"2026-02-09T18:03:00","guid":{"rendered":"https:\/\/portaltela.pt\/noticias\/2026\/02\/09\/william-e-kate-profundamente-preocupados-com-revelacoes-sobre-epstein\/"},"modified":"2026-02-09T15:03:00","modified_gmt":"2026-02-09T18:03:00","slug":"william-e-kate-profundamente-preocupados-com-revelacoes-sobre-epstein","status":"publish","type":"post","link":"https:\/\/portaltela.pt\/noticias\/internacional\/2026\/02\/09\/william-e-kate-profundamente-preocupados-com-revelacoes-sobre-epstein\/","title":{"rendered":"William e Kate profundamente preocupados com revela\u00e7\u00f5es sobre Epstein"},"content":{"rendered":"<p>William e Kate expressem preocupa\u00e7\u00e3o com as revela\u00e7\u00f5es dos arquivos Epstein. O casal real reagiu nesta segunda-feira, ap\u00f3s novas informa\u00e7\u00f5es que aumentam o escrut\u00ednio sobre Andrew Mountbatten-Windsor, tio do pr\u00edncipe de Gales.<\/p>\n<p>As informa\u00e7\u00f5es p\u00fablicas indicam que Charles e Camilla j\u00e1 tinham manifestado solidariedade com as v\u00edtimas em outubro. A declara\u00e7\u00e3o mais direta veio agora, com os pr\u00edncipes de Gales dizendo estar profundamente preocupados com o que foi revelado e com o impacto sobre as v\u00edtimas.<\/p>\n<p>Andrew, o segundo filho da falecida rainha, j\u00e1 tinha renunciado a fun\u00e7\u00f5es reais em 2019 por liga\u00e7\u00f5es a Epstein. Em outubro, o monarca retirou a designa\u00e7\u00e3o de pr\u00edncipe ao irm\u00e3o, que deixou tamb\u00e9m a casa Windsor na semana passada.<\/p>\n<p>Em 2022, Andrew esteve envolvido num acordo com Virginia Giuffre, que o acusava de abusos sexuais na juventude, relacionado com Epstein. Giuffre faleceu em abril de 2025, num desfecho que continua a moldar este caso.<\/p>\n<p>A imprensa brit\u00e2nica relata que Andrew n\u00e3o respondeu aos pedidos de coment\u00e1rio desde a divulga\u00e7\u00e3o dos arquivos. O passado de Andrew continua a fragilizar a imagem da fam\u00edlia real diante do escrut\u00ednio p\u00fablico.<\/p>\n<h3>Investiga\u00e7\u00e3o policial e novas informa\u00e7\u00f5es<\/h3>\n<p>A Pol\u00edcia de Thames Valley confirmou ter sido informada sobre as revela\u00e7\u00f5es e est\u00e1 a avaliar a abertura de uma investiga\u00e7\u00e3o formal, conforme os seus procedimentos. As averigua\u00e7\u00f5es centram-se tamb\u00e9m em alega\u00e7\u00f5es surgidas com os novos ficheiros.<\/p>\n<p>Nos EUA, os documentos incluem mensagens que sugerem que Andrew enviou relat\u00f3rios ao Epstein em 2010, ap\u00f3s a condena\u00e7\u00e3o do criminoso. A defesa e as autoridades investigam se houve viola\u00e7\u00e3o de confidencialidade de documentos oficiais.<\/p>\n<p>Al\u00e9m disso, a divulga\u00e7\u00e3o recente ligou Andrew a potenciais contatos entre Epstein e figuras p\u00fablicas brit\u00e2nicas, num contexto de controv\u00e9rsia que envolve ainda outros nomes pol\u00edticos citados nos ficheiros.<\/p>\n<p>O caso continua a provocar discuss\u00e3o p\u00fablica sobre a dist\u00e2ncia entre a fam\u00edlia real e figuras associadas a Epstein, bem como sobre o tratamento institucional de alega\u00e7\u00f5es de abuso sexual envolvendo personalidades de alto perfil.<\/p>\n","protected":false},"excerpt":{"rendered":"<ul>\n<li>William e Kate disseram estar profundamente preocupados com as revela\u00e7\u00f5es nos arquivos de Jeffrey Epstein, num contexto de novos documentos que envolvem Andrew Mountbatten-Windsor.<\/li>\n<li>Andrew, irm\u00e3o de Carlos, j\u00e1 foi expulso do c\u00edrculo pr\u00f3ximo da realeza e perdeu o t\u00edtulo de pr\u00edncipe; recentemente deixou a sua mans\u00e3o real.<\/li>\n<li>Em 2022, Andrew chegou a acordo num processo movido por Virginia Giuffre, que o acusava de abuso sexual na adolesc\u00eancia; Giuffre faleceu em abril.<\/li>\n<li>A pol\u00edcia de Thames Valley disse estar a avaliar se h\u00e1 de investigar as novas revela\u00e7\u00f5es, incluindo alega\u00e7\u00f5es de partilha de documentos confidenciais com Epstein.<\/li>\n<li>Al\u00e9m disso, surgiram liga\u00e7\u00f5es entre o primeiro-ministro e o caso, com informa\u00e7\u00f5es de que Peter Mandelson tamb\u00e9m ter\u00e1 partilhado ficheiros governamentais confidenciais com Epstein, motivo de abertura de investiga\u00e7\u00f5es de m\u00e1 conduta.<\/li>\n<\/ul>\n","protected":false},"author":2,"featured_media":205812,"comment_status":"closed","ping_status":"closed","sticky":false,"template":"","format":"standard","meta":{"footnotes":""},"categories":[4,1],"tags":[5361,1796,147,3990,215],"class_list":["post-205807","post","type-post","status-publish","format-standard","has-post-thumbnail","hentry","category-internacional","category-noticias","tag-a-familia","tag-abuso-sexual-de-menor-dependente","tag-crime","tag-crimes-sexuais","tag-investigacao"],"yoast_head":"<!-- This site is optimized with the Yoast SEO plugin v27.2 - https:\/\/yoast.com\/product\/yoast-seo-wordpress\/ -->\n<title>William e Kate profundamente preocupados com revela\u00e7\u00f5es sobre Epstein - Portal Tela Portugal<\/title>\n<meta name=\"robots\" content=\"index, follow, max-snippet:-1, max-image-preview:large, max-video-preview:-1\" \/>\n<meta property=\"og:locale\" content=\"pt_PT\" \/>\n<meta property=\"og:type\" content=\"article\" \/>\n<meta property=\"og:title\" content=\"William e Kate profundamente preocupados com revela\u00e7\u00f5es sobre Epstein - Portal Tela Portugal\" \/>\n<meta property=\"og:description\" content=\"William e Kate disseram estar profundamente preocupados com as revela\u00e7\u00f5es nos arquivos de Jeffrey Epstein, num contexto de novos documentos que envolvem Andrew Mountbatten-Windsor. Andrew, irm\u00e3o de Carlos, j\u00e1 foi expulso do c\u00edrculo pr\u00f3ximo da realeza e perdeu o t\u00edtulo de pr\u00edncipe; recentemente deixou a sua mans\u00e3o real. Em 2022, Andrew chegou a acordo num processo movido por Virginia Giuffre, que o acusava de abuso sexual na adolesc\u00eancia; Giuffre faleceu em abril. A pol\u00edcia de Thames Valley disse estar a avaliar se h\u00e1 de investigar as novas revela\u00e7\u00f5es, incluindo alega\u00e7\u00f5es de partilha de documentos confidenciais com Epstein. Al\u00e9m disso, surgiram liga\u00e7\u00f5es entre o primeiro-ministro e o caso, com informa\u00e7\u00f5es de que Peter Mandelson tamb\u00e9m ter\u00e1 partilhado ficheiros governamentais confidenciais com Epstein, motivo de abertura de investiga\u00e7\u00f5es de m\u00e1 conduta.\" \/>\n<meta property=\"og:url\" content=\"https:\/\/portaltela.pt\/noticias\/2026\/02\/09\/william-e-kate-profundamente-preocupados-com-revelacoes-sobre-epstein\/\" \/>\n<meta property=\"og:site_name\" content=\"Portal Tela Portugal\" \/>\n<meta property=\"article:published_time\" content=\"2026-02-09T18:03:00+00:00\" \/>\n<meta name=\"author\" content=\"Telinha\" \/>\n<meta name=\"twitter:card\" content=\"summary_large_image\" \/>\n<meta name=\"twitter:label1\" content=\"Escrito por\" \/>\n\t<meta name=\"twitter:data1\" content=\"Telinha\" \/>\n\t<meta name=\"twitter:label2\" content=\"Tempo estimado de leitura\" \/>\n\t<meta name=\"twitter:data2\" content=\"2 minutos\" \/>\n<script type=\"application\/ld+json\" class=\"yoast-schema-graph\">{\"@context\":\"https:\/\/schema.org\",\"@graph\":[{\"@type\":\"Article\",\"@id\":\"https:\/\/portaltela.pt\/noticias\/2026\/02\/09\/william-e-kate-profundamente-preocupados-com-revelacoes-sobre-epstein\/#article\",\"isPartOf\":{\"@id\":\"https:\/\/portaltela.pt\/noticias\/2026\/02\/09\/william-e-kate-profundamente-preocupados-com-revelacoes-sobre-epstein\/\"},\"author\":{\"name\":\"Telinha\",\"@id\":\"https:\/\/portaltela.pt\/#\/schema\/person\/c4278d4a6028830caff9ee44b42d32ed\"},\"headline\":\"William e Kate profundamente preocupados com revela\u00e7\u00f5es sobre Epstein\",\"datePublished\":\"2026-02-09T18:03:00+00:00\",\"mainEntityOfPage\":{\"@id\":\"https:\/\/portaltela.pt\/noticias\/2026\/02\/09\/william-e-kate-profundamente-preocupados-com-revelacoes-sobre-epstein\/\"},\"wordCount\":378,\"image\":{\"@id\":\"https:\/\/portaltela.pt\/noticias\/2026\/02\/09\/william-e-kate-profundamente-preocupados-com-revelacoes-sobre-epstein\/#primaryimage\"},\"thumbnailUrl\":\"https:\/\/portaltela.pt\/s.01k8rhncp4jt1\/2026\/02\/2065876.jpg\",\"keywords\":[\"A fam\u00edlia\",\"abuso sexual de menor dependente\",\"crime\",\"crimes sexuais\",\"investiga\u00e7\u00e3o\"],\"articleSection\":[\"Internacional\",\"Not\u00edcias\"],\"inLanguage\":\"pt-PT\"},{\"@type\":\"WebPage\",\"@id\":\"https:\/\/portaltela.pt\/noticias\/2026\/02\/09\/william-e-kate-profundamente-preocupados-com-revelacoes-sobre-epstein\/\",\"url\":\"https:\/\/portaltela.pt\/noticias\/2026\/02\/09\/william-e-kate-profundamente-preocupados-com-revelacoes-sobre-epstein\/\",\"name\":\"William e Kate profundamente preocupados com revela\u00e7\u00f5es sobre Epstein - Portal Tela Portugal\",\"isPartOf\":{\"@id\":\"https:\/\/portaltela.pt\/#website\"},\"primaryImageOfPage\":{\"@id\":\"https:\/\/portaltela.pt\/noticias\/2026\/02\/09\/william-e-kate-profundamente-preocupados-com-revelacoes-sobre-epstein\/#primaryimage\"},\"image\":{\"@id\":\"https:\/\/portaltela.pt\/noticias\/2026\/02\/09\/william-e-kate-profundamente-preocupados-com-revelacoes-sobre-epstein\/#primaryimage\"},\"thumbnailUrl\":\"https:\/\/portaltela.pt\/s.01k8rhncp4jt1\/2026\/02\/2065876.jpg\",\"datePublished\":\"2026-02-09T18:03:00+00:00\",\"author\":{\"@id\":\"https:\/\/portaltela.pt\/#\/schema\/person\/c4278d4a6028830caff9ee44b42d32ed\"},\"breadcrumb\":{\"@id\":\"https:\/\/portaltela.pt\/noticias\/2026\/02\/09\/william-e-kate-profundamente-preocupados-com-revelacoes-sobre-epstein\/#breadcrumb\"},\"inLanguage\":\"pt-PT\",\"potentialAction\":[{\"@type\":\"ReadAction\",\"target\":[\"https:\/\/portaltela.pt\/noticias\/2026\/02\/09\/william-e-kate-profundamente-preocupados-com-revelacoes-sobre-epstein\/\"]}]},{\"@type\":\"ImageObject\",\"inLanguage\":\"pt-PT\",\"@id\":\"https:\/\/portaltela.pt\/noticias\/2026\/02\/09\/william-e-kate-profundamente-preocupados-com-revelacoes-sobre-epstein\/#primaryimage\",\"url\":\"https:\/\/portaltela.pt\/s.01k8rhncp4jt1\/2026\/02\/2065876.jpg\",\"contentUrl\":\"https:\/\/portaltela.pt\/s.01k8rhncp4jt1\/2026\/02\/2065876.jpg\",\"width\":796,\"height\":448,\"caption\":\"Pr\u00edncipe William \u00e0 chegada a Riade, Ar\u00e1bia Saudita\"},{\"@type\":\"BreadcrumbList\",\"@id\":\"https:\/\/portaltela.pt\/noticias\/2026\/02\/09\/william-e-kate-profundamente-preocupados-com-revelacoes-sobre-epstein\/#breadcrumb\",\"itemListElement\":[{\"@type\":\"ListItem\",\"position\":1,\"name\":\"In\u00edcio\",\"item\":\"https:\/\/portaltela.pt\/\"},{\"@type\":\"ListItem\",\"position\":2,\"name\":\"William e Kate profundamente preocupados com revela\u00e7\u00f5es sobre Epstein\"}]},{\"@type\":\"WebSite\",\"@id\":\"https:\/\/portaltela.pt\/#website\",\"url\":\"https:\/\/portaltela.pt\/\",\"name\":\"Portal Tela Portugal\",\"description\":\"\",\"potentialAction\":[{\"@type\":\"SearchAction\",\"target\":{\"@type\":\"EntryPoint\",\"urlTemplate\":\"https:\/\/portaltela.pt\/?s={search_term_string}\"},\"query-input\":{\"@type\":\"PropertyValueSpecification\",\"valueRequired\":true,\"valueName\":\"search_term_string\"}}],\"inLanguage\":\"pt-PT\"},{\"@type\":\"Person\",\"@id\":\"https:\/\/portaltela.pt\/#\/schema\/person\/c4278d4a6028830caff9ee44b42d32ed\",\"name\":\"Telinha\",\"image\":{\"@type\":\"ImageObject\",\"inLanguage\":\"pt-PT\",\"@id\":\"https:\/\/portaltela.pt\/s.01k8rhncp4jt1\/2025\/11\/talking-bot-125x125.png\",\"url\":\"https:\/\/portaltela.pt\/s.01k8rhncp4jt1\/2025\/11\/talking-bot-125x125.png\",\"contentUrl\":\"https:\/\/portaltela.pt\/s.01k8rhncp4jt1\/2025\/11\/talking-bot-125x125.png\",\"caption\":\"Telinha\"},\"sameAs\":[\"https:\/\/portaltela.pt\/\"],\"url\":\"https:\/\/portaltela.pt\/por\/367410592786\/\"}]}<\/script>\n<!-- \/ Yoast SEO plugin. -->","yoast_head_json":{"title":"William e Kate profundamente preocupados com revela\u00e7\u00f5es sobre Epstein - Portal Tela Portugal","robots":{"index":"index","follow":"follow","max-snippet":"max-snippet:-1","max-image-preview":"max-image-preview:large","max-video-preview":"max-video-preview:-1"},"og_locale":"pt_PT","og_type":"article","og_title":"William e Kate profundamente preocupados com revela\u00e7\u00f5es sobre Epstein - Portal Tela Portugal","og_description":"William e Kate disseram estar profundamente preocupados com as revela\u00e7\u00f5es nos arquivos de Jeffrey Epstein, num contexto de novos documentos que envolvem Andrew Mountbatten-Windsor. Andrew, irm\u00e3o de Carlos, j\u00e1 foi expulso do c\u00edrculo pr\u00f3ximo da realeza e perdeu o t\u00edtulo de pr\u00edncipe; recentemente deixou a sua mans\u00e3o real. Em 2022, Andrew chegou a acordo num processo movido por Virginia Giuffre, que o acusava de abuso sexual na adolesc\u00eancia; Giuffre faleceu em abril. A pol\u00edcia de Thames Valley disse estar a avaliar se h\u00e1 de investigar as novas revela\u00e7\u00f5es, incluindo alega\u00e7\u00f5es de partilha de documentos confidenciais com Epstein. Al\u00e9m disso, surgiram liga\u00e7\u00f5es entre o primeiro-ministro e o caso, com informa\u00e7\u00f5es de que Peter Mandelson tamb\u00e9m ter\u00e1 partilhado ficheiros governamentais confidenciais com Epstein, motivo de abertura de investiga\u00e7\u00f5es de m\u00e1 conduta.","og_url":"https:\/\/portaltela.pt\/noticias\/2026\/02\/09\/william-e-kate-profundamente-preocupados-com-revelacoes-sobre-epstein\/","og_site_name":"Portal Tela Portugal","article_published_time":"2026-02-09T18:03:00+00:00","author":"Telinha","twitter_card":"summary_large_image","twitter_misc":{"Escrito por":"Telinha","Tempo estimado de leitura":"2 minutos"},"schema":{"@context":"https:\/\/schema.org","@graph":[{"@type":"Article","@id":"https:\/\/portaltela.pt\/noticias\/2026\/02\/09\/william-e-kate-profundamente-preocupados-com-revelacoes-sobre-epstein\/#article","isPartOf":{"@id":"https:\/\/portaltela.pt\/noticias\/2026\/02\/09\/william-e-kate-profundamente-preocupados-com-revelacoes-sobre-epstein\/"},"author":{"name":"Telinha","@id":"https:\/\/portaltela.pt\/#\/schema\/person\/c4278d4a6028830caff9ee44b42d32ed"},"headline":"William e Kate profundamente preocupados com revela\u00e7\u00f5es sobre Epstein","datePublished":"2026-02-09T18:03:00+00:00","mainEntityOfPage":{"@id":"https:\/\/portaltela.pt\/noticias\/2026\/02\/09\/william-e-kate-profundamente-preocupados-com-revelacoes-sobre-epstein\/"},"wordCount":378,"image":{"@id":"https:\/\/portaltela.pt\/noticias\/2026\/02\/09\/william-e-kate-profundamente-preocupados-com-revelacoes-sobre-epstein\/#primaryimage"},"thumbnailUrl":"https:\/\/portaltela.pt\/s.01k8rhncp4jt1\/2026\/02\/2065876.jpg","keywords":["A fam\u00edlia","abuso sexual de menor dependente","crime","crimes sexuais","investiga\u00e7\u00e3o"],"articleSection":["Internacional","Not\u00edcias"],"inLanguage":"pt-PT"},{"@type":"WebPage","@id":"https:\/\/portaltela.pt\/noticias\/2026\/02\/09\/william-e-kate-profundamente-preocupados-com-revelacoes-sobre-epstein\/","url":"https:\/\/portaltela.pt\/noticias\/2026\/02\/09\/william-e-kate-profundamente-preocupados-com-revelacoes-sobre-epstein\/","name":"William e Kate profundamente preocupados com revela\u00e7\u00f5es sobre Epstein - Portal Tela Portugal","isPartOf":{"@id":"https:\/\/portaltela.pt\/#website"},"primaryImageOfPage":{"@id":"https:\/\/portaltela.pt\/noticias\/2026\/02\/09\/william-e-kate-profundamente-preocupados-com-revelacoes-sobre-epstein\/#primaryimage"},"image":{"@id":"https:\/\/portaltela.pt\/noticias\/2026\/02\/09\/william-e-kate-profundamente-preocupados-com-revelacoes-sobre-epstein\/#primaryimage"},"thumbnailUrl":"https:\/\/portaltela.pt\/s.01k8rhncp4jt1\/2026\/02\/2065876.jpg","datePublished":"2026-02-09T18:03:00+00:00","author":{"@id":"https:\/\/portaltela.pt\/#\/schema\/person\/c4278d4a6028830caff9ee44b42d32ed"},"breadcrumb":{"@id":"https:\/\/portaltela.pt\/noticias\/2026\/02\/09\/william-e-kate-profundamente-preocupados-com-revelacoes-sobre-epstein\/#breadcrumb"},"inLanguage":"pt-PT","potentialAction":[{"@type":"ReadAction","target":["https:\/\/portaltela.pt\/noticias\/2026\/02\/09\/william-e-kate-profundamente-preocupados-com-revelacoes-sobre-epstein\/"]}]},{"@type":"ImageObject","inLanguage":"pt-PT","@id":"https:\/\/portaltela.pt\/noticias\/2026\/02\/09\/william-e-kate-profundamente-preocupados-com-revelacoes-sobre-epstein\/#primaryimage","url":"https:\/\/portaltela.pt\/s.01k8rhncp4jt1\/2026\/02\/2065876.jpg","contentUrl":"https:\/\/portaltela.pt\/s.01k8rhncp4jt1\/2026\/02\/2065876.jpg","width":796,"height":448,"caption":"Pr\u00edncipe William \u00e0 chegada a Riade, Ar\u00e1bia Saudita"},{"@type":"BreadcrumbList","@id":"https:\/\/portaltela.pt\/noticias\/2026\/02\/09\/william-e-kate-profundamente-preocupados-com-revelacoes-sobre-epstein\/#breadcrumb","itemListElement":[{"@type":"ListItem","position":1,"name":"In\u00edcio","item":"https:\/\/portaltela.pt\/"},{"@type":"ListItem","position":2,"name":"William e Kate profundamente preocupados com revela\u00e7\u00f5es sobre Epstein"}]},{"@type":"WebSite","@id":"https:\/\/portaltela.pt\/#website","url":"https:\/\/portaltela.pt\/","name":"Portal Tela Portugal","description":"","potentialAction":[{"@type":"SearchAction","target":{"@type":"EntryPoint","urlTemplate":"https:\/\/portaltela.pt\/?s={search_term_string}"},"query-input":{"@type":"PropertyValueSpecification","valueRequired":true,"valueName":"search_term_string"}}],"inLanguage":"pt-PT"},{"@type":"Person","@id":"https:\/\/portaltela.pt\/#\/schema\/person\/c4278d4a6028830caff9ee44b42d32ed","name":"Telinha","image":{"@type":"ImageObject","inLanguage":"pt-PT","@id":"https:\/\/portaltela.pt\/s.01k8rhncp4jt1\/2025\/11\/talking-bot-125x125.png","url":"https:\/\/portaltela.pt\/s.01k8rhncp4jt1\/2025\/11\/talking-bot-125x125.png","contentUrl":"https:\/\/portaltela.pt\/s.01k8rhncp4jt1\/2025\/11\/talking-bot-125x125.png","caption":"Telinha"},"sameAs":["https:\/\/portaltela.pt\/"],"url":"https:\/\/portaltela.pt\/por\/367410592786\/"}]}},"_links":{"self":[{"href":"https:\/\/portaltela.pt\/api\/wp\/v2\/posts\/205807","targetHints":{"allow":["GET"]}}],"collection":[{"href":"https:\/\/portaltela.pt\/api\/wp\/v2\/posts"}],"about":[{"href":"https:\/\/portaltela.pt\/api\/wp\/v2\/types\/post"}],"author":[{"embeddable":true,"href":"https:\/\/portaltela.pt\/api\/wp\/v2\/users\/2"}],"replies":[{"embeddable":true,"href":"https:\/\/portaltela.pt\/api\/wp\/v2\/comments?post=205807"}],"version-history":[{"count":0,"href":"https:\/\/portaltela.pt\/api\/wp\/v2\/posts\/205807\/revisions"}],"wp:featuredmedia":[{"embeddable":true,"href":"https:\/\/portaltela.pt\/api\/wp\/v2\/media\/205812"}],"wp:attachment":[{"href":"https:\/\/portaltela.pt\/api\/wp\/v2\/media?parent=205807"}],"wp:term":[{"taxonomy":"category","embeddable":true,"href":"https:\/\/portaltela.pt\/api\/wp\/v2\/categories?post=205807"},{"taxonomy":"post_tag","embeddable":true,"href":"https:\/\/portaltela.pt\/api\/wp\/v2\/tags?post=205807"}],"curies":[{"name":"wp","href":"https:\/\/api.w.org\/{rel}","templated":true}]}}