{"id":205802,"date":"2026-02-09T15:25:33","date_gmt":"2026-02-09T18:25:33","guid":{"rendered":"https:\/\/portaltela.pt\/noticias\/2026\/02\/09\/projeto-revela-que-80-das-mulheres-presas-sao-maes\/"},"modified":"2026-02-09T15:25:33","modified_gmt":"2026-02-09T18:25:33","slug":"projeto-revela-que-80-das-mulheres-presas-sao-maes","status":"publish","type":"post","link":"https:\/\/portaltela.pt\/noticias\/2026\/02\/09\/projeto-revela-que-80-das-mulheres-presas-sao-maes\/","title":{"rendered":"Projeto revela que 80% das mulheres presas s\u00e3o m\u00e3es"},"content":{"rendered":"<p>Em Portugal, o projeto Women Behind Bars revela dados preliminares sobre a popula\u00e7\u00e3o prisional feminina. Os resultados, avan\u00e7ados pela equipa do ISPA, baseiam-se numa amostra de 458 reclusas, de um universo de 834, em maio de 2025. O objetivo \u00e9 caracterizar necessidades espec\u00edficas deste grupo.<\/p>\n<p>Segundo os dados, 77,5% das mulheres na amostra s\u00e3o m\u00e3es, e mais de 63% j\u00e1 desempenhavam o papel de cuidadoras prim\u00e1rias antes de serem condenadas. A an\u00e1lise tamb\u00e9m aponta d\u00e9fices de sa\u00fade mental, com n\u00edveis moderados a severos de ansiedade, depress\u00e3o e stress p\u00f3s-traum\u00e1tico em mais da metade.<\/p>\n<p>A dist\u00e2ncia entre as cadeias e as resid\u00eancias das reclusas \u00e9 outro eixo do estudo: quase 59% cumprem pena a mais de 50 quil\u00f3metros de casa. A investiga\u00e7\u00e3o, financiada pela Funda\u00e7\u00e3o La Caixa, aponta que esse afastamento agrava o isolamento social e reduz visitas familiares.<\/p>\n<p>Andreia de Castro Rodrigues, investigadora coordenadora, sublinha a import\u00e2ncia de uma an\u00e1lise espec\u00edfica para este grupo. Estudos internacionais indicam que as mulheres envolvidas em crimes vivem experi\u00eancias distintas antes e ap\u00f3s a reclus\u00e3o, o que refor\u00e7a a necessidade de abordagens diferenciadas.<\/p>\n","protected":false},"excerpt":{"rendered":"<ul>\n<li>O projeto Women Behind Bars analisa 458 reclusas de um universo de 834, em maio de 2025, revelando que 77,5% s\u00e3o m\u00e3es e que mais de 63% j\u00e1 eram cuidadoras prim\u00e1rias antes da condena\u00e7\u00e3o.<\/li>\n<li>Mais da metade das participantes apresentam sintomas de ansiedade, depress\u00e3o ou transtorno de stress p\u00f3s-traum\u00e1tico.<\/li>\n<li>Quase 59% das mulheres cumprem pena a mais de 50 quil\u00f4metros de casa, segundo dados preliminares.<\/li>\n<li>A investiga\u00e7\u00e3o, financiada pela Funda\u00e7\u00e3o La Caixa, tem resultados preliminares a ser apresentados na quarta-feira e na quinta-feira.<\/li>\n<li>A coordenadora Andreia de Castro Rodrigues destaca que estudos internacionais indicam diferen\u00e7as relevantes entre mulheres e homens em contextos de crime, sublinhando a necessidade de an\u00e1lise espec\u00edfica.<\/li>\n<\/ul>\n","protected":false},"author":2,"featured_media":205809,"comment_status":"closed","ping_status":"closed","sticky":false,"template":"","format":"standard","meta":{"footnotes":""},"categories":[1],"tags":[3350,2557,5292,2701,5088,55],"class_list":["post-205802","post","type-post","status-publish","format-standard","has-post-thumbnail","hentry","category-noticias","tag-ansiedade","tag-depressao","tag-isolamento","tag-mulheres","tag-presos","tag-saude-mental"],"yoast_head":"<!-- This site is optimized with the Yoast SEO plugin v27.2 - https:\/\/yoast.com\/product\/yoast-seo-wordpress\/ -->\n<title>Projeto revela que 80% das mulheres presas s\u00e3o m\u00e3es - Portal Tela Portugal<\/title>\n<meta name=\"robots\" content=\"index, follow, max-snippet:-1, max-image-preview:large, max-video-preview:-1\" \/>\n<meta property=\"og:locale\" content=\"pt_PT\" \/>\n<meta property=\"og:type\" content=\"article\" \/>\n<meta property=\"og:title\" content=\"Projeto revela que 80% das mulheres presas s\u00e3o m\u00e3es - Portal Tela Portugal\" \/>\n<meta property=\"og:description\" content=\"O projeto Women Behind Bars analisa 458 reclusas de um universo de 834, em maio de 2025, revelando que 77,5% s\u00e3o m\u00e3es e que mais de 63% j\u00e1 eram cuidadoras prim\u00e1rias antes da condena\u00e7\u00e3o. Mais da metade das participantes apresentam sintomas de ansiedade, depress\u00e3o ou transtorno de stress p\u00f3s-traum\u00e1tico. Quase 59% das mulheres cumprem pena a mais de 50 quil\u00f4metros de casa, segundo dados preliminares. A investiga\u00e7\u00e3o, financiada pela Funda\u00e7\u00e3o La Caixa, tem resultados preliminares a ser apresentados na quarta-feira e na quinta-feira. A coordenadora Andreia de Castro Rodrigues destaca que estudos internacionais indicam diferen\u00e7as relevantes entre mulheres e homens em contextos de crime, sublinhando a necessidade de an\u00e1lise espec\u00edfica.\" \/>\n<meta property=\"og:url\" content=\"https:\/\/portaltela.pt\/noticias\/2026\/02\/09\/projeto-revela-que-80-das-mulheres-presas-sao-maes\/\" \/>\n<meta property=\"og:site_name\" content=\"Portal Tela Portugal\" \/>\n<meta property=\"article:published_time\" content=\"2026-02-09T18:25:33+00:00\" \/>\n<meta name=\"author\" content=\"Telinha\" \/>\n<meta name=\"twitter:card\" content=\"summary_large_image\" \/>\n<meta name=\"twitter:label1\" content=\"Escrito por\" \/>\n\t<meta name=\"twitter:data1\" content=\"Telinha\" \/>\n\t<meta name=\"twitter:label2\" content=\"Tempo estimado de leitura\" \/>\n\t<meta name=\"twitter:data2\" content=\"1 minuto\" \/>\n<script type=\"application\/ld+json\" class=\"yoast-schema-graph\">{\"@context\":\"https:\/\/schema.org\",\"@graph\":[{\"@type\":\"Article\",\"@id\":\"https:\/\/portaltela.pt\/noticias\/2026\/02\/09\/projeto-revela-que-80-das-mulheres-presas-sao-maes\/#article\",\"isPartOf\":{\"@id\":\"https:\/\/portaltela.pt\/noticias\/2026\/02\/09\/projeto-revela-que-80-das-mulheres-presas-sao-maes\/\"},\"author\":{\"name\":\"Telinha\",\"@id\":\"https:\/\/portaltela.pt\/#\/schema\/person\/c4278d4a6028830caff9ee44b42d32ed\"},\"headline\":\"Projeto revela que 80% das mulheres presas s\u00e3o m\u00e3es\",\"datePublished\":\"2026-02-09T18:25:33+00:00\",\"mainEntityOfPage\":{\"@id\":\"https:\/\/portaltela.pt\/noticias\/2026\/02\/09\/projeto-revela-que-80-das-mulheres-presas-sao-maes\/\"},\"wordCount\":206,\"image\":{\"@id\":\"https:\/\/portaltela.pt\/noticias\/2026\/02\/09\/projeto-revela-que-80-das-mulheres-presas-sao-maes\/#primaryimage\"},\"thumbnailUrl\":\"https:\/\/portaltela.pt\/s.01k8rhncp4jt1\/2026\/02\/img_1500x1000uu2022-08-28-17-26-45-1180935-1.jpg\",\"keywords\":[\"ansiedade\",\"depress\u00e3o\",\"isolamento\",\"Mulheres\",\"presos\",\"sa\u00fade mental\"],\"articleSection\":[\"Not\u00edcias\"],\"inLanguage\":\"pt-PT\"},{\"@type\":\"WebPage\",\"@id\":\"https:\/\/portaltela.pt\/noticias\/2026\/02\/09\/projeto-revela-que-80-das-mulheres-presas-sao-maes\/\",\"url\":\"https:\/\/portaltela.pt\/noticias\/2026\/02\/09\/projeto-revela-que-80-das-mulheres-presas-sao-maes\/\",\"name\":\"Projeto revela que 80% das mulheres presas s\u00e3o m\u00e3es - Portal Tela Portugal\",\"isPartOf\":{\"@id\":\"https:\/\/portaltela.pt\/#website\"},\"primaryImageOfPage\":{\"@id\":\"https:\/\/portaltela.pt\/noticias\/2026\/02\/09\/projeto-revela-que-80-das-mulheres-presas-sao-maes\/#primaryimage\"},\"image\":{\"@id\":\"https:\/\/portaltela.pt\/noticias\/2026\/02\/09\/projeto-revela-que-80-das-mulheres-presas-sao-maes\/#primaryimage\"},\"thumbnailUrl\":\"https:\/\/portaltela.pt\/s.01k8rhncp4jt1\/2026\/02\/img_1500x1000uu2022-08-28-17-26-45-1180935-1.jpg\",\"datePublished\":\"2026-02-09T18:25:33+00:00\",\"author\":{\"@id\":\"https:\/\/portaltela.pt\/#\/schema\/person\/c4278d4a6028830caff9ee44b42d32ed\"},\"breadcrumb\":{\"@id\":\"https:\/\/portaltela.pt\/noticias\/2026\/02\/09\/projeto-revela-que-80-das-mulheres-presas-sao-maes\/#breadcrumb\"},\"inLanguage\":\"pt-PT\",\"potentialAction\":[{\"@type\":\"ReadAction\",\"target\":[\"https:\/\/portaltela.pt\/noticias\/2026\/02\/09\/projeto-revela-que-80-das-mulheres-presas-sao-maes\/\"]}]},{\"@type\":\"ImageObject\",\"inLanguage\":\"pt-PT\",\"@id\":\"https:\/\/portaltela.pt\/noticias\/2026\/02\/09\/projeto-revela-que-80-das-mulheres-presas-sao-maes\/#primaryimage\",\"url\":\"https:\/\/portaltela.pt\/s.01k8rhncp4jt1\/2026\/02\/img_1500x1000uu2022-08-28-17-26-45-1180935-1.jpg\",\"contentUrl\":\"https:\/\/portaltela.pt\/s.01k8rhncp4jt1\/2026\/02\/img_1500x1000uu2022-08-28-17-26-45-1180935-1.jpg\",\"width\":796,\"height\":448,\"caption\":\"Projeto revela que cerca de oito em cada dez mulheres presas s\u00e3o m\u00e3es\"},{\"@type\":\"BreadcrumbList\",\"@id\":\"https:\/\/portaltela.pt\/noticias\/2026\/02\/09\/projeto-revela-que-80-das-mulheres-presas-sao-maes\/#breadcrumb\",\"itemListElement\":[{\"@type\":\"ListItem\",\"position\":1,\"name\":\"In\u00edcio\",\"item\":\"https:\/\/portaltela.pt\/\"},{\"@type\":\"ListItem\",\"position\":2,\"name\":\"Projeto revela que 80% das mulheres presas s\u00e3o m\u00e3es\"}]},{\"@type\":\"WebSite\",\"@id\":\"https:\/\/portaltela.pt\/#website\",\"url\":\"https:\/\/portaltela.pt\/\",\"name\":\"Portal Tela Portugal\",\"description\":\"\",\"potentialAction\":[{\"@type\":\"SearchAction\",\"target\":{\"@type\":\"EntryPoint\",\"urlTemplate\":\"https:\/\/portaltela.pt\/?s={search_term_string}\"},\"query-input\":{\"@type\":\"PropertyValueSpecification\",\"valueRequired\":true,\"valueName\":\"search_term_string\"}}],\"inLanguage\":\"pt-PT\"},{\"@type\":\"Person\",\"@id\":\"https:\/\/portaltela.pt\/#\/schema\/person\/c4278d4a6028830caff9ee44b42d32ed\",\"name\":\"Telinha\",\"image\":{\"@type\":\"ImageObject\",\"inLanguage\":\"pt-PT\",\"@id\":\"https:\/\/portaltela.pt\/s.01k8rhncp4jt1\/2025\/11\/talking-bot-125x125.png\",\"url\":\"https:\/\/portaltela.pt\/s.01k8rhncp4jt1\/2025\/11\/talking-bot-125x125.png\",\"contentUrl\":\"https:\/\/portaltela.pt\/s.01k8rhncp4jt1\/2025\/11\/talking-bot-125x125.png\",\"caption\":\"Telinha\"},\"sameAs\":[\"https:\/\/portaltela.pt\/\"],\"url\":\"https:\/\/portaltela.pt\/por\/367410592786\/\"}]}<\/script>\n<!-- \/ Yoast SEO plugin. -->","yoast_head_json":{"title":"Projeto revela que 80% das mulheres presas s\u00e3o m\u00e3es - Portal Tela Portugal","robots":{"index":"index","follow":"follow","max-snippet":"max-snippet:-1","max-image-preview":"max-image-preview:large","max-video-preview":"max-video-preview:-1"},"og_locale":"pt_PT","og_type":"article","og_title":"Projeto revela que 80% das mulheres presas s\u00e3o m\u00e3es - Portal Tela Portugal","og_description":"O projeto Women Behind Bars analisa 458 reclusas de um universo de 834, em maio de 2025, revelando que 77,5% s\u00e3o m\u00e3es e que mais de 63% j\u00e1 eram cuidadoras prim\u00e1rias antes da condena\u00e7\u00e3o. Mais da metade das participantes apresentam sintomas de ansiedade, depress\u00e3o ou transtorno de stress p\u00f3s-traum\u00e1tico. Quase 59% das mulheres cumprem pena a mais de 50 quil\u00f4metros de casa, segundo dados preliminares. A investiga\u00e7\u00e3o, financiada pela Funda\u00e7\u00e3o La Caixa, tem resultados preliminares a ser apresentados na quarta-feira e na quinta-feira. A coordenadora Andreia de Castro Rodrigues destaca que estudos internacionais indicam diferen\u00e7as relevantes entre mulheres e homens em contextos de crime, sublinhando a necessidade de an\u00e1lise espec\u00edfica.","og_url":"https:\/\/portaltela.pt\/noticias\/2026\/02\/09\/projeto-revela-que-80-das-mulheres-presas-sao-maes\/","og_site_name":"Portal Tela Portugal","article_published_time":"2026-02-09T18:25:33+00:00","author":"Telinha","twitter_card":"summary_large_image","twitter_misc":{"Escrito por":"Telinha","Tempo estimado de leitura":"1 minuto"},"schema":{"@context":"https:\/\/schema.org","@graph":[{"@type":"Article","@id":"https:\/\/portaltela.pt\/noticias\/2026\/02\/09\/projeto-revela-que-80-das-mulheres-presas-sao-maes\/#article","isPartOf":{"@id":"https:\/\/portaltela.pt\/noticias\/2026\/02\/09\/projeto-revela-que-80-das-mulheres-presas-sao-maes\/"},"author":{"name":"Telinha","@id":"https:\/\/portaltela.pt\/#\/schema\/person\/c4278d4a6028830caff9ee44b42d32ed"},"headline":"Projeto revela que 80% das mulheres presas s\u00e3o m\u00e3es","datePublished":"2026-02-09T18:25:33+00:00","mainEntityOfPage":{"@id":"https:\/\/portaltela.pt\/noticias\/2026\/02\/09\/projeto-revela-que-80-das-mulheres-presas-sao-maes\/"},"wordCount":206,"image":{"@id":"https:\/\/portaltela.pt\/noticias\/2026\/02\/09\/projeto-revela-que-80-das-mulheres-presas-sao-maes\/#primaryimage"},"thumbnailUrl":"https:\/\/portaltela.pt\/s.01k8rhncp4jt1\/2026\/02\/img_1500x1000uu2022-08-28-17-26-45-1180935-1.jpg","keywords":["ansiedade","depress\u00e3o","isolamento","Mulheres","presos","sa\u00fade mental"],"articleSection":["Not\u00edcias"],"inLanguage":"pt-PT"},{"@type":"WebPage","@id":"https:\/\/portaltela.pt\/noticias\/2026\/02\/09\/projeto-revela-que-80-das-mulheres-presas-sao-maes\/","url":"https:\/\/portaltela.pt\/noticias\/2026\/02\/09\/projeto-revela-que-80-das-mulheres-presas-sao-maes\/","name":"Projeto revela que 80% das mulheres presas s\u00e3o m\u00e3es - Portal Tela Portugal","isPartOf":{"@id":"https:\/\/portaltela.pt\/#website"},"primaryImageOfPage":{"@id":"https:\/\/portaltela.pt\/noticias\/2026\/02\/09\/projeto-revela-que-80-das-mulheres-presas-sao-maes\/#primaryimage"},"image":{"@id":"https:\/\/portaltela.pt\/noticias\/2026\/02\/09\/projeto-revela-que-80-das-mulheres-presas-sao-maes\/#primaryimage"},"thumbnailUrl":"https:\/\/portaltela.pt\/s.01k8rhncp4jt1\/2026\/02\/img_1500x1000uu2022-08-28-17-26-45-1180935-1.jpg","datePublished":"2026-02-09T18:25:33+00:00","author":{"@id":"https:\/\/portaltela.pt\/#\/schema\/person\/c4278d4a6028830caff9ee44b42d32ed"},"breadcrumb":{"@id":"https:\/\/portaltela.pt\/noticias\/2026\/02\/09\/projeto-revela-que-80-das-mulheres-presas-sao-maes\/#breadcrumb"},"inLanguage":"pt-PT","potentialAction":[{"@type":"ReadAction","target":["https:\/\/portaltela.pt\/noticias\/2026\/02\/09\/projeto-revela-que-80-das-mulheres-presas-sao-maes\/"]}]},{"@type":"ImageObject","inLanguage":"pt-PT","@id":"https:\/\/portaltela.pt\/noticias\/2026\/02\/09\/projeto-revela-que-80-das-mulheres-presas-sao-maes\/#primaryimage","url":"https:\/\/portaltela.pt\/s.01k8rhncp4jt1\/2026\/02\/img_1500x1000uu2022-08-28-17-26-45-1180935-1.jpg","contentUrl":"https:\/\/portaltela.pt\/s.01k8rhncp4jt1\/2026\/02\/img_1500x1000uu2022-08-28-17-26-45-1180935-1.jpg","width":796,"height":448,"caption":"Projeto revela que cerca de oito em cada dez mulheres presas s\u00e3o m\u00e3es"},{"@type":"BreadcrumbList","@id":"https:\/\/portaltela.pt\/noticias\/2026\/02\/09\/projeto-revela-que-80-das-mulheres-presas-sao-maes\/#breadcrumb","itemListElement":[{"@type":"ListItem","position":1,"name":"In\u00edcio","item":"https:\/\/portaltela.pt\/"},{"@type":"ListItem","position":2,"name":"Projeto revela que 80% das mulheres presas s\u00e3o m\u00e3es"}]},{"@type":"WebSite","@id":"https:\/\/portaltela.pt\/#website","url":"https:\/\/portaltela.pt\/","name":"Portal Tela Portugal","description":"","potentialAction":[{"@type":"SearchAction","target":{"@type":"EntryPoint","urlTemplate":"https:\/\/portaltela.pt\/?s={search_term_string}"},"query-input":{"@type":"PropertyValueSpecification","valueRequired":true,"valueName":"search_term_string"}}],"inLanguage":"pt-PT"},{"@type":"Person","@id":"https:\/\/portaltela.pt\/#\/schema\/person\/c4278d4a6028830caff9ee44b42d32ed","name":"Telinha","image":{"@type":"ImageObject","inLanguage":"pt-PT","@id":"https:\/\/portaltela.pt\/s.01k8rhncp4jt1\/2025\/11\/talking-bot-125x125.png","url":"https:\/\/portaltela.pt\/s.01k8rhncp4jt1\/2025\/11\/talking-bot-125x125.png","contentUrl":"https:\/\/portaltela.pt\/s.01k8rhncp4jt1\/2025\/11\/talking-bot-125x125.png","caption":"Telinha"},"sameAs":["https:\/\/portaltela.pt\/"],"url":"https:\/\/portaltela.pt\/por\/367410592786\/"}]}},"_links":{"self":[{"href":"https:\/\/portaltela.pt\/api\/wp\/v2\/posts\/205802","targetHints":{"allow":["GET"]}}],"collection":[{"href":"https:\/\/portaltela.pt\/api\/wp\/v2\/posts"}],"about":[{"href":"https:\/\/portaltela.pt\/api\/wp\/v2\/types\/post"}],"author":[{"embeddable":true,"href":"https:\/\/portaltela.pt\/api\/wp\/v2\/users\/2"}],"replies":[{"embeddable":true,"href":"https:\/\/portaltela.pt\/api\/wp\/v2\/comments?post=205802"}],"version-history":[{"count":0,"href":"https:\/\/portaltela.pt\/api\/wp\/v2\/posts\/205802\/revisions"}],"wp:featuredmedia":[{"embeddable":true,"href":"https:\/\/portaltela.pt\/api\/wp\/v2\/media\/205809"}],"wp:attachment":[{"href":"https:\/\/portaltela.pt\/api\/wp\/v2\/media?parent=205802"}],"wp:term":[{"taxonomy":"category","embeddable":true,"href":"https:\/\/portaltela.pt\/api\/wp\/v2\/categories?post=205802"},{"taxonomy":"post_tag","embeddable":true,"href":"https:\/\/portaltela.pt\/api\/wp\/v2\/tags?post=205802"}],"curies":[{"name":"wp","href":"https:\/\/api.w.org\/{rel}","templated":true}]}}