{"id":205781,"date":"2026-02-09T14:44:00","date_gmt":"2026-02-09T17:44:00","guid":{"rendered":"https:\/\/portaltela.pt\/noticias\/2026\/02\/09\/prato-do-dia-na-taberna-ze-da-lidia-trafaria-sabor-e-emocao-intensos\/"},"modified":"2026-02-09T14:44:00","modified_gmt":"2026-02-09T17:44:00","slug":"prato-do-dia-na-taberna-ze-da-lidia-trafaria-sabor-e-emocao-intensos","status":"publish","type":"post","link":"https:\/\/portaltela.pt\/noticias\/2026\/02\/09\/prato-do-dia-na-taberna-ze-da-lidia-trafaria-sabor-e-emocao-intensos\/","title":{"rendered":"Prato do Dia na Taberna Z\u00e9 da L\u00eddia, Trafaria, sabor e emo\u00e7\u00e3o intensos"},"content":{"rendered":"<p>A Taberna Z\u00e9 da L\u00eddia, situada no casario ribeirinho da Trafaria, junto \u00e0 igreja, oferece uma experi\u00eancia de sabor marcante. O estacionamento \u00e9 desafiante, mas a visita compensa pela qualidade da comida.<\/p>\n<p>O projeto \u00e9 da dupla Rui Rosendo e Sara Pimentel; Rui \u00e9 o propriet\u00e1rio e Sara comanda as cozinhas, apresentando um card\u00e1pio de peixe que se distingue pela intensidade de sabor.<\/p>\n<p>Os pratos de peixe destacam-se pelo ensopado de raia, pelo bacalhau com broa e pelas pataniscas de bacalhau, todos servidos com acompanhamento bem pensado e temperos marinhos.<\/p>\n<p>Entre as op\u00e7\u00f5es de carne, surgem bochechas de porco estufadas em vinho tinto, pernil assado com mel e alecrim e coelho frito \u00e0 moda da casa, todos resultados de uma cozinha reconfortante.<\/p>\n<p>No final, as sobremesas caseiras da cozinheira Sara elevam a experi\u00eancia, com tarte de lim\u00e3o merengada, tarte de ab\u00f3bora com gelado, pudim de mel com azeite e tarte de requeij\u00e3o com doce de ab\u00f3bora.<\/p>\n<p>Hor\u00e1rios: 12h-15h e 19h30-22h30, quinta a ter\u00e7a; fecha \u00e0 quarta. Morada: Rua Jaime Artur Costa Pinto, 12, Trafaria. Telefone: 212 913 000. Pre\u00e7o m\u00e9dio: 17 euros.<\/p>\n","protected":false},"excerpt":{"rendered":"<ul>\n<li>A Taberna Z\u00e9 da L\u00eddia fica na Trafaria, junto \u00e0 igreja, com estacionamento dif\u00edcil.<\/li>\n<li>O restaurante \u00e9 propriedade de Rui Rosendo, com Sara Pimentel \u00e0 cabe\u00e7a da cozinha.<\/li>\n<li>O card\u00e1pio de peixe destaca ensopado de raia, bacalhau com broa, carapauzinhos com arroz de tomate, pataniscas de bacalhau e bife de atum \u00e0 Bulh\u00e3o Pato, com boa oferta de vinhos brancos.<\/li>\n<li>As carne incluem bochechas de porco estufadas em vinho tinto, pernil de porco assado com mel e alecrim e coelho frito \u00e0 moda da casa.<\/li>\n<li>Sobremesas caseiras sobressaem, como tarte de lim\u00e3o merengada, tarte de ab\u00f3bora com gelado de baunilha, pudim de mel e azeite e tarte de requeij\u00e3o com doce de ab\u00f3bora; pre\u00e7o m\u00e9dio de 17 euros; hor\u00e1rios: 12h \u00e0s 15h e 19h30 \u00e0s 22h30, quinta a ter\u00e7a.<\/li>\n<\/ul>\n","protected":false},"author":2,"featured_media":205782,"comment_status":"closed","ping_status":"closed","sticky":false,"template":"","format":"standard","meta":{"footnotes":""},"categories":[1],"tags":[778,219,4320,1931,2430,169],"class_list":["post-205781","post","type-post","status-publish","format-standard","has-post-thumbnail","hentry","category-noticias","tag-comida","tag-gastronomia","tag-peixes","tag-restaurantes","tag-sobremesas","tag-turismo"],"yoast_head":"<!-- This site is optimized with the Yoast SEO plugin v27.2 - https:\/\/yoast.com\/product\/yoast-seo-wordpress\/ -->\n<title>Prato do Dia na Taberna Z\u00e9 da L\u00eddia, Trafaria, sabor e emo\u00e7\u00e3o intensos - Portal Tela Portugal<\/title>\n<meta name=\"robots\" content=\"index, follow, max-snippet:-1, max-image-preview:large, max-video-preview:-1\" \/>\n<meta property=\"og:locale\" content=\"pt_PT\" \/>\n<meta property=\"og:type\" content=\"article\" \/>\n<meta property=\"og:title\" content=\"Prato do Dia na Taberna Z\u00e9 da L\u00eddia, Trafaria, sabor e emo\u00e7\u00e3o intensos - Portal Tela Portugal\" \/>\n<meta property=\"og:description\" content=\"A Taberna Z\u00e9 da L\u00eddia fica na Trafaria, junto \u00e0 igreja, com estacionamento dif\u00edcil. O restaurante \u00e9 propriedade de Rui Rosendo, com Sara Pimentel \u00e0 cabe\u00e7a da cozinha. O card\u00e1pio de peixe destaca ensopado de raia, bacalhau com broa, carapauzinhos com arroz de tomate, pataniscas de bacalhau e bife de atum \u00e0 Bulh\u00e3o Pato, com boa oferta de vinhos brancos. As carne incluem bochechas de porco estufadas em vinho tinto, pernil de porco assado com mel e alecrim e coelho frito \u00e0 moda da casa. Sobremesas caseiras sobressaem, como tarte de lim\u00e3o merengada, tarte de ab\u00f3bora com gelado de baunilha, pudim de mel e azeite e tarte de requeij\u00e3o com doce de ab\u00f3bora; pre\u00e7o m\u00e9dio de 17 euros; hor\u00e1rios: 12h \u00e0s 15h e 19h30 \u00e0s 22h30, quinta a ter\u00e7a.\" \/>\n<meta property=\"og:url\" content=\"https:\/\/portaltela.pt\/noticias\/2026\/02\/09\/prato-do-dia-na-taberna-ze-da-lidia-trafaria-sabor-e-emocao-intensos\/\" \/>\n<meta property=\"og:site_name\" content=\"Portal Tela Portugal\" \/>\n<meta property=\"article:published_time\" content=\"2026-02-09T17:44:00+00:00\" \/>\n<meta name=\"author\" content=\"Telinha\" \/>\n<meta name=\"twitter:card\" content=\"summary_large_image\" \/>\n<meta name=\"twitter:label1\" content=\"Escrito por\" \/>\n\t<meta name=\"twitter:data1\" content=\"Telinha\" \/>\n\t<meta name=\"twitter:label2\" content=\"Tempo estimado de leitura\" \/>\n\t<meta name=\"twitter:data2\" content=\"1 minuto\" \/>\n<script type=\"application\/ld+json\" class=\"yoast-schema-graph\">{\"@context\":\"https:\/\/schema.org\",\"@graph\":[{\"@type\":\"Article\",\"@id\":\"https:\/\/portaltela.pt\/noticias\/2026\/02\/09\/prato-do-dia-na-taberna-ze-da-lidia-trafaria-sabor-e-emocao-intensos\/#article\",\"isPartOf\":{\"@id\":\"https:\/\/portaltela.pt\/noticias\/2026\/02\/09\/prato-do-dia-na-taberna-ze-da-lidia-trafaria-sabor-e-emocao-intensos\/\"},\"author\":{\"name\":\"Telinha\",\"@id\":\"https:\/\/portaltela.pt\/#\/schema\/person\/c4278d4a6028830caff9ee44b42d32ed\"},\"headline\":\"Prato do Dia na Taberna Z\u00e9 da L\u00eddia, Trafaria, sabor e emo\u00e7\u00e3o intensos\",\"datePublished\":\"2026-02-09T17:44:00+00:00\",\"mainEntityOfPage\":{\"@id\":\"https:\/\/portaltela.pt\/noticias\/2026\/02\/09\/prato-do-dia-na-taberna-ze-da-lidia-trafaria-sabor-e-emocao-intensos\/\"},\"wordCount\":203,\"image\":{\"@id\":\"https:\/\/portaltela.pt\/noticias\/2026\/02\/09\/prato-do-dia-na-taberna-ze-da-lidia-trafaria-sabor-e-emocao-intensos\/#primaryimage\"},\"thumbnailUrl\":\"https:\/\/portaltela.pt\/s.01k8rhncp4jt1\/2026\/02\/image-724.jpg\",\"keywords\":[\"comida\",\"gastronomia\",\"Peixes\",\"restaurantes\",\"sobremesas\",\"turismo\"],\"articleSection\":[\"Not\u00edcias\"],\"inLanguage\":\"pt-PT\"},{\"@type\":\"WebPage\",\"@id\":\"https:\/\/portaltela.pt\/noticias\/2026\/02\/09\/prato-do-dia-na-taberna-ze-da-lidia-trafaria-sabor-e-emocao-intensos\/\",\"url\":\"https:\/\/portaltela.pt\/noticias\/2026\/02\/09\/prato-do-dia-na-taberna-ze-da-lidia-trafaria-sabor-e-emocao-intensos\/\",\"name\":\"Prato do Dia na Taberna Z\u00e9 da L\u00eddia, Trafaria, sabor e emo\u00e7\u00e3o intensos - Portal Tela Portugal\",\"isPartOf\":{\"@id\":\"https:\/\/portaltela.pt\/#website\"},\"primaryImageOfPage\":{\"@id\":\"https:\/\/portaltela.pt\/noticias\/2026\/02\/09\/prato-do-dia-na-taberna-ze-da-lidia-trafaria-sabor-e-emocao-intensos\/#primaryimage\"},\"image\":{\"@id\":\"https:\/\/portaltela.pt\/noticias\/2026\/02\/09\/prato-do-dia-na-taberna-ze-da-lidia-trafaria-sabor-e-emocao-intensos\/#primaryimage\"},\"thumbnailUrl\":\"https:\/\/portaltela.pt\/s.01k8rhncp4jt1\/2026\/02\/image-724.jpg\",\"datePublished\":\"2026-02-09T17:44:00+00:00\",\"author\":{\"@id\":\"https:\/\/portaltela.pt\/#\/schema\/person\/c4278d4a6028830caff9ee44b42d32ed\"},\"breadcrumb\":{\"@id\":\"https:\/\/portaltela.pt\/noticias\/2026\/02\/09\/prato-do-dia-na-taberna-ze-da-lidia-trafaria-sabor-e-emocao-intensos\/#breadcrumb\"},\"inLanguage\":\"pt-PT\",\"potentialAction\":[{\"@type\":\"ReadAction\",\"target\":[\"https:\/\/portaltela.pt\/noticias\/2026\/02\/09\/prato-do-dia-na-taberna-ze-da-lidia-trafaria-sabor-e-emocao-intensos\/\"]}]},{\"@type\":\"ImageObject\",\"inLanguage\":\"pt-PT\",\"@id\":\"https:\/\/portaltela.pt\/noticias\/2026\/02\/09\/prato-do-dia-na-taberna-ze-da-lidia-trafaria-sabor-e-emocao-intensos\/#primaryimage\",\"url\":\"https:\/\/portaltela.pt\/s.01k8rhncp4jt1\/2026\/02\/image-724.jpg\",\"contentUrl\":\"https:\/\/portaltela.pt\/s.01k8rhncp4jt1\/2026\/02\/image-724.jpg\",\"width\":796,\"height\":448,\"caption\":\"Foto: DR\"},{\"@type\":\"BreadcrumbList\",\"@id\":\"https:\/\/portaltela.pt\/noticias\/2026\/02\/09\/prato-do-dia-na-taberna-ze-da-lidia-trafaria-sabor-e-emocao-intensos\/#breadcrumb\",\"itemListElement\":[{\"@type\":\"ListItem\",\"position\":1,\"name\":\"In\u00edcio\",\"item\":\"https:\/\/portaltela.pt\/\"},{\"@type\":\"ListItem\",\"position\":2,\"name\":\"Prato do Dia na Taberna Z\u00e9 da L\u00eddia, Trafaria, sabor e emo\u00e7\u00e3o intensos\"}]},{\"@type\":\"WebSite\",\"@id\":\"https:\/\/portaltela.pt\/#website\",\"url\":\"https:\/\/portaltela.pt\/\",\"name\":\"Portal Tela Portugal\",\"description\":\"\",\"potentialAction\":[{\"@type\":\"SearchAction\",\"target\":{\"@type\":\"EntryPoint\",\"urlTemplate\":\"https:\/\/portaltela.pt\/?s={search_term_string}\"},\"query-input\":{\"@type\":\"PropertyValueSpecification\",\"valueRequired\":true,\"valueName\":\"search_term_string\"}}],\"inLanguage\":\"pt-PT\"},{\"@type\":\"Person\",\"@id\":\"https:\/\/portaltela.pt\/#\/schema\/person\/c4278d4a6028830caff9ee44b42d32ed\",\"name\":\"Telinha\",\"image\":{\"@type\":\"ImageObject\",\"inLanguage\":\"pt-PT\",\"@id\":\"https:\/\/portaltela.pt\/s.01k8rhncp4jt1\/2025\/11\/talking-bot-125x125.png\",\"url\":\"https:\/\/portaltela.pt\/s.01k8rhncp4jt1\/2025\/11\/talking-bot-125x125.png\",\"contentUrl\":\"https:\/\/portaltela.pt\/s.01k8rhncp4jt1\/2025\/11\/talking-bot-125x125.png\",\"caption\":\"Telinha\"},\"sameAs\":[\"https:\/\/portaltela.pt\/\"],\"url\":\"https:\/\/portaltela.pt\/por\/367410592786\/\"}]}<\/script>\n<!-- \/ Yoast SEO plugin. -->","yoast_head_json":{"title":"Prato do Dia na Taberna Z\u00e9 da L\u00eddia, Trafaria, sabor e emo\u00e7\u00e3o intensos - Portal Tela Portugal","robots":{"index":"index","follow":"follow","max-snippet":"max-snippet:-1","max-image-preview":"max-image-preview:large","max-video-preview":"max-video-preview:-1"},"og_locale":"pt_PT","og_type":"article","og_title":"Prato do Dia na Taberna Z\u00e9 da L\u00eddia, Trafaria, sabor e emo\u00e7\u00e3o intensos - Portal Tela Portugal","og_description":"A Taberna Z\u00e9 da L\u00eddia fica na Trafaria, junto \u00e0 igreja, com estacionamento dif\u00edcil. O restaurante \u00e9 propriedade de Rui Rosendo, com Sara Pimentel \u00e0 cabe\u00e7a da cozinha. O card\u00e1pio de peixe destaca ensopado de raia, bacalhau com broa, carapauzinhos com arroz de tomate, pataniscas de bacalhau e bife de atum \u00e0 Bulh\u00e3o Pato, com boa oferta de vinhos brancos. As carne incluem bochechas de porco estufadas em vinho tinto, pernil de porco assado com mel e alecrim e coelho frito \u00e0 moda da casa. Sobremesas caseiras sobressaem, como tarte de lim\u00e3o merengada, tarte de ab\u00f3bora com gelado de baunilha, pudim de mel e azeite e tarte de requeij\u00e3o com doce de ab\u00f3bora; pre\u00e7o m\u00e9dio de 17 euros; hor\u00e1rios: 12h \u00e0s 15h e 19h30 \u00e0s 22h30, quinta a ter\u00e7a.","og_url":"https:\/\/portaltela.pt\/noticias\/2026\/02\/09\/prato-do-dia-na-taberna-ze-da-lidia-trafaria-sabor-e-emocao-intensos\/","og_site_name":"Portal Tela Portugal","article_published_time":"2026-02-09T17:44:00+00:00","author":"Telinha","twitter_card":"summary_large_image","twitter_misc":{"Escrito por":"Telinha","Tempo estimado de leitura":"1 minuto"},"schema":{"@context":"https:\/\/schema.org","@graph":[{"@type":"Article","@id":"https:\/\/portaltela.pt\/noticias\/2026\/02\/09\/prato-do-dia-na-taberna-ze-da-lidia-trafaria-sabor-e-emocao-intensos\/#article","isPartOf":{"@id":"https:\/\/portaltela.pt\/noticias\/2026\/02\/09\/prato-do-dia-na-taberna-ze-da-lidia-trafaria-sabor-e-emocao-intensos\/"},"author":{"name":"Telinha","@id":"https:\/\/portaltela.pt\/#\/schema\/person\/c4278d4a6028830caff9ee44b42d32ed"},"headline":"Prato do Dia na Taberna Z\u00e9 da L\u00eddia, Trafaria, sabor e emo\u00e7\u00e3o intensos","datePublished":"2026-02-09T17:44:00+00:00","mainEntityOfPage":{"@id":"https:\/\/portaltela.pt\/noticias\/2026\/02\/09\/prato-do-dia-na-taberna-ze-da-lidia-trafaria-sabor-e-emocao-intensos\/"},"wordCount":203,"image":{"@id":"https:\/\/portaltela.pt\/noticias\/2026\/02\/09\/prato-do-dia-na-taberna-ze-da-lidia-trafaria-sabor-e-emocao-intensos\/#primaryimage"},"thumbnailUrl":"https:\/\/portaltela.pt\/s.01k8rhncp4jt1\/2026\/02\/image-724.jpg","keywords":["comida","gastronomia","Peixes","restaurantes","sobremesas","turismo"],"articleSection":["Not\u00edcias"],"inLanguage":"pt-PT"},{"@type":"WebPage","@id":"https:\/\/portaltela.pt\/noticias\/2026\/02\/09\/prato-do-dia-na-taberna-ze-da-lidia-trafaria-sabor-e-emocao-intensos\/","url":"https:\/\/portaltela.pt\/noticias\/2026\/02\/09\/prato-do-dia-na-taberna-ze-da-lidia-trafaria-sabor-e-emocao-intensos\/","name":"Prato do Dia na Taberna Z\u00e9 da L\u00eddia, Trafaria, sabor e emo\u00e7\u00e3o intensos - Portal Tela Portugal","isPartOf":{"@id":"https:\/\/portaltela.pt\/#website"},"primaryImageOfPage":{"@id":"https:\/\/portaltela.pt\/noticias\/2026\/02\/09\/prato-do-dia-na-taberna-ze-da-lidia-trafaria-sabor-e-emocao-intensos\/#primaryimage"},"image":{"@id":"https:\/\/portaltela.pt\/noticias\/2026\/02\/09\/prato-do-dia-na-taberna-ze-da-lidia-trafaria-sabor-e-emocao-intensos\/#primaryimage"},"thumbnailUrl":"https:\/\/portaltela.pt\/s.01k8rhncp4jt1\/2026\/02\/image-724.jpg","datePublished":"2026-02-09T17:44:00+00:00","author":{"@id":"https:\/\/portaltela.pt\/#\/schema\/person\/c4278d4a6028830caff9ee44b42d32ed"},"breadcrumb":{"@id":"https:\/\/portaltela.pt\/noticias\/2026\/02\/09\/prato-do-dia-na-taberna-ze-da-lidia-trafaria-sabor-e-emocao-intensos\/#breadcrumb"},"inLanguage":"pt-PT","potentialAction":[{"@type":"ReadAction","target":["https:\/\/portaltela.pt\/noticias\/2026\/02\/09\/prato-do-dia-na-taberna-ze-da-lidia-trafaria-sabor-e-emocao-intensos\/"]}]},{"@type":"ImageObject","inLanguage":"pt-PT","@id":"https:\/\/portaltela.pt\/noticias\/2026\/02\/09\/prato-do-dia-na-taberna-ze-da-lidia-trafaria-sabor-e-emocao-intensos\/#primaryimage","url":"https:\/\/portaltela.pt\/s.01k8rhncp4jt1\/2026\/02\/image-724.jpg","contentUrl":"https:\/\/portaltela.pt\/s.01k8rhncp4jt1\/2026\/02\/image-724.jpg","width":796,"height":448,"caption":"Foto: DR"},{"@type":"BreadcrumbList","@id":"https:\/\/portaltela.pt\/noticias\/2026\/02\/09\/prato-do-dia-na-taberna-ze-da-lidia-trafaria-sabor-e-emocao-intensos\/#breadcrumb","itemListElement":[{"@type":"ListItem","position":1,"name":"In\u00edcio","item":"https:\/\/portaltela.pt\/"},{"@type":"ListItem","position":2,"name":"Prato do Dia na Taberna Z\u00e9 da L\u00eddia, Trafaria, sabor e emo\u00e7\u00e3o intensos"}]},{"@type":"WebSite","@id":"https:\/\/portaltela.pt\/#website","url":"https:\/\/portaltela.pt\/","name":"Portal Tela Portugal","description":"","potentialAction":[{"@type":"SearchAction","target":{"@type":"EntryPoint","urlTemplate":"https:\/\/portaltela.pt\/?s={search_term_string}"},"query-input":{"@type":"PropertyValueSpecification","valueRequired":true,"valueName":"search_term_string"}}],"inLanguage":"pt-PT"},{"@type":"Person","@id":"https:\/\/portaltela.pt\/#\/schema\/person\/c4278d4a6028830caff9ee44b42d32ed","name":"Telinha","image":{"@type":"ImageObject","inLanguage":"pt-PT","@id":"https:\/\/portaltela.pt\/s.01k8rhncp4jt1\/2025\/11\/talking-bot-125x125.png","url":"https:\/\/portaltela.pt\/s.01k8rhncp4jt1\/2025\/11\/talking-bot-125x125.png","contentUrl":"https:\/\/portaltela.pt\/s.01k8rhncp4jt1\/2025\/11\/talking-bot-125x125.png","caption":"Telinha"},"sameAs":["https:\/\/portaltela.pt\/"],"url":"https:\/\/portaltela.pt\/por\/367410592786\/"}]}},"_links":{"self":[{"href":"https:\/\/portaltela.pt\/api\/wp\/v2\/posts\/205781","targetHints":{"allow":["GET"]}}],"collection":[{"href":"https:\/\/portaltela.pt\/api\/wp\/v2\/posts"}],"about":[{"href":"https:\/\/portaltela.pt\/api\/wp\/v2\/types\/post"}],"author":[{"embeddable":true,"href":"https:\/\/portaltela.pt\/api\/wp\/v2\/users\/2"}],"replies":[{"embeddable":true,"href":"https:\/\/portaltela.pt\/api\/wp\/v2\/comments?post=205781"}],"version-history":[{"count":0,"href":"https:\/\/portaltela.pt\/api\/wp\/v2\/posts\/205781\/revisions"}],"wp:featuredmedia":[{"embeddable":true,"href":"https:\/\/portaltela.pt\/api\/wp\/v2\/media\/205782"}],"wp:attachment":[{"href":"https:\/\/portaltela.pt\/api\/wp\/v2\/media?parent=205781"}],"wp:term":[{"taxonomy":"category","embeddable":true,"href":"https:\/\/portaltela.pt\/api\/wp\/v2\/categories?post=205781"},{"taxonomy":"post_tag","embeddable":true,"href":"https:\/\/portaltela.pt\/api\/wp\/v2\/tags?post=205781"}],"curies":[{"name":"wp","href":"https:\/\/api.w.org\/{rel}","templated":true}]}}