{"id":205763,"date":"2026-02-09T14:58:56","date_gmt":"2026-02-09T17:58:56","guid":{"rendered":"https:\/\/portaltela.pt\/noticias\/2026\/02\/09\/agua-da-rede-em-vila-franca-do-campo-ja-pode-ser-consumida-sem-restricoes\/"},"modified":"2026-02-09T14:58:56","modified_gmt":"2026-02-09T17:58:56","slug":"agua-da-rede-em-vila-franca-do-campo-ja-pode-ser-consumida-sem-restricoes","status":"publish","type":"post","link":"https:\/\/portaltela.pt\/noticias\/2026\/02\/09\/agua-da-rede-em-vila-franca-do-campo-ja-pode-ser-consumida-sem-restricoes\/","title":{"rendered":"\u00c1gua da rede em Vila Franca do Campo j\u00e1 pode ser consumida sem restri\u00e7\u00f5es"},"content":{"rendered":"<p>A \u00e1gua da rede p\u00fablica de Vila Franca do Campo j\u00e1 pode ser consumida sem restri\u00e7\u00f5es. A C\u00e2mara Municipal anunciou que as novas an\u00e1lises confirmam aus\u00eancia de contamina\u00e7\u00e3o bacteriol\u00f3gica e boa qualidade para consumo humano.<\/p>\n<p>As \u00e1reas afetadas situam-se nas zonas altas de S\u00e3o Pedro, S\u00e3o Miguel, Ribeira Seca, Ribeira das Tainhas e Ponta Gar\u00e7a, onde a \u00e1gua esteve impr\u00f3pria desde ter\u00e7a-feira, devido a uma derrocada na nascente do Galego.<\/p>\n<h3>Situa\u00e7\u00e3o atual e medidas adotadas<\/h3>\n<p>Na sexta-feira, a autarquia informou que, embora as an\u00e1lises n\u00e3o indicassem contamina\u00e7\u00e3o, se aconselhava ferver a \u00e1gua at\u00e9 \u00e0 conclus\u00e3o dos trabalhos de limpeza e manuten\u00e7\u00e3o na rede.<\/p>\n<p>Hoje, a C\u00e2mara Municipal anunciou que, ap\u00f3s restabelecidos os servi\u00e7os, a \u00e1gua pode ser consumida na torneira sem restri\u00e7\u00f5es, conforme parecer da Delegada de Sa\u00fade de Vila Franca do Campo.<\/p>\n<p>A presidente Gra\u00e7a Melo explicou que a equipa esteve na nascente do Galego com a Secretaria Regional do Ambiente para avaliar danos. Quem seguir manter\u00e1 o monitoriza\u00e7\u00e3o e, se necess\u00e1rio, ser\u00e3o executados estudos adicionais.<\/p>\n","protected":false},"excerpt":{"rendered":"<ul>\n<li>A \u00e1gua da rede em Vila Franca do Campo, na ilha de S\u00e3o Miguel (A\u00e7ores), j\u00e1 pode ser consumida sem qualquer restri\u00e7\u00e3o.<\/li>\n<li>Novas an\u00e1lises a \u00e1gua da rede comprovaram aus\u00eancia de contamina\u00e7\u00e3o bacteriol\u00f3gica, mantendo boa qualidade para consumo humano.<\/li>\n<li>Nas zonas altas das freguesias de S\u00e3o Pedro, S\u00e3o Miguel, Ribeira Seca, Ribeira das Tainhas e Ponta Gar\u00e7a houve imposi\u00e7\u00e3o de restri\u00e7\u00f5es devido a uma derrocada na nascente do Galego.<\/li>\n<li>Na sexta-feira anterior, a C\u00e2mara Municipal informou que, apesar de n\u00e3o haver contamina\u00e7\u00e3o, recomendou ferver a \u00e1gua devido a trabalhos de limpeza e manuten\u00e7\u00e3o na rede.<\/li>\n<li>A autarquia anunciou, mediante parecer da Delegada de Sa\u00fade local, que a \u00e1gua pode ser consumida sem restri\u00e7\u00e3o assim que os servi\u00e7os de abastecimento estejam restabelecidos e as avalia\u00e7\u00f5es t\u00e9cnicas conclu\u00eddas.<\/li>\n<\/ul>\n","protected":false},"author":2,"featured_media":205766,"comment_status":"closed","ping_status":"closed","sticky":false,"template":"","format":"standard","meta":{"footnotes":""},"categories":[1],"tags":[1503,2421,822,1090,2434,271],"class_list":["post-205763","post","type-post","status-publish","format-standard","has-post-thumbnail","hentry","category-noticias","tag-abastecimento-de-agua","tag-abastecimentos","tag-acores","tag-agua","tag-aguas","tag-saude-publica"],"yoast_head":"<!-- This site is optimized with the Yoast SEO plugin v27.2 - https:\/\/yoast.com\/product\/yoast-seo-wordpress\/ -->\n<title>\u00c1gua da rede em Vila Franca do Campo j\u00e1 pode ser consumida sem restri\u00e7\u00f5es - Portal Tela Portugal<\/title>\n<meta name=\"robots\" content=\"index, follow, max-snippet:-1, max-image-preview:large, max-video-preview:-1\" \/>\n<meta property=\"og:locale\" content=\"pt_PT\" \/>\n<meta property=\"og:type\" content=\"article\" \/>\n<meta property=\"og:title\" content=\"\u00c1gua da rede em Vila Franca do Campo j\u00e1 pode ser consumida sem restri\u00e7\u00f5es - Portal Tela Portugal\" \/>\n<meta property=\"og:description\" content=\"A \u00e1gua da rede em Vila Franca do Campo, na ilha de S\u00e3o Miguel (A\u00e7ores), j\u00e1 pode ser consumida sem qualquer restri\u00e7\u00e3o. Novas an\u00e1lises a \u00e1gua da rede comprovaram aus\u00eancia de contamina\u00e7\u00e3o bacteriol\u00f3gica, mantendo boa qualidade para consumo humano. Nas zonas altas das freguesias de S\u00e3o Pedro, S\u00e3o Miguel, Ribeira Seca, Ribeira das Tainhas e Ponta Gar\u00e7a houve imposi\u00e7\u00e3o de restri\u00e7\u00f5es devido a uma derrocada na nascente do Galego. Na sexta-feira anterior, a C\u00e2mara Municipal informou que, apesar de n\u00e3o haver contamina\u00e7\u00e3o, recomendou ferver a \u00e1gua devido a trabalhos de limpeza e manuten\u00e7\u00e3o na rede. A autarquia anunciou, mediante parecer da Delegada de Sa\u00fade local, que a \u00e1gua pode ser consumida sem restri\u00e7\u00e3o assim que os servi\u00e7os de abastecimento estejam restabelecidos e as avalia\u00e7\u00f5es t\u00e9cnicas conclu\u00eddas.\" \/>\n<meta property=\"og:url\" content=\"https:\/\/portaltela.pt\/noticias\/2026\/02\/09\/agua-da-rede-em-vila-franca-do-campo-ja-pode-ser-consumida-sem-restricoes\/\" \/>\n<meta property=\"og:site_name\" content=\"Portal Tela Portugal\" \/>\n<meta property=\"article:published_time\" content=\"2026-02-09T17:58:56+00:00\" \/>\n<meta name=\"author\" content=\"Telinha\" \/>\n<meta name=\"twitter:card\" content=\"summary_large_image\" \/>\n<meta name=\"twitter:label1\" content=\"Escrito por\" \/>\n\t<meta name=\"twitter:data1\" content=\"Telinha\" \/>\n\t<meta name=\"twitter:label2\" content=\"Tempo estimado de leitura\" \/>\n\t<meta name=\"twitter:data2\" content=\"1 minuto\" \/>\n<script type=\"application\/ld+json\" class=\"yoast-schema-graph\">{\"@context\":\"https:\/\/schema.org\",\"@graph\":[{\"@type\":\"Article\",\"@id\":\"https:\/\/portaltela.pt\/noticias\/2026\/02\/09\/agua-da-rede-em-vila-franca-do-campo-ja-pode-ser-consumida-sem-restricoes\/#article\",\"isPartOf\":{\"@id\":\"https:\/\/portaltela.pt\/noticias\/2026\/02\/09\/agua-da-rede-em-vila-franca-do-campo-ja-pode-ser-consumida-sem-restricoes\/\"},\"author\":{\"name\":\"Telinha\",\"@id\":\"https:\/\/portaltela.pt\/#\/schema\/person\/c4278d4a6028830caff9ee44b42d32ed\"},\"headline\":\"\u00c1gua da rede em Vila Franca do Campo j\u00e1 pode ser consumida sem restri\u00e7\u00f5es\",\"datePublished\":\"2026-02-09T17:58:56+00:00\",\"mainEntityOfPage\":{\"@id\":\"https:\/\/portaltela.pt\/noticias\/2026\/02\/09\/agua-da-rede-em-vila-franca-do-campo-ja-pode-ser-consumida-sem-restricoes\/\"},\"wordCount\":208,\"image\":{\"@id\":\"https:\/\/portaltela.pt\/noticias\/2026\/02\/09\/agua-da-rede-em-vila-franca-do-campo-ja-pode-ser-consumida-sem-restricoes\/#primaryimage\"},\"thumbnailUrl\":\"https:\/\/portaltela.pt\/s.01k8rhncp4jt1\/2026\/02\/img_1500x1000uu2019-12-31-07-44-36-913403-5.jpg\",\"keywords\":[\"abastecimento de \u00e1gua\",\"abastecimentos\",\"A\u00e7ores\",\"\u00e1gua\",\"\u00e1guas\",\"sa\u00fade p\u00fablica\"],\"articleSection\":[\"Not\u00edcias\"],\"inLanguage\":\"pt-PT\"},{\"@type\":\"WebPage\",\"@id\":\"https:\/\/portaltela.pt\/noticias\/2026\/02\/09\/agua-da-rede-em-vila-franca-do-campo-ja-pode-ser-consumida-sem-restricoes\/\",\"url\":\"https:\/\/portaltela.pt\/noticias\/2026\/02\/09\/agua-da-rede-em-vila-franca-do-campo-ja-pode-ser-consumida-sem-restricoes\/\",\"name\":\"\u00c1gua da rede em Vila Franca do Campo j\u00e1 pode ser consumida sem restri\u00e7\u00f5es - Portal Tela Portugal\",\"isPartOf\":{\"@id\":\"https:\/\/portaltela.pt\/#website\"},\"primaryImageOfPage\":{\"@id\":\"https:\/\/portaltela.pt\/noticias\/2026\/02\/09\/agua-da-rede-em-vila-franca-do-campo-ja-pode-ser-consumida-sem-restricoes\/#primaryimage\"},\"image\":{\"@id\":\"https:\/\/portaltela.pt\/noticias\/2026\/02\/09\/agua-da-rede-em-vila-franca-do-campo-ja-pode-ser-consumida-sem-restricoes\/#primaryimage\"},\"thumbnailUrl\":\"https:\/\/portaltela.pt\/s.01k8rhncp4jt1\/2026\/02\/img_1500x1000uu2019-12-31-07-44-36-913403-5.jpg\",\"datePublished\":\"2026-02-09T17:58:56+00:00\",\"author\":{\"@id\":\"https:\/\/portaltela.pt\/#\/schema\/person\/c4278d4a6028830caff9ee44b42d32ed\"},\"breadcrumb\":{\"@id\":\"https:\/\/portaltela.pt\/noticias\/2026\/02\/09\/agua-da-rede-em-vila-franca-do-campo-ja-pode-ser-consumida-sem-restricoes\/#breadcrumb\"},\"inLanguage\":\"pt-PT\",\"potentialAction\":[{\"@type\":\"ReadAction\",\"target\":[\"https:\/\/portaltela.pt\/noticias\/2026\/02\/09\/agua-da-rede-em-vila-franca-do-campo-ja-pode-ser-consumida-sem-restricoes\/\"]}]},{\"@type\":\"ImageObject\",\"inLanguage\":\"pt-PT\",\"@id\":\"https:\/\/portaltela.pt\/noticias\/2026\/02\/09\/agua-da-rede-em-vila-franca-do-campo-ja-pode-ser-consumida-sem-restricoes\/#primaryimage\",\"url\":\"https:\/\/portaltela.pt\/s.01k8rhncp4jt1\/2026\/02\/img_1500x1000uu2019-12-31-07-44-36-913403-5.jpg\",\"contentUrl\":\"https:\/\/portaltela.pt\/s.01k8rhncp4jt1\/2026\/02\/img_1500x1000uu2019-12-31-07-44-36-913403-5.jpg\",\"width\":796,\"height\":448,\"caption\":\"\u00c1gua da rede em Vila Franca do Campo j\u00e1 pode ser consumida sem restri\u00e7\u00f5es\"},{\"@type\":\"BreadcrumbList\",\"@id\":\"https:\/\/portaltela.pt\/noticias\/2026\/02\/09\/agua-da-rede-em-vila-franca-do-campo-ja-pode-ser-consumida-sem-restricoes\/#breadcrumb\",\"itemListElement\":[{\"@type\":\"ListItem\",\"position\":1,\"name\":\"In\u00edcio\",\"item\":\"https:\/\/portaltela.pt\/\"},{\"@type\":\"ListItem\",\"position\":2,\"name\":\"\u00c1gua da rede em Vila Franca do Campo j\u00e1 pode ser consumida sem restri\u00e7\u00f5es\"}]},{\"@type\":\"WebSite\",\"@id\":\"https:\/\/portaltela.pt\/#website\",\"url\":\"https:\/\/portaltela.pt\/\",\"name\":\"Portal Tela Portugal\",\"description\":\"\",\"potentialAction\":[{\"@type\":\"SearchAction\",\"target\":{\"@type\":\"EntryPoint\",\"urlTemplate\":\"https:\/\/portaltela.pt\/?s={search_term_string}\"},\"query-input\":{\"@type\":\"PropertyValueSpecification\",\"valueRequired\":true,\"valueName\":\"search_term_string\"}}],\"inLanguage\":\"pt-PT\"},{\"@type\":\"Person\",\"@id\":\"https:\/\/portaltela.pt\/#\/schema\/person\/c4278d4a6028830caff9ee44b42d32ed\",\"name\":\"Telinha\",\"image\":{\"@type\":\"ImageObject\",\"inLanguage\":\"pt-PT\",\"@id\":\"https:\/\/portaltela.pt\/s.01k8rhncp4jt1\/2025\/11\/talking-bot-125x125.png\",\"url\":\"https:\/\/portaltela.pt\/s.01k8rhncp4jt1\/2025\/11\/talking-bot-125x125.png\",\"contentUrl\":\"https:\/\/portaltela.pt\/s.01k8rhncp4jt1\/2025\/11\/talking-bot-125x125.png\",\"caption\":\"Telinha\"},\"sameAs\":[\"https:\/\/portaltela.pt\/\"],\"url\":\"https:\/\/portaltela.pt\/por\/367410592786\/\"}]}<\/script>\n<!-- \/ Yoast SEO plugin. -->","yoast_head_json":{"title":"\u00c1gua da rede em Vila Franca do Campo j\u00e1 pode ser consumida sem restri\u00e7\u00f5es - Portal Tela Portugal","robots":{"index":"index","follow":"follow","max-snippet":"max-snippet:-1","max-image-preview":"max-image-preview:large","max-video-preview":"max-video-preview:-1"},"og_locale":"pt_PT","og_type":"article","og_title":"\u00c1gua da rede em Vila Franca do Campo j\u00e1 pode ser consumida sem restri\u00e7\u00f5es - Portal Tela Portugal","og_description":"A \u00e1gua da rede em Vila Franca do Campo, na ilha de S\u00e3o Miguel (A\u00e7ores), j\u00e1 pode ser consumida sem qualquer restri\u00e7\u00e3o. Novas an\u00e1lises a \u00e1gua da rede comprovaram aus\u00eancia de contamina\u00e7\u00e3o bacteriol\u00f3gica, mantendo boa qualidade para consumo humano. Nas zonas altas das freguesias de S\u00e3o Pedro, S\u00e3o Miguel, Ribeira Seca, Ribeira das Tainhas e Ponta Gar\u00e7a houve imposi\u00e7\u00e3o de restri\u00e7\u00f5es devido a uma derrocada na nascente do Galego. Na sexta-feira anterior, a C\u00e2mara Municipal informou que, apesar de n\u00e3o haver contamina\u00e7\u00e3o, recomendou ferver a \u00e1gua devido a trabalhos de limpeza e manuten\u00e7\u00e3o na rede. A autarquia anunciou, mediante parecer da Delegada de Sa\u00fade local, que a \u00e1gua pode ser consumida sem restri\u00e7\u00e3o assim que os servi\u00e7os de abastecimento estejam restabelecidos e as avalia\u00e7\u00f5es t\u00e9cnicas conclu\u00eddas.","og_url":"https:\/\/portaltela.pt\/noticias\/2026\/02\/09\/agua-da-rede-em-vila-franca-do-campo-ja-pode-ser-consumida-sem-restricoes\/","og_site_name":"Portal Tela Portugal","article_published_time":"2026-02-09T17:58:56+00:00","author":"Telinha","twitter_card":"summary_large_image","twitter_misc":{"Escrito por":"Telinha","Tempo estimado de leitura":"1 minuto"},"schema":{"@context":"https:\/\/schema.org","@graph":[{"@type":"Article","@id":"https:\/\/portaltela.pt\/noticias\/2026\/02\/09\/agua-da-rede-em-vila-franca-do-campo-ja-pode-ser-consumida-sem-restricoes\/#article","isPartOf":{"@id":"https:\/\/portaltela.pt\/noticias\/2026\/02\/09\/agua-da-rede-em-vila-franca-do-campo-ja-pode-ser-consumida-sem-restricoes\/"},"author":{"name":"Telinha","@id":"https:\/\/portaltela.pt\/#\/schema\/person\/c4278d4a6028830caff9ee44b42d32ed"},"headline":"\u00c1gua da rede em Vila Franca do Campo j\u00e1 pode ser consumida sem restri\u00e7\u00f5es","datePublished":"2026-02-09T17:58:56+00:00","mainEntityOfPage":{"@id":"https:\/\/portaltela.pt\/noticias\/2026\/02\/09\/agua-da-rede-em-vila-franca-do-campo-ja-pode-ser-consumida-sem-restricoes\/"},"wordCount":208,"image":{"@id":"https:\/\/portaltela.pt\/noticias\/2026\/02\/09\/agua-da-rede-em-vila-franca-do-campo-ja-pode-ser-consumida-sem-restricoes\/#primaryimage"},"thumbnailUrl":"https:\/\/portaltela.pt\/s.01k8rhncp4jt1\/2026\/02\/img_1500x1000uu2019-12-31-07-44-36-913403-5.jpg","keywords":["abastecimento de \u00e1gua","abastecimentos","A\u00e7ores","\u00e1gua","\u00e1guas","sa\u00fade p\u00fablica"],"articleSection":["Not\u00edcias"],"inLanguage":"pt-PT"},{"@type":"WebPage","@id":"https:\/\/portaltela.pt\/noticias\/2026\/02\/09\/agua-da-rede-em-vila-franca-do-campo-ja-pode-ser-consumida-sem-restricoes\/","url":"https:\/\/portaltela.pt\/noticias\/2026\/02\/09\/agua-da-rede-em-vila-franca-do-campo-ja-pode-ser-consumida-sem-restricoes\/","name":"\u00c1gua da rede em Vila Franca do Campo j\u00e1 pode ser consumida sem restri\u00e7\u00f5es - Portal Tela Portugal","isPartOf":{"@id":"https:\/\/portaltela.pt\/#website"},"primaryImageOfPage":{"@id":"https:\/\/portaltela.pt\/noticias\/2026\/02\/09\/agua-da-rede-em-vila-franca-do-campo-ja-pode-ser-consumida-sem-restricoes\/#primaryimage"},"image":{"@id":"https:\/\/portaltela.pt\/noticias\/2026\/02\/09\/agua-da-rede-em-vila-franca-do-campo-ja-pode-ser-consumida-sem-restricoes\/#primaryimage"},"thumbnailUrl":"https:\/\/portaltela.pt\/s.01k8rhncp4jt1\/2026\/02\/img_1500x1000uu2019-12-31-07-44-36-913403-5.jpg","datePublished":"2026-02-09T17:58:56+00:00","author":{"@id":"https:\/\/portaltela.pt\/#\/schema\/person\/c4278d4a6028830caff9ee44b42d32ed"},"breadcrumb":{"@id":"https:\/\/portaltela.pt\/noticias\/2026\/02\/09\/agua-da-rede-em-vila-franca-do-campo-ja-pode-ser-consumida-sem-restricoes\/#breadcrumb"},"inLanguage":"pt-PT","potentialAction":[{"@type":"ReadAction","target":["https:\/\/portaltela.pt\/noticias\/2026\/02\/09\/agua-da-rede-em-vila-franca-do-campo-ja-pode-ser-consumida-sem-restricoes\/"]}]},{"@type":"ImageObject","inLanguage":"pt-PT","@id":"https:\/\/portaltela.pt\/noticias\/2026\/02\/09\/agua-da-rede-em-vila-franca-do-campo-ja-pode-ser-consumida-sem-restricoes\/#primaryimage","url":"https:\/\/portaltela.pt\/s.01k8rhncp4jt1\/2026\/02\/img_1500x1000uu2019-12-31-07-44-36-913403-5.jpg","contentUrl":"https:\/\/portaltela.pt\/s.01k8rhncp4jt1\/2026\/02\/img_1500x1000uu2019-12-31-07-44-36-913403-5.jpg","width":796,"height":448,"caption":"\u00c1gua da rede em Vila Franca do Campo j\u00e1 pode ser consumida sem restri\u00e7\u00f5es"},{"@type":"BreadcrumbList","@id":"https:\/\/portaltela.pt\/noticias\/2026\/02\/09\/agua-da-rede-em-vila-franca-do-campo-ja-pode-ser-consumida-sem-restricoes\/#breadcrumb","itemListElement":[{"@type":"ListItem","position":1,"name":"In\u00edcio","item":"https:\/\/portaltela.pt\/"},{"@type":"ListItem","position":2,"name":"\u00c1gua da rede em Vila Franca do Campo j\u00e1 pode ser consumida sem restri\u00e7\u00f5es"}]},{"@type":"WebSite","@id":"https:\/\/portaltela.pt\/#website","url":"https:\/\/portaltela.pt\/","name":"Portal Tela Portugal","description":"","potentialAction":[{"@type":"SearchAction","target":{"@type":"EntryPoint","urlTemplate":"https:\/\/portaltela.pt\/?s={search_term_string}"},"query-input":{"@type":"PropertyValueSpecification","valueRequired":true,"valueName":"search_term_string"}}],"inLanguage":"pt-PT"},{"@type":"Person","@id":"https:\/\/portaltela.pt\/#\/schema\/person\/c4278d4a6028830caff9ee44b42d32ed","name":"Telinha","image":{"@type":"ImageObject","inLanguage":"pt-PT","@id":"https:\/\/portaltela.pt\/s.01k8rhncp4jt1\/2025\/11\/talking-bot-125x125.png","url":"https:\/\/portaltela.pt\/s.01k8rhncp4jt1\/2025\/11\/talking-bot-125x125.png","contentUrl":"https:\/\/portaltela.pt\/s.01k8rhncp4jt1\/2025\/11\/talking-bot-125x125.png","caption":"Telinha"},"sameAs":["https:\/\/portaltela.pt\/"],"url":"https:\/\/portaltela.pt\/por\/367410592786\/"}]}},"_links":{"self":[{"href":"https:\/\/portaltela.pt\/api\/wp\/v2\/posts\/205763","targetHints":{"allow":["GET"]}}],"collection":[{"href":"https:\/\/portaltela.pt\/api\/wp\/v2\/posts"}],"about":[{"href":"https:\/\/portaltela.pt\/api\/wp\/v2\/types\/post"}],"author":[{"embeddable":true,"href":"https:\/\/portaltela.pt\/api\/wp\/v2\/users\/2"}],"replies":[{"embeddable":true,"href":"https:\/\/portaltela.pt\/api\/wp\/v2\/comments?post=205763"}],"version-history":[{"count":0,"href":"https:\/\/portaltela.pt\/api\/wp\/v2\/posts\/205763\/revisions"}],"wp:featuredmedia":[{"embeddable":true,"href":"https:\/\/portaltela.pt\/api\/wp\/v2\/media\/205766"}],"wp:attachment":[{"href":"https:\/\/portaltela.pt\/api\/wp\/v2\/media?parent=205763"}],"wp:term":[{"taxonomy":"category","embeddable":true,"href":"https:\/\/portaltela.pt\/api\/wp\/v2\/categories?post=205763"},{"taxonomy":"post_tag","embeddable":true,"href":"https:\/\/portaltela.pt\/api\/wp\/v2\/tags?post=205763"}],"curies":[{"name":"wp","href":"https:\/\/api.w.org\/{rel}","templated":true}]}}