{"id":205739,"date":"2026-02-09T14:23:00","date_gmt":"2026-02-09T17:23:00","guid":{"rendered":"https:\/\/portaltela.pt\/noticias\/2026\/02\/09\/mau-tempo-leva-ferreira-do-zezere-a-pedir-ajuda-urgente-a-construtoras\/"},"modified":"2026-02-09T14:23:00","modified_gmt":"2026-02-09T17:23:00","slug":"mau-tempo-leva-ferreira-do-zezere-a-pedir-ajuda-urgente-a-construtoras","status":"publish","type":"post","link":"https:\/\/portaltela.pt\/noticias\/2026\/02\/09\/mau-tempo-leva-ferreira-do-zezere-a-pedir-ajuda-urgente-a-construtoras\/","title":{"rendered":"Mau tempo leva Ferreira do Z\u00eazere a pedir ajuda urgente a construtoras"},"content":{"rendered":"<p>Ferreira do Z\u00eazere continua a enfrentar sequelas do temporal Kristin, que afectou o concelho h\u00e1 mais de uma semana. As quedas de \u00e1rvores, danos em habita\u00e7\u00f5es e cortes de energia persiste, dificultando a recupera\u00e7\u00e3o das fam\u00edlias afectadas.<\/p>\n<p>A autarquia pede apoio urgente a empresas da constru\u00e7\u00e3o civil de todo o pa\u00eds, devido \u00e0 falta de equipas t\u00e9cnicas especializadas e \u00e0 necessidade de interven\u00e7\u00f5es r\u00e1pidas, sobretudo para coberturas, estruturas e estabiliza\u00e7\u00e3o de edif\u00edcios.<\/p>\n<p>A governa\u00e7\u00e3o local manteve contactos com autoridades nacionais, incluindo a Presid\u00eancia da Rep\u00fablica e membros do Governo, para avalia\u00e7\u00e3o de danos e coordena\u00e7\u00e3o de respostas. A prioridade \u00e9 acelerar a entrega de meios t\u00e9cnicos e log\u00edsticos.<\/p>\n<h3>Pedido de apoio \u00e0s empresas da constru\u00e7\u00e3o civil<\/h3>\n<p>Bruno Gomes, presidente da C\u00e2mara Municipal de Ferreira do Z\u00eazere, sublinha que muitos lares continuam sem servi\u00e7os essencias e que a recupera\u00e7\u00e3o \u00e9 lenta sem refor\u00e7o operacional imediato.<\/p>\n<p>Persistem falhas no fornecimento el\u00e9ctrico, atribu\u00eddas a dificuldades log\u00edsticas na distribui\u00e7\u00e3o de combust\u00edvel aos geradores. A autarquia relata disponibilidade de combust\u00edvel, mas gest\u00e3o de abastecimento tem provocado interrup\u00e7\u00f5es.<\/p>\n<p>A localiza\u00e7\u00e3o interior do concelho complica a mobiliza\u00e7\u00e3o de meios, em compara\u00e7\u00e3o com centros urbanos igualmente afectados. A gest\u00e3o de telecomunica\u00e7\u00f5es registou recupera\u00e7\u00e3o gradual ap\u00f3s mais de cinco dias sem rede, com nota de lentid\u00e3o na resposta da operadora.<\/p>\n<h3>Situa\u00e7\u00e3o no terreno e necessidades<\/h3>\n<p>As lonas de prote\u00e7\u00e3o continuam a cobrir dezenas de habita\u00e7\u00f5es, mas s\u00e3o solu\u00e7\u00f5es provis\u00f3rias que o temporal desmonta com o vento. A autarquia afirma que s\u00e3o necess\u00e1rias telhas novas e equipa multidisciplinar para cobrir problemas estruturais.<\/p>\n<p>No quadro atual, Ferreira do Z\u00eazere regista dezenas de deslocados e desalojados, com crescente vulnerabilidade social. A equipa municipal mant\u00e9m-se no terreno, apoiando distribui\u00e7\u00e3o de alimentos e vestu\u00e1rio quente.<\/p>\n<p>As necessidades priorit\u00e1rias incluem equipas de electricistas, carpinteiros, pedreiros e avaliadores estruturais, bem como meios de estabiliza\u00e7\u00e3o para interven\u00e7\u00f5es urgentes. A atua\u00e7\u00e3o visa reduzir o tempo de resposta \u00e0s fam\u00edlias afetadas.<\/p>\n<h3>Contexto nacional e medidas de apoio<\/h3>\n<p>Desde o in\u00edcio do temporal, o pa\u00eds contabiliza dezenas de mortos e centenas de feridos ou desalojados. As regi\u00f5es Centro, Lisboa e Vale do Tejo e Alentejo s\u00e3o as mais atingidas. O Governo mant\u00e9m a calamidade at\u00e9 15 de janeiro para 68 concelhos e j\u00e1 anunciou medidas de apoio at\u00e9 2,5 mil milh\u00f5es de euros.<\/p>\n","protected":false},"excerpt":{"rendered":"<ul>\n<li>O concelho de Ferreira do Z\u00eazere pede ajuda urgente a empresas da constru\u00e7\u00e3o civil para acelerar a recupera\u00e7\u00e3o de casas e infraestruturas afetadas pelo temporal Kristin.<\/li>\n<li>A autarquia acusa a falta de equipas t\u00e9cnicas especializadas e refor\u00e7o operacional, afirmando que a resposta tem sido lenta e insuficiente face aos danos.<\/li>\n<li>Persistem falhas no fornecimento el\u00e9trico e nas telecomunica\u00e7\u00f5es, com dificuldades log\u00edsticas na reposi\u00e7\u00e3o de combust\u00edvel aos geradores e atraso na recupera\u00e7\u00e3o da rede.<\/li>\n<li>A localiza\u00e7\u00e3o interior do munic\u00edpio complica a mobiliza\u00e7\u00e3o de meios, destacando a necessidade de equipas multidisciplinares para coberturas, repara\u00e7\u00f5es e avalia\u00e7\u00f5es estruturais.<\/li>\n<li>Em Portugal, j\u00e1 morreram quinze pessoas devido \u00e0s depress\u00f5es Kristin, Leonardo e Marta; o Governo prolongou a calamidade at\u00e9 15 de fevereiro para 68 concelhos e anunciou medidas de apoio at\u00e9 2,5 mil milh\u00f5es de euros.<\/li>\n<\/ul>\n","protected":false},"author":2,"featured_media":205740,"comment_status":"closed","ping_status":"closed","sticky":false,"template":"","format":"standard","meta":{"footnotes":""},"categories":[1],"tags":[4729,4687,5215,3004,5038,150],"class_list":["post-205739","post","type-post","status-publish","format-standard","has-post-thumbnail","hentry","category-noticias","tag-abastecimento-de-energia","tag-calamidade-publica","tag-catastrofes-naturais","tag-desalojados","tag-ferreira-do-zezere","tag-habitacao"],"yoast_head":"<!-- This site is optimized with the Yoast SEO plugin v27.2 - https:\/\/yoast.com\/product\/yoast-seo-wordpress\/ -->\n<title>Mau tempo leva Ferreira do Z\u00eazere a pedir ajuda urgente a construtoras - Portal Tela Portugal<\/title>\n<meta name=\"robots\" content=\"index, follow, max-snippet:-1, max-image-preview:large, max-video-preview:-1\" \/>\n<meta property=\"og:locale\" content=\"pt_PT\" \/>\n<meta property=\"og:type\" content=\"article\" \/>\n<meta property=\"og:title\" content=\"Mau tempo leva Ferreira do Z\u00eazere a pedir ajuda urgente a construtoras - Portal Tela Portugal\" \/>\n<meta property=\"og:description\" content=\"O concelho de Ferreira do Z\u00eazere pede ajuda urgente a empresas da constru\u00e7\u00e3o civil para acelerar a recupera\u00e7\u00e3o de casas e infraestruturas afetadas pelo temporal Kristin. A autarquia acusa a falta de equipas t\u00e9cnicas especializadas e refor\u00e7o operacional, afirmando que a resposta tem sido lenta e insuficiente face aos danos. Persistem falhas no fornecimento el\u00e9trico e nas telecomunica\u00e7\u00f5es, com dificuldades log\u00edsticas na reposi\u00e7\u00e3o de combust\u00edvel aos geradores e atraso na recupera\u00e7\u00e3o da rede. A localiza\u00e7\u00e3o interior do munic\u00edpio complica a mobiliza\u00e7\u00e3o de meios, destacando a necessidade de equipas multidisciplinares para coberturas, repara\u00e7\u00f5es e avalia\u00e7\u00f5es estruturais. Em Portugal, j\u00e1 morreram quinze pessoas devido \u00e0s depress\u00f5es Kristin, Leonardo e Marta; o Governo prolongou a calamidade at\u00e9 15 de fevereiro para 68 concelhos e anunciou medidas de apoio at\u00e9 2,5 mil milh\u00f5es de euros.\" \/>\n<meta property=\"og:url\" content=\"https:\/\/portaltela.pt\/noticias\/2026\/02\/09\/mau-tempo-leva-ferreira-do-zezere-a-pedir-ajuda-urgente-a-construtoras\/\" \/>\n<meta property=\"og:site_name\" content=\"Portal Tela Portugal\" \/>\n<meta property=\"article:published_time\" content=\"2026-02-09T17:23:00+00:00\" \/>\n<meta name=\"author\" content=\"Telinha\" \/>\n<meta name=\"twitter:card\" content=\"summary_large_image\" \/>\n<meta name=\"twitter:label1\" content=\"Escrito por\" \/>\n\t<meta name=\"twitter:data1\" content=\"Telinha\" \/>\n\t<meta name=\"twitter:label2\" content=\"Tempo estimado de leitura\" \/>\n\t<meta name=\"twitter:data2\" content=\"2 minutos\" \/>\n<script type=\"application\/ld+json\" class=\"yoast-schema-graph\">{\"@context\":\"https:\/\/schema.org\",\"@graph\":[{\"@type\":\"Article\",\"@id\":\"https:\/\/portaltela.pt\/noticias\/2026\/02\/09\/mau-tempo-leva-ferreira-do-zezere-a-pedir-ajuda-urgente-a-construtoras\/#article\",\"isPartOf\":{\"@id\":\"https:\/\/portaltela.pt\/noticias\/2026\/02\/09\/mau-tempo-leva-ferreira-do-zezere-a-pedir-ajuda-urgente-a-construtoras\/\"},\"author\":{\"name\":\"Telinha\",\"@id\":\"https:\/\/portaltela.pt\/#\/schema\/person\/c4278d4a6028830caff9ee44b42d32ed\"},\"headline\":\"Mau tempo leva Ferreira do Z\u00eazere a pedir ajuda urgente a construtoras\",\"datePublished\":\"2026-02-09T17:23:00+00:00\",\"mainEntityOfPage\":{\"@id\":\"https:\/\/portaltela.pt\/noticias\/2026\/02\/09\/mau-tempo-leva-ferreira-do-zezere-a-pedir-ajuda-urgente-a-construtoras\/\"},\"wordCount\":442,\"image\":{\"@id\":\"https:\/\/portaltela.pt\/noticias\/2026\/02\/09\/mau-tempo-leva-ferreira-do-zezere-a-pedir-ajuda-urgente-a-construtoras\/#primaryimage\"},\"thumbnailUrl\":\"https:\/\/portaltela.pt\/s.01k8rhncp4jt1\/2026\/02\/2065868.jpg\",\"keywords\":[\"abastecimento de energia\",\"calamidade p\u00fablica\",\"cat\u00e1strofes naturais\",\"desalojados\",\"Ferreira do Z\u00eazere\",\"habita\u00e7\u00e3o\"],\"articleSection\":[\"Not\u00edcias\"],\"inLanguage\":\"pt-PT\"},{\"@type\":\"WebPage\",\"@id\":\"https:\/\/portaltela.pt\/noticias\/2026\/02\/09\/mau-tempo-leva-ferreira-do-zezere-a-pedir-ajuda-urgente-a-construtoras\/\",\"url\":\"https:\/\/portaltela.pt\/noticias\/2026\/02\/09\/mau-tempo-leva-ferreira-do-zezere-a-pedir-ajuda-urgente-a-construtoras\/\",\"name\":\"Mau tempo leva Ferreira do Z\u00eazere a pedir ajuda urgente a construtoras - Portal Tela Portugal\",\"isPartOf\":{\"@id\":\"https:\/\/portaltela.pt\/#website\"},\"primaryImageOfPage\":{\"@id\":\"https:\/\/portaltela.pt\/noticias\/2026\/02\/09\/mau-tempo-leva-ferreira-do-zezere-a-pedir-ajuda-urgente-a-construtoras\/#primaryimage\"},\"image\":{\"@id\":\"https:\/\/portaltela.pt\/noticias\/2026\/02\/09\/mau-tempo-leva-ferreira-do-zezere-a-pedir-ajuda-urgente-a-construtoras\/#primaryimage\"},\"thumbnailUrl\":\"https:\/\/portaltela.pt\/s.01k8rhncp4jt1\/2026\/02\/2065868.jpg\",\"datePublished\":\"2026-02-09T17:23:00+00:00\",\"author\":{\"@id\":\"https:\/\/portaltela.pt\/#\/schema\/person\/c4278d4a6028830caff9ee44b42d32ed\"},\"breadcrumb\":{\"@id\":\"https:\/\/portaltela.pt\/noticias\/2026\/02\/09\/mau-tempo-leva-ferreira-do-zezere-a-pedir-ajuda-urgente-a-construtoras\/#breadcrumb\"},\"inLanguage\":\"pt-PT\",\"potentialAction\":[{\"@type\":\"ReadAction\",\"target\":[\"https:\/\/portaltela.pt\/noticias\/2026\/02\/09\/mau-tempo-leva-ferreira-do-zezere-a-pedir-ajuda-urgente-a-construtoras\/\"]}]},{\"@type\":\"ImageObject\",\"inLanguage\":\"pt-PT\",\"@id\":\"https:\/\/portaltela.pt\/noticias\/2026\/02\/09\/mau-tempo-leva-ferreira-do-zezere-a-pedir-ajuda-urgente-a-construtoras\/#primaryimage\",\"url\":\"https:\/\/portaltela.pt\/s.01k8rhncp4jt1\/2026\/02\/2065868.jpg\",\"contentUrl\":\"https:\/\/portaltela.pt\/s.01k8rhncp4jt1\/2026\/02\/2065868.jpg\",\"width\":796,\"height\":448,\"caption\":\"Queda de \u00e1rvores provocada pela tempestade Kristin\"},{\"@type\":\"BreadcrumbList\",\"@id\":\"https:\/\/portaltela.pt\/noticias\/2026\/02\/09\/mau-tempo-leva-ferreira-do-zezere-a-pedir-ajuda-urgente-a-construtoras\/#breadcrumb\",\"itemListElement\":[{\"@type\":\"ListItem\",\"position\":1,\"name\":\"In\u00edcio\",\"item\":\"https:\/\/portaltela.pt\/\"},{\"@type\":\"ListItem\",\"position\":2,\"name\":\"Mau tempo leva Ferreira do Z\u00eazere a pedir ajuda urgente a construtoras\"}]},{\"@type\":\"WebSite\",\"@id\":\"https:\/\/portaltela.pt\/#website\",\"url\":\"https:\/\/portaltela.pt\/\",\"name\":\"Portal Tela Portugal\",\"description\":\"\",\"potentialAction\":[{\"@type\":\"SearchAction\",\"target\":{\"@type\":\"EntryPoint\",\"urlTemplate\":\"https:\/\/portaltela.pt\/?s={search_term_string}\"},\"query-input\":{\"@type\":\"PropertyValueSpecification\",\"valueRequired\":true,\"valueName\":\"search_term_string\"}}],\"inLanguage\":\"pt-PT\"},{\"@type\":\"Person\",\"@id\":\"https:\/\/portaltela.pt\/#\/schema\/person\/c4278d4a6028830caff9ee44b42d32ed\",\"name\":\"Telinha\",\"image\":{\"@type\":\"ImageObject\",\"inLanguage\":\"pt-PT\",\"@id\":\"https:\/\/portaltela.pt\/s.01k8rhncp4jt1\/2025\/11\/talking-bot-125x125.png\",\"url\":\"https:\/\/portaltela.pt\/s.01k8rhncp4jt1\/2025\/11\/talking-bot-125x125.png\",\"contentUrl\":\"https:\/\/portaltela.pt\/s.01k8rhncp4jt1\/2025\/11\/talking-bot-125x125.png\",\"caption\":\"Telinha\"},\"sameAs\":[\"https:\/\/portaltela.pt\/\"],\"url\":\"https:\/\/portaltela.pt\/por\/367410592786\/\"}]}<\/script>\n<!-- \/ Yoast SEO plugin. -->","yoast_head_json":{"title":"Mau tempo leva Ferreira do Z\u00eazere a pedir ajuda urgente a construtoras - Portal Tela Portugal","robots":{"index":"index","follow":"follow","max-snippet":"max-snippet:-1","max-image-preview":"max-image-preview:large","max-video-preview":"max-video-preview:-1"},"og_locale":"pt_PT","og_type":"article","og_title":"Mau tempo leva Ferreira do Z\u00eazere a pedir ajuda urgente a construtoras - Portal Tela Portugal","og_description":"O concelho de Ferreira do Z\u00eazere pede ajuda urgente a empresas da constru\u00e7\u00e3o civil para acelerar a recupera\u00e7\u00e3o de casas e infraestruturas afetadas pelo temporal Kristin. A autarquia acusa a falta de equipas t\u00e9cnicas especializadas e refor\u00e7o operacional, afirmando que a resposta tem sido lenta e insuficiente face aos danos. Persistem falhas no fornecimento el\u00e9trico e nas telecomunica\u00e7\u00f5es, com dificuldades log\u00edsticas na reposi\u00e7\u00e3o de combust\u00edvel aos geradores e atraso na recupera\u00e7\u00e3o da rede. A localiza\u00e7\u00e3o interior do munic\u00edpio complica a mobiliza\u00e7\u00e3o de meios, destacando a necessidade de equipas multidisciplinares para coberturas, repara\u00e7\u00f5es e avalia\u00e7\u00f5es estruturais. Em Portugal, j\u00e1 morreram quinze pessoas devido \u00e0s depress\u00f5es Kristin, Leonardo e Marta; o Governo prolongou a calamidade at\u00e9 15 de fevereiro para 68 concelhos e anunciou medidas de apoio at\u00e9 2,5 mil milh\u00f5es de euros.","og_url":"https:\/\/portaltela.pt\/noticias\/2026\/02\/09\/mau-tempo-leva-ferreira-do-zezere-a-pedir-ajuda-urgente-a-construtoras\/","og_site_name":"Portal Tela Portugal","article_published_time":"2026-02-09T17:23:00+00:00","author":"Telinha","twitter_card":"summary_large_image","twitter_misc":{"Escrito por":"Telinha","Tempo estimado de leitura":"2 minutos"},"schema":{"@context":"https:\/\/schema.org","@graph":[{"@type":"Article","@id":"https:\/\/portaltela.pt\/noticias\/2026\/02\/09\/mau-tempo-leva-ferreira-do-zezere-a-pedir-ajuda-urgente-a-construtoras\/#article","isPartOf":{"@id":"https:\/\/portaltela.pt\/noticias\/2026\/02\/09\/mau-tempo-leva-ferreira-do-zezere-a-pedir-ajuda-urgente-a-construtoras\/"},"author":{"name":"Telinha","@id":"https:\/\/portaltela.pt\/#\/schema\/person\/c4278d4a6028830caff9ee44b42d32ed"},"headline":"Mau tempo leva Ferreira do Z\u00eazere a pedir ajuda urgente a construtoras","datePublished":"2026-02-09T17:23:00+00:00","mainEntityOfPage":{"@id":"https:\/\/portaltela.pt\/noticias\/2026\/02\/09\/mau-tempo-leva-ferreira-do-zezere-a-pedir-ajuda-urgente-a-construtoras\/"},"wordCount":442,"image":{"@id":"https:\/\/portaltela.pt\/noticias\/2026\/02\/09\/mau-tempo-leva-ferreira-do-zezere-a-pedir-ajuda-urgente-a-construtoras\/#primaryimage"},"thumbnailUrl":"https:\/\/portaltela.pt\/s.01k8rhncp4jt1\/2026\/02\/2065868.jpg","keywords":["abastecimento de energia","calamidade p\u00fablica","cat\u00e1strofes naturais","desalojados","Ferreira do Z\u00eazere","habita\u00e7\u00e3o"],"articleSection":["Not\u00edcias"],"inLanguage":"pt-PT"},{"@type":"WebPage","@id":"https:\/\/portaltela.pt\/noticias\/2026\/02\/09\/mau-tempo-leva-ferreira-do-zezere-a-pedir-ajuda-urgente-a-construtoras\/","url":"https:\/\/portaltela.pt\/noticias\/2026\/02\/09\/mau-tempo-leva-ferreira-do-zezere-a-pedir-ajuda-urgente-a-construtoras\/","name":"Mau tempo leva Ferreira do Z\u00eazere a pedir ajuda urgente a construtoras - Portal Tela Portugal","isPartOf":{"@id":"https:\/\/portaltela.pt\/#website"},"primaryImageOfPage":{"@id":"https:\/\/portaltela.pt\/noticias\/2026\/02\/09\/mau-tempo-leva-ferreira-do-zezere-a-pedir-ajuda-urgente-a-construtoras\/#primaryimage"},"image":{"@id":"https:\/\/portaltela.pt\/noticias\/2026\/02\/09\/mau-tempo-leva-ferreira-do-zezere-a-pedir-ajuda-urgente-a-construtoras\/#primaryimage"},"thumbnailUrl":"https:\/\/portaltela.pt\/s.01k8rhncp4jt1\/2026\/02\/2065868.jpg","datePublished":"2026-02-09T17:23:00+00:00","author":{"@id":"https:\/\/portaltela.pt\/#\/schema\/person\/c4278d4a6028830caff9ee44b42d32ed"},"breadcrumb":{"@id":"https:\/\/portaltela.pt\/noticias\/2026\/02\/09\/mau-tempo-leva-ferreira-do-zezere-a-pedir-ajuda-urgente-a-construtoras\/#breadcrumb"},"inLanguage":"pt-PT","potentialAction":[{"@type":"ReadAction","target":["https:\/\/portaltela.pt\/noticias\/2026\/02\/09\/mau-tempo-leva-ferreira-do-zezere-a-pedir-ajuda-urgente-a-construtoras\/"]}]},{"@type":"ImageObject","inLanguage":"pt-PT","@id":"https:\/\/portaltela.pt\/noticias\/2026\/02\/09\/mau-tempo-leva-ferreira-do-zezere-a-pedir-ajuda-urgente-a-construtoras\/#primaryimage","url":"https:\/\/portaltela.pt\/s.01k8rhncp4jt1\/2026\/02\/2065868.jpg","contentUrl":"https:\/\/portaltela.pt\/s.01k8rhncp4jt1\/2026\/02\/2065868.jpg","width":796,"height":448,"caption":"Queda de \u00e1rvores provocada pela tempestade Kristin"},{"@type":"BreadcrumbList","@id":"https:\/\/portaltela.pt\/noticias\/2026\/02\/09\/mau-tempo-leva-ferreira-do-zezere-a-pedir-ajuda-urgente-a-construtoras\/#breadcrumb","itemListElement":[{"@type":"ListItem","position":1,"name":"In\u00edcio","item":"https:\/\/portaltela.pt\/"},{"@type":"ListItem","position":2,"name":"Mau tempo leva Ferreira do Z\u00eazere a pedir ajuda urgente a construtoras"}]},{"@type":"WebSite","@id":"https:\/\/portaltela.pt\/#website","url":"https:\/\/portaltela.pt\/","name":"Portal Tela Portugal","description":"","potentialAction":[{"@type":"SearchAction","target":{"@type":"EntryPoint","urlTemplate":"https:\/\/portaltela.pt\/?s={search_term_string}"},"query-input":{"@type":"PropertyValueSpecification","valueRequired":true,"valueName":"search_term_string"}}],"inLanguage":"pt-PT"},{"@type":"Person","@id":"https:\/\/portaltela.pt\/#\/schema\/person\/c4278d4a6028830caff9ee44b42d32ed","name":"Telinha","image":{"@type":"ImageObject","inLanguage":"pt-PT","@id":"https:\/\/portaltela.pt\/s.01k8rhncp4jt1\/2025\/11\/talking-bot-125x125.png","url":"https:\/\/portaltela.pt\/s.01k8rhncp4jt1\/2025\/11\/talking-bot-125x125.png","contentUrl":"https:\/\/portaltela.pt\/s.01k8rhncp4jt1\/2025\/11\/talking-bot-125x125.png","caption":"Telinha"},"sameAs":["https:\/\/portaltela.pt\/"],"url":"https:\/\/portaltela.pt\/por\/367410592786\/"}]}},"_links":{"self":[{"href":"https:\/\/portaltela.pt\/api\/wp\/v2\/posts\/205739","targetHints":{"allow":["GET"]}}],"collection":[{"href":"https:\/\/portaltela.pt\/api\/wp\/v2\/posts"}],"about":[{"href":"https:\/\/portaltela.pt\/api\/wp\/v2\/types\/post"}],"author":[{"embeddable":true,"href":"https:\/\/portaltela.pt\/api\/wp\/v2\/users\/2"}],"replies":[{"embeddable":true,"href":"https:\/\/portaltela.pt\/api\/wp\/v2\/comments?post=205739"}],"version-history":[{"count":0,"href":"https:\/\/portaltela.pt\/api\/wp\/v2\/posts\/205739\/revisions"}],"wp:featuredmedia":[{"embeddable":true,"href":"https:\/\/portaltela.pt\/api\/wp\/v2\/media\/205740"}],"wp:attachment":[{"href":"https:\/\/portaltela.pt\/api\/wp\/v2\/media?parent=205739"}],"wp:term":[{"taxonomy":"category","embeddable":true,"href":"https:\/\/portaltela.pt\/api\/wp\/v2\/categories?post=205739"},{"taxonomy":"post_tag","embeddable":true,"href":"https:\/\/portaltela.pt\/api\/wp\/v2\/tags?post=205739"}],"curies":[{"name":"wp","href":"https:\/\/api.w.org\/{rel}","templated":true}]}}