{"id":205734,"date":"2026-02-09T14:29:00","date_gmt":"2026-02-09T17:29:00","guid":{"rendered":"https:\/\/portaltela.pt\/noticias\/2026\/02\/09\/naufragio-ao-largo-da-libia-faz-53-mortos-entre-migrantes-rumo-a-europa\/"},"modified":"2026-02-09T14:29:00","modified_gmt":"2026-02-09T17:29:00","slug":"naufragio-ao-largo-da-libia-faz-53-mortos-entre-migrantes-rumo-a-europa","status":"publish","type":"post","link":"https:\/\/portaltela.pt\/noticias\/2026\/02\/09\/naufragio-ao-largo-da-libia-faz-53-mortos-entre-migrantes-rumo-a-europa\/","title":{"rendered":"Naufr\u00e1gio ao largo da L\u00edbia faz 53 mortos entre migrantes rumo \u00e0 Europa"},"content":{"rendered":"<p>O naufr\u00e1gio de uma embarca\u00e7\u00e3o insufl\u00e1vel ao largo da costa da L\u00edbia resultou na morte ou desaparecimento de 53 migrantes. A embarca\u00e7\u00e3o, com 55 pessoas a bordo, virou ao largo de Zuwara, ap\u00f3s partir de Zawiya na quinta-feira, segundo a OIM, com base em relatos de sobreviventes.<\/p>\n<p>Entre as v\u00edtimas estavam dois beb\u00e9s. Apenas duas mulheres, de origem Nigeriana, foram resgatadas durante a opera\u00e7\u00e3o de busca e salvamento realizada pelas autoridades l\u00edbias. Uma sobrevivente afirmou ter perdido o marido, outra, os seus dois filhos.<\/p>\n<p>A Organiza\u00e7\u00e3o Internacional para as Migra\u00e7\u00f5es (OIM) indica que este incidente eleva para pelo menos 484 o n\u00famero de migrantes mortos ou desaparecidos na rota do Mediterr\u00e2neo Central j\u00e1 em 2026. Em 2025, a mesma rota registou mais de 1.3 mil desaparecidos.<\/p>\n<h3>Contexto humano<\/h3>\n<p>Em meados de janeiro, pelo menos 21 corpos foram encontrados numa vala comum no leste da L\u00edbia, e mais de 200 migrantes teriam estado detidos em Kufra, libertados dias depois por autoridades l\u00edbias, segundo fontes de seguran\u00e7a.<\/p>\n<h3>Cen\u00e1rio regional<\/h3>\n<p>Desde 2011, ap\u00f3s a queda de Khadafi, a L\u00edbia tornou-se passagem de tr\u00e2nsito para quem foge de conflitos e pobreza, com rotas perigosas pelo deserto e pelo Mediterr\u00e2neo em dire\u00e7\u00e3o \u00e0 Europa. Pa\u00edses ocidentais t\u00eam pressionado Li\u0301bia a encerrar centros de deten\u00e7\u00e3o onde h\u00e1 relatos de abusos.<\/p>\n","protected":false},"excerpt":{"rendered":"<ul>\n<li>Cinquenta e tr\u00eas migrantes, incluindo dois beb\u00e9s, morreram ou est\u00e3o desaparecidos depois de uma embarca\u00e7\u00e3o insufl\u00e1vel com cinquenta e cinco pessoas ter virado ao largo da costa da L\u00edbia.<\/li>\n<li>A embarca\u00e7\u00e3o partiu de Zawiya na quinta-feira e virou ao largo de Zuwara na sexta-feira, segundo a Organiza\u00e7\u00e3o Internacional para as Migra\u00e7\u00f5es.<\/li>\n<li>Apenas duas mulheres migraram resgatadas; uma relatou ter perdido o marido, e a outra disse ter perdido os seus dois beb\u00e9s.<\/li>\n<li>Este ano, j\u00e1 morreram ou desapareceram na rota do Mediterr\u00e2neo Central mais de mil quatrocentos migrantes; a OIM aponta que o total de mortos ou desaparecidos nesta rota sobe para pelo menos quatrocentos oitenta e quatro em dois mil e vinte e seis.<\/li>\n<li>Em meados de janeiro foram encontrados pelo menos vinte e um corpos numa vala comum no Leste da L\u00edbia e libertados mais de duzentos migrantes de uma pris\u00e3o secreta em Kufra; organiza\u00e7\u00f5es de direitos humanos denunciam maus-tratos.<\/li>\n<\/ul>\n","protected":false},"author":2,"featured_media":205736,"comment_status":"closed","ping_status":"closed","sticky":false,"template":"","format":"standard","meta":{"footnotes":""},"categories":[1],"tags":[2358,2633,2487,3768,1456,1678],"class_list":["post-205734","post","type-post","status-publish","format-standard","has-post-thumbnail","hentry","category-noticias","tag-crises-internacionais","tag-direitos-humanos","tag-europa","tag-libia","tag-migracao","tag-migrantes"],"yoast_head":"<!-- This site is optimized with the Yoast SEO plugin v27.2 - https:\/\/yoast.com\/product\/yoast-seo-wordpress\/ -->\n<title>Naufr\u00e1gio ao largo da L\u00edbia faz 53 mortos entre migrantes rumo \u00e0 Europa - Portal Tela Portugal<\/title>\n<meta name=\"robots\" content=\"index, follow, max-snippet:-1, max-image-preview:large, max-video-preview:-1\" \/>\n<meta property=\"og:locale\" content=\"pt_PT\" \/>\n<meta property=\"og:type\" content=\"article\" \/>\n<meta property=\"og:title\" content=\"Naufr\u00e1gio ao largo da L\u00edbia faz 53 mortos entre migrantes rumo \u00e0 Europa - Portal Tela Portugal\" \/>\n<meta property=\"og:description\" content=\"Cinquenta e tr\u00eas migrantes, incluindo dois beb\u00e9s, morreram ou est\u00e3o desaparecidos depois de uma embarca\u00e7\u00e3o insufl\u00e1vel com cinquenta e cinco pessoas ter virado ao largo da costa da L\u00edbia. A embarca\u00e7\u00e3o partiu de Zawiya na quinta-feira e virou ao largo de Zuwara na sexta-feira, segundo a Organiza\u00e7\u00e3o Internacional para as Migra\u00e7\u00f5es. Apenas duas mulheres migraram resgatadas; uma relatou ter perdido o marido, e a outra disse ter perdido os seus dois beb\u00e9s. Este ano, j\u00e1 morreram ou desapareceram na rota do Mediterr\u00e2neo Central mais de mil quatrocentos migrantes; a OIM aponta que o total de mortos ou desaparecidos nesta rota sobe para pelo menos quatrocentos oitenta e quatro em dois mil e vinte e seis. Em meados de janeiro foram encontrados pelo menos vinte e um corpos numa vala comum no Leste da L\u00edbia e libertados mais de duzentos migrantes de uma pris\u00e3o secreta em Kufra; organiza\u00e7\u00f5es de direitos humanos denunciam maus-tratos.\" \/>\n<meta property=\"og:url\" content=\"https:\/\/portaltela.pt\/noticias\/2026\/02\/09\/naufragio-ao-largo-da-libia-faz-53-mortos-entre-migrantes-rumo-a-europa\/\" \/>\n<meta property=\"og:site_name\" content=\"Portal Tela Portugal\" \/>\n<meta property=\"article:published_time\" content=\"2026-02-09T17:29:00+00:00\" \/>\n<meta name=\"author\" content=\"Telinha\" \/>\n<meta name=\"twitter:card\" content=\"summary_large_image\" \/>\n<meta name=\"twitter:label1\" content=\"Escrito por\" \/>\n\t<meta name=\"twitter:data1\" content=\"Telinha\" \/>\n\t<meta name=\"twitter:label2\" content=\"Tempo estimado de leitura\" \/>\n\t<meta name=\"twitter:data2\" content=\"1 minuto\" \/>\n<script type=\"application\/ld+json\" class=\"yoast-schema-graph\">{\"@context\":\"https:\/\/schema.org\",\"@graph\":[{\"@type\":\"Article\",\"@id\":\"https:\/\/portaltela.pt\/noticias\/2026\/02\/09\/naufragio-ao-largo-da-libia-faz-53-mortos-entre-migrantes-rumo-a-europa\/#article\",\"isPartOf\":{\"@id\":\"https:\/\/portaltela.pt\/noticias\/2026\/02\/09\/naufragio-ao-largo-da-libia-faz-53-mortos-entre-migrantes-rumo-a-europa\/\"},\"author\":{\"name\":\"Telinha\",\"@id\":\"https:\/\/portaltela.pt\/#\/schema\/person\/c4278d4a6028830caff9ee44b42d32ed\"},\"headline\":\"Naufr\u00e1gio ao largo da L\u00edbia faz 53 mortos entre migrantes rumo \u00e0 Europa\",\"datePublished\":\"2026-02-09T17:29:00+00:00\",\"mainEntityOfPage\":{\"@id\":\"https:\/\/portaltela.pt\/noticias\/2026\/02\/09\/naufragio-ao-largo-da-libia-faz-53-mortos-entre-migrantes-rumo-a-europa\/\"},\"wordCount\":244,\"image\":{\"@id\":\"https:\/\/portaltela.pt\/noticias\/2026\/02\/09\/naufragio-ao-largo-da-libia-faz-53-mortos-entre-migrantes-rumo-a-europa\/#primaryimage\"},\"thumbnailUrl\":\"https:\/\/portaltela.pt\/s.01k8rhncp4jt1\/2026\/02\/2065866.jpg\",\"keywords\":[\"crises internacionais\",\"direitos humanos\",\"Europa\",\"L\u00edbia\",\"migra\u00e7\u00e3o\",\"migrantes\"],\"articleSection\":[\"Not\u00edcias\"],\"inLanguage\":\"pt-PT\"},{\"@type\":\"WebPage\",\"@id\":\"https:\/\/portaltela.pt\/noticias\/2026\/02\/09\/naufragio-ao-largo-da-libia-faz-53-mortos-entre-migrantes-rumo-a-europa\/\",\"url\":\"https:\/\/portaltela.pt\/noticias\/2026\/02\/09\/naufragio-ao-largo-da-libia-faz-53-mortos-entre-migrantes-rumo-a-europa\/\",\"name\":\"Naufr\u00e1gio ao largo da L\u00edbia faz 53 mortos entre migrantes rumo \u00e0 Europa - Portal Tela Portugal\",\"isPartOf\":{\"@id\":\"https:\/\/portaltela.pt\/#website\"},\"primaryImageOfPage\":{\"@id\":\"https:\/\/portaltela.pt\/noticias\/2026\/02\/09\/naufragio-ao-largo-da-libia-faz-53-mortos-entre-migrantes-rumo-a-europa\/#primaryimage\"},\"image\":{\"@id\":\"https:\/\/portaltela.pt\/noticias\/2026\/02\/09\/naufragio-ao-largo-da-libia-faz-53-mortos-entre-migrantes-rumo-a-europa\/#primaryimage\"},\"thumbnailUrl\":\"https:\/\/portaltela.pt\/s.01k8rhncp4jt1\/2026\/02\/2065866.jpg\",\"datePublished\":\"2026-02-09T17:29:00+00:00\",\"author\":{\"@id\":\"https:\/\/portaltela.pt\/#\/schema\/person\/c4278d4a6028830caff9ee44b42d32ed\"},\"breadcrumb\":{\"@id\":\"https:\/\/portaltela.pt\/noticias\/2026\/02\/09\/naufragio-ao-largo-da-libia-faz-53-mortos-entre-migrantes-rumo-a-europa\/#breadcrumb\"},\"inLanguage\":\"pt-PT\",\"potentialAction\":[{\"@type\":\"ReadAction\",\"target\":[\"https:\/\/portaltela.pt\/noticias\/2026\/02\/09\/naufragio-ao-largo-da-libia-faz-53-mortos-entre-migrantes-rumo-a-europa\/\"]}]},{\"@type\":\"ImageObject\",\"inLanguage\":\"pt-PT\",\"@id\":\"https:\/\/portaltela.pt\/noticias\/2026\/02\/09\/naufragio-ao-largo-da-libia-faz-53-mortos-entre-migrantes-rumo-a-europa\/#primaryimage\",\"url\":\"https:\/\/portaltela.pt\/s.01k8rhncp4jt1\/2026\/02\/2065866.jpg\",\"contentUrl\":\"https:\/\/portaltela.pt\/s.01k8rhncp4jt1\/2026\/02\/2065866.jpg\",\"width\":796,\"height\":448,\"caption\":\"Em 2026, j\u00e1 484 migrantes foram dados como mortos ou desaparecidos na rota do Mediterr\u00e2neo.\"},{\"@type\":\"BreadcrumbList\",\"@id\":\"https:\/\/portaltela.pt\/noticias\/2026\/02\/09\/naufragio-ao-largo-da-libia-faz-53-mortos-entre-migrantes-rumo-a-europa\/#breadcrumb\",\"itemListElement\":[{\"@type\":\"ListItem\",\"position\":1,\"name\":\"In\u00edcio\",\"item\":\"https:\/\/portaltela.pt\/\"},{\"@type\":\"ListItem\",\"position\":2,\"name\":\"Naufr\u00e1gio ao largo da L\u00edbia faz 53 mortos entre migrantes rumo \u00e0 Europa\"}]},{\"@type\":\"WebSite\",\"@id\":\"https:\/\/portaltela.pt\/#website\",\"url\":\"https:\/\/portaltela.pt\/\",\"name\":\"Portal Tela Portugal\",\"description\":\"\",\"potentialAction\":[{\"@type\":\"SearchAction\",\"target\":{\"@type\":\"EntryPoint\",\"urlTemplate\":\"https:\/\/portaltela.pt\/?s={search_term_string}\"},\"query-input\":{\"@type\":\"PropertyValueSpecification\",\"valueRequired\":true,\"valueName\":\"search_term_string\"}}],\"inLanguage\":\"pt-PT\"},{\"@type\":\"Person\",\"@id\":\"https:\/\/portaltela.pt\/#\/schema\/person\/c4278d4a6028830caff9ee44b42d32ed\",\"name\":\"Telinha\",\"image\":{\"@type\":\"ImageObject\",\"inLanguage\":\"pt-PT\",\"@id\":\"https:\/\/portaltela.pt\/s.01k8rhncp4jt1\/2025\/11\/talking-bot-125x125.png\",\"url\":\"https:\/\/portaltela.pt\/s.01k8rhncp4jt1\/2025\/11\/talking-bot-125x125.png\",\"contentUrl\":\"https:\/\/portaltela.pt\/s.01k8rhncp4jt1\/2025\/11\/talking-bot-125x125.png\",\"caption\":\"Telinha\"},\"sameAs\":[\"https:\/\/portaltela.pt\/\"],\"url\":\"https:\/\/portaltela.pt\/por\/367410592786\/\"}]}<\/script>\n<!-- \/ Yoast SEO plugin. -->","yoast_head_json":{"title":"Naufr\u00e1gio ao largo da L\u00edbia faz 53 mortos entre migrantes rumo \u00e0 Europa - Portal Tela Portugal","robots":{"index":"index","follow":"follow","max-snippet":"max-snippet:-1","max-image-preview":"max-image-preview:large","max-video-preview":"max-video-preview:-1"},"og_locale":"pt_PT","og_type":"article","og_title":"Naufr\u00e1gio ao largo da L\u00edbia faz 53 mortos entre migrantes rumo \u00e0 Europa - Portal Tela Portugal","og_description":"Cinquenta e tr\u00eas migrantes, incluindo dois beb\u00e9s, morreram ou est\u00e3o desaparecidos depois de uma embarca\u00e7\u00e3o insufl\u00e1vel com cinquenta e cinco pessoas ter virado ao largo da costa da L\u00edbia. A embarca\u00e7\u00e3o partiu de Zawiya na quinta-feira e virou ao largo de Zuwara na sexta-feira, segundo a Organiza\u00e7\u00e3o Internacional para as Migra\u00e7\u00f5es. Apenas duas mulheres migraram resgatadas; uma relatou ter perdido o marido, e a outra disse ter perdido os seus dois beb\u00e9s. Este ano, j\u00e1 morreram ou desapareceram na rota do Mediterr\u00e2neo Central mais de mil quatrocentos migrantes; a OIM aponta que o total de mortos ou desaparecidos nesta rota sobe para pelo menos quatrocentos oitenta e quatro em dois mil e vinte e seis. Em meados de janeiro foram encontrados pelo menos vinte e um corpos numa vala comum no Leste da L\u00edbia e libertados mais de duzentos migrantes de uma pris\u00e3o secreta em Kufra; organiza\u00e7\u00f5es de direitos humanos denunciam maus-tratos.","og_url":"https:\/\/portaltela.pt\/noticias\/2026\/02\/09\/naufragio-ao-largo-da-libia-faz-53-mortos-entre-migrantes-rumo-a-europa\/","og_site_name":"Portal Tela Portugal","article_published_time":"2026-02-09T17:29:00+00:00","author":"Telinha","twitter_card":"summary_large_image","twitter_misc":{"Escrito por":"Telinha","Tempo estimado de leitura":"1 minuto"},"schema":{"@context":"https:\/\/schema.org","@graph":[{"@type":"Article","@id":"https:\/\/portaltela.pt\/noticias\/2026\/02\/09\/naufragio-ao-largo-da-libia-faz-53-mortos-entre-migrantes-rumo-a-europa\/#article","isPartOf":{"@id":"https:\/\/portaltela.pt\/noticias\/2026\/02\/09\/naufragio-ao-largo-da-libia-faz-53-mortos-entre-migrantes-rumo-a-europa\/"},"author":{"name":"Telinha","@id":"https:\/\/portaltela.pt\/#\/schema\/person\/c4278d4a6028830caff9ee44b42d32ed"},"headline":"Naufr\u00e1gio ao largo da L\u00edbia faz 53 mortos entre migrantes rumo \u00e0 Europa","datePublished":"2026-02-09T17:29:00+00:00","mainEntityOfPage":{"@id":"https:\/\/portaltela.pt\/noticias\/2026\/02\/09\/naufragio-ao-largo-da-libia-faz-53-mortos-entre-migrantes-rumo-a-europa\/"},"wordCount":244,"image":{"@id":"https:\/\/portaltela.pt\/noticias\/2026\/02\/09\/naufragio-ao-largo-da-libia-faz-53-mortos-entre-migrantes-rumo-a-europa\/#primaryimage"},"thumbnailUrl":"https:\/\/portaltela.pt\/s.01k8rhncp4jt1\/2026\/02\/2065866.jpg","keywords":["crises internacionais","direitos humanos","Europa","L\u00edbia","migra\u00e7\u00e3o","migrantes"],"articleSection":["Not\u00edcias"],"inLanguage":"pt-PT"},{"@type":"WebPage","@id":"https:\/\/portaltela.pt\/noticias\/2026\/02\/09\/naufragio-ao-largo-da-libia-faz-53-mortos-entre-migrantes-rumo-a-europa\/","url":"https:\/\/portaltela.pt\/noticias\/2026\/02\/09\/naufragio-ao-largo-da-libia-faz-53-mortos-entre-migrantes-rumo-a-europa\/","name":"Naufr\u00e1gio ao largo da L\u00edbia faz 53 mortos entre migrantes rumo \u00e0 Europa - Portal Tela Portugal","isPartOf":{"@id":"https:\/\/portaltela.pt\/#website"},"primaryImageOfPage":{"@id":"https:\/\/portaltela.pt\/noticias\/2026\/02\/09\/naufragio-ao-largo-da-libia-faz-53-mortos-entre-migrantes-rumo-a-europa\/#primaryimage"},"image":{"@id":"https:\/\/portaltela.pt\/noticias\/2026\/02\/09\/naufragio-ao-largo-da-libia-faz-53-mortos-entre-migrantes-rumo-a-europa\/#primaryimage"},"thumbnailUrl":"https:\/\/portaltela.pt\/s.01k8rhncp4jt1\/2026\/02\/2065866.jpg","datePublished":"2026-02-09T17:29:00+00:00","author":{"@id":"https:\/\/portaltela.pt\/#\/schema\/person\/c4278d4a6028830caff9ee44b42d32ed"},"breadcrumb":{"@id":"https:\/\/portaltela.pt\/noticias\/2026\/02\/09\/naufragio-ao-largo-da-libia-faz-53-mortos-entre-migrantes-rumo-a-europa\/#breadcrumb"},"inLanguage":"pt-PT","potentialAction":[{"@type":"ReadAction","target":["https:\/\/portaltela.pt\/noticias\/2026\/02\/09\/naufragio-ao-largo-da-libia-faz-53-mortos-entre-migrantes-rumo-a-europa\/"]}]},{"@type":"ImageObject","inLanguage":"pt-PT","@id":"https:\/\/portaltela.pt\/noticias\/2026\/02\/09\/naufragio-ao-largo-da-libia-faz-53-mortos-entre-migrantes-rumo-a-europa\/#primaryimage","url":"https:\/\/portaltela.pt\/s.01k8rhncp4jt1\/2026\/02\/2065866.jpg","contentUrl":"https:\/\/portaltela.pt\/s.01k8rhncp4jt1\/2026\/02\/2065866.jpg","width":796,"height":448,"caption":"Em 2026, j\u00e1 484 migrantes foram dados como mortos ou desaparecidos na rota do Mediterr\u00e2neo."},{"@type":"BreadcrumbList","@id":"https:\/\/portaltela.pt\/noticias\/2026\/02\/09\/naufragio-ao-largo-da-libia-faz-53-mortos-entre-migrantes-rumo-a-europa\/#breadcrumb","itemListElement":[{"@type":"ListItem","position":1,"name":"In\u00edcio","item":"https:\/\/portaltela.pt\/"},{"@type":"ListItem","position":2,"name":"Naufr\u00e1gio ao largo da L\u00edbia faz 53 mortos entre migrantes rumo \u00e0 Europa"}]},{"@type":"WebSite","@id":"https:\/\/portaltela.pt\/#website","url":"https:\/\/portaltela.pt\/","name":"Portal Tela Portugal","description":"","potentialAction":[{"@type":"SearchAction","target":{"@type":"EntryPoint","urlTemplate":"https:\/\/portaltela.pt\/?s={search_term_string}"},"query-input":{"@type":"PropertyValueSpecification","valueRequired":true,"valueName":"search_term_string"}}],"inLanguage":"pt-PT"},{"@type":"Person","@id":"https:\/\/portaltela.pt\/#\/schema\/person\/c4278d4a6028830caff9ee44b42d32ed","name":"Telinha","image":{"@type":"ImageObject","inLanguage":"pt-PT","@id":"https:\/\/portaltela.pt\/s.01k8rhncp4jt1\/2025\/11\/talking-bot-125x125.png","url":"https:\/\/portaltela.pt\/s.01k8rhncp4jt1\/2025\/11\/talking-bot-125x125.png","contentUrl":"https:\/\/portaltela.pt\/s.01k8rhncp4jt1\/2025\/11\/talking-bot-125x125.png","caption":"Telinha"},"sameAs":["https:\/\/portaltela.pt\/"],"url":"https:\/\/portaltela.pt\/por\/367410592786\/"}]}},"_links":{"self":[{"href":"https:\/\/portaltela.pt\/api\/wp\/v2\/posts\/205734","targetHints":{"allow":["GET"]}}],"collection":[{"href":"https:\/\/portaltela.pt\/api\/wp\/v2\/posts"}],"about":[{"href":"https:\/\/portaltela.pt\/api\/wp\/v2\/types\/post"}],"author":[{"embeddable":true,"href":"https:\/\/portaltela.pt\/api\/wp\/v2\/users\/2"}],"replies":[{"embeddable":true,"href":"https:\/\/portaltela.pt\/api\/wp\/v2\/comments?post=205734"}],"version-history":[{"count":0,"href":"https:\/\/portaltela.pt\/api\/wp\/v2\/posts\/205734\/revisions"}],"wp:featuredmedia":[{"embeddable":true,"href":"https:\/\/portaltela.pt\/api\/wp\/v2\/media\/205736"}],"wp:attachment":[{"href":"https:\/\/portaltela.pt\/api\/wp\/v2\/media?parent=205734"}],"wp:term":[{"taxonomy":"category","embeddable":true,"href":"https:\/\/portaltela.pt\/api\/wp\/v2\/categories?post=205734"},{"taxonomy":"post_tag","embeddable":true,"href":"https:\/\/portaltela.pt\/api\/wp\/v2\/tags?post=205734"}],"curies":[{"name":"wp","href":"https:\/\/api.w.org\/{rel}","templated":true}]}}