{"id":205619,"date":"2026-02-09T13:22:57","date_gmt":"2026-02-09T16:22:57","guid":{"rendered":"https:\/\/portaltela.pt\/noticias\/2026\/02\/09\/fc-porto-felicita-otavio-medio-revela-a-prenda-que-quer-hoje\/"},"modified":"2026-02-09T13:22:57","modified_gmt":"2026-02-09T16:22:57","slug":"fc-porto-felicita-otavio-medio-revela-a-prenda-que-quer-hoje","status":"publish","type":"post","link":"https:\/\/portaltela.pt\/desporto\/futebol\/2026\/02\/09\/fc-porto-felicita-otavio-medio-revela-a-prenda-que-quer-hoje\/","title":{"rendered":"FC Porto felicita Ot\u00e1vio; m\u00e9dio revela a prenda que quer hoje"},"content":{"rendered":"<p>O FC Porto desejou feliz anivers\u00e1rio a Ot\u00e1vio nas redes sociais, no dia em que o internacional portugu\u00eas completou 31 anos. A mensagem foi publicada no X pela dire\u00e7\u00e3o do clube azul e branco.<\/p>\n<p>O atleta est\u00e1 atualmente ao servi\u00e7o do Al-Qadisiyah, da Ar\u00e1bia Saudita, numa atividade acordada entre clubes. A publica\u00e7\u00e3o do Porto acompanhou a data comemorativa do jogador.<\/p>\n<p>Na resposta, Ot\u00e1vio agradeceu a lembran\u00e7a e manifestou que j\u00e1 sabe qual presente quer receber. Al\u00e9m disso, desejou boa sorte para o cl\u00e1ssico que envolve o FC Porto.<\/p>\n","protected":false},"excerpt":{"rendered":"<ul>\n<li>O FC Porto felicitou Ot\u00e1vio nas redes sociais no dia em que o internacional portugu\u00eas celebrou o 31\u00ba anivers\u00e1rio.<\/li>\n<li>O clube azul e branco escreveu: \u201cO nosso baixinho est\u00e1 de parab\u00e9ns. Feliz anivers\u00e1rio\u201d no X.<\/li>\n<li>Ot\u00e1vio, que se encontra ao servi\u00e7o do Al-Qadisiyah, na Ar\u00e1bia Saudita, respondeu publicamente.<\/li>\n<li>O luzo-brasileiro afirmou: \u201cObrigado FC Porto, j\u00e1 sabes a prenda que eu quero hoje. Boa sorte para o cl\u00e1ssico\u201d.<\/li>\n<\/ul>\n","protected":false},"author":2,"featured_media":205625,"comment_status":"closed","ping_status":"closed","sticky":false,"template":"","format":"standard","meta":{"footnotes":""},"categories":[21,24],"tags":[1016,152,2028,32,4959,982],"class_list":["post-205619","post","type-post","status-publish","format-standard","has-post-thumbnail","hentry","category-desporto","category-futebol","tag-arabia-saudita","tag-desporto","tag-fc-porto","tag-futebol","tag-otavio","tag-porto"],"yoast_head":"<!-- This site is optimized with the Yoast SEO plugin v27.2 - https:\/\/yoast.com\/product\/yoast-seo-wordpress\/ -->\n<title>FC Porto felicita Ot\u00e1vio; m\u00e9dio revela a prenda que quer hoje - Portal Tela Portugal<\/title>\n<meta name=\"robots\" content=\"index, follow, max-snippet:-1, max-image-preview:large, max-video-preview:-1\" \/>\n<meta property=\"og:locale\" content=\"pt_PT\" \/>\n<meta property=\"og:type\" content=\"article\" \/>\n<meta property=\"og:title\" content=\"FC Porto felicita Ot\u00e1vio; m\u00e9dio revela a prenda que quer hoje - Portal Tela Portugal\" \/>\n<meta property=\"og:description\" content=\"O FC Porto felicitou Ot\u00e1vio nas redes sociais no dia em que o internacional portugu\u00eas celebrou o 31\u00ba anivers\u00e1rio. O clube azul e branco escreveu: \u201cO nosso baixinho est\u00e1 de parab\u00e9ns. Feliz anivers\u00e1rio\u201d no X. Ot\u00e1vio, que se encontra ao servi\u00e7o do Al-Qadisiyah, na Ar\u00e1bia Saudita, respondeu publicamente. O luzo-brasileiro afirmou: \u201cObrigado FC Porto, j\u00e1 sabes a prenda que eu quero hoje. Boa sorte para o cl\u00e1ssico\u201d.\" \/>\n<meta property=\"og:url\" content=\"https:\/\/portaltela.pt\/noticias\/2026\/02\/09\/fc-porto-felicita-otavio-medio-revela-a-prenda-que-quer-hoje\/\" \/>\n<meta property=\"og:site_name\" content=\"Portal Tela Portugal\" \/>\n<meta property=\"article:published_time\" content=\"2026-02-09T16:22:57+00:00\" \/>\n<meta name=\"author\" content=\"Telinha\" \/>\n<meta name=\"twitter:card\" content=\"summary_large_image\" \/>\n<meta name=\"twitter:label1\" content=\"Escrito por\" \/>\n\t<meta name=\"twitter:data1\" content=\"Telinha\" \/>\n<script type=\"application\/ld+json\" class=\"yoast-schema-graph\">{\"@context\":\"https:\/\/schema.org\",\"@graph\":[{\"@type\":\"Article\",\"@id\":\"https:\/\/portaltela.pt\/noticias\/2026\/02\/09\/fc-porto-felicita-otavio-medio-revela-a-prenda-que-quer-hoje\/#article\",\"isPartOf\":{\"@id\":\"https:\/\/portaltela.pt\/noticias\/2026\/02\/09\/fc-porto-felicita-otavio-medio-revela-a-prenda-que-quer-hoje\/\"},\"author\":{\"name\":\"Telinha\",\"@id\":\"https:\/\/portaltela.pt\/#\/schema\/person\/c4278d4a6028830caff9ee44b42d32ed\"},\"headline\":\"FC Porto felicita Ot\u00e1vio; m\u00e9dio revela a prenda que quer hoje\",\"datePublished\":\"2026-02-09T16:22:57+00:00\",\"mainEntityOfPage\":{\"@id\":\"https:\/\/portaltela.pt\/noticias\/2026\/02\/09\/fc-porto-felicita-otavio-medio-revela-a-prenda-que-quer-hoje\/\"},\"wordCount\":111,\"image\":{\"@id\":\"https:\/\/portaltela.pt\/noticias\/2026\/02\/09\/fc-porto-felicita-otavio-medio-revela-a-prenda-que-quer-hoje\/#primaryimage\"},\"thumbnailUrl\":\"https:\/\/portaltela.pt\/s.01k8rhncp4jt1\/2026\/02\/img_920x518uu2026-02-09-16-22-40-2420554.jpg\",\"keywords\":[\"Ar\u00e1bia Saudita\",\"desporto\",\"FC Porto\",\"futebol\",\"Ot\u00e1vio\",\"Porto\"],\"articleSection\":[\"Desporto\",\"Futebol\"],\"inLanguage\":\"pt-PT\"},{\"@type\":\"WebPage\",\"@id\":\"https:\/\/portaltela.pt\/noticias\/2026\/02\/09\/fc-porto-felicita-otavio-medio-revela-a-prenda-que-quer-hoje\/\",\"url\":\"https:\/\/portaltela.pt\/noticias\/2026\/02\/09\/fc-porto-felicita-otavio-medio-revela-a-prenda-que-quer-hoje\/\",\"name\":\"FC Porto felicita Ot\u00e1vio; m\u00e9dio revela a prenda que quer hoje - Portal Tela Portugal\",\"isPartOf\":{\"@id\":\"https:\/\/portaltela.pt\/#website\"},\"primaryImageOfPage\":{\"@id\":\"https:\/\/portaltela.pt\/noticias\/2026\/02\/09\/fc-porto-felicita-otavio-medio-revela-a-prenda-que-quer-hoje\/#primaryimage\"},\"image\":{\"@id\":\"https:\/\/portaltela.pt\/noticias\/2026\/02\/09\/fc-porto-felicita-otavio-medio-revela-a-prenda-que-quer-hoje\/#primaryimage\"},\"thumbnailUrl\":\"https:\/\/portaltela.pt\/s.01k8rhncp4jt1\/2026\/02\/img_920x518uu2026-02-09-16-22-40-2420554.jpg\",\"datePublished\":\"2026-02-09T16:22:57+00:00\",\"author\":{\"@id\":\"https:\/\/portaltela.pt\/#\/schema\/person\/c4278d4a6028830caff9ee44b42d32ed\"},\"breadcrumb\":{\"@id\":\"https:\/\/portaltela.pt\/noticias\/2026\/02\/09\/fc-porto-felicita-otavio-medio-revela-a-prenda-que-quer-hoje\/#breadcrumb\"},\"inLanguage\":\"pt-PT\",\"potentialAction\":[{\"@type\":\"ReadAction\",\"target\":[\"https:\/\/portaltela.pt\/noticias\/2026\/02\/09\/fc-porto-felicita-otavio-medio-revela-a-prenda-que-quer-hoje\/\"]}]},{\"@type\":\"ImageObject\",\"inLanguage\":\"pt-PT\",\"@id\":\"https:\/\/portaltela.pt\/noticias\/2026\/02\/09\/fc-porto-felicita-otavio-medio-revela-a-prenda-que-quer-hoje\/#primaryimage\",\"url\":\"https:\/\/portaltela.pt\/s.01k8rhncp4jt1\/2026\/02\/img_920x518uu2026-02-09-16-22-40-2420554.jpg\",\"contentUrl\":\"https:\/\/portaltela.pt\/s.01k8rhncp4jt1\/2026\/02\/img_920x518uu2026-02-09-16-22-40-2420554.jpg\",\"width\":796,\"height\":448,\"caption\":\"Ot\u00e1vio a torcer pelo FC Porto no cl\u00e1ssico com o Sporting\"},{\"@type\":\"BreadcrumbList\",\"@id\":\"https:\/\/portaltela.pt\/noticias\/2026\/02\/09\/fc-porto-felicita-otavio-medio-revela-a-prenda-que-quer-hoje\/#breadcrumb\",\"itemListElement\":[{\"@type\":\"ListItem\",\"position\":1,\"name\":\"In\u00edcio\",\"item\":\"https:\/\/portaltela.pt\/\"},{\"@type\":\"ListItem\",\"position\":2,\"name\":\"FC Porto felicita Ot\u00e1vio; m\u00e9dio revela a prenda que quer hoje\"}]},{\"@type\":\"WebSite\",\"@id\":\"https:\/\/portaltela.pt\/#website\",\"url\":\"https:\/\/portaltela.pt\/\",\"name\":\"Portal Tela Portugal\",\"description\":\"\",\"potentialAction\":[{\"@type\":\"SearchAction\",\"target\":{\"@type\":\"EntryPoint\",\"urlTemplate\":\"https:\/\/portaltela.pt\/?s={search_term_string}\"},\"query-input\":{\"@type\":\"PropertyValueSpecification\",\"valueRequired\":true,\"valueName\":\"search_term_string\"}}],\"inLanguage\":\"pt-PT\"},{\"@type\":\"Person\",\"@id\":\"https:\/\/portaltela.pt\/#\/schema\/person\/c4278d4a6028830caff9ee44b42d32ed\",\"name\":\"Telinha\",\"image\":{\"@type\":\"ImageObject\",\"inLanguage\":\"pt-PT\",\"@id\":\"https:\/\/portaltela.pt\/s.01k8rhncp4jt1\/2025\/11\/talking-bot-125x125.png\",\"url\":\"https:\/\/portaltela.pt\/s.01k8rhncp4jt1\/2025\/11\/talking-bot-125x125.png\",\"contentUrl\":\"https:\/\/portaltela.pt\/s.01k8rhncp4jt1\/2025\/11\/talking-bot-125x125.png\",\"caption\":\"Telinha\"},\"sameAs\":[\"https:\/\/portaltela.pt\/\"],\"url\":\"https:\/\/portaltela.pt\/por\/367410592786\/\"}]}<\/script>\n<!-- \/ Yoast SEO plugin. -->","yoast_head_json":{"title":"FC Porto felicita Ot\u00e1vio; m\u00e9dio revela a prenda que quer hoje - Portal Tela Portugal","robots":{"index":"index","follow":"follow","max-snippet":"max-snippet:-1","max-image-preview":"max-image-preview:large","max-video-preview":"max-video-preview:-1"},"og_locale":"pt_PT","og_type":"article","og_title":"FC Porto felicita Ot\u00e1vio; m\u00e9dio revela a prenda que quer hoje - Portal Tela Portugal","og_description":"O FC Porto felicitou Ot\u00e1vio nas redes sociais no dia em que o internacional portugu\u00eas celebrou o 31\u00ba anivers\u00e1rio. O clube azul e branco escreveu: \u201cO nosso baixinho est\u00e1 de parab\u00e9ns. Feliz anivers\u00e1rio\u201d no X. Ot\u00e1vio, que se encontra ao servi\u00e7o do Al-Qadisiyah, na Ar\u00e1bia Saudita, respondeu publicamente. O luzo-brasileiro afirmou: \u201cObrigado FC Porto, j\u00e1 sabes a prenda que eu quero hoje. Boa sorte para o cl\u00e1ssico\u201d.","og_url":"https:\/\/portaltela.pt\/noticias\/2026\/02\/09\/fc-porto-felicita-otavio-medio-revela-a-prenda-que-quer-hoje\/","og_site_name":"Portal Tela Portugal","article_published_time":"2026-02-09T16:22:57+00:00","author":"Telinha","twitter_card":"summary_large_image","twitter_misc":{"Escrito por":"Telinha"},"schema":{"@context":"https:\/\/schema.org","@graph":[{"@type":"Article","@id":"https:\/\/portaltela.pt\/noticias\/2026\/02\/09\/fc-porto-felicita-otavio-medio-revela-a-prenda-que-quer-hoje\/#article","isPartOf":{"@id":"https:\/\/portaltela.pt\/noticias\/2026\/02\/09\/fc-porto-felicita-otavio-medio-revela-a-prenda-que-quer-hoje\/"},"author":{"name":"Telinha","@id":"https:\/\/portaltela.pt\/#\/schema\/person\/c4278d4a6028830caff9ee44b42d32ed"},"headline":"FC Porto felicita Ot\u00e1vio; m\u00e9dio revela a prenda que quer hoje","datePublished":"2026-02-09T16:22:57+00:00","mainEntityOfPage":{"@id":"https:\/\/portaltela.pt\/noticias\/2026\/02\/09\/fc-porto-felicita-otavio-medio-revela-a-prenda-que-quer-hoje\/"},"wordCount":111,"image":{"@id":"https:\/\/portaltela.pt\/noticias\/2026\/02\/09\/fc-porto-felicita-otavio-medio-revela-a-prenda-que-quer-hoje\/#primaryimage"},"thumbnailUrl":"https:\/\/portaltela.pt\/s.01k8rhncp4jt1\/2026\/02\/img_920x518uu2026-02-09-16-22-40-2420554.jpg","keywords":["Ar\u00e1bia Saudita","desporto","FC Porto","futebol","Ot\u00e1vio","Porto"],"articleSection":["Desporto","Futebol"],"inLanguage":"pt-PT"},{"@type":"WebPage","@id":"https:\/\/portaltela.pt\/noticias\/2026\/02\/09\/fc-porto-felicita-otavio-medio-revela-a-prenda-que-quer-hoje\/","url":"https:\/\/portaltela.pt\/noticias\/2026\/02\/09\/fc-porto-felicita-otavio-medio-revela-a-prenda-que-quer-hoje\/","name":"FC Porto felicita Ot\u00e1vio; m\u00e9dio revela a prenda que quer hoje - Portal Tela Portugal","isPartOf":{"@id":"https:\/\/portaltela.pt\/#website"},"primaryImageOfPage":{"@id":"https:\/\/portaltela.pt\/noticias\/2026\/02\/09\/fc-porto-felicita-otavio-medio-revela-a-prenda-que-quer-hoje\/#primaryimage"},"image":{"@id":"https:\/\/portaltela.pt\/noticias\/2026\/02\/09\/fc-porto-felicita-otavio-medio-revela-a-prenda-que-quer-hoje\/#primaryimage"},"thumbnailUrl":"https:\/\/portaltela.pt\/s.01k8rhncp4jt1\/2026\/02\/img_920x518uu2026-02-09-16-22-40-2420554.jpg","datePublished":"2026-02-09T16:22:57+00:00","author":{"@id":"https:\/\/portaltela.pt\/#\/schema\/person\/c4278d4a6028830caff9ee44b42d32ed"},"breadcrumb":{"@id":"https:\/\/portaltela.pt\/noticias\/2026\/02\/09\/fc-porto-felicita-otavio-medio-revela-a-prenda-que-quer-hoje\/#breadcrumb"},"inLanguage":"pt-PT","potentialAction":[{"@type":"ReadAction","target":["https:\/\/portaltela.pt\/noticias\/2026\/02\/09\/fc-porto-felicita-otavio-medio-revela-a-prenda-que-quer-hoje\/"]}]},{"@type":"ImageObject","inLanguage":"pt-PT","@id":"https:\/\/portaltela.pt\/noticias\/2026\/02\/09\/fc-porto-felicita-otavio-medio-revela-a-prenda-que-quer-hoje\/#primaryimage","url":"https:\/\/portaltela.pt\/s.01k8rhncp4jt1\/2026\/02\/img_920x518uu2026-02-09-16-22-40-2420554.jpg","contentUrl":"https:\/\/portaltela.pt\/s.01k8rhncp4jt1\/2026\/02\/img_920x518uu2026-02-09-16-22-40-2420554.jpg","width":796,"height":448,"caption":"Ot\u00e1vio a torcer pelo FC Porto no cl\u00e1ssico com o Sporting"},{"@type":"BreadcrumbList","@id":"https:\/\/portaltela.pt\/noticias\/2026\/02\/09\/fc-porto-felicita-otavio-medio-revela-a-prenda-que-quer-hoje\/#breadcrumb","itemListElement":[{"@type":"ListItem","position":1,"name":"In\u00edcio","item":"https:\/\/portaltela.pt\/"},{"@type":"ListItem","position":2,"name":"FC Porto felicita Ot\u00e1vio; m\u00e9dio revela a prenda que quer hoje"}]},{"@type":"WebSite","@id":"https:\/\/portaltela.pt\/#website","url":"https:\/\/portaltela.pt\/","name":"Portal Tela Portugal","description":"","potentialAction":[{"@type":"SearchAction","target":{"@type":"EntryPoint","urlTemplate":"https:\/\/portaltela.pt\/?s={search_term_string}"},"query-input":{"@type":"PropertyValueSpecification","valueRequired":true,"valueName":"search_term_string"}}],"inLanguage":"pt-PT"},{"@type":"Person","@id":"https:\/\/portaltela.pt\/#\/schema\/person\/c4278d4a6028830caff9ee44b42d32ed","name":"Telinha","image":{"@type":"ImageObject","inLanguage":"pt-PT","@id":"https:\/\/portaltela.pt\/s.01k8rhncp4jt1\/2025\/11\/talking-bot-125x125.png","url":"https:\/\/portaltela.pt\/s.01k8rhncp4jt1\/2025\/11\/talking-bot-125x125.png","contentUrl":"https:\/\/portaltela.pt\/s.01k8rhncp4jt1\/2025\/11\/talking-bot-125x125.png","caption":"Telinha"},"sameAs":["https:\/\/portaltela.pt\/"],"url":"https:\/\/portaltela.pt\/por\/367410592786\/"}]}},"_links":{"self":[{"href":"https:\/\/portaltela.pt\/api\/wp\/v2\/posts\/205619","targetHints":{"allow":["GET"]}}],"collection":[{"href":"https:\/\/portaltela.pt\/api\/wp\/v2\/posts"}],"about":[{"href":"https:\/\/portaltela.pt\/api\/wp\/v2\/types\/post"}],"author":[{"embeddable":true,"href":"https:\/\/portaltela.pt\/api\/wp\/v2\/users\/2"}],"replies":[{"embeddable":true,"href":"https:\/\/portaltela.pt\/api\/wp\/v2\/comments?post=205619"}],"version-history":[{"count":0,"href":"https:\/\/portaltela.pt\/api\/wp\/v2\/posts\/205619\/revisions"}],"wp:featuredmedia":[{"embeddable":true,"href":"https:\/\/portaltela.pt\/api\/wp\/v2\/media\/205625"}],"wp:attachment":[{"href":"https:\/\/portaltela.pt\/api\/wp\/v2\/media?parent=205619"}],"wp:term":[{"taxonomy":"category","embeddable":true,"href":"https:\/\/portaltela.pt\/api\/wp\/v2\/categories?post=205619"},{"taxonomy":"post_tag","embeddable":true,"href":"https:\/\/portaltela.pt\/api\/wp\/v2\/tags?post=205619"}],"curies":[{"name":"wp","href":"https:\/\/api.w.org\/{rel}","templated":true}]}}