{"id":205601,"date":"2026-02-09T13:13:06","date_gmt":"2026-02-09T16:13:06","guid":{"rendered":"https:\/\/portaltela.pt\/noticias\/2026\/02\/09\/szoboszlai-marca-golaco-ao-man-city-visto-de-outra-perspetiva\/"},"modified":"2026-02-09T13:13:06","modified_gmt":"2026-02-09T16:13:06","slug":"szoboszlai-marca-golaco-ao-man-city-visto-de-outra-perspetiva","status":"publish","type":"post","link":"https:\/\/portaltela.pt\/desporto\/futebol\/2026\/02\/09\/szoboszlai-marca-golaco-ao-man-city-visto-de-outra-perspetiva\/","title":{"rendered":"Szoboszlai marca gola\u00e7o ao Man. City visto de outra perspetiva"},"content":{"rendered":"<p>O Liverpool foi derrotado pelo Manchester City em Anfield, na 25.\u00aa jornada da Premier League, por 1-2. Dominik Szoboszlai foi a figura do jogo para os Reds, ao marcar o \u00fanico tento da equipa.<\/p>\n<p>O remate direto de Szoboszlai, da zona frontal \u00e0 baliza de Donnarumma, cruzou o guarda-redes italiano e embateu no poste antes de entrar na baliza. O golo surgiu num livre colocado que surpreendeu a defesa visitante.<\/p>\n<p>A jogada ressalta o momento de Szoboszlai, que esteve envolvido em v\u00e1rias a\u00e7\u00f5es a cavar espa\u00e7o junto da defesa contr\u00e1ria. No lance do golo, mostrou precis\u00e3o e oportunidade, contribuindo para manter a decis\u00e3o indefinida durante grande parte do encontro.<\/p>\n<p>Nos descontos, Szoboszlai viu o cart\u00e3o vermelho direto por uma falta sobre Erling Haaland quando ambos disputavam a posse numa baliza deserta do Liverpool, situa\u00e7\u00e3o que encerrou a rea\u00e7\u00e3o dos anfitri\u00f5es. Kerkez reagiu com surpresa antes de celebrar.<\/p>\n","protected":false},"excerpt":{"rendered":"<ul>\n<li>O Liverpool foi derrotado pelo Manchester City em Anfield, por 1-2, na 25.\u00aa jornada da Premier League.<\/li>\n<li>Dominik Szoboszlai marcou o \u00fanico golo dos Reds, num livre direto bem colocado que passou junto ao poste e gerou aplausos.<\/li>\n<li>A jogada aconteceu junto \u00e0 baliza do City, com a bola a embater no poste antes de entrar.<\/li>\n<li>Szoboszlai acabou expulso, com cart\u00e3o vermelho direto, por uma falta sobre Erling Haaland j\u00e1 perto da baliza deserta.<\/li>\n<li>O lance provocou a rea\u00e7\u00e3o de Kerkez, que ficou de m\u00e3os na cabe\u00e7a antes de celebrar com o companheiro e colega de sele\u00e7\u00e3o.<\/li>\n<\/ul>\n","protected":false},"author":2,"featured_media":205604,"comment_status":"closed","ping_status":"closed","sticky":false,"template":"","format":"standard","meta":{"footnotes":""},"categories":[21,24],"tags":[4951,3396,32,48,1980,3369],"class_list":["post-205601","post","type-post","status-publish","format-standard","has-post-thumbnail","hentry","category-desporto","category-futebol","tag-cartoes-vermelhos","tag-erling-haaland","tag-futebol","tag-gols","tag-manchester-city","tag-premier-league"],"yoast_head":"<!-- This site is optimized with the Yoast SEO plugin v27.2 - https:\/\/yoast.com\/product\/yoast-seo-wordpress\/ -->\n<title>Szoboszlai marca gola\u00e7o ao Man. City visto de outra perspetiva - Portal Tela Portugal<\/title>\n<meta name=\"robots\" content=\"index, follow, max-snippet:-1, max-image-preview:large, max-video-preview:-1\" \/>\n<meta property=\"og:locale\" content=\"pt_PT\" \/>\n<meta property=\"og:type\" content=\"article\" \/>\n<meta property=\"og:title\" content=\"Szoboszlai marca gola\u00e7o ao Man. City visto de outra perspetiva - Portal Tela Portugal\" \/>\n<meta property=\"og:description\" content=\"O Liverpool foi derrotado pelo Manchester City em Anfield, por 1-2, na 25.\u00aa jornada da Premier League. Dominik Szoboszlai marcou o \u00fanico golo dos Reds, num livre direto bem colocado que passou junto ao poste e gerou aplausos. A jogada aconteceu junto \u00e0 baliza do City, com a bola a embater no poste antes de entrar. Szoboszlai acabou expulso, com cart\u00e3o vermelho direto, por uma falta sobre Erling Haaland j\u00e1 perto da baliza deserta. O lance provocou a rea\u00e7\u00e3o de Kerkez, que ficou de m\u00e3os na cabe\u00e7a antes de celebrar com o companheiro e colega de sele\u00e7\u00e3o.\" \/>\n<meta property=\"og:url\" content=\"https:\/\/portaltela.pt\/noticias\/2026\/02\/09\/szoboszlai-marca-golaco-ao-man-city-visto-de-outra-perspetiva\/\" \/>\n<meta property=\"og:site_name\" content=\"Portal Tela Portugal\" \/>\n<meta property=\"article:published_time\" content=\"2026-02-09T16:13:06+00:00\" \/>\n<meta name=\"author\" content=\"Telinha\" \/>\n<meta name=\"twitter:card\" content=\"summary_large_image\" \/>\n<meta name=\"twitter:label1\" content=\"Escrito por\" \/>\n\t<meta name=\"twitter:data1\" content=\"Telinha\" \/>\n\t<meta name=\"twitter:label2\" content=\"Tempo estimado de leitura\" \/>\n\t<meta name=\"twitter:data2\" content=\"1 minuto\" \/>\n<script type=\"application\/ld+json\" class=\"yoast-schema-graph\">{\"@context\":\"https:\/\/schema.org\",\"@graph\":[{\"@type\":\"Article\",\"@id\":\"https:\/\/portaltela.pt\/noticias\/2026\/02\/09\/szoboszlai-marca-golaco-ao-man-city-visto-de-outra-perspetiva\/#article\",\"isPartOf\":{\"@id\":\"https:\/\/portaltela.pt\/noticias\/2026\/02\/09\/szoboszlai-marca-golaco-ao-man-city-visto-de-outra-perspetiva\/\"},\"author\":{\"name\":\"Telinha\",\"@id\":\"https:\/\/portaltela.pt\/#\/schema\/person\/c4278d4a6028830caff9ee44b42d32ed\"},\"headline\":\"Szoboszlai marca gola\u00e7o ao Man. City visto de outra perspetiva\",\"datePublished\":\"2026-02-09T16:13:06+00:00\",\"mainEntityOfPage\":{\"@id\":\"https:\/\/portaltela.pt\/noticias\/2026\/02\/09\/szoboszlai-marca-golaco-ao-man-city-visto-de-outra-perspetiva\/\"},\"wordCount\":166,\"image\":{\"@id\":\"https:\/\/portaltela.pt\/noticias\/2026\/02\/09\/szoboszlai-marca-golaco-ao-man-city-visto-de-outra-perspetiva\/#primaryimage\"},\"thumbnailUrl\":\"https:\/\/portaltela.pt\/s.01k8rhncp4jt1\/2026\/02\/img_920x518uu2026-02-09-16-11-34-2420551.jpg\",\"keywords\":[\"cart\u00f5es vermelhos\",\"Erling Haaland\",\"futebol\",\"gols\",\"Manchester City\",\"Premier League\"],\"articleSection\":[\"Desporto\",\"Futebol\"],\"inLanguage\":\"pt-PT\"},{\"@type\":\"WebPage\",\"@id\":\"https:\/\/portaltela.pt\/noticias\/2026\/02\/09\/szoboszlai-marca-golaco-ao-man-city-visto-de-outra-perspetiva\/\",\"url\":\"https:\/\/portaltela.pt\/noticias\/2026\/02\/09\/szoboszlai-marca-golaco-ao-man-city-visto-de-outra-perspetiva\/\",\"name\":\"Szoboszlai marca gola\u00e7o ao Man. City visto de outra perspetiva - Portal Tela Portugal\",\"isPartOf\":{\"@id\":\"https:\/\/portaltela.pt\/#website\"},\"primaryImageOfPage\":{\"@id\":\"https:\/\/portaltela.pt\/noticias\/2026\/02\/09\/szoboszlai-marca-golaco-ao-man-city-visto-de-outra-perspetiva\/#primaryimage\"},\"image\":{\"@id\":\"https:\/\/portaltela.pt\/noticias\/2026\/02\/09\/szoboszlai-marca-golaco-ao-man-city-visto-de-outra-perspetiva\/#primaryimage\"},\"thumbnailUrl\":\"https:\/\/portaltela.pt\/s.01k8rhncp4jt1\/2026\/02\/img_920x518uu2026-02-09-16-11-34-2420551.jpg\",\"datePublished\":\"2026-02-09T16:13:06+00:00\",\"author\":{\"@id\":\"https:\/\/portaltela.pt\/#\/schema\/person\/c4278d4a6028830caff9ee44b42d32ed\"},\"breadcrumb\":{\"@id\":\"https:\/\/portaltela.pt\/noticias\/2026\/02\/09\/szoboszlai-marca-golaco-ao-man-city-visto-de-outra-perspetiva\/#breadcrumb\"},\"inLanguage\":\"pt-PT\",\"potentialAction\":[{\"@type\":\"ReadAction\",\"target\":[\"https:\/\/portaltela.pt\/noticias\/2026\/02\/09\/szoboszlai-marca-golaco-ao-man-city-visto-de-outra-perspetiva\/\"]}]},{\"@type\":\"ImageObject\",\"inLanguage\":\"pt-PT\",\"@id\":\"https:\/\/portaltela.pt\/noticias\/2026\/02\/09\/szoboszlai-marca-golaco-ao-man-city-visto-de-outra-perspetiva\/#primaryimage\",\"url\":\"https:\/\/portaltela.pt\/s.01k8rhncp4jt1\/2026\/02\/img_920x518uu2026-02-09-16-11-34-2420551.jpg\",\"contentUrl\":\"https:\/\/portaltela.pt\/s.01k8rhncp4jt1\/2026\/02\/img_920x518uu2026-02-09-16-11-34-2420551.jpg\",\"width\":796,\"height\":448,\"caption\":\"Kerkez at\u00e9 levou as m\u00e3os \u00e0 cabe\u00e7a: o gola\u00e7o de Szoboszlai ao Man. City visto de outro \u00e2ngulo\"},{\"@type\":\"BreadcrumbList\",\"@id\":\"https:\/\/portaltela.pt\/noticias\/2026\/02\/09\/szoboszlai-marca-golaco-ao-man-city-visto-de-outra-perspetiva\/#breadcrumb\",\"itemListElement\":[{\"@type\":\"ListItem\",\"position\":1,\"name\":\"In\u00edcio\",\"item\":\"https:\/\/portaltela.pt\/\"},{\"@type\":\"ListItem\",\"position\":2,\"name\":\"Szoboszlai marca gola\u00e7o ao Man. City visto de outra perspetiva\"}]},{\"@type\":\"WebSite\",\"@id\":\"https:\/\/portaltela.pt\/#website\",\"url\":\"https:\/\/portaltela.pt\/\",\"name\":\"Portal Tela Portugal\",\"description\":\"\",\"potentialAction\":[{\"@type\":\"SearchAction\",\"target\":{\"@type\":\"EntryPoint\",\"urlTemplate\":\"https:\/\/portaltela.pt\/?s={search_term_string}\"},\"query-input\":{\"@type\":\"PropertyValueSpecification\",\"valueRequired\":true,\"valueName\":\"search_term_string\"}}],\"inLanguage\":\"pt-PT\"},{\"@type\":\"Person\",\"@id\":\"https:\/\/portaltela.pt\/#\/schema\/person\/c4278d4a6028830caff9ee44b42d32ed\",\"name\":\"Telinha\",\"image\":{\"@type\":\"ImageObject\",\"inLanguage\":\"pt-PT\",\"@id\":\"https:\/\/portaltela.pt\/s.01k8rhncp4jt1\/2025\/11\/talking-bot-125x125.png\",\"url\":\"https:\/\/portaltela.pt\/s.01k8rhncp4jt1\/2025\/11\/talking-bot-125x125.png\",\"contentUrl\":\"https:\/\/portaltela.pt\/s.01k8rhncp4jt1\/2025\/11\/talking-bot-125x125.png\",\"caption\":\"Telinha\"},\"sameAs\":[\"https:\/\/portaltela.pt\/\"],\"url\":\"https:\/\/portaltela.pt\/por\/367410592786\/\"}]}<\/script>\n<!-- \/ Yoast SEO plugin. -->","yoast_head_json":{"title":"Szoboszlai marca gola\u00e7o ao Man. City visto de outra perspetiva - Portal Tela Portugal","robots":{"index":"index","follow":"follow","max-snippet":"max-snippet:-1","max-image-preview":"max-image-preview:large","max-video-preview":"max-video-preview:-1"},"og_locale":"pt_PT","og_type":"article","og_title":"Szoboszlai marca gola\u00e7o ao Man. City visto de outra perspetiva - Portal Tela Portugal","og_description":"O Liverpool foi derrotado pelo Manchester City em Anfield, por 1-2, na 25.\u00aa jornada da Premier League. Dominik Szoboszlai marcou o \u00fanico golo dos Reds, num livre direto bem colocado que passou junto ao poste e gerou aplausos. A jogada aconteceu junto \u00e0 baliza do City, com a bola a embater no poste antes de entrar. Szoboszlai acabou expulso, com cart\u00e3o vermelho direto, por uma falta sobre Erling Haaland j\u00e1 perto da baliza deserta. O lance provocou a rea\u00e7\u00e3o de Kerkez, que ficou de m\u00e3os na cabe\u00e7a antes de celebrar com o companheiro e colega de sele\u00e7\u00e3o.","og_url":"https:\/\/portaltela.pt\/noticias\/2026\/02\/09\/szoboszlai-marca-golaco-ao-man-city-visto-de-outra-perspetiva\/","og_site_name":"Portal Tela Portugal","article_published_time":"2026-02-09T16:13:06+00:00","author":"Telinha","twitter_card":"summary_large_image","twitter_misc":{"Escrito por":"Telinha","Tempo estimado de leitura":"1 minuto"},"schema":{"@context":"https:\/\/schema.org","@graph":[{"@type":"Article","@id":"https:\/\/portaltela.pt\/noticias\/2026\/02\/09\/szoboszlai-marca-golaco-ao-man-city-visto-de-outra-perspetiva\/#article","isPartOf":{"@id":"https:\/\/portaltela.pt\/noticias\/2026\/02\/09\/szoboszlai-marca-golaco-ao-man-city-visto-de-outra-perspetiva\/"},"author":{"name":"Telinha","@id":"https:\/\/portaltela.pt\/#\/schema\/person\/c4278d4a6028830caff9ee44b42d32ed"},"headline":"Szoboszlai marca gola\u00e7o ao Man. City visto de outra perspetiva","datePublished":"2026-02-09T16:13:06+00:00","mainEntityOfPage":{"@id":"https:\/\/portaltela.pt\/noticias\/2026\/02\/09\/szoboszlai-marca-golaco-ao-man-city-visto-de-outra-perspetiva\/"},"wordCount":166,"image":{"@id":"https:\/\/portaltela.pt\/noticias\/2026\/02\/09\/szoboszlai-marca-golaco-ao-man-city-visto-de-outra-perspetiva\/#primaryimage"},"thumbnailUrl":"https:\/\/portaltela.pt\/s.01k8rhncp4jt1\/2026\/02\/img_920x518uu2026-02-09-16-11-34-2420551.jpg","keywords":["cart\u00f5es vermelhos","Erling Haaland","futebol","gols","Manchester City","Premier League"],"articleSection":["Desporto","Futebol"],"inLanguage":"pt-PT"},{"@type":"WebPage","@id":"https:\/\/portaltela.pt\/noticias\/2026\/02\/09\/szoboszlai-marca-golaco-ao-man-city-visto-de-outra-perspetiva\/","url":"https:\/\/portaltela.pt\/noticias\/2026\/02\/09\/szoboszlai-marca-golaco-ao-man-city-visto-de-outra-perspetiva\/","name":"Szoboszlai marca gola\u00e7o ao Man. City visto de outra perspetiva - Portal Tela Portugal","isPartOf":{"@id":"https:\/\/portaltela.pt\/#website"},"primaryImageOfPage":{"@id":"https:\/\/portaltela.pt\/noticias\/2026\/02\/09\/szoboszlai-marca-golaco-ao-man-city-visto-de-outra-perspetiva\/#primaryimage"},"image":{"@id":"https:\/\/portaltela.pt\/noticias\/2026\/02\/09\/szoboszlai-marca-golaco-ao-man-city-visto-de-outra-perspetiva\/#primaryimage"},"thumbnailUrl":"https:\/\/portaltela.pt\/s.01k8rhncp4jt1\/2026\/02\/img_920x518uu2026-02-09-16-11-34-2420551.jpg","datePublished":"2026-02-09T16:13:06+00:00","author":{"@id":"https:\/\/portaltela.pt\/#\/schema\/person\/c4278d4a6028830caff9ee44b42d32ed"},"breadcrumb":{"@id":"https:\/\/portaltela.pt\/noticias\/2026\/02\/09\/szoboszlai-marca-golaco-ao-man-city-visto-de-outra-perspetiva\/#breadcrumb"},"inLanguage":"pt-PT","potentialAction":[{"@type":"ReadAction","target":["https:\/\/portaltela.pt\/noticias\/2026\/02\/09\/szoboszlai-marca-golaco-ao-man-city-visto-de-outra-perspetiva\/"]}]},{"@type":"ImageObject","inLanguage":"pt-PT","@id":"https:\/\/portaltela.pt\/noticias\/2026\/02\/09\/szoboszlai-marca-golaco-ao-man-city-visto-de-outra-perspetiva\/#primaryimage","url":"https:\/\/portaltela.pt\/s.01k8rhncp4jt1\/2026\/02\/img_920x518uu2026-02-09-16-11-34-2420551.jpg","contentUrl":"https:\/\/portaltela.pt\/s.01k8rhncp4jt1\/2026\/02\/img_920x518uu2026-02-09-16-11-34-2420551.jpg","width":796,"height":448,"caption":"Kerkez at\u00e9 levou as m\u00e3os \u00e0 cabe\u00e7a: o gola\u00e7o de Szoboszlai ao Man. City visto de outro \u00e2ngulo"},{"@type":"BreadcrumbList","@id":"https:\/\/portaltela.pt\/noticias\/2026\/02\/09\/szoboszlai-marca-golaco-ao-man-city-visto-de-outra-perspetiva\/#breadcrumb","itemListElement":[{"@type":"ListItem","position":1,"name":"In\u00edcio","item":"https:\/\/portaltela.pt\/"},{"@type":"ListItem","position":2,"name":"Szoboszlai marca gola\u00e7o ao Man. City visto de outra perspetiva"}]},{"@type":"WebSite","@id":"https:\/\/portaltela.pt\/#website","url":"https:\/\/portaltela.pt\/","name":"Portal Tela Portugal","description":"","potentialAction":[{"@type":"SearchAction","target":{"@type":"EntryPoint","urlTemplate":"https:\/\/portaltela.pt\/?s={search_term_string}"},"query-input":{"@type":"PropertyValueSpecification","valueRequired":true,"valueName":"search_term_string"}}],"inLanguage":"pt-PT"},{"@type":"Person","@id":"https:\/\/portaltela.pt\/#\/schema\/person\/c4278d4a6028830caff9ee44b42d32ed","name":"Telinha","image":{"@type":"ImageObject","inLanguage":"pt-PT","@id":"https:\/\/portaltela.pt\/s.01k8rhncp4jt1\/2025\/11\/talking-bot-125x125.png","url":"https:\/\/portaltela.pt\/s.01k8rhncp4jt1\/2025\/11\/talking-bot-125x125.png","contentUrl":"https:\/\/portaltela.pt\/s.01k8rhncp4jt1\/2025\/11\/talking-bot-125x125.png","caption":"Telinha"},"sameAs":["https:\/\/portaltela.pt\/"],"url":"https:\/\/portaltela.pt\/por\/367410592786\/"}]}},"_links":{"self":[{"href":"https:\/\/portaltela.pt\/api\/wp\/v2\/posts\/205601","targetHints":{"allow":["GET"]}}],"collection":[{"href":"https:\/\/portaltela.pt\/api\/wp\/v2\/posts"}],"about":[{"href":"https:\/\/portaltela.pt\/api\/wp\/v2\/types\/post"}],"author":[{"embeddable":true,"href":"https:\/\/portaltela.pt\/api\/wp\/v2\/users\/2"}],"replies":[{"embeddable":true,"href":"https:\/\/portaltela.pt\/api\/wp\/v2\/comments?post=205601"}],"version-history":[{"count":0,"href":"https:\/\/portaltela.pt\/api\/wp\/v2\/posts\/205601\/revisions"}],"wp:featuredmedia":[{"embeddable":true,"href":"https:\/\/portaltela.pt\/api\/wp\/v2\/media\/205604"}],"wp:attachment":[{"href":"https:\/\/portaltela.pt\/api\/wp\/v2\/media?parent=205601"}],"wp:term":[{"taxonomy":"category","embeddable":true,"href":"https:\/\/portaltela.pt\/api\/wp\/v2\/categories?post=205601"},{"taxonomy":"post_tag","embeddable":true,"href":"https:\/\/portaltela.pt\/api\/wp\/v2\/tags?post=205601"}],"curies":[{"name":"wp","href":"https:\/\/api.w.org\/{rel}","templated":true}]}}