{"id":205556,"date":"2026-02-09T12:38:00","date_gmt":"2026-02-09T15:38:00","guid":{"rendered":"https:\/\/portaltela.pt\/noticias\/2026\/02\/09\/wwf-alerta-para-novo-normal-climatico-e-pede-maior-prevencao\/"},"modified":"2026-02-09T12:38:00","modified_gmt":"2026-02-09T15:38:00","slug":"wwf-alerta-para-novo-normal-climatico-e-pede-maior-prevencao","status":"publish","type":"post","link":"https:\/\/portaltela.pt\/noticias\/2026\/02\/09\/wwf-alerta-para-novo-normal-climatico-e-pede-maior-prevencao\/","title":{"rendered":"WWF alerta para novo normal clim\u00e1tico e pede maior preven\u00e7\u00e3o"},"content":{"rendered":"<p>A WWF Portugal alerta para um novo normal clim\u00e1tico em Portugal, afirmando que as tempestades sucessivas n\u00e3o s\u00e3o exce\u00e7\u00e3o, mas sinal de uma altera\u00e7\u00e3o profunda. O organismo aponta que o refor\u00e7o da preven\u00e7\u00e3o, adapta\u00e7\u00e3o e investimento estrutural \u00e9 urgente para enfrentar esta realidade.<\/p>\n<p>A organiza\u00e7\u00e3o explica que as depress\u00f5es que afetaram o pa\u00eds j\u00e1 provocaram 15 mortes desde 28 de janeiro e que a intensidade dos fen\u00f3menos n\u00e3o pode ser encarada como excecional. A ci\u00eancia associa o aquecimento global a epis\u00f3dios de chuva intensos e a per\u00edodos de seca prolongada.<\/p>\n<p>Segundo a WWF, Portugal j\u00e1 investe abaixo do necess\u00e1rio em medidas de adapta\u00e7\u00e3o \u00e0s altera\u00e7\u00f5es clim\u00e1ticas, e um estudo aponta para a necessidade de multiplicar por 10 esse investimento anual at\u00e9 2050 para responder aos riscos de calor extremo, seca e cheias.<\/p>\n<h3>Novo foco: natureza como aliada<\/h3>\n<p>A WWF defende colocar a natureza no centro da resposta clim\u00e1tica, com recupera\u00e7\u00e3o de ecossistemas degradados, rios, zonas h\u00famidas, florestas aut\u00f3ctones e \u00e1reas costeiras. O restauro \u00e9 visto como ferramenta eficaz, custo-eficiente e duradoura para aumentar a resili\u00eancia territorial.<\/p>\n<p>A organiza\u00e7\u00e3o destaca que renaturalizar zonas h\u00famidas, ribeiras e leitos de cheia reduz inunda\u00e7\u00f5es velozes, aumenta a infiltra\u00e7\u00e3o de \u00e1gua e mitiga eros\u00f5es. Nos sistemas costeiros, dunas e sapais ajudam a atenuar tempestades e subida do n\u00edvel do mar.<\/p>\n<p>O relat\u00f3rio refor\u00e7a a necessidade de investimento p\u00fablico e privado em adapta\u00e7\u00e3o, com solu\u00e7\u00f5es baseadas na natureza integradas em planos nacionais, regionais e municipais, para proteger pessoas e territ\u00f3rios.<\/p>\n<h3>Perspetivas de preven\u00e7\u00e3o e risco<\/h3>\n<p>A WWF lembra que a constru\u00e7\u00e3o em \u00e1reas REN representa risco ecol\u00f3gico e de prote\u00e7\u00e3o, defendendo medidas que reforcem a resili\u00eancia sem comprometer a prote\u00e7\u00e3o ambiental. Em zonas urbanas, a gest\u00e3o eficiente da \u00e1gua da chuva depende de espa\u00e7os naturais que reduzam riscos de inunda\u00e7\u00f5es.<\/p>\n","protected":false},"excerpt":{"rendered":"<ul>\n<li>A WWF Portugal alerta que as tempestades anuais representam o novo normal clim\u00e1tico e que \u00e9 urgente refor\u00e7ar preven\u00e7\u00e3o, adapta\u00e7\u00e3o e investimento estrutural.<\/li>\n<li>Quinze pessoas morreram desde 28 de janeiro devido \u00e0s depress\u00f5es que t\u00eam afetado o pa\u00eds, com impactos em habita\u00e7\u00f5es, empresas e infraestruturas.<\/li>\n<li>A organiza\u00e7\u00e3o explica que a intensidade dos eventos est\u00e1 a aumentar por causa do aquecimento global, que intensifica chuvas concentradas e per\u00edodos de seca.<\/li>\n<li>Um estudo citado pela WWF indica que \u00e9 necess\u00e1rio multiplicar por dez o investimento anual em adapta\u00e7\u00e3o at\u00e9 2050 para enfrentar calor extremo, secas e cheias.<\/li>\n<li>A WWF defende colocar a natureza no centro da resposta clim\u00e1tica, com restauro de ecossistemas e prote\u00e7\u00e3o de zonas h\u00famidas, rios, florestas aut\u00f3ctones, zonas costeiras e espa\u00e7os urbanos, al\u00e9m de evitar construir em \u00e1reas da Reserva Ecol\u00f3gica Nacional.<\/li>\n<\/ul>\n","protected":false},"author":2,"featured_media":205561,"comment_status":"closed","ping_status":"closed","sticky":false,"template":"","format":"standard","meta":{"footnotes":""},"categories":[1],"tags":[1272,2665,5224,4880,3568,2949],"class_list":["post-205556","post","type-post","status-publish","format-standard","has-post-thumbnail","hentry","category-noticias","tag-adaptacao-climatica","tag-alteracoes-climaticas","tag-clima","tag-conservacao-ambiental","tag-natureza","tag-renaturalizacao"],"yoast_head":"<!-- This site is optimized with the Yoast SEO plugin v27.2 - https:\/\/yoast.com\/product\/yoast-seo-wordpress\/ -->\n<title>WWF alerta para novo normal clim\u00e1tico e pede maior preven\u00e7\u00e3o - Portal Tela Portugal<\/title>\n<meta name=\"robots\" content=\"index, follow, max-snippet:-1, max-image-preview:large, max-video-preview:-1\" \/>\n<meta property=\"og:locale\" content=\"pt_PT\" \/>\n<meta property=\"og:type\" content=\"article\" \/>\n<meta property=\"og:title\" content=\"WWF alerta para novo normal clim\u00e1tico e pede maior preven\u00e7\u00e3o - Portal Tela Portugal\" \/>\n<meta property=\"og:description\" content=\"A WWF Portugal alerta que as tempestades anuais representam o novo normal clim\u00e1tico e que \u00e9 urgente refor\u00e7ar preven\u00e7\u00e3o, adapta\u00e7\u00e3o e investimento estrutural. Quinze pessoas morreram desde 28 de janeiro devido \u00e0s depress\u00f5es que t\u00eam afetado o pa\u00eds, com impactos em habita\u00e7\u00f5es, empresas e infraestruturas. A organiza\u00e7\u00e3o explica que a intensidade dos eventos est\u00e1 a aumentar por causa do aquecimento global, que intensifica chuvas concentradas e per\u00edodos de seca. Um estudo citado pela WWF indica que \u00e9 necess\u00e1rio multiplicar por dez o investimento anual em adapta\u00e7\u00e3o at\u00e9 2050 para enfrentar calor extremo, secas e cheias. A WWF defende colocar a natureza no centro da resposta clim\u00e1tica, com restauro de ecossistemas e prote\u00e7\u00e3o de zonas h\u00famidas, rios, florestas aut\u00f3ctones, zonas costeiras e espa\u00e7os urbanos, al\u00e9m de evitar construir em \u00e1reas da Reserva Ecol\u00f3gica Nacional.\" \/>\n<meta property=\"og:url\" content=\"https:\/\/portaltela.pt\/noticias\/2026\/02\/09\/wwf-alerta-para-novo-normal-climatico-e-pede-maior-prevencao\/\" \/>\n<meta property=\"og:site_name\" content=\"Portal Tela Portugal\" \/>\n<meta property=\"article:published_time\" content=\"2026-02-09T15:38:00+00:00\" \/>\n<meta name=\"author\" content=\"Telinha\" \/>\n<meta name=\"twitter:card\" content=\"summary_large_image\" \/>\n<meta name=\"twitter:label1\" content=\"Escrito por\" \/>\n\t<meta name=\"twitter:data1\" content=\"Telinha\" \/>\n\t<meta name=\"twitter:label2\" content=\"Tempo estimado de leitura\" \/>\n\t<meta name=\"twitter:data2\" content=\"2 minutos\" \/>\n<script type=\"application\/ld+json\" class=\"yoast-schema-graph\">{\"@context\":\"https:\/\/schema.org\",\"@graph\":[{\"@type\":\"Article\",\"@id\":\"https:\/\/portaltela.pt\/noticias\/2026\/02\/09\/wwf-alerta-para-novo-normal-climatico-e-pede-maior-prevencao\/#article\",\"isPartOf\":{\"@id\":\"https:\/\/portaltela.pt\/noticias\/2026\/02\/09\/wwf-alerta-para-novo-normal-climatico-e-pede-maior-prevencao\/\"},\"author\":{\"name\":\"Telinha\",\"@id\":\"https:\/\/portaltela.pt\/#\/schema\/person\/c4278d4a6028830caff9ee44b42d32ed\"},\"headline\":\"WWF alerta para novo normal clim\u00e1tico e pede maior preven\u00e7\u00e3o\",\"datePublished\":\"2026-02-09T15:38:00+00:00\",\"mainEntityOfPage\":{\"@id\":\"https:\/\/portaltela.pt\/noticias\/2026\/02\/09\/wwf-alerta-para-novo-normal-climatico-e-pede-maior-prevencao\/\"},\"wordCount\":346,\"image\":{\"@id\":\"https:\/\/portaltela.pt\/noticias\/2026\/02\/09\/wwf-alerta-para-novo-normal-climatico-e-pede-maior-prevencao\/#primaryimage\"},\"thumbnailUrl\":\"https:\/\/portaltela.pt\/s.01k8rhncp4jt1\/2026\/02\/image-716.jpg\",\"keywords\":[\"adapta\u00e7\u00e3o clim\u00e1tica\",\"Altera\u00e7\u00f5es Clim\u00e1ticas\",\"clima\",\"conserva\u00e7\u00e3o ambiental\",\"natureza\",\"renaturaliza\u00e7\u00e3o\"],\"articleSection\":[\"Not\u00edcias\"],\"inLanguage\":\"pt-PT\"},{\"@type\":\"WebPage\",\"@id\":\"https:\/\/portaltela.pt\/noticias\/2026\/02\/09\/wwf-alerta-para-novo-normal-climatico-e-pede-maior-prevencao\/\",\"url\":\"https:\/\/portaltela.pt\/noticias\/2026\/02\/09\/wwf-alerta-para-novo-normal-climatico-e-pede-maior-prevencao\/\",\"name\":\"WWF alerta para novo normal clim\u00e1tico e pede maior preven\u00e7\u00e3o - Portal Tela Portugal\",\"isPartOf\":{\"@id\":\"https:\/\/portaltela.pt\/#website\"},\"primaryImageOfPage\":{\"@id\":\"https:\/\/portaltela.pt\/noticias\/2026\/02\/09\/wwf-alerta-para-novo-normal-climatico-e-pede-maior-prevencao\/#primaryimage\"},\"image\":{\"@id\":\"https:\/\/portaltela.pt\/noticias\/2026\/02\/09\/wwf-alerta-para-novo-normal-climatico-e-pede-maior-prevencao\/#primaryimage\"},\"thumbnailUrl\":\"https:\/\/portaltela.pt\/s.01k8rhncp4jt1\/2026\/02\/image-716.jpg\",\"datePublished\":\"2026-02-09T15:38:00+00:00\",\"author\":{\"@id\":\"https:\/\/portaltela.pt\/#\/schema\/person\/c4278d4a6028830caff9ee44b42d32ed\"},\"breadcrumb\":{\"@id\":\"https:\/\/portaltela.pt\/noticias\/2026\/02\/09\/wwf-alerta-para-novo-normal-climatico-e-pede-maior-prevencao\/#breadcrumb\"},\"inLanguage\":\"pt-PT\",\"potentialAction\":[{\"@type\":\"ReadAction\",\"target\":[\"https:\/\/portaltela.pt\/noticias\/2026\/02\/09\/wwf-alerta-para-novo-normal-climatico-e-pede-maior-prevencao\/\"]}]},{\"@type\":\"ImageObject\",\"inLanguage\":\"pt-PT\",\"@id\":\"https:\/\/portaltela.pt\/noticias\/2026\/02\/09\/wwf-alerta-para-novo-normal-climatico-e-pede-maior-prevencao\/#primaryimage\",\"url\":\"https:\/\/portaltela.pt\/s.01k8rhncp4jt1\/2026\/02\/image-716.jpg\",\"contentUrl\":\"https:\/\/portaltela.pt\/s.01k8rhncp4jt1\/2026\/02\/image-716.jpg\",\"width\":796,\"height\":448,\"caption\":\"Tempestades consecutivas deixaram rasto de destrui\u00e7\u00e3o no pa\u00eds desde o final de janeiro\"},{\"@type\":\"BreadcrumbList\",\"@id\":\"https:\/\/portaltela.pt\/noticias\/2026\/02\/09\/wwf-alerta-para-novo-normal-climatico-e-pede-maior-prevencao\/#breadcrumb\",\"itemListElement\":[{\"@type\":\"ListItem\",\"position\":1,\"name\":\"In\u00edcio\",\"item\":\"https:\/\/portaltela.pt\/\"},{\"@type\":\"ListItem\",\"position\":2,\"name\":\"WWF alerta para novo normal clim\u00e1tico e pede maior preven\u00e7\u00e3o\"}]},{\"@type\":\"WebSite\",\"@id\":\"https:\/\/portaltela.pt\/#website\",\"url\":\"https:\/\/portaltela.pt\/\",\"name\":\"Portal Tela Portugal\",\"description\":\"\",\"potentialAction\":[{\"@type\":\"SearchAction\",\"target\":{\"@type\":\"EntryPoint\",\"urlTemplate\":\"https:\/\/portaltela.pt\/?s={search_term_string}\"},\"query-input\":{\"@type\":\"PropertyValueSpecification\",\"valueRequired\":true,\"valueName\":\"search_term_string\"}}],\"inLanguage\":\"pt-PT\"},{\"@type\":\"Person\",\"@id\":\"https:\/\/portaltela.pt\/#\/schema\/person\/c4278d4a6028830caff9ee44b42d32ed\",\"name\":\"Telinha\",\"image\":{\"@type\":\"ImageObject\",\"inLanguage\":\"pt-PT\",\"@id\":\"https:\/\/portaltela.pt\/s.01k8rhncp4jt1\/2025\/11\/talking-bot-125x125.png\",\"url\":\"https:\/\/portaltela.pt\/s.01k8rhncp4jt1\/2025\/11\/talking-bot-125x125.png\",\"contentUrl\":\"https:\/\/portaltela.pt\/s.01k8rhncp4jt1\/2025\/11\/talking-bot-125x125.png\",\"caption\":\"Telinha\"},\"sameAs\":[\"https:\/\/portaltela.pt\/\"],\"url\":\"https:\/\/portaltela.pt\/por\/367410592786\/\"}]}<\/script>\n<!-- \/ Yoast SEO plugin. -->","yoast_head_json":{"title":"WWF alerta para novo normal clim\u00e1tico e pede maior preven\u00e7\u00e3o - Portal Tela Portugal","robots":{"index":"index","follow":"follow","max-snippet":"max-snippet:-1","max-image-preview":"max-image-preview:large","max-video-preview":"max-video-preview:-1"},"og_locale":"pt_PT","og_type":"article","og_title":"WWF alerta para novo normal clim\u00e1tico e pede maior preven\u00e7\u00e3o - Portal Tela Portugal","og_description":"A WWF Portugal alerta que as tempestades anuais representam o novo normal clim\u00e1tico e que \u00e9 urgente refor\u00e7ar preven\u00e7\u00e3o, adapta\u00e7\u00e3o e investimento estrutural. Quinze pessoas morreram desde 28 de janeiro devido \u00e0s depress\u00f5es que t\u00eam afetado o pa\u00eds, com impactos em habita\u00e7\u00f5es, empresas e infraestruturas. A organiza\u00e7\u00e3o explica que a intensidade dos eventos est\u00e1 a aumentar por causa do aquecimento global, que intensifica chuvas concentradas e per\u00edodos de seca. Um estudo citado pela WWF indica que \u00e9 necess\u00e1rio multiplicar por dez o investimento anual em adapta\u00e7\u00e3o at\u00e9 2050 para enfrentar calor extremo, secas e cheias. A WWF defende colocar a natureza no centro da resposta clim\u00e1tica, com restauro de ecossistemas e prote\u00e7\u00e3o de zonas h\u00famidas, rios, florestas aut\u00f3ctones, zonas costeiras e espa\u00e7os urbanos, al\u00e9m de evitar construir em \u00e1reas da Reserva Ecol\u00f3gica Nacional.","og_url":"https:\/\/portaltela.pt\/noticias\/2026\/02\/09\/wwf-alerta-para-novo-normal-climatico-e-pede-maior-prevencao\/","og_site_name":"Portal Tela Portugal","article_published_time":"2026-02-09T15:38:00+00:00","author":"Telinha","twitter_card":"summary_large_image","twitter_misc":{"Escrito por":"Telinha","Tempo estimado de leitura":"2 minutos"},"schema":{"@context":"https:\/\/schema.org","@graph":[{"@type":"Article","@id":"https:\/\/portaltela.pt\/noticias\/2026\/02\/09\/wwf-alerta-para-novo-normal-climatico-e-pede-maior-prevencao\/#article","isPartOf":{"@id":"https:\/\/portaltela.pt\/noticias\/2026\/02\/09\/wwf-alerta-para-novo-normal-climatico-e-pede-maior-prevencao\/"},"author":{"name":"Telinha","@id":"https:\/\/portaltela.pt\/#\/schema\/person\/c4278d4a6028830caff9ee44b42d32ed"},"headline":"WWF alerta para novo normal clim\u00e1tico e pede maior preven\u00e7\u00e3o","datePublished":"2026-02-09T15:38:00+00:00","mainEntityOfPage":{"@id":"https:\/\/portaltela.pt\/noticias\/2026\/02\/09\/wwf-alerta-para-novo-normal-climatico-e-pede-maior-prevencao\/"},"wordCount":346,"image":{"@id":"https:\/\/portaltela.pt\/noticias\/2026\/02\/09\/wwf-alerta-para-novo-normal-climatico-e-pede-maior-prevencao\/#primaryimage"},"thumbnailUrl":"https:\/\/portaltela.pt\/s.01k8rhncp4jt1\/2026\/02\/image-716.jpg","keywords":["adapta\u00e7\u00e3o clim\u00e1tica","Altera\u00e7\u00f5es Clim\u00e1ticas","clima","conserva\u00e7\u00e3o ambiental","natureza","renaturaliza\u00e7\u00e3o"],"articleSection":["Not\u00edcias"],"inLanguage":"pt-PT"},{"@type":"WebPage","@id":"https:\/\/portaltela.pt\/noticias\/2026\/02\/09\/wwf-alerta-para-novo-normal-climatico-e-pede-maior-prevencao\/","url":"https:\/\/portaltela.pt\/noticias\/2026\/02\/09\/wwf-alerta-para-novo-normal-climatico-e-pede-maior-prevencao\/","name":"WWF alerta para novo normal clim\u00e1tico e pede maior preven\u00e7\u00e3o - Portal Tela Portugal","isPartOf":{"@id":"https:\/\/portaltela.pt\/#website"},"primaryImageOfPage":{"@id":"https:\/\/portaltela.pt\/noticias\/2026\/02\/09\/wwf-alerta-para-novo-normal-climatico-e-pede-maior-prevencao\/#primaryimage"},"image":{"@id":"https:\/\/portaltela.pt\/noticias\/2026\/02\/09\/wwf-alerta-para-novo-normal-climatico-e-pede-maior-prevencao\/#primaryimage"},"thumbnailUrl":"https:\/\/portaltela.pt\/s.01k8rhncp4jt1\/2026\/02\/image-716.jpg","datePublished":"2026-02-09T15:38:00+00:00","author":{"@id":"https:\/\/portaltela.pt\/#\/schema\/person\/c4278d4a6028830caff9ee44b42d32ed"},"breadcrumb":{"@id":"https:\/\/portaltela.pt\/noticias\/2026\/02\/09\/wwf-alerta-para-novo-normal-climatico-e-pede-maior-prevencao\/#breadcrumb"},"inLanguage":"pt-PT","potentialAction":[{"@type":"ReadAction","target":["https:\/\/portaltela.pt\/noticias\/2026\/02\/09\/wwf-alerta-para-novo-normal-climatico-e-pede-maior-prevencao\/"]}]},{"@type":"ImageObject","inLanguage":"pt-PT","@id":"https:\/\/portaltela.pt\/noticias\/2026\/02\/09\/wwf-alerta-para-novo-normal-climatico-e-pede-maior-prevencao\/#primaryimage","url":"https:\/\/portaltela.pt\/s.01k8rhncp4jt1\/2026\/02\/image-716.jpg","contentUrl":"https:\/\/portaltela.pt\/s.01k8rhncp4jt1\/2026\/02\/image-716.jpg","width":796,"height":448,"caption":"Tempestades consecutivas deixaram rasto de destrui\u00e7\u00e3o no pa\u00eds desde o final de janeiro"},{"@type":"BreadcrumbList","@id":"https:\/\/portaltela.pt\/noticias\/2026\/02\/09\/wwf-alerta-para-novo-normal-climatico-e-pede-maior-prevencao\/#breadcrumb","itemListElement":[{"@type":"ListItem","position":1,"name":"In\u00edcio","item":"https:\/\/portaltela.pt\/"},{"@type":"ListItem","position":2,"name":"WWF alerta para novo normal clim\u00e1tico e pede maior preven\u00e7\u00e3o"}]},{"@type":"WebSite","@id":"https:\/\/portaltela.pt\/#website","url":"https:\/\/portaltela.pt\/","name":"Portal Tela Portugal","description":"","potentialAction":[{"@type":"SearchAction","target":{"@type":"EntryPoint","urlTemplate":"https:\/\/portaltela.pt\/?s={search_term_string}"},"query-input":{"@type":"PropertyValueSpecification","valueRequired":true,"valueName":"search_term_string"}}],"inLanguage":"pt-PT"},{"@type":"Person","@id":"https:\/\/portaltela.pt\/#\/schema\/person\/c4278d4a6028830caff9ee44b42d32ed","name":"Telinha","image":{"@type":"ImageObject","inLanguage":"pt-PT","@id":"https:\/\/portaltela.pt\/s.01k8rhncp4jt1\/2025\/11\/talking-bot-125x125.png","url":"https:\/\/portaltela.pt\/s.01k8rhncp4jt1\/2025\/11\/talking-bot-125x125.png","contentUrl":"https:\/\/portaltela.pt\/s.01k8rhncp4jt1\/2025\/11\/talking-bot-125x125.png","caption":"Telinha"},"sameAs":["https:\/\/portaltela.pt\/"],"url":"https:\/\/portaltela.pt\/por\/367410592786\/"}]}},"_links":{"self":[{"href":"https:\/\/portaltela.pt\/api\/wp\/v2\/posts\/205556","targetHints":{"allow":["GET"]}}],"collection":[{"href":"https:\/\/portaltela.pt\/api\/wp\/v2\/posts"}],"about":[{"href":"https:\/\/portaltela.pt\/api\/wp\/v2\/types\/post"}],"author":[{"embeddable":true,"href":"https:\/\/portaltela.pt\/api\/wp\/v2\/users\/2"}],"replies":[{"embeddable":true,"href":"https:\/\/portaltela.pt\/api\/wp\/v2\/comments?post=205556"}],"version-history":[{"count":0,"href":"https:\/\/portaltela.pt\/api\/wp\/v2\/posts\/205556\/revisions"}],"wp:featuredmedia":[{"embeddable":true,"href":"https:\/\/portaltela.pt\/api\/wp\/v2\/media\/205561"}],"wp:attachment":[{"href":"https:\/\/portaltela.pt\/api\/wp\/v2\/media?parent=205556"}],"wp:term":[{"taxonomy":"category","embeddable":true,"href":"https:\/\/portaltela.pt\/api\/wp\/v2\/categories?post=205556"},{"taxonomy":"post_tag","embeddable":true,"href":"https:\/\/portaltela.pt\/api\/wp\/v2\/tags?post=205556"}],"curies":[{"name":"wp","href":"https:\/\/api.w.org\/{rel}","templated":true}]}}