{"id":205553,"date":"2026-02-09T12:11:00","date_gmt":"2026-02-09T15:11:00","guid":{"rendered":"https:\/\/portaltela.pt\/noticias\/2026\/02\/09\/penafiel-exige-avanco-da-segunda-fase-do-ic35-entre-rans-e-entre-os-rios\/"},"modified":"2026-02-09T12:11:00","modified_gmt":"2026-02-09T15:11:00","slug":"penafiel-exige-avanco-da-segunda-fase-do-ic35-entre-rans-e-entre-os-rios","status":"publish","type":"post","link":"https:\/\/portaltela.pt\/noticias\/2026\/02\/09\/penafiel-exige-avanco-da-segunda-fase-do-ic35-entre-rans-e-entre-os-rios\/","title":{"rendered":"Penafiel exige avan\u00e7o da segunda fase do IC35 entre Rans e Entre-os-Rios"},"content":{"rendered":"<p>O presidente da C\u00e2mara de Penafiel reuniu-se em Lisboa com o ministro das Infra-Estruturas e da Habita\u00e7\u00e3o para exigir o avan\u00e7o da segunda fase do IC35, entre Rans e Entre-os-Rios. A iniciativa visa ligar Penafiel a Castelo de Paiva, em termos de mobilidade.<\/p>\n<p>A reuni\u00e3o, realizada na sexta-feira, teve como objetivo central assegurar a continuidade do projecto at\u00e9 ao destino final, garantindo a liga\u00e7\u00e3o plena entre Penafiel e Castelo de Paiva, segundo fonte da autarquia.<\/p>\n<p>O autarca Pedro Cepeda afirmou que \u00e9 essencial ter o IC35 completo at\u00e9 Entre-os-Rios, para cumprir compromissos com as popula\u00e7\u00f5es, promover coes\u00e3o territorial e refor\u00e7ar seguran\u00e7a e desenvolvimento na regi\u00e3o.<\/p>\n<p>A segunda fase envolve um investimento estimado em 90 milh\u00f5es de euros. O processo encontra-se numa fase avan\u00e7ada, com pormenores t\u00e9cnicos e articula\u00e7\u00e3o entre entidades p\u00fablicas em curso, segundo a C\u00e2mara de Penafiel.<\/p>\n<p>Estimativas apontam para o lan\u00e7amento do concurso ainda este ano, coincidindo com os 25 anos da queda da Ponte Hintze Ribeiro, conforme informa\u00e7\u00e3o municipal. A autarquia assegura acompanhar o processo com determina\u00e7\u00e3o at\u00e9 \u00e0 concretiza\u00e7\u00e3o.<\/p>\n<p>A C\u00e2mara de Penafiel reiterou que a obra \u00e9 determinante para a mobilidade local e para o futuro da regi\u00e3o, mantendo o acompanhamento ativo do projecto junto das entidades competentes.<\/p>\n","protected":false},"excerpt":{"rendered":"<ul>\n<li>Penafiel exige o avan\u00e7o da segunda fase do Itiner\u00e1rio Complementar 35 (IC35), entre Rans e Entre-os-Rios, para ligar plenamente Penafiel a Castelo de Paiva.<\/li>\n<li>A reuni\u00e3o, em Lisboa, contou com o presidente da C\u00e2mara de Penafiel, Pedro Cepeda, e o ministro das Infra-Estruturas e da Habita\u00e7\u00e3o, Miguel Lopes (Miguel Pinto Luz), para discutir a mobilidade territorial.<\/li>\n<li>A autarquia argumenta que \u00e9 essencial garantir o IC35 completo at\u00e9 Entre-os-Rios, como compromisso antigo com as popula\u00e7\u00f5es e para a coes\u00e3o territorial e seguran\u00e7a.<\/li>\n<li>A segunda fase do IC35 tem um investimento estimado de 90 milh\u00f5es de euros; o processo est\u00e1 numa fase avan\u00e7ada, com pormenores t\u00e9cnicos e articula\u00e7\u00e3o entre entidades p\u00fablicas a ultimar.<\/li>\n<li>Estima-se que o concurso seja lan\u00e7ado ainda este ano, coincidindo com o 25\u00ba anivers\u00e1rio da queda da Ponte Hintze Ribeiro.<\/li>\n<\/ul>\n","protected":false},"author":2,"featured_media":205559,"comment_status":"closed","ping_status":"closed","sticky":false,"template":"","format":"standard","meta":{"footnotes":""},"categories":[1],"tags":[5680,2243,1615,2110,1993,192],"class_list":["post-205553","post","type-post","status-publish","format-standard","has-post-thumbnail","hentry","category-noticias","tag-castelo-de-paiva","tag-entre-douro-e-minho","tag-infraestrutura","tag-mobilidade","tag-penafiel","tag-transporte"],"yoast_head":"<!-- This site is optimized with the Yoast SEO plugin v27.2 - https:\/\/yoast.com\/product\/yoast-seo-wordpress\/ -->\n<title>Penafiel exige avan\u00e7o da segunda fase do IC35 entre Rans e Entre-os-Rios - Portal Tela Portugal<\/title>\n<meta name=\"robots\" content=\"index, follow, max-snippet:-1, max-image-preview:large, max-video-preview:-1\" \/>\n<meta property=\"og:locale\" content=\"pt_PT\" \/>\n<meta property=\"og:type\" content=\"article\" \/>\n<meta property=\"og:title\" content=\"Penafiel exige avan\u00e7o da segunda fase do IC35 entre Rans e Entre-os-Rios - Portal Tela Portugal\" \/>\n<meta property=\"og:description\" content=\"Penafiel exige o avan\u00e7o da segunda fase do Itiner\u00e1rio Complementar 35 (IC35), entre Rans e Entre-os-Rios, para ligar plenamente Penafiel a Castelo de Paiva. A reuni\u00e3o, em Lisboa, contou com o presidente da C\u00e2mara de Penafiel, Pedro Cepeda, e o ministro das Infra-Estruturas e da Habita\u00e7\u00e3o, Miguel Lopes (Miguel Pinto Luz), para discutir a mobilidade territorial. A autarquia argumenta que \u00e9 essencial garantir o IC35 completo at\u00e9 Entre-os-Rios, como compromisso antigo com as popula\u00e7\u00f5es e para a coes\u00e3o territorial e seguran\u00e7a. A segunda fase do IC35 tem um investimento estimado de 90 milh\u00f5es de euros; o processo est\u00e1 numa fase avan\u00e7ada, com pormenores t\u00e9cnicos e articula\u00e7\u00e3o entre entidades p\u00fablicas a ultimar. Estima-se que o concurso seja lan\u00e7ado ainda este ano, coincidindo com o 25\u00ba anivers\u00e1rio da queda da Ponte Hintze Ribeiro.\" \/>\n<meta property=\"og:url\" content=\"https:\/\/portaltela.pt\/noticias\/2026\/02\/09\/penafiel-exige-avanco-da-segunda-fase-do-ic35-entre-rans-e-entre-os-rios\/\" \/>\n<meta property=\"og:site_name\" content=\"Portal Tela Portugal\" \/>\n<meta property=\"article:published_time\" content=\"2026-02-09T15:11:00+00:00\" \/>\n<meta name=\"author\" content=\"Telinha\" \/>\n<meta name=\"twitter:card\" content=\"summary_large_image\" \/>\n<meta name=\"twitter:label1\" content=\"Escrito por\" \/>\n\t<meta name=\"twitter:data1\" content=\"Telinha\" \/>\n\t<meta name=\"twitter:label2\" content=\"Tempo estimado de leitura\" \/>\n\t<meta name=\"twitter:data2\" content=\"1 minuto\" \/>\n<script type=\"application\/ld+json\" class=\"yoast-schema-graph\">{\"@context\":\"https:\/\/schema.org\",\"@graph\":[{\"@type\":\"Article\",\"@id\":\"https:\/\/portaltela.pt\/noticias\/2026\/02\/09\/penafiel-exige-avanco-da-segunda-fase-do-ic35-entre-rans-e-entre-os-rios\/#article\",\"isPartOf\":{\"@id\":\"https:\/\/portaltela.pt\/noticias\/2026\/02\/09\/penafiel-exige-avanco-da-segunda-fase-do-ic35-entre-rans-e-entre-os-rios\/\"},\"author\":{\"name\":\"Telinha\",\"@id\":\"https:\/\/portaltela.pt\/#\/schema\/person\/c4278d4a6028830caff9ee44b42d32ed\"},\"headline\":\"Penafiel exige avan\u00e7o da segunda fase do IC35 entre Rans e Entre-os-Rios\",\"datePublished\":\"2026-02-09T15:11:00+00:00\",\"mainEntityOfPage\":{\"@id\":\"https:\/\/portaltela.pt\/noticias\/2026\/02\/09\/penafiel-exige-avanco-da-segunda-fase-do-ic35-entre-rans-e-entre-os-rios\/\"},\"wordCount\":233,\"image\":{\"@id\":\"https:\/\/portaltela.pt\/noticias\/2026\/02\/09\/penafiel-exige-avanco-da-segunda-fase-do-ic35-entre-rans-e-entre-os-rios\/#primaryimage\"},\"thumbnailUrl\":\"https:\/\/portaltela.pt\/s.01k8rhncp4jt1\/2026\/02\/2065814.jpg\",\"keywords\":[\"Castelo de Paiva\",\"Entre Douro e Minho\",\"infraestrutura\",\"mobilidade\",\"Penafiel\",\"transporte\"],\"articleSection\":[\"Not\u00edcias\"],\"inLanguage\":\"pt-PT\"},{\"@type\":\"WebPage\",\"@id\":\"https:\/\/portaltela.pt\/noticias\/2026\/02\/09\/penafiel-exige-avanco-da-segunda-fase-do-ic35-entre-rans-e-entre-os-rios\/\",\"url\":\"https:\/\/portaltela.pt\/noticias\/2026\/02\/09\/penafiel-exige-avanco-da-segunda-fase-do-ic35-entre-rans-e-entre-os-rios\/\",\"name\":\"Penafiel exige avan\u00e7o da segunda fase do IC35 entre Rans e Entre-os-Rios - Portal Tela Portugal\",\"isPartOf\":{\"@id\":\"https:\/\/portaltela.pt\/#website\"},\"primaryImageOfPage\":{\"@id\":\"https:\/\/portaltela.pt\/noticias\/2026\/02\/09\/penafiel-exige-avanco-da-segunda-fase-do-ic35-entre-rans-e-entre-os-rios\/#primaryimage\"},\"image\":{\"@id\":\"https:\/\/portaltela.pt\/noticias\/2026\/02\/09\/penafiel-exige-avanco-da-segunda-fase-do-ic35-entre-rans-e-entre-os-rios\/#primaryimage\"},\"thumbnailUrl\":\"https:\/\/portaltela.pt\/s.01k8rhncp4jt1\/2026\/02\/2065814.jpg\",\"datePublished\":\"2026-02-09T15:11:00+00:00\",\"author\":{\"@id\":\"https:\/\/portaltela.pt\/#\/schema\/person\/c4278d4a6028830caff9ee44b42d32ed\"},\"breadcrumb\":{\"@id\":\"https:\/\/portaltela.pt\/noticias\/2026\/02\/09\/penafiel-exige-avanco-da-segunda-fase-do-ic35-entre-rans-e-entre-os-rios\/#breadcrumb\"},\"inLanguage\":\"pt-PT\",\"potentialAction\":[{\"@type\":\"ReadAction\",\"target\":[\"https:\/\/portaltela.pt\/noticias\/2026\/02\/09\/penafiel-exige-avanco-da-segunda-fase-do-ic35-entre-rans-e-entre-os-rios\/\"]}]},{\"@type\":\"ImageObject\",\"inLanguage\":\"pt-PT\",\"@id\":\"https:\/\/portaltela.pt\/noticias\/2026\/02\/09\/penafiel-exige-avanco-da-segunda-fase-do-ic35-entre-rans-e-entre-os-rios\/#primaryimage\",\"url\":\"https:\/\/portaltela.pt\/s.01k8rhncp4jt1\/2026\/02\/2065814.jpg\",\"contentUrl\":\"https:\/\/portaltela.pt\/s.01k8rhncp4jt1\/2026\/02\/2065814.jpg\",\"width\":796,\"height\":448,\"caption\":\"Autarca diz que \u00e9 um compromisso antigo com as popula\u00e7\u00f5es\"},{\"@type\":\"BreadcrumbList\",\"@id\":\"https:\/\/portaltela.pt\/noticias\/2026\/02\/09\/penafiel-exige-avanco-da-segunda-fase-do-ic35-entre-rans-e-entre-os-rios\/#breadcrumb\",\"itemListElement\":[{\"@type\":\"ListItem\",\"position\":1,\"name\":\"In\u00edcio\",\"item\":\"https:\/\/portaltela.pt\/\"},{\"@type\":\"ListItem\",\"position\":2,\"name\":\"Penafiel exige avan\u00e7o da segunda fase do IC35 entre Rans e Entre-os-Rios\"}]},{\"@type\":\"WebSite\",\"@id\":\"https:\/\/portaltela.pt\/#website\",\"url\":\"https:\/\/portaltela.pt\/\",\"name\":\"Portal Tela Portugal\",\"description\":\"\",\"potentialAction\":[{\"@type\":\"SearchAction\",\"target\":{\"@type\":\"EntryPoint\",\"urlTemplate\":\"https:\/\/portaltela.pt\/?s={search_term_string}\"},\"query-input\":{\"@type\":\"PropertyValueSpecification\",\"valueRequired\":true,\"valueName\":\"search_term_string\"}}],\"inLanguage\":\"pt-PT\"},{\"@type\":\"Person\",\"@id\":\"https:\/\/portaltela.pt\/#\/schema\/person\/c4278d4a6028830caff9ee44b42d32ed\",\"name\":\"Telinha\",\"image\":{\"@type\":\"ImageObject\",\"inLanguage\":\"pt-PT\",\"@id\":\"https:\/\/portaltela.pt\/s.01k8rhncp4jt1\/2025\/11\/talking-bot-125x125.png\",\"url\":\"https:\/\/portaltela.pt\/s.01k8rhncp4jt1\/2025\/11\/talking-bot-125x125.png\",\"contentUrl\":\"https:\/\/portaltela.pt\/s.01k8rhncp4jt1\/2025\/11\/talking-bot-125x125.png\",\"caption\":\"Telinha\"},\"sameAs\":[\"https:\/\/portaltela.pt\/\"],\"url\":\"https:\/\/portaltela.pt\/por\/367410592786\/\"}]}<\/script>\n<!-- \/ Yoast SEO plugin. -->","yoast_head_json":{"title":"Penafiel exige avan\u00e7o da segunda fase do IC35 entre Rans e Entre-os-Rios - Portal Tela Portugal","robots":{"index":"index","follow":"follow","max-snippet":"max-snippet:-1","max-image-preview":"max-image-preview:large","max-video-preview":"max-video-preview:-1"},"og_locale":"pt_PT","og_type":"article","og_title":"Penafiel exige avan\u00e7o da segunda fase do IC35 entre Rans e Entre-os-Rios - Portal Tela Portugal","og_description":"Penafiel exige o avan\u00e7o da segunda fase do Itiner\u00e1rio Complementar 35 (IC35), entre Rans e Entre-os-Rios, para ligar plenamente Penafiel a Castelo de Paiva. A reuni\u00e3o, em Lisboa, contou com o presidente da C\u00e2mara de Penafiel, Pedro Cepeda, e o ministro das Infra-Estruturas e da Habita\u00e7\u00e3o, Miguel Lopes (Miguel Pinto Luz), para discutir a mobilidade territorial. A autarquia argumenta que \u00e9 essencial garantir o IC35 completo at\u00e9 Entre-os-Rios, como compromisso antigo com as popula\u00e7\u00f5es e para a coes\u00e3o territorial e seguran\u00e7a. A segunda fase do IC35 tem um investimento estimado de 90 milh\u00f5es de euros; o processo est\u00e1 numa fase avan\u00e7ada, com pormenores t\u00e9cnicos e articula\u00e7\u00e3o entre entidades p\u00fablicas a ultimar. Estima-se que o concurso seja lan\u00e7ado ainda este ano, coincidindo com o 25\u00ba anivers\u00e1rio da queda da Ponte Hintze Ribeiro.","og_url":"https:\/\/portaltela.pt\/noticias\/2026\/02\/09\/penafiel-exige-avanco-da-segunda-fase-do-ic35-entre-rans-e-entre-os-rios\/","og_site_name":"Portal Tela Portugal","article_published_time":"2026-02-09T15:11:00+00:00","author":"Telinha","twitter_card":"summary_large_image","twitter_misc":{"Escrito por":"Telinha","Tempo estimado de leitura":"1 minuto"},"schema":{"@context":"https:\/\/schema.org","@graph":[{"@type":"Article","@id":"https:\/\/portaltela.pt\/noticias\/2026\/02\/09\/penafiel-exige-avanco-da-segunda-fase-do-ic35-entre-rans-e-entre-os-rios\/#article","isPartOf":{"@id":"https:\/\/portaltela.pt\/noticias\/2026\/02\/09\/penafiel-exige-avanco-da-segunda-fase-do-ic35-entre-rans-e-entre-os-rios\/"},"author":{"name":"Telinha","@id":"https:\/\/portaltela.pt\/#\/schema\/person\/c4278d4a6028830caff9ee44b42d32ed"},"headline":"Penafiel exige avan\u00e7o da segunda fase do IC35 entre Rans e Entre-os-Rios","datePublished":"2026-02-09T15:11:00+00:00","mainEntityOfPage":{"@id":"https:\/\/portaltela.pt\/noticias\/2026\/02\/09\/penafiel-exige-avanco-da-segunda-fase-do-ic35-entre-rans-e-entre-os-rios\/"},"wordCount":233,"image":{"@id":"https:\/\/portaltela.pt\/noticias\/2026\/02\/09\/penafiel-exige-avanco-da-segunda-fase-do-ic35-entre-rans-e-entre-os-rios\/#primaryimage"},"thumbnailUrl":"https:\/\/portaltela.pt\/s.01k8rhncp4jt1\/2026\/02\/2065814.jpg","keywords":["Castelo de Paiva","Entre Douro e Minho","infraestrutura","mobilidade","Penafiel","transporte"],"articleSection":["Not\u00edcias"],"inLanguage":"pt-PT"},{"@type":"WebPage","@id":"https:\/\/portaltela.pt\/noticias\/2026\/02\/09\/penafiel-exige-avanco-da-segunda-fase-do-ic35-entre-rans-e-entre-os-rios\/","url":"https:\/\/portaltela.pt\/noticias\/2026\/02\/09\/penafiel-exige-avanco-da-segunda-fase-do-ic35-entre-rans-e-entre-os-rios\/","name":"Penafiel exige avan\u00e7o da segunda fase do IC35 entre Rans e Entre-os-Rios - Portal Tela Portugal","isPartOf":{"@id":"https:\/\/portaltela.pt\/#website"},"primaryImageOfPage":{"@id":"https:\/\/portaltela.pt\/noticias\/2026\/02\/09\/penafiel-exige-avanco-da-segunda-fase-do-ic35-entre-rans-e-entre-os-rios\/#primaryimage"},"image":{"@id":"https:\/\/portaltela.pt\/noticias\/2026\/02\/09\/penafiel-exige-avanco-da-segunda-fase-do-ic35-entre-rans-e-entre-os-rios\/#primaryimage"},"thumbnailUrl":"https:\/\/portaltela.pt\/s.01k8rhncp4jt1\/2026\/02\/2065814.jpg","datePublished":"2026-02-09T15:11:00+00:00","author":{"@id":"https:\/\/portaltela.pt\/#\/schema\/person\/c4278d4a6028830caff9ee44b42d32ed"},"breadcrumb":{"@id":"https:\/\/portaltela.pt\/noticias\/2026\/02\/09\/penafiel-exige-avanco-da-segunda-fase-do-ic35-entre-rans-e-entre-os-rios\/#breadcrumb"},"inLanguage":"pt-PT","potentialAction":[{"@type":"ReadAction","target":["https:\/\/portaltela.pt\/noticias\/2026\/02\/09\/penafiel-exige-avanco-da-segunda-fase-do-ic35-entre-rans-e-entre-os-rios\/"]}]},{"@type":"ImageObject","inLanguage":"pt-PT","@id":"https:\/\/portaltela.pt\/noticias\/2026\/02\/09\/penafiel-exige-avanco-da-segunda-fase-do-ic35-entre-rans-e-entre-os-rios\/#primaryimage","url":"https:\/\/portaltela.pt\/s.01k8rhncp4jt1\/2026\/02\/2065814.jpg","contentUrl":"https:\/\/portaltela.pt\/s.01k8rhncp4jt1\/2026\/02\/2065814.jpg","width":796,"height":448,"caption":"Autarca diz que \u00e9 um compromisso antigo com as popula\u00e7\u00f5es"},{"@type":"BreadcrumbList","@id":"https:\/\/portaltela.pt\/noticias\/2026\/02\/09\/penafiel-exige-avanco-da-segunda-fase-do-ic35-entre-rans-e-entre-os-rios\/#breadcrumb","itemListElement":[{"@type":"ListItem","position":1,"name":"In\u00edcio","item":"https:\/\/portaltela.pt\/"},{"@type":"ListItem","position":2,"name":"Penafiel exige avan\u00e7o da segunda fase do IC35 entre Rans e Entre-os-Rios"}]},{"@type":"WebSite","@id":"https:\/\/portaltela.pt\/#website","url":"https:\/\/portaltela.pt\/","name":"Portal Tela Portugal","description":"","potentialAction":[{"@type":"SearchAction","target":{"@type":"EntryPoint","urlTemplate":"https:\/\/portaltela.pt\/?s={search_term_string}"},"query-input":{"@type":"PropertyValueSpecification","valueRequired":true,"valueName":"search_term_string"}}],"inLanguage":"pt-PT"},{"@type":"Person","@id":"https:\/\/portaltela.pt\/#\/schema\/person\/c4278d4a6028830caff9ee44b42d32ed","name":"Telinha","image":{"@type":"ImageObject","inLanguage":"pt-PT","@id":"https:\/\/portaltela.pt\/s.01k8rhncp4jt1\/2025\/11\/talking-bot-125x125.png","url":"https:\/\/portaltela.pt\/s.01k8rhncp4jt1\/2025\/11\/talking-bot-125x125.png","contentUrl":"https:\/\/portaltela.pt\/s.01k8rhncp4jt1\/2025\/11\/talking-bot-125x125.png","caption":"Telinha"},"sameAs":["https:\/\/portaltela.pt\/"],"url":"https:\/\/portaltela.pt\/por\/367410592786\/"}]}},"_links":{"self":[{"href":"https:\/\/portaltela.pt\/api\/wp\/v2\/posts\/205553","targetHints":{"allow":["GET"]}}],"collection":[{"href":"https:\/\/portaltela.pt\/api\/wp\/v2\/posts"}],"about":[{"href":"https:\/\/portaltela.pt\/api\/wp\/v2\/types\/post"}],"author":[{"embeddable":true,"href":"https:\/\/portaltela.pt\/api\/wp\/v2\/users\/2"}],"replies":[{"embeddable":true,"href":"https:\/\/portaltela.pt\/api\/wp\/v2\/comments?post=205553"}],"version-history":[{"count":0,"href":"https:\/\/portaltela.pt\/api\/wp\/v2\/posts\/205553\/revisions"}],"wp:featuredmedia":[{"embeddable":true,"href":"https:\/\/portaltela.pt\/api\/wp\/v2\/media\/205559"}],"wp:attachment":[{"href":"https:\/\/portaltela.pt\/api\/wp\/v2\/media?parent=205553"}],"wp:term":[{"taxonomy":"category","embeddable":true,"href":"https:\/\/portaltela.pt\/api\/wp\/v2\/categories?post=205553"},{"taxonomy":"post_tag","embeddable":true,"href":"https:\/\/portaltela.pt\/api\/wp\/v2\/tags?post=205553"}],"curies":[{"name":"wp","href":"https:\/\/api.w.org\/{rel}","templated":true}]}}