{"id":205546,"date":"2026-02-09T12:33:00","date_gmt":"2026-02-09T15:33:00","guid":{"rendered":"https:\/\/portaltela.pt\/noticias\/2026\/02\/09\/sarah-ferguson-pretendia-casar-com-jeffrey-epstein\/"},"modified":"2026-02-09T12:33:00","modified_gmt":"2026-02-09T15:33:00","slug":"sarah-ferguson-pretendia-casar-com-jeffrey-epstein","status":"publish","type":"post","link":"https:\/\/portaltela.pt\/noticias\/internacional\/2026\/02\/09\/sarah-ferguson-pretendia-casar-com-jeffrey-epstein\/","title":{"rendered":"Sarah Ferguson pretendia casar com Jeffrey Epstein"},"content":{"rendered":"<p>Sarah Ferguson envolvida em emails comprometedores de Epstein<\/p>\n<p>O conjunto de dossi\u00eas de Jeffrey Epstein tem exposto mensagens entre a antiga duquesa de York e o condenado ped\u00f3filo. Em 2009, Ferguson respondeu com agradecimentos pela amizade que ele lhe dedicava, numa troca de emails divulgada pela imprensa sem contexto adicional.<\/p>\n<p>No ano seguinte, j\u00e1 ap\u00f3s Epstein ter cumprido uma pena de 13 meses por solicita\u00e7\u00f5es sexuais a menores, Ferguson escreveu-lhe a frase case comigo, segundo os documentos. A divulga\u00e7\u00e3o ocorreu num momento em que os relatos sobre o caso ganhavam novo f\u00f4lego p\u00fablico.<\/p>\n<p>Os emails foram apresentados no \u00e2mbito da divulga\u00e7\u00e3o de documentos ligados ao caso Epstein, que permanecem sob an\u00e1lise jornal\u00edstica. Diversos analistas destacam que as mensagens sugerem uma rela\u00e7\u00e3o pr\u00f3xima entre Ferguson e Epstein, o que permanece de momento sem confirma\u00e7\u00e3o de qualquer liga\u00e7\u00e3o direta com a realeza.<\/p>\n<p>Alguns comentadores interpretam as mensagens como uma tentativa de Ferguson de manter contato com Epstein, recorrendo \u00e0 amizade como forma de prote\u00e7\u00e3o potencial.<\/p>\n","protected":false},"excerpt":{"rendered":"<ul>\n<li>Epstein correu uma onda de divulga\u00e7\u00e3o de dossi\u00eas; Sarah Ferguson, de 66 anos, surge com mensagens comprometedoras.<\/li>\n<li>Em 2009, a ex-duquesa escreveu: \u201cObrigada Jeffrey, por ser o irm\u00e3o que nunca tive.\u201d<\/li>\n<li>No ano seguinte, ap\u00f3s Epstein deixar a pris\u00e3o, Ferguson chegou a dizer-lhe \u201ccase comigo\u201d.<\/li>\n<li>O e-mail consta nos documentos, mas foi divulgado \u00e0 comunica\u00e7\u00e3o social sem contexto.<\/li>\n<li>Alguns comentadores sugerem que a mensagem poderia visar proteger Epstein ou aproxim\u00e1-lo da fam\u00edlia real brit\u00e2nica.<\/li>\n<\/ul>\n","protected":false},"author":2,"featured_media":205549,"comment_status":"closed","ping_status":"closed","sticky":false,"template":"","format":"standard","meta":{"footnotes":""},"categories":[4,1],"tags":[3990,5514,64,217,5661,4963],"class_list":["post-205546","post","type-post","status-publish","format-standard","has-post-thumbnail","hentry","category-internacional","category-noticias","tag-crimes-sexuais","tag-escandalos","tag-familia","tag-investigacao-criminal","tag-pessoas-publicas","tag-sarah-ferguson"],"yoast_head":"<!-- This site is optimized with the Yoast SEO plugin v27.2 - https:\/\/yoast.com\/product\/yoast-seo-wordpress\/ -->\n<title>Sarah Ferguson pretendia casar com Jeffrey Epstein - Portal Tela Portugal<\/title>\n<meta name=\"robots\" content=\"index, follow, max-snippet:-1, max-image-preview:large, max-video-preview:-1\" \/>\n<meta property=\"og:locale\" content=\"pt_PT\" \/>\n<meta property=\"og:type\" content=\"article\" \/>\n<meta property=\"og:title\" content=\"Sarah Ferguson pretendia casar com Jeffrey Epstein - Portal Tela Portugal\" \/>\n<meta property=\"og:description\" content=\"Epstein correu uma onda de divulga\u00e7\u00e3o de dossi\u00eas; Sarah Ferguson, de 66 anos, surge com mensagens comprometedoras. Em 2009, a ex-duquesa escreveu: \u201cObrigada Jeffrey, por ser o irm\u00e3o que nunca tive.\u201d No ano seguinte, ap\u00f3s Epstein deixar a pris\u00e3o, Ferguson chegou a dizer-lhe \u201ccase comigo\u201d. O e-mail consta nos documentos, mas foi divulgado \u00e0 comunica\u00e7\u00e3o social sem contexto. Alguns comentadores sugerem que a mensagem poderia visar proteger Epstein ou aproxim\u00e1-lo da fam\u00edlia real brit\u00e2nica.\" \/>\n<meta property=\"og:url\" content=\"https:\/\/portaltela.pt\/noticias\/2026\/02\/09\/sarah-ferguson-pretendia-casar-com-jeffrey-epstein\/\" \/>\n<meta property=\"og:site_name\" content=\"Portal Tela Portugal\" \/>\n<meta property=\"article:published_time\" content=\"2026-02-09T15:33:00+00:00\" \/>\n<meta name=\"author\" content=\"Telinha\" \/>\n<meta name=\"twitter:card\" content=\"summary_large_image\" \/>\n<meta name=\"twitter:label1\" content=\"Escrito por\" \/>\n\t<meta name=\"twitter:data1\" content=\"Telinha\" \/>\n\t<meta name=\"twitter:label2\" content=\"Tempo estimado de leitura\" \/>\n\t<meta name=\"twitter:data2\" content=\"1 minuto\" \/>\n<script type=\"application\/ld+json\" class=\"yoast-schema-graph\">{\"@context\":\"https:\/\/schema.org\",\"@graph\":[{\"@type\":\"Article\",\"@id\":\"https:\/\/portaltela.pt\/noticias\/2026\/02\/09\/sarah-ferguson-pretendia-casar-com-jeffrey-epstein\/#article\",\"isPartOf\":{\"@id\":\"https:\/\/portaltela.pt\/noticias\/2026\/02\/09\/sarah-ferguson-pretendia-casar-com-jeffrey-epstein\/\"},\"author\":{\"name\":\"Telinha\",\"@id\":\"https:\/\/portaltela.pt\/#\/schema\/person\/c4278d4a6028830caff9ee44b42d32ed\"},\"headline\":\"Sarah Ferguson pretendia casar com Jeffrey Epstein\",\"datePublished\":\"2026-02-09T15:33:00+00:00\",\"mainEntityOfPage\":{\"@id\":\"https:\/\/portaltela.pt\/noticias\/2026\/02\/09\/sarah-ferguson-pretendia-casar-com-jeffrey-epstein\/\"},\"wordCount\":182,\"image\":{\"@id\":\"https:\/\/portaltela.pt\/noticias\/2026\/02\/09\/sarah-ferguson-pretendia-casar-com-jeffrey-epstein\/#primaryimage\"},\"thumbnailUrl\":\"https:\/\/portaltela.pt\/s.01k8rhncp4jt1\/2026\/02\/img_1280x718uu2025-10-21-17-07-51-2243033.jpg\",\"keywords\":[\"crimes sexuais\",\"esc\u00e2ndalos\",\"fam\u00edlia\",\"investiga\u00e7\u00e3o criminal\",\"pessoas p\u00fablicas\",\"Sarah Ferguson\"],\"articleSection\":[\"Internacional\",\"Not\u00edcias\"],\"inLanguage\":\"pt-PT\"},{\"@type\":\"WebPage\",\"@id\":\"https:\/\/portaltela.pt\/noticias\/2026\/02\/09\/sarah-ferguson-pretendia-casar-com-jeffrey-epstein\/\",\"url\":\"https:\/\/portaltela.pt\/noticias\/2026\/02\/09\/sarah-ferguson-pretendia-casar-com-jeffrey-epstein\/\",\"name\":\"Sarah Ferguson pretendia casar com Jeffrey Epstein - Portal Tela Portugal\",\"isPartOf\":{\"@id\":\"https:\/\/portaltela.pt\/#website\"},\"primaryImageOfPage\":{\"@id\":\"https:\/\/portaltela.pt\/noticias\/2026\/02\/09\/sarah-ferguson-pretendia-casar-com-jeffrey-epstein\/#primaryimage\"},\"image\":{\"@id\":\"https:\/\/portaltela.pt\/noticias\/2026\/02\/09\/sarah-ferguson-pretendia-casar-com-jeffrey-epstein\/#primaryimage\"},\"thumbnailUrl\":\"https:\/\/portaltela.pt\/s.01k8rhncp4jt1\/2026\/02\/img_1280x718uu2025-10-21-17-07-51-2243033.jpg\",\"datePublished\":\"2026-02-09T15:33:00+00:00\",\"author\":{\"@id\":\"https:\/\/portaltela.pt\/#\/schema\/person\/c4278d4a6028830caff9ee44b42d32ed\"},\"breadcrumb\":{\"@id\":\"https:\/\/portaltela.pt\/noticias\/2026\/02\/09\/sarah-ferguson-pretendia-casar-com-jeffrey-epstein\/#breadcrumb\"},\"inLanguage\":\"pt-PT\",\"potentialAction\":[{\"@type\":\"ReadAction\",\"target\":[\"https:\/\/portaltela.pt\/noticias\/2026\/02\/09\/sarah-ferguson-pretendia-casar-com-jeffrey-epstein\/\"]}]},{\"@type\":\"ImageObject\",\"inLanguage\":\"pt-PT\",\"@id\":\"https:\/\/portaltela.pt\/noticias\/2026\/02\/09\/sarah-ferguson-pretendia-casar-com-jeffrey-epstein\/#primaryimage\",\"url\":\"https:\/\/portaltela.pt\/s.01k8rhncp4jt1\/2026\/02\/img_1280x718uu2025-10-21-17-07-51-2243033.jpg\",\"contentUrl\":\"https:\/\/portaltela.pt\/s.01k8rhncp4jt1\/2026\/02\/img_1280x718uu2025-10-21-17-07-51-2243033.jpg\",\"width\":796,\"height\":448,\"caption\":\"Sarah Ferguson sorri e acena com uma luva preta\"},{\"@type\":\"BreadcrumbList\",\"@id\":\"https:\/\/portaltela.pt\/noticias\/2026\/02\/09\/sarah-ferguson-pretendia-casar-com-jeffrey-epstein\/#breadcrumb\",\"itemListElement\":[{\"@type\":\"ListItem\",\"position\":1,\"name\":\"In\u00edcio\",\"item\":\"https:\/\/portaltela.pt\/\"},{\"@type\":\"ListItem\",\"position\":2,\"name\":\"Sarah Ferguson pretendia casar com Jeffrey Epstein\"}]},{\"@type\":\"WebSite\",\"@id\":\"https:\/\/portaltela.pt\/#website\",\"url\":\"https:\/\/portaltela.pt\/\",\"name\":\"Portal Tela Portugal\",\"description\":\"\",\"potentialAction\":[{\"@type\":\"SearchAction\",\"target\":{\"@type\":\"EntryPoint\",\"urlTemplate\":\"https:\/\/portaltela.pt\/?s={search_term_string}\"},\"query-input\":{\"@type\":\"PropertyValueSpecification\",\"valueRequired\":true,\"valueName\":\"search_term_string\"}}],\"inLanguage\":\"pt-PT\"},{\"@type\":\"Person\",\"@id\":\"https:\/\/portaltela.pt\/#\/schema\/person\/c4278d4a6028830caff9ee44b42d32ed\",\"name\":\"Telinha\",\"image\":{\"@type\":\"ImageObject\",\"inLanguage\":\"pt-PT\",\"@id\":\"https:\/\/portaltela.pt\/s.01k8rhncp4jt1\/2025\/11\/talking-bot-125x125.png\",\"url\":\"https:\/\/portaltela.pt\/s.01k8rhncp4jt1\/2025\/11\/talking-bot-125x125.png\",\"contentUrl\":\"https:\/\/portaltela.pt\/s.01k8rhncp4jt1\/2025\/11\/talking-bot-125x125.png\",\"caption\":\"Telinha\"},\"sameAs\":[\"https:\/\/portaltela.pt\/\"],\"url\":\"https:\/\/portaltela.pt\/por\/367410592786\/\"}]}<\/script>\n<!-- \/ Yoast SEO plugin. -->","yoast_head_json":{"title":"Sarah Ferguson pretendia casar com Jeffrey Epstein - Portal Tela Portugal","robots":{"index":"index","follow":"follow","max-snippet":"max-snippet:-1","max-image-preview":"max-image-preview:large","max-video-preview":"max-video-preview:-1"},"og_locale":"pt_PT","og_type":"article","og_title":"Sarah Ferguson pretendia casar com Jeffrey Epstein - Portal Tela Portugal","og_description":"Epstein correu uma onda de divulga\u00e7\u00e3o de dossi\u00eas; Sarah Ferguson, de 66 anos, surge com mensagens comprometedoras. Em 2009, a ex-duquesa escreveu: \u201cObrigada Jeffrey, por ser o irm\u00e3o que nunca tive.\u201d No ano seguinte, ap\u00f3s Epstein deixar a pris\u00e3o, Ferguson chegou a dizer-lhe \u201ccase comigo\u201d. O e-mail consta nos documentos, mas foi divulgado \u00e0 comunica\u00e7\u00e3o social sem contexto. Alguns comentadores sugerem que a mensagem poderia visar proteger Epstein ou aproxim\u00e1-lo da fam\u00edlia real brit\u00e2nica.","og_url":"https:\/\/portaltela.pt\/noticias\/2026\/02\/09\/sarah-ferguson-pretendia-casar-com-jeffrey-epstein\/","og_site_name":"Portal Tela Portugal","article_published_time":"2026-02-09T15:33:00+00:00","author":"Telinha","twitter_card":"summary_large_image","twitter_misc":{"Escrito por":"Telinha","Tempo estimado de leitura":"1 minuto"},"schema":{"@context":"https:\/\/schema.org","@graph":[{"@type":"Article","@id":"https:\/\/portaltela.pt\/noticias\/2026\/02\/09\/sarah-ferguson-pretendia-casar-com-jeffrey-epstein\/#article","isPartOf":{"@id":"https:\/\/portaltela.pt\/noticias\/2026\/02\/09\/sarah-ferguson-pretendia-casar-com-jeffrey-epstein\/"},"author":{"name":"Telinha","@id":"https:\/\/portaltela.pt\/#\/schema\/person\/c4278d4a6028830caff9ee44b42d32ed"},"headline":"Sarah Ferguson pretendia casar com Jeffrey Epstein","datePublished":"2026-02-09T15:33:00+00:00","mainEntityOfPage":{"@id":"https:\/\/portaltela.pt\/noticias\/2026\/02\/09\/sarah-ferguson-pretendia-casar-com-jeffrey-epstein\/"},"wordCount":182,"image":{"@id":"https:\/\/portaltela.pt\/noticias\/2026\/02\/09\/sarah-ferguson-pretendia-casar-com-jeffrey-epstein\/#primaryimage"},"thumbnailUrl":"https:\/\/portaltela.pt\/s.01k8rhncp4jt1\/2026\/02\/img_1280x718uu2025-10-21-17-07-51-2243033.jpg","keywords":["crimes sexuais","esc\u00e2ndalos","fam\u00edlia","investiga\u00e7\u00e3o criminal","pessoas p\u00fablicas","Sarah Ferguson"],"articleSection":["Internacional","Not\u00edcias"],"inLanguage":"pt-PT"},{"@type":"WebPage","@id":"https:\/\/portaltela.pt\/noticias\/2026\/02\/09\/sarah-ferguson-pretendia-casar-com-jeffrey-epstein\/","url":"https:\/\/portaltela.pt\/noticias\/2026\/02\/09\/sarah-ferguson-pretendia-casar-com-jeffrey-epstein\/","name":"Sarah Ferguson pretendia casar com Jeffrey Epstein - Portal Tela Portugal","isPartOf":{"@id":"https:\/\/portaltela.pt\/#website"},"primaryImageOfPage":{"@id":"https:\/\/portaltela.pt\/noticias\/2026\/02\/09\/sarah-ferguson-pretendia-casar-com-jeffrey-epstein\/#primaryimage"},"image":{"@id":"https:\/\/portaltela.pt\/noticias\/2026\/02\/09\/sarah-ferguson-pretendia-casar-com-jeffrey-epstein\/#primaryimage"},"thumbnailUrl":"https:\/\/portaltela.pt\/s.01k8rhncp4jt1\/2026\/02\/img_1280x718uu2025-10-21-17-07-51-2243033.jpg","datePublished":"2026-02-09T15:33:00+00:00","author":{"@id":"https:\/\/portaltela.pt\/#\/schema\/person\/c4278d4a6028830caff9ee44b42d32ed"},"breadcrumb":{"@id":"https:\/\/portaltela.pt\/noticias\/2026\/02\/09\/sarah-ferguson-pretendia-casar-com-jeffrey-epstein\/#breadcrumb"},"inLanguage":"pt-PT","potentialAction":[{"@type":"ReadAction","target":["https:\/\/portaltela.pt\/noticias\/2026\/02\/09\/sarah-ferguson-pretendia-casar-com-jeffrey-epstein\/"]}]},{"@type":"ImageObject","inLanguage":"pt-PT","@id":"https:\/\/portaltela.pt\/noticias\/2026\/02\/09\/sarah-ferguson-pretendia-casar-com-jeffrey-epstein\/#primaryimage","url":"https:\/\/portaltela.pt\/s.01k8rhncp4jt1\/2026\/02\/img_1280x718uu2025-10-21-17-07-51-2243033.jpg","contentUrl":"https:\/\/portaltela.pt\/s.01k8rhncp4jt1\/2026\/02\/img_1280x718uu2025-10-21-17-07-51-2243033.jpg","width":796,"height":448,"caption":"Sarah Ferguson sorri e acena com uma luva preta"},{"@type":"BreadcrumbList","@id":"https:\/\/portaltela.pt\/noticias\/2026\/02\/09\/sarah-ferguson-pretendia-casar-com-jeffrey-epstein\/#breadcrumb","itemListElement":[{"@type":"ListItem","position":1,"name":"In\u00edcio","item":"https:\/\/portaltela.pt\/"},{"@type":"ListItem","position":2,"name":"Sarah Ferguson pretendia casar com Jeffrey Epstein"}]},{"@type":"WebSite","@id":"https:\/\/portaltela.pt\/#website","url":"https:\/\/portaltela.pt\/","name":"Portal Tela Portugal","description":"","potentialAction":[{"@type":"SearchAction","target":{"@type":"EntryPoint","urlTemplate":"https:\/\/portaltela.pt\/?s={search_term_string}"},"query-input":{"@type":"PropertyValueSpecification","valueRequired":true,"valueName":"search_term_string"}}],"inLanguage":"pt-PT"},{"@type":"Person","@id":"https:\/\/portaltela.pt\/#\/schema\/person\/c4278d4a6028830caff9ee44b42d32ed","name":"Telinha","image":{"@type":"ImageObject","inLanguage":"pt-PT","@id":"https:\/\/portaltela.pt\/s.01k8rhncp4jt1\/2025\/11\/talking-bot-125x125.png","url":"https:\/\/portaltela.pt\/s.01k8rhncp4jt1\/2025\/11\/talking-bot-125x125.png","contentUrl":"https:\/\/portaltela.pt\/s.01k8rhncp4jt1\/2025\/11\/talking-bot-125x125.png","caption":"Telinha"},"sameAs":["https:\/\/portaltela.pt\/"],"url":"https:\/\/portaltela.pt\/por\/367410592786\/"}]}},"_links":{"self":[{"href":"https:\/\/portaltela.pt\/api\/wp\/v2\/posts\/205546","targetHints":{"allow":["GET"]}}],"collection":[{"href":"https:\/\/portaltela.pt\/api\/wp\/v2\/posts"}],"about":[{"href":"https:\/\/portaltela.pt\/api\/wp\/v2\/types\/post"}],"author":[{"embeddable":true,"href":"https:\/\/portaltela.pt\/api\/wp\/v2\/users\/2"}],"replies":[{"embeddable":true,"href":"https:\/\/portaltela.pt\/api\/wp\/v2\/comments?post=205546"}],"version-history":[{"count":0,"href":"https:\/\/portaltela.pt\/api\/wp\/v2\/posts\/205546\/revisions"}],"wp:featuredmedia":[{"embeddable":true,"href":"https:\/\/portaltela.pt\/api\/wp\/v2\/media\/205549"}],"wp:attachment":[{"href":"https:\/\/portaltela.pt\/api\/wp\/v2\/media?parent=205546"}],"wp:term":[{"taxonomy":"category","embeddable":true,"href":"https:\/\/portaltela.pt\/api\/wp\/v2\/categories?post=205546"},{"taxonomy":"post_tag","embeddable":true,"href":"https:\/\/portaltela.pt\/api\/wp\/v2\/tags?post=205546"}],"curies":[{"name":"wp","href":"https:\/\/api.w.org\/{rel}","templated":true}]}}