{"id":205512,"date":"2026-02-09T12:01:45","date_gmt":"2026-02-09T15:01:45","guid":{"rendered":"https:\/\/portaltela.pt\/noticias\/2026\/02\/09\/funcionario-morre-durante-reparacao-da-rede-eletrica-em-leiria-3\/"},"modified":"2026-02-09T12:01:45","modified_gmt":"2026-02-09T15:01:45","slug":"funcionario-morre-durante-reparacao-da-rede-eletrica-em-leiria-3","status":"publish","type":"post","link":"https:\/\/portaltela.pt\/noticias\/2026\/02\/09\/funcionario-morre-durante-reparacao-da-rede-eletrica-em-leiria-3\/","title":{"rendered":"Funcion\u00e1rio morre durante repara\u00e7\u00e3o da rede el\u00e9trica em Leiria"},"content":{"rendered":"<p>Foi registada a morte de um funcion\u00e1rio durante trabalhos de repara\u00e7\u00e3o da rede el\u00e9trica em Leiria. O incidente ocorreu durante opera\u00e7\u00f5es na infraestrutura el\u00e9trica local, provocando uma descarga que resultou na morte do trabalhador.<\/p>\n<p>H\u00e1 tamb\u00e9m um ferido grave, que foi encaminhado para o Hospital de Leiria. A v\u00edtima encontra-se a receber atendimento m\u00e9dico, segundo informa\u00e7\u00f5es preliminares das autoridades.<\/p>\n<p>As circunst\u00e2ncias da descarga est\u00e3o a ser investigadas pelas autoridades competentes. O objetivo \u00e9 esclarecer o que exacto causou o acidente durante as opera\u00e7\u00f5es de manuten\u00e7\u00e3o.<\/p>\n<p>As informa\u00e7\u00f5es dispon\u00edveis s\u00e3o escassas e as autoridades permanecem em sil\u00eancio quanto a detalhes adicionais, incluindo a identidade das v\u00edtimas e a empresa envolvida.<\/p>\n","protected":false},"excerpt":{"rendered":"<ul>\n<li>Um funcion\u00e1rio morreu durante trabalhos de repara\u00e7\u00e3o da rede el\u00e9trica em Leiria.<\/li>\n<li>Um segundo homem ficou ferido grave e foi transportado para o Hospital de Leiria.<\/li>\n<li>As opera\u00e7\u00f5es decorriam na infraestrutura el\u00e9trica local quando ocorreu uma descarga.<\/li>\n<\/ul>\n","protected":false},"author":2,"featured_media":205521,"comment_status":"closed","ping_status":"closed","sticky":false,"template":"","format":"standard","meta":{"footnotes":""},"categories":[1],"tags":[5487,3732,174,1385,4536,2201],"class_list":["post-205512","post","type-post","status-publish","format-standard","has-post-thumbnail","hentry","category-noticias","tag-acidente","tag-eletricidade","tag-energia","tag-leiria","tag-seguranca","tag-trabalho"],"yoast_head":"<!-- This site is optimized with the Yoast SEO plugin v27.2 - https:\/\/yoast.com\/product\/yoast-seo-wordpress\/ -->\n<title>Funcion\u00e1rio morre durante repara\u00e7\u00e3o da rede el\u00e9trica em Leiria - Portal Tela Portugal<\/title>\n<meta name=\"robots\" content=\"index, follow, max-snippet:-1, max-image-preview:large, max-video-preview:-1\" \/>\n<meta property=\"og:locale\" content=\"pt_PT\" \/>\n<meta property=\"og:type\" content=\"article\" \/>\n<meta property=\"og:title\" content=\"Funcion\u00e1rio morre durante repara\u00e7\u00e3o da rede el\u00e9trica em Leiria - Portal Tela Portugal\" \/>\n<meta property=\"og:description\" content=\"Um funcion\u00e1rio morreu durante trabalhos de repara\u00e7\u00e3o da rede el\u00e9trica em Leiria. Um segundo homem ficou ferido grave e foi transportado para o Hospital de Leiria. As opera\u00e7\u00f5es decorriam na infraestrutura el\u00e9trica local quando ocorreu uma descarga.\" \/>\n<meta property=\"og:url\" content=\"https:\/\/portaltela.pt\/noticias\/2026\/02\/09\/funcionario-morre-durante-reparacao-da-rede-eletrica-em-leiria-3\/\" \/>\n<meta property=\"og:site_name\" content=\"Portal Tela Portugal\" \/>\n<meta property=\"article:published_time\" content=\"2026-02-09T15:01:45+00:00\" \/>\n<meta name=\"author\" content=\"Telinha\" \/>\n<meta name=\"twitter:card\" content=\"summary_large_image\" \/>\n<meta name=\"twitter:label1\" content=\"Escrito por\" \/>\n\t<meta name=\"twitter:data1\" content=\"Telinha\" \/>\n\t<meta name=\"twitter:label2\" content=\"Tempo estimado de leitura\" \/>\n\t<meta name=\"twitter:data2\" content=\"1 minuto\" \/>\n<script type=\"application\/ld+json\" class=\"yoast-schema-graph\">{\"@context\":\"https:\/\/schema.org\",\"@graph\":[{\"@type\":\"Article\",\"@id\":\"https:\/\/portaltela.pt\/noticias\/2026\/02\/09\/funcionario-morre-durante-reparacao-da-rede-eletrica-em-leiria-3\/#article\",\"isPartOf\":{\"@id\":\"https:\/\/portaltela.pt\/noticias\/2026\/02\/09\/funcionario-morre-durante-reparacao-da-rede-eletrica-em-leiria-3\/\"},\"author\":{\"name\":\"Telinha\",\"@id\":\"https:\/\/portaltela.pt\/#\/schema\/person\/c4278d4a6028830caff9ee44b42d32ed\"},\"headline\":\"Funcion\u00e1rio morre durante repara\u00e7\u00e3o da rede el\u00e9trica em Leiria\",\"datePublished\":\"2026-02-09T15:01:45+00:00\",\"mainEntityOfPage\":{\"@id\":\"https:\/\/portaltela.pt\/noticias\/2026\/02\/09\/funcionario-morre-durante-reparacao-da-rede-eletrica-em-leiria-3\/\"},\"wordCount\":138,\"image\":{\"@id\":\"https:\/\/portaltela.pt\/noticias\/2026\/02\/09\/funcionario-morre-durante-reparacao-da-rede-eletrica-em-leiria-3\/#primaryimage\"},\"thumbnailUrl\":\"https:\/\/portaltela.pt\/s.01k8rhncp4jt1\/2026\/02\/img_1280x722uu2025-04-28-12-27-00-2205426.jpg\",\"keywords\":[\"acidente\",\"eletricidade\",\"energia\",\"Leiria\",\"seguran\u00e7a\",\"trabalho\"],\"articleSection\":[\"Not\u00edcias\"],\"inLanguage\":\"pt-PT\"},{\"@type\":\"WebPage\",\"@id\":\"https:\/\/portaltela.pt\/noticias\/2026\/02\/09\/funcionario-morre-durante-reparacao-da-rede-eletrica-em-leiria-3\/\",\"url\":\"https:\/\/portaltela.pt\/noticias\/2026\/02\/09\/funcionario-morre-durante-reparacao-da-rede-eletrica-em-leiria-3\/\",\"name\":\"Funcion\u00e1rio morre durante repara\u00e7\u00e3o da rede el\u00e9trica em Leiria - Portal Tela Portugal\",\"isPartOf\":{\"@id\":\"https:\/\/portaltela.pt\/#website\"},\"primaryImageOfPage\":{\"@id\":\"https:\/\/portaltela.pt\/noticias\/2026\/02\/09\/funcionario-morre-durante-reparacao-da-rede-eletrica-em-leiria-3\/#primaryimage\"},\"image\":{\"@id\":\"https:\/\/portaltela.pt\/noticias\/2026\/02\/09\/funcionario-morre-durante-reparacao-da-rede-eletrica-em-leiria-3\/#primaryimage\"},\"thumbnailUrl\":\"https:\/\/portaltela.pt\/s.01k8rhncp4jt1\/2026\/02\/img_1280x722uu2025-04-28-12-27-00-2205426.jpg\",\"datePublished\":\"2026-02-09T15:01:45+00:00\",\"author\":{\"@id\":\"https:\/\/portaltela.pt\/#\/schema\/person\/c4278d4a6028830caff9ee44b42d32ed\"},\"breadcrumb\":{\"@id\":\"https:\/\/portaltela.pt\/noticias\/2026\/02\/09\/funcionario-morre-durante-reparacao-da-rede-eletrica-em-leiria-3\/#breadcrumb\"},\"inLanguage\":\"pt-PT\",\"potentialAction\":[{\"@type\":\"ReadAction\",\"target\":[\"https:\/\/portaltela.pt\/noticias\/2026\/02\/09\/funcionario-morre-durante-reparacao-da-rede-eletrica-em-leiria-3\/\"]}]},{\"@type\":\"ImageObject\",\"inLanguage\":\"pt-PT\",\"@id\":\"https:\/\/portaltela.pt\/noticias\/2026\/02\/09\/funcionario-morre-durante-reparacao-da-rede-eletrica-em-leiria-3\/#primaryimage\",\"url\":\"https:\/\/portaltela.pt\/s.01k8rhncp4jt1\/2026\/02\/img_1280x722uu2025-04-28-12-27-00-2205426.jpg\",\"contentUrl\":\"https:\/\/portaltela.pt\/s.01k8rhncp4jt1\/2026\/02\/img_1280x722uu2025-04-28-12-27-00-2205426.jpg\",\"width\":796,\"height\":448,\"caption\":\"Photo\"},{\"@type\":\"BreadcrumbList\",\"@id\":\"https:\/\/portaltela.pt\/noticias\/2026\/02\/09\/funcionario-morre-durante-reparacao-da-rede-eletrica-em-leiria-3\/#breadcrumb\",\"itemListElement\":[{\"@type\":\"ListItem\",\"position\":1,\"name\":\"In\u00edcio\",\"item\":\"https:\/\/portaltela.pt\/\"},{\"@type\":\"ListItem\",\"position\":2,\"name\":\"Funcion\u00e1rio morre durante repara\u00e7\u00e3o da rede el\u00e9trica em Leiria\"}]},{\"@type\":\"WebSite\",\"@id\":\"https:\/\/portaltela.pt\/#website\",\"url\":\"https:\/\/portaltela.pt\/\",\"name\":\"Portal Tela Portugal\",\"description\":\"\",\"potentialAction\":[{\"@type\":\"SearchAction\",\"target\":{\"@type\":\"EntryPoint\",\"urlTemplate\":\"https:\/\/portaltela.pt\/?s={search_term_string}\"},\"query-input\":{\"@type\":\"PropertyValueSpecification\",\"valueRequired\":true,\"valueName\":\"search_term_string\"}}],\"inLanguage\":\"pt-PT\"},{\"@type\":\"Person\",\"@id\":\"https:\/\/portaltela.pt\/#\/schema\/person\/c4278d4a6028830caff9ee44b42d32ed\",\"name\":\"Telinha\",\"image\":{\"@type\":\"ImageObject\",\"inLanguage\":\"pt-PT\",\"@id\":\"https:\/\/portaltela.pt\/s.01k8rhncp4jt1\/2025\/11\/talking-bot-125x125.png\",\"url\":\"https:\/\/portaltela.pt\/s.01k8rhncp4jt1\/2025\/11\/talking-bot-125x125.png\",\"contentUrl\":\"https:\/\/portaltela.pt\/s.01k8rhncp4jt1\/2025\/11\/talking-bot-125x125.png\",\"caption\":\"Telinha\"},\"sameAs\":[\"https:\/\/portaltela.pt\/\"],\"url\":\"https:\/\/portaltela.pt\/por\/367410592786\/\"}]}<\/script>\n<!-- \/ Yoast SEO plugin. -->","yoast_head_json":{"title":"Funcion\u00e1rio morre durante repara\u00e7\u00e3o da rede el\u00e9trica em Leiria - Portal Tela Portugal","robots":{"index":"index","follow":"follow","max-snippet":"max-snippet:-1","max-image-preview":"max-image-preview:large","max-video-preview":"max-video-preview:-1"},"og_locale":"pt_PT","og_type":"article","og_title":"Funcion\u00e1rio morre durante repara\u00e7\u00e3o da rede el\u00e9trica em Leiria - Portal Tela Portugal","og_description":"Um funcion\u00e1rio morreu durante trabalhos de repara\u00e7\u00e3o da rede el\u00e9trica em Leiria. Um segundo homem ficou ferido grave e foi transportado para o Hospital de Leiria. As opera\u00e7\u00f5es decorriam na infraestrutura el\u00e9trica local quando ocorreu uma descarga.","og_url":"https:\/\/portaltela.pt\/noticias\/2026\/02\/09\/funcionario-morre-durante-reparacao-da-rede-eletrica-em-leiria-3\/","og_site_name":"Portal Tela Portugal","article_published_time":"2026-02-09T15:01:45+00:00","author":"Telinha","twitter_card":"summary_large_image","twitter_misc":{"Escrito por":"Telinha","Tempo estimado de leitura":"1 minuto"},"schema":{"@context":"https:\/\/schema.org","@graph":[{"@type":"Article","@id":"https:\/\/portaltela.pt\/noticias\/2026\/02\/09\/funcionario-morre-durante-reparacao-da-rede-eletrica-em-leiria-3\/#article","isPartOf":{"@id":"https:\/\/portaltela.pt\/noticias\/2026\/02\/09\/funcionario-morre-durante-reparacao-da-rede-eletrica-em-leiria-3\/"},"author":{"name":"Telinha","@id":"https:\/\/portaltela.pt\/#\/schema\/person\/c4278d4a6028830caff9ee44b42d32ed"},"headline":"Funcion\u00e1rio morre durante repara\u00e7\u00e3o da rede el\u00e9trica em Leiria","datePublished":"2026-02-09T15:01:45+00:00","mainEntityOfPage":{"@id":"https:\/\/portaltela.pt\/noticias\/2026\/02\/09\/funcionario-morre-durante-reparacao-da-rede-eletrica-em-leiria-3\/"},"wordCount":138,"image":{"@id":"https:\/\/portaltela.pt\/noticias\/2026\/02\/09\/funcionario-morre-durante-reparacao-da-rede-eletrica-em-leiria-3\/#primaryimage"},"thumbnailUrl":"https:\/\/portaltela.pt\/s.01k8rhncp4jt1\/2026\/02\/img_1280x722uu2025-04-28-12-27-00-2205426.jpg","keywords":["acidente","eletricidade","energia","Leiria","seguran\u00e7a","trabalho"],"articleSection":["Not\u00edcias"],"inLanguage":"pt-PT"},{"@type":"WebPage","@id":"https:\/\/portaltela.pt\/noticias\/2026\/02\/09\/funcionario-morre-durante-reparacao-da-rede-eletrica-em-leiria-3\/","url":"https:\/\/portaltela.pt\/noticias\/2026\/02\/09\/funcionario-morre-durante-reparacao-da-rede-eletrica-em-leiria-3\/","name":"Funcion\u00e1rio morre durante repara\u00e7\u00e3o da rede el\u00e9trica em Leiria - Portal Tela Portugal","isPartOf":{"@id":"https:\/\/portaltela.pt\/#website"},"primaryImageOfPage":{"@id":"https:\/\/portaltela.pt\/noticias\/2026\/02\/09\/funcionario-morre-durante-reparacao-da-rede-eletrica-em-leiria-3\/#primaryimage"},"image":{"@id":"https:\/\/portaltela.pt\/noticias\/2026\/02\/09\/funcionario-morre-durante-reparacao-da-rede-eletrica-em-leiria-3\/#primaryimage"},"thumbnailUrl":"https:\/\/portaltela.pt\/s.01k8rhncp4jt1\/2026\/02\/img_1280x722uu2025-04-28-12-27-00-2205426.jpg","datePublished":"2026-02-09T15:01:45+00:00","author":{"@id":"https:\/\/portaltela.pt\/#\/schema\/person\/c4278d4a6028830caff9ee44b42d32ed"},"breadcrumb":{"@id":"https:\/\/portaltela.pt\/noticias\/2026\/02\/09\/funcionario-morre-durante-reparacao-da-rede-eletrica-em-leiria-3\/#breadcrumb"},"inLanguage":"pt-PT","potentialAction":[{"@type":"ReadAction","target":["https:\/\/portaltela.pt\/noticias\/2026\/02\/09\/funcionario-morre-durante-reparacao-da-rede-eletrica-em-leiria-3\/"]}]},{"@type":"ImageObject","inLanguage":"pt-PT","@id":"https:\/\/portaltela.pt\/noticias\/2026\/02\/09\/funcionario-morre-durante-reparacao-da-rede-eletrica-em-leiria-3\/#primaryimage","url":"https:\/\/portaltela.pt\/s.01k8rhncp4jt1\/2026\/02\/img_1280x722uu2025-04-28-12-27-00-2205426.jpg","contentUrl":"https:\/\/portaltela.pt\/s.01k8rhncp4jt1\/2026\/02\/img_1280x722uu2025-04-28-12-27-00-2205426.jpg","width":796,"height":448,"caption":"Photo"},{"@type":"BreadcrumbList","@id":"https:\/\/portaltela.pt\/noticias\/2026\/02\/09\/funcionario-morre-durante-reparacao-da-rede-eletrica-em-leiria-3\/#breadcrumb","itemListElement":[{"@type":"ListItem","position":1,"name":"In\u00edcio","item":"https:\/\/portaltela.pt\/"},{"@type":"ListItem","position":2,"name":"Funcion\u00e1rio morre durante repara\u00e7\u00e3o da rede el\u00e9trica em Leiria"}]},{"@type":"WebSite","@id":"https:\/\/portaltela.pt\/#website","url":"https:\/\/portaltela.pt\/","name":"Portal Tela Portugal","description":"","potentialAction":[{"@type":"SearchAction","target":{"@type":"EntryPoint","urlTemplate":"https:\/\/portaltela.pt\/?s={search_term_string}"},"query-input":{"@type":"PropertyValueSpecification","valueRequired":true,"valueName":"search_term_string"}}],"inLanguage":"pt-PT"},{"@type":"Person","@id":"https:\/\/portaltela.pt\/#\/schema\/person\/c4278d4a6028830caff9ee44b42d32ed","name":"Telinha","image":{"@type":"ImageObject","inLanguage":"pt-PT","@id":"https:\/\/portaltela.pt\/s.01k8rhncp4jt1\/2025\/11\/talking-bot-125x125.png","url":"https:\/\/portaltela.pt\/s.01k8rhncp4jt1\/2025\/11\/talking-bot-125x125.png","contentUrl":"https:\/\/portaltela.pt\/s.01k8rhncp4jt1\/2025\/11\/talking-bot-125x125.png","caption":"Telinha"},"sameAs":["https:\/\/portaltela.pt\/"],"url":"https:\/\/portaltela.pt\/por\/367410592786\/"}]}},"_links":{"self":[{"href":"https:\/\/portaltela.pt\/api\/wp\/v2\/posts\/205512","targetHints":{"allow":["GET"]}}],"collection":[{"href":"https:\/\/portaltela.pt\/api\/wp\/v2\/posts"}],"about":[{"href":"https:\/\/portaltela.pt\/api\/wp\/v2\/types\/post"}],"author":[{"embeddable":true,"href":"https:\/\/portaltela.pt\/api\/wp\/v2\/users\/2"}],"replies":[{"embeddable":true,"href":"https:\/\/portaltela.pt\/api\/wp\/v2\/comments?post=205512"}],"version-history":[{"count":0,"href":"https:\/\/portaltela.pt\/api\/wp\/v2\/posts\/205512\/revisions"}],"wp:featuredmedia":[{"embeddable":true,"href":"https:\/\/portaltela.pt\/api\/wp\/v2\/media\/205521"}],"wp:attachment":[{"href":"https:\/\/portaltela.pt\/api\/wp\/v2\/media?parent=205512"}],"wp:term":[{"taxonomy":"category","embeddable":true,"href":"https:\/\/portaltela.pt\/api\/wp\/v2\/categories?post=205512"},{"taxonomy":"post_tag","embeddable":true,"href":"https:\/\/portaltela.pt\/api\/wp\/v2\/tags?post=205512"}],"curies":[{"name":"wp","href":"https:\/\/api.w.org\/{rel}","templated":true}]}}