{"id":205482,"date":"2026-02-09T12:00:19","date_gmt":"2026-02-09T15:00:19","guid":{"rendered":"https:\/\/portaltela.pt\/noticias\/2026\/02\/09\/clarins-revela-inovacao-em-maquilhagem-que-transforma-a-pele\/"},"modified":"2026-02-09T12:00:19","modified_gmt":"2026-02-09T15:00:19","slug":"clarins-revela-inovacao-em-maquilhagem-que-transforma-a-pele","status":"publish","type":"post","link":"https:\/\/portaltela.pt\/noticias\/2026\/02\/09\/clarins-revela-inovacao-em-maquilhagem-que-transforma-a-pele\/","title":{"rendered":"Clarins revela inova\u00e7\u00e3o em maquilhagem que transforma a pele"},"content":{"rendered":"<p>Clarins revelou o lan\u00e7amento Double Serum Foundation, a primeira base em dupla-fase da marca, baseada na tecnologia Double Serum. A f\u00f3rmula combina benef\u00edcios de maquilhagem com cuidados para a pele, promovendo luminosidade instant\u00e2nea e melhoria de textura a longo prazo.<\/p>\n<p>A base utiliza um sistema de duas fases separadas \u2013 Cor e H\u00eddrica \u2013 que se unem apenas na aplica\u00e7\u00e3o. Esta separa\u00e7\u00e3o permite manter ativos que seriam incompat\u00edveis at\u00e9 o momento de uso, assegurando efic\u00e1cia de mol\u00e9culas antienvelhecimento.<\/p>\n<p>A tecnologia A.U.R.A. (Advanced Ultra Radiance Amplifier) de curto prazo inclui microcristais de reflex\u00e3o de luz, oferecendo luminosidade multidimensional j\u00e1 na passagem da aplica\u00e7\u00e3o. A fase H\u00eddrica, a longo prazo, cont\u00e9m papa\u00edna estabilizada para esfolia\u00e7\u00e3o suave.<\/p>\n<p>A dupla radi\u00e2ncia resulta da combina\u00e7\u00e3o entre brilho imediato e melhoria gradual da luminosidade da pele. A Clarins afirma aumentos de at\u00e9 +58% na tez luminosa e +52% na refina\u00e7\u00e3o da pele, com efeitos observados ao longo do tempo.<\/p>\n<p>O frasco de 30 ml traz um sistema dual-pump, com propor\u00e7\u00e3o exclusiva 2\/3 de Cor e 1\/3 H\u00eddrica, assegurando uma dosagem personalizada. A textura \u00e9 descrita como leve, respir\u00e1vel e n\u00e3o oleosa, com cobertura m\u00e9dia a alta constru\u00edvel.<\/p>\n<p>Testes de consumidor indicam que 96% das mulheres consideram a textura n\u00e3o oleosa e que o produto oferece hidrata\u00e7\u00e3o e conforto at\u00e9 12 horas. A base cont\u00e9m 14 ingredientes ativos, incluindo 9 extratos vegetais e 5 mol\u00e9culas, com 85% de origem natural e 7 ingredientes de agricultura biol\u00f3gica.<\/p>\n<p>Entre os ingredientes, o extrato de curcuma atua no suporte \u00e0 hidrata\u00e7\u00e3o, nutri\u00e7\u00e3o, prote\u00e7\u00e3o, oxigena\u00e7\u00e3o e regenera\u00e7\u00e3o, enquanto a papaia fornece a papa\u00edna estabilizada. A f\u00f3rmula tamb\u00e9m utiliza extratos de medronheiro org\u00e2nico para refinar a textura e reduzir a visibilidade de poros.<\/p>\n<p>A linha de tons oferece 12 op\u00e7\u00f5es dispon\u00edveis em Portugal, com o total de 37 tonalidades dispon\u00edveis no site clarins.pt. A sele\u00e7\u00e3o foi desenvolvida e testada com um painel multi\u00e9tnico de 213 mulheres para uma correspond\u00eancia precisa.<\/p>\n<h3>Materiais de apoio e acess\u00f3rios<\/h3>\n<p>Um pincel inspirado no Gua Sha, design de Foundation Brush, facilita movimentos ascendentes para um efeito lifting e aplica\u00e7\u00e3o uniforme. Em testes, 98% das utilizadoras observaram melhoria na aplica\u00e7\u00e3o e 95% sentiram efeito lifting com uso regular.<\/p>\n<p>Resultados de uso conjunto tamb\u00e9m foram avaliados: 87% das mulheres percebem efic\u00e1cia refor\u00e7ada ao combinar Double Serum Foundation com Double Serum ou Double Serum Light. Afirmam ainda melhorias de firmeza de +36% e redu\u00e7\u00e3o de rugas de -28% ap\u00f3s 28 dias.<\/p>\n<p>A base j\u00e1 est\u00e1 dispon\u00edvel na loja online da Clarins em Portugal. A Double Serum Foundation e o Gua sha-inspired Foundation Brush chegam a perfumarias e pontos de venda autorizados em fevereiro, com PVP de 62\u20ac para a base e 53\u20ac para o pincel.<\/p>\n","protected":false},"excerpt":{"rendered":"<ul>\n<li>Clarins lan\u00e7a Double Serum Foundation, a primeira base em dupla-fase da marca, com tecnologia Double Serum e 14 ingredientes ativos, 85% de origem natural.<\/li>\n<li>A f\u00f3rmula combina duas fases \u2014 Cor e H\u00eddrica \u2014 que se misturam na aplica\u00e7\u00e3o, com sistema de dupla c\u00e2mara 2\/3 de Cor e 1\/3 H\u00eddrica para manter separados ingredientes como papa\u00edna estabilizada at\u00e9 \u00e0 aplica\u00e7\u00e3o.<\/li>\n<li>A inova\u00e7\u00e3o inclui a A.U.R.A. Technology para luminosidade instant\u00e2nea e uma fase H\u00eddrica com papa\u00edna estabilizada para melhoria gradual da textura e reflex\u00e3o da pele.<\/li>\n<li>A base promete fonte de luminosidade imediata, hidrata\u00e7\u00e3o e conforto at\u00e9 12 horas, com resultados adicionais quando usada em conjunto com Double Serum, como maior firmeza e redu\u00e7\u00e3o vis\u00edvel de rugas.<\/li>\n<li>Disponibilidade: j\u00e1 \u00e0 venda online em clarins.pt; chegar\u00e1 \u00e0s perfumarias e pontos de venda autorizados em Portugal em fevereiro, com 12 tons no mercado portugu\u00eas (dos 37 dispon\u00edveis) e pre\u00e7o de 62 euros para a base (53 euros para o pincel).<\/li>\n<\/ul>\n","protected":false},"author":2,"featured_media":205487,"comment_status":"closed","ping_status":"closed","sticky":false,"template":"","format":"standard","meta":{"footnotes":""},"categories":[1],"tags":[33,129,1217,1014,153],"class_list":["post-205482","post","type-post","status-publish","format-standard","has-post-thumbnail","hentry","category-noticias","tag-inovacao","tag-lancamentos","tag-maquilhagem","tag-portugal","tag-tecnologia"],"yoast_head":"<!-- This site is optimized with the Yoast SEO plugin v27.2 - https:\/\/yoast.com\/product\/yoast-seo-wordpress\/ -->\n<title>Clarins revela inova\u00e7\u00e3o em maquilhagem que transforma a pele - Portal Tela Portugal<\/title>\n<meta name=\"robots\" content=\"index, follow, max-snippet:-1, max-image-preview:large, max-video-preview:-1\" \/>\n<meta property=\"og:locale\" content=\"pt_PT\" \/>\n<meta property=\"og:type\" content=\"article\" \/>\n<meta property=\"og:title\" content=\"Clarins revela inova\u00e7\u00e3o em maquilhagem que transforma a pele - Portal Tela Portugal\" \/>\n<meta property=\"og:description\" content=\"Clarins lan\u00e7a Double Serum Foundation, a primeira base em dupla-fase da marca, com tecnologia Double Serum e 14 ingredientes ativos, 85% de origem natural. A f\u00f3rmula combina duas fases \u2014 Cor e H\u00eddrica \u2014 que se misturam na aplica\u00e7\u00e3o, com sistema de dupla c\u00e2mara 2\/3 de Cor e 1\/3 H\u00eddrica para manter separados ingredientes como papa\u00edna estabilizada at\u00e9 \u00e0 aplica\u00e7\u00e3o. A inova\u00e7\u00e3o inclui a A.U.R.A. Technology para luminosidade instant\u00e2nea e uma fase H\u00eddrica com papa\u00edna estabilizada para melhoria gradual da textura e reflex\u00e3o da pele. A base promete fonte de luminosidade imediata, hidrata\u00e7\u00e3o e conforto at\u00e9 12 horas, com resultados adicionais quando usada em conjunto com Double Serum, como maior firmeza e redu\u00e7\u00e3o vis\u00edvel de rugas. Disponibilidade: j\u00e1 \u00e0 venda online em clarins.pt; chegar\u00e1 \u00e0s perfumarias e pontos de venda autorizados em Portugal em fevereiro, com 12 tons no mercado portugu\u00eas (dos 37 dispon\u00edveis) e pre\u00e7o de 62 euros para a base (53 euros para o pincel).\" \/>\n<meta property=\"og:url\" content=\"https:\/\/portaltela.pt\/noticias\/2026\/02\/09\/clarins-revela-inovacao-em-maquilhagem-que-transforma-a-pele\/\" \/>\n<meta property=\"og:site_name\" content=\"Portal Tela Portugal\" \/>\n<meta property=\"article:published_time\" content=\"2026-02-09T15:00:19+00:00\" \/>\n<meta name=\"author\" content=\"Telinha\" \/>\n<meta name=\"twitter:card\" content=\"summary_large_image\" \/>\n<meta name=\"twitter:label1\" content=\"Escrito por\" \/>\n\t<meta name=\"twitter:data1\" content=\"Telinha\" \/>\n\t<meta name=\"twitter:label2\" content=\"Tempo estimado de leitura\" \/>\n\t<meta name=\"twitter:data2\" content=\"2 minutos\" \/>\n<script type=\"application\/ld+json\" class=\"yoast-schema-graph\">{\"@context\":\"https:\/\/schema.org\",\"@graph\":[{\"@type\":\"Article\",\"@id\":\"https:\/\/portaltela.pt\/noticias\/2026\/02\/09\/clarins-revela-inovacao-em-maquilhagem-que-transforma-a-pele\/#article\",\"isPartOf\":{\"@id\":\"https:\/\/portaltela.pt\/noticias\/2026\/02\/09\/clarins-revela-inovacao-em-maquilhagem-que-transforma-a-pele\/\"},\"author\":{\"name\":\"Telinha\",\"@id\":\"https:\/\/portaltela.pt\/#\/schema\/person\/c4278d4a6028830caff9ee44b42d32ed\"},\"headline\":\"Clarins revela inova\u00e7\u00e3o em maquilhagem que transforma a pele\",\"datePublished\":\"2026-02-09T15:00:19+00:00\",\"mainEntityOfPage\":{\"@id\":\"https:\/\/portaltela.pt\/noticias\/2026\/02\/09\/clarins-revela-inovacao-em-maquilhagem-que-transforma-a-pele\/\"},\"wordCount\":487,\"image\":{\"@id\":\"https:\/\/portaltela.pt\/noticias\/2026\/02\/09\/clarins-revela-inovacao-em-maquilhagem-que-transforma-a-pele\/#primaryimage\"},\"thumbnailUrl\":\"https:\/\/portaltela.pt\/s.01k8rhncp4jt1\/2026\/02\/img_1280x721uu2026-02-09-14-59-53-2265883.jpg\",\"keywords\":[\"inova\u00e7\u00e3o\",\"lancamentos\",\"maquilhagem\",\"Portugal\",\"tecnologia\"],\"articleSection\":[\"Not\u00edcias\"],\"inLanguage\":\"pt-PT\"},{\"@type\":\"WebPage\",\"@id\":\"https:\/\/portaltela.pt\/noticias\/2026\/02\/09\/clarins-revela-inovacao-em-maquilhagem-que-transforma-a-pele\/\",\"url\":\"https:\/\/portaltela.pt\/noticias\/2026\/02\/09\/clarins-revela-inovacao-em-maquilhagem-que-transforma-a-pele\/\",\"name\":\"Clarins revela inova\u00e7\u00e3o em maquilhagem que transforma a pele - Portal Tela Portugal\",\"isPartOf\":{\"@id\":\"https:\/\/portaltela.pt\/#website\"},\"primaryImageOfPage\":{\"@id\":\"https:\/\/portaltela.pt\/noticias\/2026\/02\/09\/clarins-revela-inovacao-em-maquilhagem-que-transforma-a-pele\/#primaryimage\"},\"image\":{\"@id\":\"https:\/\/portaltela.pt\/noticias\/2026\/02\/09\/clarins-revela-inovacao-em-maquilhagem-que-transforma-a-pele\/#primaryimage\"},\"thumbnailUrl\":\"https:\/\/portaltela.pt\/s.01k8rhncp4jt1\/2026\/02\/img_1280x721uu2026-02-09-14-59-53-2265883.jpg\",\"datePublished\":\"2026-02-09T15:00:19+00:00\",\"author\":{\"@id\":\"https:\/\/portaltela.pt\/#\/schema\/person\/c4278d4a6028830caff9ee44b42d32ed\"},\"breadcrumb\":{\"@id\":\"https:\/\/portaltela.pt\/noticias\/2026\/02\/09\/clarins-revela-inovacao-em-maquilhagem-que-transforma-a-pele\/#breadcrumb\"},\"inLanguage\":\"pt-PT\",\"potentialAction\":[{\"@type\":\"ReadAction\",\"target\":[\"https:\/\/portaltela.pt\/noticias\/2026\/02\/09\/clarins-revela-inovacao-em-maquilhagem-que-transforma-a-pele\/\"]}]},{\"@type\":\"ImageObject\",\"inLanguage\":\"pt-PT\",\"@id\":\"https:\/\/portaltela.pt\/noticias\/2026\/02\/09\/clarins-revela-inovacao-em-maquilhagem-que-transforma-a-pele\/#primaryimage\",\"url\":\"https:\/\/portaltela.pt\/s.01k8rhncp4jt1\/2026\/02\/img_1280x721uu2026-02-09-14-59-53-2265883.jpg\",\"contentUrl\":\"https:\/\/portaltela.pt\/s.01k8rhncp4jt1\/2026\/02\/img_1280x721uu2026-02-09-14-59-53-2265883.jpg\",\"width\":796,\"height\":448,\"caption\":\"Clarins Double Serum Foundation: pele transformada com inova\u00e7\u00e3o\"},{\"@type\":\"BreadcrumbList\",\"@id\":\"https:\/\/portaltela.pt\/noticias\/2026\/02\/09\/clarins-revela-inovacao-em-maquilhagem-que-transforma-a-pele\/#breadcrumb\",\"itemListElement\":[{\"@type\":\"ListItem\",\"position\":1,\"name\":\"In\u00edcio\",\"item\":\"https:\/\/portaltela.pt\/\"},{\"@type\":\"ListItem\",\"position\":2,\"name\":\"Clarins revela inova\u00e7\u00e3o em maquilhagem que transforma a pele\"}]},{\"@type\":\"WebSite\",\"@id\":\"https:\/\/portaltela.pt\/#website\",\"url\":\"https:\/\/portaltela.pt\/\",\"name\":\"Portal Tela Portugal\",\"description\":\"\",\"potentialAction\":[{\"@type\":\"SearchAction\",\"target\":{\"@type\":\"EntryPoint\",\"urlTemplate\":\"https:\/\/portaltela.pt\/?s={search_term_string}\"},\"query-input\":{\"@type\":\"PropertyValueSpecification\",\"valueRequired\":true,\"valueName\":\"search_term_string\"}}],\"inLanguage\":\"pt-PT\"},{\"@type\":\"Person\",\"@id\":\"https:\/\/portaltela.pt\/#\/schema\/person\/c4278d4a6028830caff9ee44b42d32ed\",\"name\":\"Telinha\",\"image\":{\"@type\":\"ImageObject\",\"inLanguage\":\"pt-PT\",\"@id\":\"https:\/\/portaltela.pt\/s.01k8rhncp4jt1\/2025\/11\/talking-bot-125x125.png\",\"url\":\"https:\/\/portaltela.pt\/s.01k8rhncp4jt1\/2025\/11\/talking-bot-125x125.png\",\"contentUrl\":\"https:\/\/portaltela.pt\/s.01k8rhncp4jt1\/2025\/11\/talking-bot-125x125.png\",\"caption\":\"Telinha\"},\"sameAs\":[\"https:\/\/portaltela.pt\/\"],\"url\":\"https:\/\/portaltela.pt\/por\/367410592786\/\"}]}<\/script>\n<!-- \/ Yoast SEO plugin. -->","yoast_head_json":{"title":"Clarins revela inova\u00e7\u00e3o em maquilhagem que transforma a pele - Portal Tela Portugal","robots":{"index":"index","follow":"follow","max-snippet":"max-snippet:-1","max-image-preview":"max-image-preview:large","max-video-preview":"max-video-preview:-1"},"og_locale":"pt_PT","og_type":"article","og_title":"Clarins revela inova\u00e7\u00e3o em maquilhagem que transforma a pele - Portal Tela Portugal","og_description":"Clarins lan\u00e7a Double Serum Foundation, a primeira base em dupla-fase da marca, com tecnologia Double Serum e 14 ingredientes ativos, 85% de origem natural. A f\u00f3rmula combina duas fases \u2014 Cor e H\u00eddrica \u2014 que se misturam na aplica\u00e7\u00e3o, com sistema de dupla c\u00e2mara 2\/3 de Cor e 1\/3 H\u00eddrica para manter separados ingredientes como papa\u00edna estabilizada at\u00e9 \u00e0 aplica\u00e7\u00e3o. A inova\u00e7\u00e3o inclui a A.U.R.A. Technology para luminosidade instant\u00e2nea e uma fase H\u00eddrica com papa\u00edna estabilizada para melhoria gradual da textura e reflex\u00e3o da pele. A base promete fonte de luminosidade imediata, hidrata\u00e7\u00e3o e conforto at\u00e9 12 horas, com resultados adicionais quando usada em conjunto com Double Serum, como maior firmeza e redu\u00e7\u00e3o vis\u00edvel de rugas. Disponibilidade: j\u00e1 \u00e0 venda online em clarins.pt; chegar\u00e1 \u00e0s perfumarias e pontos de venda autorizados em Portugal em fevereiro, com 12 tons no mercado portugu\u00eas (dos 37 dispon\u00edveis) e pre\u00e7o de 62 euros para a base (53 euros para o pincel).","og_url":"https:\/\/portaltela.pt\/noticias\/2026\/02\/09\/clarins-revela-inovacao-em-maquilhagem-que-transforma-a-pele\/","og_site_name":"Portal Tela Portugal","article_published_time":"2026-02-09T15:00:19+00:00","author":"Telinha","twitter_card":"summary_large_image","twitter_misc":{"Escrito por":"Telinha","Tempo estimado de leitura":"2 minutos"},"schema":{"@context":"https:\/\/schema.org","@graph":[{"@type":"Article","@id":"https:\/\/portaltela.pt\/noticias\/2026\/02\/09\/clarins-revela-inovacao-em-maquilhagem-que-transforma-a-pele\/#article","isPartOf":{"@id":"https:\/\/portaltela.pt\/noticias\/2026\/02\/09\/clarins-revela-inovacao-em-maquilhagem-que-transforma-a-pele\/"},"author":{"name":"Telinha","@id":"https:\/\/portaltela.pt\/#\/schema\/person\/c4278d4a6028830caff9ee44b42d32ed"},"headline":"Clarins revela inova\u00e7\u00e3o em maquilhagem que transforma a pele","datePublished":"2026-02-09T15:00:19+00:00","mainEntityOfPage":{"@id":"https:\/\/portaltela.pt\/noticias\/2026\/02\/09\/clarins-revela-inovacao-em-maquilhagem-que-transforma-a-pele\/"},"wordCount":487,"image":{"@id":"https:\/\/portaltela.pt\/noticias\/2026\/02\/09\/clarins-revela-inovacao-em-maquilhagem-que-transforma-a-pele\/#primaryimage"},"thumbnailUrl":"https:\/\/portaltela.pt\/s.01k8rhncp4jt1\/2026\/02\/img_1280x721uu2026-02-09-14-59-53-2265883.jpg","keywords":["inova\u00e7\u00e3o","lancamentos","maquilhagem","Portugal","tecnologia"],"articleSection":["Not\u00edcias"],"inLanguage":"pt-PT"},{"@type":"WebPage","@id":"https:\/\/portaltela.pt\/noticias\/2026\/02\/09\/clarins-revela-inovacao-em-maquilhagem-que-transforma-a-pele\/","url":"https:\/\/portaltela.pt\/noticias\/2026\/02\/09\/clarins-revela-inovacao-em-maquilhagem-que-transforma-a-pele\/","name":"Clarins revela inova\u00e7\u00e3o em maquilhagem que transforma a pele - Portal Tela Portugal","isPartOf":{"@id":"https:\/\/portaltela.pt\/#website"},"primaryImageOfPage":{"@id":"https:\/\/portaltela.pt\/noticias\/2026\/02\/09\/clarins-revela-inovacao-em-maquilhagem-que-transforma-a-pele\/#primaryimage"},"image":{"@id":"https:\/\/portaltela.pt\/noticias\/2026\/02\/09\/clarins-revela-inovacao-em-maquilhagem-que-transforma-a-pele\/#primaryimage"},"thumbnailUrl":"https:\/\/portaltela.pt\/s.01k8rhncp4jt1\/2026\/02\/img_1280x721uu2026-02-09-14-59-53-2265883.jpg","datePublished":"2026-02-09T15:00:19+00:00","author":{"@id":"https:\/\/portaltela.pt\/#\/schema\/person\/c4278d4a6028830caff9ee44b42d32ed"},"breadcrumb":{"@id":"https:\/\/portaltela.pt\/noticias\/2026\/02\/09\/clarins-revela-inovacao-em-maquilhagem-que-transforma-a-pele\/#breadcrumb"},"inLanguage":"pt-PT","potentialAction":[{"@type":"ReadAction","target":["https:\/\/portaltela.pt\/noticias\/2026\/02\/09\/clarins-revela-inovacao-em-maquilhagem-que-transforma-a-pele\/"]}]},{"@type":"ImageObject","inLanguage":"pt-PT","@id":"https:\/\/portaltela.pt\/noticias\/2026\/02\/09\/clarins-revela-inovacao-em-maquilhagem-que-transforma-a-pele\/#primaryimage","url":"https:\/\/portaltela.pt\/s.01k8rhncp4jt1\/2026\/02\/img_1280x721uu2026-02-09-14-59-53-2265883.jpg","contentUrl":"https:\/\/portaltela.pt\/s.01k8rhncp4jt1\/2026\/02\/img_1280x721uu2026-02-09-14-59-53-2265883.jpg","width":796,"height":448,"caption":"Clarins Double Serum Foundation: pele transformada com inova\u00e7\u00e3o"},{"@type":"BreadcrumbList","@id":"https:\/\/portaltela.pt\/noticias\/2026\/02\/09\/clarins-revela-inovacao-em-maquilhagem-que-transforma-a-pele\/#breadcrumb","itemListElement":[{"@type":"ListItem","position":1,"name":"In\u00edcio","item":"https:\/\/portaltela.pt\/"},{"@type":"ListItem","position":2,"name":"Clarins revela inova\u00e7\u00e3o em maquilhagem que transforma a pele"}]},{"@type":"WebSite","@id":"https:\/\/portaltela.pt\/#website","url":"https:\/\/portaltela.pt\/","name":"Portal Tela Portugal","description":"","potentialAction":[{"@type":"SearchAction","target":{"@type":"EntryPoint","urlTemplate":"https:\/\/portaltela.pt\/?s={search_term_string}"},"query-input":{"@type":"PropertyValueSpecification","valueRequired":true,"valueName":"search_term_string"}}],"inLanguage":"pt-PT"},{"@type":"Person","@id":"https:\/\/portaltela.pt\/#\/schema\/person\/c4278d4a6028830caff9ee44b42d32ed","name":"Telinha","image":{"@type":"ImageObject","inLanguage":"pt-PT","@id":"https:\/\/portaltela.pt\/s.01k8rhncp4jt1\/2025\/11\/talking-bot-125x125.png","url":"https:\/\/portaltela.pt\/s.01k8rhncp4jt1\/2025\/11\/talking-bot-125x125.png","contentUrl":"https:\/\/portaltela.pt\/s.01k8rhncp4jt1\/2025\/11\/talking-bot-125x125.png","caption":"Telinha"},"sameAs":["https:\/\/portaltela.pt\/"],"url":"https:\/\/portaltela.pt\/por\/367410592786\/"}]}},"_links":{"self":[{"href":"https:\/\/portaltela.pt\/api\/wp\/v2\/posts\/205482","targetHints":{"allow":["GET"]}}],"collection":[{"href":"https:\/\/portaltela.pt\/api\/wp\/v2\/posts"}],"about":[{"href":"https:\/\/portaltela.pt\/api\/wp\/v2\/types\/post"}],"author":[{"embeddable":true,"href":"https:\/\/portaltela.pt\/api\/wp\/v2\/users\/2"}],"replies":[{"embeddable":true,"href":"https:\/\/portaltela.pt\/api\/wp\/v2\/comments?post=205482"}],"version-history":[{"count":0,"href":"https:\/\/portaltela.pt\/api\/wp\/v2\/posts\/205482\/revisions"}],"wp:featuredmedia":[{"embeddable":true,"href":"https:\/\/portaltela.pt\/api\/wp\/v2\/media\/205487"}],"wp:attachment":[{"href":"https:\/\/portaltela.pt\/api\/wp\/v2\/media?parent=205482"}],"wp:term":[{"taxonomy":"category","embeddable":true,"href":"https:\/\/portaltela.pt\/api\/wp\/v2\/categories?post=205482"},{"taxonomy":"post_tag","embeddable":true,"href":"https:\/\/portaltela.pt\/api\/wp\/v2\/tags?post=205482"}],"curies":[{"name":"wp","href":"https:\/\/api.w.org\/{rel}","templated":true}]}}