{"id":205477,"date":"2026-02-09T11:42:43","date_gmt":"2026-02-09T14:42:43","guid":{"rendered":"https:\/\/portaltela.pt\/noticias\/2026\/02\/09\/caudais-do-tejo-descem-medio-tejo-mantem-alerta-vermelho\/"},"modified":"2026-02-09T11:42:43","modified_gmt":"2026-02-09T14:42:43","slug":"caudais-do-tejo-descem-medio-tejo-mantem-alerta-vermelho","status":"publish","type":"post","link":"https:\/\/portaltela.pt\/noticias\/2026\/02\/09\/caudais-do-tejo-descem-medio-tejo-mantem-alerta-vermelho\/","title":{"rendered":"Caudais do Tejo descem, M\u00e9dio Tejo mant\u00e9m alerta vermelho"},"content":{"rendered":"<p>O caudal do Tejo desceu, aliviando parte da press\u00e3o nas zonas ribeirinhas do M\u00e9dio Tejo, mas a previs\u00e3o de precipita\u00e7\u00e3o mant\u00e9m o Plano de Emerg\u00eancia para Cheias em n\u00edvel vermelho. A Prote\u00e7\u00e3o Civil justifica a monitoriza\u00e7\u00e3o constante devido \u00e0 pluviosidade prevista.<\/p>\n<p>Apesar da redu\u00e7\u00e3o dos caudais, o plano permanece vermelho. O servi\u00e7o de Prote\u00e7\u00e3o Civil do M\u00e9dio Tejo explica que a monitoriza\u00e7\u00e3o \u00e9 obrigat\u00f3ria e o alerta continua muito apertado, face ao cen\u00e1rio meteorol\u00f3gico mantido at\u00e9 ao fim de fevereiro.<\/p>\n<p>Segundo dados de 12h00, o caudal em Almourol ficou em 4.003,9 m\u00b3\/s. As descargas das barragens de Castelo de Bode, Pracana e Fratel totalizaram 3.082 m\u00b3\/s, limitando o enchimento imediato das margens.<\/p>\n<p>No fim de semana, Almourol registou picos entre 7.500 e 7.800 m\u00b3\/s, com m\u00e1ximos acima de 8.600 m\u00b3\/s na quinta-feira, quando foi acionado o alerta vermelho. A frente ribeirinha ajudou a reduzir a press\u00e3o, pela maior capacidade de encaixe das barragens.<\/p>\n<p>Mesmo com a descida, solos continuam saturados e h\u00e1 muitas estradas cortadas por inunda\u00e7\u00f5es, queda de \u00e1rvores e desmoronamentos. A situa\u00e7\u00e3o de alerta vermelho mant\u00e9m-se devido \u00e0 previs\u00e3o de chuva at\u00e9 dia 13 ou 14 de fevereiro.<\/p>\n<p>Participantes locais destacam que a descida das \u00e1guas exp\u00f4s danos significativos. O presidente da C\u00e2mara de Abrantes, Manuel Valamatos, sublinha estragos em cidades e concelhos ribeirinhos, com muitas vias ainda submersas.<\/p>\n<p>A reabertura da ponte da Chamusca ao tr\u00e2nsito rodovi\u00e1rio alivia outras travessias, mas pode haver novos condicionamentos se a situa\u00e7\u00e3o se agravar. Em Tomar, Ferreira do Z\u00eazere e Our\u00e9m, cerca de 9.000 pessoas continuam sem energia el\u00e9trica.<\/p>\n<p>Prote\u00e7\u00e3o Civil refor\u00e7a que a recupera\u00e7\u00e3o n\u00e3o \u00e9 imediata, com zonas urbanas e agr\u00edcolas ainda apresentando destrui\u00e7\u00e3o vis\u00edvel. As autoridades apelam \u00e0 popula\u00e7\u00e3o para evitar vias alagadas e cumprir as regras de seguran\u00e7a.<\/p>\n<p>O Plano Especial de Emerg\u00eancia para Cheias no Tejo mant\u00e9m-se em alerta vermelho. O distrito de Santar\u00e9m continua com mais de uma centena de vias condicionadas ou submersas devido \u00e0s cheias.<\/p>\n<p>Portugal regista mais de uma centena de v\u00edtimas desde o in\u00edcio das depress\u00f5es Kristin, Leonardo e Marta, com centenas de feridos e desalojados. As regi\u00f5es Centro, Lisboa e Vale do Tejo, e Alentejo s\u00e3o as mais afetadas.<\/p>\n<p>O Governo prolongou a situa\u00e7\u00e3o de calamidade at\u00e9 15 de fevereiro para 68 concelhos e anunciou medidas de apoio no valor de at\u00e9 2,5 mil milh\u00f5es de euros.<\/p>\n","protected":false},"excerpt":{"rendered":"<ul>\n<li>Caudais do Tejo descem, aliviando as zonas ribeirinhas do M\u00e9dio Tejo, mas o Plano de Emerg\u00eancia para cheias mant\u00e9m-se em alerta vermelho devido \u00e0 pluviosidade prevista.<\/li>\n<li>\u00c0s 12h00, o caudal em Almourol era de 4.003,9 m\u00b3\/s; as descargas das barragens de Castelo de Bode, Pracana e Fratel totalizavam 3.082 m\u00b3\/s.<\/li>\n<li>A frente ribeirinha aliviou a press\u00e3o, mas os solos permanecem saturados e h\u00e1 estradas cortadas por inunda\u00e7\u00f5es, quedas de \u00e1rvores e desmoronamentos.<\/li>\n<li>A previs\u00e3o aponta chuva at\u00e9 dia 13 ou 14 de fevereiro, mantendo a vigil\u00e2ncia muito apertada; a ponte da Chamusca reabriu ao tr\u00e2nsito.<\/li>\n<li>No distrito de Santar\u00e9m, mais de uma centena de vias continuam condicionadas ou submersas; cerca de 9.000 pessoas ficaram sem energia na zona norte do M\u00e9dio Tejo; o Governo prolongou a calamidade at\u00e9 15 e anunciou apoios de at\u00e9 2,5 mil milh\u00f5es de euros.<\/li>\n<\/ul>\n","protected":false},"author":2,"featured_media":205480,"comment_status":"closed","ping_status":"closed","sticky":false,"template":"","format":"standard","meta":{"footnotes":""},"categories":[1],"tags":[5050,3701,2293,3709,320,2408],"class_list":["post-205477","post","type-post","status-publish","format-standard","has-post-thumbnail","hentry","category-noticias","tag-calamidades-publicas","tag-cheias","tag-inundacoes","tag-medio-tejo","tag-protecao-civil","tag-tejo"],"yoast_head":"<!-- This site is optimized with the Yoast SEO plugin v27.2 - https:\/\/yoast.com\/product\/yoast-seo-wordpress\/ -->\n<title>Caudais do Tejo descem, M\u00e9dio Tejo mant\u00e9m alerta vermelho - Portal Tela Portugal<\/title>\n<meta name=\"robots\" content=\"index, follow, max-snippet:-1, max-image-preview:large, max-video-preview:-1\" \/>\n<meta property=\"og:locale\" content=\"pt_PT\" \/>\n<meta property=\"og:type\" content=\"article\" \/>\n<meta property=\"og:title\" content=\"Caudais do Tejo descem, M\u00e9dio Tejo mant\u00e9m alerta vermelho - Portal Tela Portugal\" \/>\n<meta property=\"og:description\" content=\"Caudais do Tejo descem, aliviando as zonas ribeirinhas do M\u00e9dio Tejo, mas o Plano de Emerg\u00eancia para cheias mant\u00e9m-se em alerta vermelho devido \u00e0 pluviosidade prevista. \u00c0s 12h00, o caudal em Almourol era de 4.003,9 m\u00b3\/s; as descargas das barragens de Castelo de Bode, Pracana e Fratel totalizavam 3.082 m\u00b3\/s. A frente ribeirinha aliviou a press\u00e3o, mas os solos permanecem saturados e h\u00e1 estradas cortadas por inunda\u00e7\u00f5es, quedas de \u00e1rvores e desmoronamentos. A previs\u00e3o aponta chuva at\u00e9 dia 13 ou 14 de fevereiro, mantendo a vigil\u00e2ncia muito apertada; a ponte da Chamusca reabriu ao tr\u00e2nsito. No distrito de Santar\u00e9m, mais de uma centena de vias continuam condicionadas ou submersas; cerca de 9.000 pessoas ficaram sem energia na zona norte do M\u00e9dio Tejo; o Governo prolongou a calamidade at\u00e9 15 e anunciou apoios de at\u00e9 2,5 mil milh\u00f5es de euros.\" \/>\n<meta property=\"og:url\" content=\"https:\/\/portaltela.pt\/noticias\/2026\/02\/09\/caudais-do-tejo-descem-medio-tejo-mantem-alerta-vermelho\/\" \/>\n<meta property=\"og:site_name\" content=\"Portal Tela Portugal\" \/>\n<meta property=\"article:published_time\" content=\"2026-02-09T14:42:43+00:00\" \/>\n<meta name=\"author\" content=\"Telinha\" \/>\n<meta name=\"twitter:card\" content=\"summary_large_image\" \/>\n<meta name=\"twitter:label1\" content=\"Escrito por\" \/>\n\t<meta name=\"twitter:data1\" content=\"Telinha\" \/>\n\t<meta name=\"twitter:label2\" content=\"Tempo estimado de leitura\" \/>\n\t<meta name=\"twitter:data2\" content=\"2 minutos\" \/>\n<script type=\"application\/ld+json\" class=\"yoast-schema-graph\">{\"@context\":\"https:\/\/schema.org\",\"@graph\":[{\"@type\":\"Article\",\"@id\":\"https:\/\/portaltela.pt\/noticias\/2026\/02\/09\/caudais-do-tejo-descem-medio-tejo-mantem-alerta-vermelho\/#article\",\"isPartOf\":{\"@id\":\"https:\/\/portaltela.pt\/noticias\/2026\/02\/09\/caudais-do-tejo-descem-medio-tejo-mantem-alerta-vermelho\/\"},\"author\":{\"name\":\"Telinha\",\"@id\":\"https:\/\/portaltela.pt\/#\/schema\/person\/c4278d4a6028830caff9ee44b42d32ed\"},\"headline\":\"Caudais do Tejo descem, M\u00e9dio Tejo mant\u00e9m alerta vermelho\",\"datePublished\":\"2026-02-09T14:42:43+00:00\",\"mainEntityOfPage\":{\"@id\":\"https:\/\/portaltela.pt\/noticias\/2026\/02\/09\/caudais-do-tejo-descem-medio-tejo-mantem-alerta-vermelho\/\"},\"wordCount\":436,\"image\":{\"@id\":\"https:\/\/portaltela.pt\/noticias\/2026\/02\/09\/caudais-do-tejo-descem-medio-tejo-mantem-alerta-vermelho\/#primaryimage\"},\"thumbnailUrl\":\"https:\/\/portaltela.pt\/s.01k8rhncp4jt1\/2026\/02\/img_1500x1000uu2026-02-05-13-47-24-2264959-2.jpg\",\"keywords\":[\"calamidades p\u00fablicas\",\"cheias\",\"inunda\u00e7\u00f5es\",\"M\u00e9dio Tejo\",\"prote\u00e7\u00e3o civil\",\"Tejo\"],\"articleSection\":[\"Not\u00edcias\"],\"inLanguage\":\"pt-PT\"},{\"@type\":\"WebPage\",\"@id\":\"https:\/\/portaltela.pt\/noticias\/2026\/02\/09\/caudais-do-tejo-descem-medio-tejo-mantem-alerta-vermelho\/\",\"url\":\"https:\/\/portaltela.pt\/noticias\/2026\/02\/09\/caudais-do-tejo-descem-medio-tejo-mantem-alerta-vermelho\/\",\"name\":\"Caudais do Tejo descem, M\u00e9dio Tejo mant\u00e9m alerta vermelho - Portal Tela Portugal\",\"isPartOf\":{\"@id\":\"https:\/\/portaltela.pt\/#website\"},\"primaryImageOfPage\":{\"@id\":\"https:\/\/portaltela.pt\/noticias\/2026\/02\/09\/caudais-do-tejo-descem-medio-tejo-mantem-alerta-vermelho\/#primaryimage\"},\"image\":{\"@id\":\"https:\/\/portaltela.pt\/noticias\/2026\/02\/09\/caudais-do-tejo-descem-medio-tejo-mantem-alerta-vermelho\/#primaryimage\"},\"thumbnailUrl\":\"https:\/\/portaltela.pt\/s.01k8rhncp4jt1\/2026\/02\/img_1500x1000uu2026-02-05-13-47-24-2264959-2.jpg\",\"datePublished\":\"2026-02-09T14:42:43+00:00\",\"author\":{\"@id\":\"https:\/\/portaltela.pt\/#\/schema\/person\/c4278d4a6028830caff9ee44b42d32ed\"},\"breadcrumb\":{\"@id\":\"https:\/\/portaltela.pt\/noticias\/2026\/02\/09\/caudais-do-tejo-descem-medio-tejo-mantem-alerta-vermelho\/#breadcrumb\"},\"inLanguage\":\"pt-PT\",\"potentialAction\":[{\"@type\":\"ReadAction\",\"target\":[\"https:\/\/portaltela.pt\/noticias\/2026\/02\/09\/caudais-do-tejo-descem-medio-tejo-mantem-alerta-vermelho\/\"]}]},{\"@type\":\"ImageObject\",\"inLanguage\":\"pt-PT\",\"@id\":\"https:\/\/portaltela.pt\/noticias\/2026\/02\/09\/caudais-do-tejo-descem-medio-tejo-mantem-alerta-vermelho\/#primaryimage\",\"url\":\"https:\/\/portaltela.pt\/s.01k8rhncp4jt1\/2026\/02\/img_1500x1000uu2026-02-05-13-47-24-2264959-2.jpg\",\"contentUrl\":\"https:\/\/portaltela.pt\/s.01k8rhncp4jt1\/2026\/02\/img_1500x1000uu2026-02-05-13-47-24-2264959-2.jpg\",\"width\":796,\"height\":448,\"caption\":\"Subida do rio Tejo\"},{\"@type\":\"BreadcrumbList\",\"@id\":\"https:\/\/portaltela.pt\/noticias\/2026\/02\/09\/caudais-do-tejo-descem-medio-tejo-mantem-alerta-vermelho\/#breadcrumb\",\"itemListElement\":[{\"@type\":\"ListItem\",\"position\":1,\"name\":\"In\u00edcio\",\"item\":\"https:\/\/portaltela.pt\/\"},{\"@type\":\"ListItem\",\"position\":2,\"name\":\"Caudais do Tejo descem, M\u00e9dio Tejo mant\u00e9m alerta vermelho\"}]},{\"@type\":\"WebSite\",\"@id\":\"https:\/\/portaltela.pt\/#website\",\"url\":\"https:\/\/portaltela.pt\/\",\"name\":\"Portal Tela Portugal\",\"description\":\"\",\"potentialAction\":[{\"@type\":\"SearchAction\",\"target\":{\"@type\":\"EntryPoint\",\"urlTemplate\":\"https:\/\/portaltela.pt\/?s={search_term_string}\"},\"query-input\":{\"@type\":\"PropertyValueSpecification\",\"valueRequired\":true,\"valueName\":\"search_term_string\"}}],\"inLanguage\":\"pt-PT\"},{\"@type\":\"Person\",\"@id\":\"https:\/\/portaltela.pt\/#\/schema\/person\/c4278d4a6028830caff9ee44b42d32ed\",\"name\":\"Telinha\",\"image\":{\"@type\":\"ImageObject\",\"inLanguage\":\"pt-PT\",\"@id\":\"https:\/\/portaltela.pt\/s.01k8rhncp4jt1\/2025\/11\/talking-bot-125x125.png\",\"url\":\"https:\/\/portaltela.pt\/s.01k8rhncp4jt1\/2025\/11\/talking-bot-125x125.png\",\"contentUrl\":\"https:\/\/portaltela.pt\/s.01k8rhncp4jt1\/2025\/11\/talking-bot-125x125.png\",\"caption\":\"Telinha\"},\"sameAs\":[\"https:\/\/portaltela.pt\/\"],\"url\":\"https:\/\/portaltela.pt\/por\/367410592786\/\"}]}<\/script>\n<!-- \/ Yoast SEO plugin. -->","yoast_head_json":{"title":"Caudais do Tejo descem, M\u00e9dio Tejo mant\u00e9m alerta vermelho - Portal Tela Portugal","robots":{"index":"index","follow":"follow","max-snippet":"max-snippet:-1","max-image-preview":"max-image-preview:large","max-video-preview":"max-video-preview:-1"},"og_locale":"pt_PT","og_type":"article","og_title":"Caudais do Tejo descem, M\u00e9dio Tejo mant\u00e9m alerta vermelho - Portal Tela Portugal","og_description":"Caudais do Tejo descem, aliviando as zonas ribeirinhas do M\u00e9dio Tejo, mas o Plano de Emerg\u00eancia para cheias mant\u00e9m-se em alerta vermelho devido \u00e0 pluviosidade prevista. \u00c0s 12h00, o caudal em Almourol era de 4.003,9 m\u00b3\/s; as descargas das barragens de Castelo de Bode, Pracana e Fratel totalizavam 3.082 m\u00b3\/s. A frente ribeirinha aliviou a press\u00e3o, mas os solos permanecem saturados e h\u00e1 estradas cortadas por inunda\u00e7\u00f5es, quedas de \u00e1rvores e desmoronamentos. A previs\u00e3o aponta chuva at\u00e9 dia 13 ou 14 de fevereiro, mantendo a vigil\u00e2ncia muito apertada; a ponte da Chamusca reabriu ao tr\u00e2nsito. No distrito de Santar\u00e9m, mais de uma centena de vias continuam condicionadas ou submersas; cerca de 9.000 pessoas ficaram sem energia na zona norte do M\u00e9dio Tejo; o Governo prolongou a calamidade at\u00e9 15 e anunciou apoios de at\u00e9 2,5 mil milh\u00f5es de euros.","og_url":"https:\/\/portaltela.pt\/noticias\/2026\/02\/09\/caudais-do-tejo-descem-medio-tejo-mantem-alerta-vermelho\/","og_site_name":"Portal Tela Portugal","article_published_time":"2026-02-09T14:42:43+00:00","author":"Telinha","twitter_card":"summary_large_image","twitter_misc":{"Escrito por":"Telinha","Tempo estimado de leitura":"2 minutos"},"schema":{"@context":"https:\/\/schema.org","@graph":[{"@type":"Article","@id":"https:\/\/portaltela.pt\/noticias\/2026\/02\/09\/caudais-do-tejo-descem-medio-tejo-mantem-alerta-vermelho\/#article","isPartOf":{"@id":"https:\/\/portaltela.pt\/noticias\/2026\/02\/09\/caudais-do-tejo-descem-medio-tejo-mantem-alerta-vermelho\/"},"author":{"name":"Telinha","@id":"https:\/\/portaltela.pt\/#\/schema\/person\/c4278d4a6028830caff9ee44b42d32ed"},"headline":"Caudais do Tejo descem, M\u00e9dio Tejo mant\u00e9m alerta vermelho","datePublished":"2026-02-09T14:42:43+00:00","mainEntityOfPage":{"@id":"https:\/\/portaltela.pt\/noticias\/2026\/02\/09\/caudais-do-tejo-descem-medio-tejo-mantem-alerta-vermelho\/"},"wordCount":436,"image":{"@id":"https:\/\/portaltela.pt\/noticias\/2026\/02\/09\/caudais-do-tejo-descem-medio-tejo-mantem-alerta-vermelho\/#primaryimage"},"thumbnailUrl":"https:\/\/portaltela.pt\/s.01k8rhncp4jt1\/2026\/02\/img_1500x1000uu2026-02-05-13-47-24-2264959-2.jpg","keywords":["calamidades p\u00fablicas","cheias","inunda\u00e7\u00f5es","M\u00e9dio Tejo","prote\u00e7\u00e3o civil","Tejo"],"articleSection":["Not\u00edcias"],"inLanguage":"pt-PT"},{"@type":"WebPage","@id":"https:\/\/portaltela.pt\/noticias\/2026\/02\/09\/caudais-do-tejo-descem-medio-tejo-mantem-alerta-vermelho\/","url":"https:\/\/portaltela.pt\/noticias\/2026\/02\/09\/caudais-do-tejo-descem-medio-tejo-mantem-alerta-vermelho\/","name":"Caudais do Tejo descem, M\u00e9dio Tejo mant\u00e9m alerta vermelho - Portal Tela Portugal","isPartOf":{"@id":"https:\/\/portaltela.pt\/#website"},"primaryImageOfPage":{"@id":"https:\/\/portaltela.pt\/noticias\/2026\/02\/09\/caudais-do-tejo-descem-medio-tejo-mantem-alerta-vermelho\/#primaryimage"},"image":{"@id":"https:\/\/portaltela.pt\/noticias\/2026\/02\/09\/caudais-do-tejo-descem-medio-tejo-mantem-alerta-vermelho\/#primaryimage"},"thumbnailUrl":"https:\/\/portaltela.pt\/s.01k8rhncp4jt1\/2026\/02\/img_1500x1000uu2026-02-05-13-47-24-2264959-2.jpg","datePublished":"2026-02-09T14:42:43+00:00","author":{"@id":"https:\/\/portaltela.pt\/#\/schema\/person\/c4278d4a6028830caff9ee44b42d32ed"},"breadcrumb":{"@id":"https:\/\/portaltela.pt\/noticias\/2026\/02\/09\/caudais-do-tejo-descem-medio-tejo-mantem-alerta-vermelho\/#breadcrumb"},"inLanguage":"pt-PT","potentialAction":[{"@type":"ReadAction","target":["https:\/\/portaltela.pt\/noticias\/2026\/02\/09\/caudais-do-tejo-descem-medio-tejo-mantem-alerta-vermelho\/"]}]},{"@type":"ImageObject","inLanguage":"pt-PT","@id":"https:\/\/portaltela.pt\/noticias\/2026\/02\/09\/caudais-do-tejo-descem-medio-tejo-mantem-alerta-vermelho\/#primaryimage","url":"https:\/\/portaltela.pt\/s.01k8rhncp4jt1\/2026\/02\/img_1500x1000uu2026-02-05-13-47-24-2264959-2.jpg","contentUrl":"https:\/\/portaltela.pt\/s.01k8rhncp4jt1\/2026\/02\/img_1500x1000uu2026-02-05-13-47-24-2264959-2.jpg","width":796,"height":448,"caption":"Subida do rio Tejo"},{"@type":"BreadcrumbList","@id":"https:\/\/portaltela.pt\/noticias\/2026\/02\/09\/caudais-do-tejo-descem-medio-tejo-mantem-alerta-vermelho\/#breadcrumb","itemListElement":[{"@type":"ListItem","position":1,"name":"In\u00edcio","item":"https:\/\/portaltela.pt\/"},{"@type":"ListItem","position":2,"name":"Caudais do Tejo descem, M\u00e9dio Tejo mant\u00e9m alerta vermelho"}]},{"@type":"WebSite","@id":"https:\/\/portaltela.pt\/#website","url":"https:\/\/portaltela.pt\/","name":"Portal Tela Portugal","description":"","potentialAction":[{"@type":"SearchAction","target":{"@type":"EntryPoint","urlTemplate":"https:\/\/portaltela.pt\/?s={search_term_string}"},"query-input":{"@type":"PropertyValueSpecification","valueRequired":true,"valueName":"search_term_string"}}],"inLanguage":"pt-PT"},{"@type":"Person","@id":"https:\/\/portaltela.pt\/#\/schema\/person\/c4278d4a6028830caff9ee44b42d32ed","name":"Telinha","image":{"@type":"ImageObject","inLanguage":"pt-PT","@id":"https:\/\/portaltela.pt\/s.01k8rhncp4jt1\/2025\/11\/talking-bot-125x125.png","url":"https:\/\/portaltela.pt\/s.01k8rhncp4jt1\/2025\/11\/talking-bot-125x125.png","contentUrl":"https:\/\/portaltela.pt\/s.01k8rhncp4jt1\/2025\/11\/talking-bot-125x125.png","caption":"Telinha"},"sameAs":["https:\/\/portaltela.pt\/"],"url":"https:\/\/portaltela.pt\/por\/367410592786\/"}]}},"_links":{"self":[{"href":"https:\/\/portaltela.pt\/api\/wp\/v2\/posts\/205477","targetHints":{"allow":["GET"]}}],"collection":[{"href":"https:\/\/portaltela.pt\/api\/wp\/v2\/posts"}],"about":[{"href":"https:\/\/portaltela.pt\/api\/wp\/v2\/types\/post"}],"author":[{"embeddable":true,"href":"https:\/\/portaltela.pt\/api\/wp\/v2\/users\/2"}],"replies":[{"embeddable":true,"href":"https:\/\/portaltela.pt\/api\/wp\/v2\/comments?post=205477"}],"version-history":[{"count":0,"href":"https:\/\/portaltela.pt\/api\/wp\/v2\/posts\/205477\/revisions"}],"wp:featuredmedia":[{"embeddable":true,"href":"https:\/\/portaltela.pt\/api\/wp\/v2\/media\/205480"}],"wp:attachment":[{"href":"https:\/\/portaltela.pt\/api\/wp\/v2\/media?parent=205477"}],"wp:term":[{"taxonomy":"category","embeddable":true,"href":"https:\/\/portaltela.pt\/api\/wp\/v2\/categories?post=205477"},{"taxonomy":"post_tag","embeddable":true,"href":"https:\/\/portaltela.pt\/api\/wp\/v2\/tags?post=205477"}],"curies":[{"name":"wp","href":"https:\/\/api.w.org\/{rel}","templated":true}]}}