{"id":205470,"date":"2026-02-09T11:42:46","date_gmt":"2026-02-09T14:42:46","guid":{"rendered":"https:\/\/portaltela.pt\/noticias\/2026\/02\/09\/leitao-pede-rapidez-nos-apoios-para-reparar-escolas-danificadas\/"},"modified":"2026-02-09T11:42:46","modified_gmt":"2026-02-09T14:42:46","slug":"leitao-pede-rapidez-nos-apoios-para-reparar-escolas-danificadas","status":"publish","type":"post","link":"https:\/\/portaltela.pt\/noticias\/2026\/02\/09\/leitao-pede-rapidez-nos-apoios-para-reparar-escolas-danificadas\/","title":{"rendered":"Leit\u00e3o pede rapidez nos apoios para reparar escolas danificadas"},"content":{"rendered":"<p>Mariana Leit\u00e3o, l\u00edder da Iniciativa Liberal (IL), pediu hoje velocidades maiores nos apoios para reparar escolas danificadas pela tempestade Kristin, no concelho de Alcoba\u00e7a. O objetivo \u00e9 permitir a retoma r\u00e1pida das atividades letivas.<\/p>\n<p>Na EB2\/3 de Pataias, o vento provocou quedas de \u00e1rvores que danificaram coberturas e veda\u00e7\u00f5es, levando ao encerramento da escola e \u00e0 transfer\u00eancia de cerca de 260 alunos, do 5.\u00ba ao 9.\u00ba ano, para a escola sede do agrupamento, em Alcoba\u00e7a.<\/p>\n<p>A IL, em conjunto com o munic\u00edpio de Alcoba\u00e7a, a Junta de Freguesia de Pataias e a dire\u00e7\u00e3o do Agrupamento de Escolas de Cister, decidiu deslocar todos os alunos para a Escola Secund\u00e1ria D. In\u00eas de Castro. O transporte ficar\u00e1 a cargo do munic\u00edpio, sem altera\u00e7\u00f5es nos hor\u00e1rios, e houve refor\u00e7o de pessoal n\u00e3o docente.<\/p>\n<p>Contexto nacional<\/p>\n<p>Quinze pessoas morreram em Portugal desde 28 de janeiro devido \u00e0s depress\u00f5es Cristino, Leonardo e Marta, com centenas de feridos e desalojados. As regi\u00f5es mais afetadas s\u00e3o Centro, Lisboa e Vale do Tejo, e Alentejo.<\/p>\n<p>O Governo prolongou a situa\u00e7\u00e3o de calamidade at\u00e9 15 de fevereiro para 68 concelhos e anunciou medidas de apoio que podem chegar aos 2,5 mil milh\u00f5es de euros. As consequ\u00eancias incluem destrui\u00e7\u00e3o de casas, estradas cortadas, interrup\u00e7\u00e3o de servi\u00e7os e cortes de energia e \u00e1gua.<\/p>\n","protected":false},"excerpt":{"rendered":"<ul>\n<li>Mariana Leit\u00e3o, l\u00edder da Iniciativa Liberal, pediu rapidez nos apoios para reparar escolas danificadas pela tempestade Kristin, para que os alunos n\u00e3o fiquem sem aulas.<\/li>\n<li>Na Escola EB2\/3 de Pataias, o vento provocou quedas de \u00e1rvores, danos nas coberturas e infiltra\u00e7\u00f5es, levando ao encerramento da escola e \u00e0 transfer\u00eancia de cerca de 260 alunos para a escola sede do agrupamento, em Alcoba\u00e7a.<\/li>\n<li>A transfer\u00eancia foi articulada entre o munic\u00edpio de Alcoba\u00e7a, a Junta de Freguesia de Pataias e a dire\u00e7\u00e3o do Agrupamento de Escolas de Cister, com transporte assegurado pelo munic\u00edpio.<\/li>\n<li>O agrupamento informou que manteve hor\u00e1rios para turmas e docentes, com refor\u00e7o do pessoal n\u00e3o docente e condi\u00e7\u00f5es espec\u00edficas para a alimenta\u00e7\u00e3o dos alunos mais novos.<\/li>\n<li>A dire\u00e7\u00e3o da escola n\u00e3o antecipa quando a situa\u00e7\u00e3o regressar\u00e1 ao normal, estimando que os cerca de 260 alunos s\u00f3 poder\u00e3o regressar no pr\u00f3ximo ano letivo.<\/li>\n<\/ul>\n","protected":false},"author":2,"featured_media":205473,"comment_status":"closed","ping_status":"closed","sticky":false,"template":"","format":"standard","meta":{"footnotes":""},"categories":[1],"tags":[2148,4687,3004,163,2443,5407],"class_list":["post-205470","post","type-post","status-publish","format-standard","has-post-thumbnail","hentry","category-noticias","tag-alcobaca","tag-calamidade-publica","tag-desalojados","tag-educacao","tag-educacao-publica","tag-pataias"],"yoast_head":"<!-- This site is optimized with the Yoast SEO plugin v27.2 - https:\/\/yoast.com\/product\/yoast-seo-wordpress\/ -->\n<title>Leit\u00e3o pede rapidez nos apoios para reparar escolas danificadas - Portal Tela Portugal<\/title>\n<meta name=\"robots\" content=\"index, follow, max-snippet:-1, max-image-preview:large, max-video-preview:-1\" \/>\n<meta property=\"og:locale\" content=\"pt_PT\" \/>\n<meta property=\"og:type\" content=\"article\" \/>\n<meta property=\"og:title\" content=\"Leit\u00e3o pede rapidez nos apoios para reparar escolas danificadas - Portal Tela Portugal\" \/>\n<meta property=\"og:description\" content=\"Mariana Leit\u00e3o, l\u00edder da Iniciativa Liberal, pediu rapidez nos apoios para reparar escolas danificadas pela tempestade Kristin, para que os alunos n\u00e3o fiquem sem aulas. Na Escola EB2\/3 de Pataias, o vento provocou quedas de \u00e1rvores, danos nas coberturas e infiltra\u00e7\u00f5es, levando ao encerramento da escola e \u00e0 transfer\u00eancia de cerca de 260 alunos para a escola sede do agrupamento, em Alcoba\u00e7a. A transfer\u00eancia foi articulada entre o munic\u00edpio de Alcoba\u00e7a, a Junta de Freguesia de Pataias e a dire\u00e7\u00e3o do Agrupamento de Escolas de Cister, com transporte assegurado pelo munic\u00edpio. O agrupamento informou que manteve hor\u00e1rios para turmas e docentes, com refor\u00e7o do pessoal n\u00e3o docente e condi\u00e7\u00f5es espec\u00edficas para a alimenta\u00e7\u00e3o dos alunos mais novos. A dire\u00e7\u00e3o da escola n\u00e3o antecipa quando a situa\u00e7\u00e3o regressar\u00e1 ao normal, estimando que os cerca de 260 alunos s\u00f3 poder\u00e3o regressar no pr\u00f3ximo ano letivo.\" \/>\n<meta property=\"og:url\" content=\"https:\/\/portaltela.pt\/noticias\/2026\/02\/09\/leitao-pede-rapidez-nos-apoios-para-reparar-escolas-danificadas\/\" \/>\n<meta property=\"og:site_name\" content=\"Portal Tela Portugal\" \/>\n<meta property=\"article:published_time\" content=\"2026-02-09T14:42:46+00:00\" \/>\n<meta name=\"author\" content=\"Telinha\" \/>\n<meta name=\"twitter:card\" content=\"summary_large_image\" \/>\n<meta name=\"twitter:label1\" content=\"Escrito por\" \/>\n\t<meta name=\"twitter:data1\" content=\"Telinha\" \/>\n\t<meta name=\"twitter:label2\" content=\"Tempo estimado de leitura\" \/>\n\t<meta name=\"twitter:data2\" content=\"1 minuto\" \/>\n<script type=\"application\/ld+json\" class=\"yoast-schema-graph\">{\"@context\":\"https:\/\/schema.org\",\"@graph\":[{\"@type\":\"Article\",\"@id\":\"https:\/\/portaltela.pt\/noticias\/2026\/02\/09\/leitao-pede-rapidez-nos-apoios-para-reparar-escolas-danificadas\/#article\",\"isPartOf\":{\"@id\":\"https:\/\/portaltela.pt\/noticias\/2026\/02\/09\/leitao-pede-rapidez-nos-apoios-para-reparar-escolas-danificadas\/\"},\"author\":{\"name\":\"Telinha\",\"@id\":\"https:\/\/portaltela.pt\/#\/schema\/person\/c4278d4a6028830caff9ee44b42d32ed\"},\"headline\":\"Leit\u00e3o pede rapidez nos apoios para reparar escolas danificadas\",\"datePublished\":\"2026-02-09T14:42:46+00:00\",\"mainEntityOfPage\":{\"@id\":\"https:\/\/portaltela.pt\/noticias\/2026\/02\/09\/leitao-pede-rapidez-nos-apoios-para-reparar-escolas-danificadas\/\"},\"wordCount\":239,\"image\":{\"@id\":\"https:\/\/portaltela.pt\/noticias\/2026\/02\/09\/leitao-pede-rapidez-nos-apoios-para-reparar-escolas-danificadas\/#primaryimage\"},\"thumbnailUrl\":\"https:\/\/portaltela.pt\/s.01k8rhncp4jt1\/2026\/02\/img_1500x1000uu2025-10-05-07-25-29-2239505.jpg\",\"keywords\":[\"Alcoba\u00e7a\",\"calamidade p\u00fablica\",\"desalojados\",\"educa\u00e7\u00e3o\",\"educa\u00e7\u00e3o p\u00fablica\",\"Pataias\"],\"articleSection\":[\"Not\u00edcias\"],\"inLanguage\":\"pt-PT\"},{\"@type\":\"WebPage\",\"@id\":\"https:\/\/portaltela.pt\/noticias\/2026\/02\/09\/leitao-pede-rapidez-nos-apoios-para-reparar-escolas-danificadas\/\",\"url\":\"https:\/\/portaltela.pt\/noticias\/2026\/02\/09\/leitao-pede-rapidez-nos-apoios-para-reparar-escolas-danificadas\/\",\"name\":\"Leit\u00e3o pede rapidez nos apoios para reparar escolas danificadas - Portal Tela Portugal\",\"isPartOf\":{\"@id\":\"https:\/\/portaltela.pt\/#website\"},\"primaryImageOfPage\":{\"@id\":\"https:\/\/portaltela.pt\/noticias\/2026\/02\/09\/leitao-pede-rapidez-nos-apoios-para-reparar-escolas-danificadas\/#primaryimage\"},\"image\":{\"@id\":\"https:\/\/portaltela.pt\/noticias\/2026\/02\/09\/leitao-pede-rapidez-nos-apoios-para-reparar-escolas-danificadas\/#primaryimage\"},\"thumbnailUrl\":\"https:\/\/portaltela.pt\/s.01k8rhncp4jt1\/2026\/02\/img_1500x1000uu2025-10-05-07-25-29-2239505.jpg\",\"datePublished\":\"2026-02-09T14:42:46+00:00\",\"author\":{\"@id\":\"https:\/\/portaltela.pt\/#\/schema\/person\/c4278d4a6028830caff9ee44b42d32ed\"},\"breadcrumb\":{\"@id\":\"https:\/\/portaltela.pt\/noticias\/2026\/02\/09\/leitao-pede-rapidez-nos-apoios-para-reparar-escolas-danificadas\/#breadcrumb\"},\"inLanguage\":\"pt-PT\",\"potentialAction\":[{\"@type\":\"ReadAction\",\"target\":[\"https:\/\/portaltela.pt\/noticias\/2026\/02\/09\/leitao-pede-rapidez-nos-apoios-para-reparar-escolas-danificadas\/\"]}]},{\"@type\":\"ImageObject\",\"inLanguage\":\"pt-PT\",\"@id\":\"https:\/\/portaltela.pt\/noticias\/2026\/02\/09\/leitao-pede-rapidez-nos-apoios-para-reparar-escolas-danificadas\/#primaryimage\",\"url\":\"https:\/\/portaltela.pt\/s.01k8rhncp4jt1\/2026\/02\/img_1500x1000uu2025-10-05-07-25-29-2239505.jpg\",\"contentUrl\":\"https:\/\/portaltela.pt\/s.01k8rhncp4jt1\/2026\/02\/img_1500x1000uu2025-10-05-07-25-29-2239505.jpg\",\"width\":796,\"height\":448,\"caption\":\"Mariana Leit\u00e3o, da Iniciativa Liberal\"},{\"@type\":\"BreadcrumbList\",\"@id\":\"https:\/\/portaltela.pt\/noticias\/2026\/02\/09\/leitao-pede-rapidez-nos-apoios-para-reparar-escolas-danificadas\/#breadcrumb\",\"itemListElement\":[{\"@type\":\"ListItem\",\"position\":1,\"name\":\"In\u00edcio\",\"item\":\"https:\/\/portaltela.pt\/\"},{\"@type\":\"ListItem\",\"position\":2,\"name\":\"Leit\u00e3o pede rapidez nos apoios para reparar escolas danificadas\"}]},{\"@type\":\"WebSite\",\"@id\":\"https:\/\/portaltela.pt\/#website\",\"url\":\"https:\/\/portaltela.pt\/\",\"name\":\"Portal Tela Portugal\",\"description\":\"\",\"potentialAction\":[{\"@type\":\"SearchAction\",\"target\":{\"@type\":\"EntryPoint\",\"urlTemplate\":\"https:\/\/portaltela.pt\/?s={search_term_string}\"},\"query-input\":{\"@type\":\"PropertyValueSpecification\",\"valueRequired\":true,\"valueName\":\"search_term_string\"}}],\"inLanguage\":\"pt-PT\"},{\"@type\":\"Person\",\"@id\":\"https:\/\/portaltela.pt\/#\/schema\/person\/c4278d4a6028830caff9ee44b42d32ed\",\"name\":\"Telinha\",\"image\":{\"@type\":\"ImageObject\",\"inLanguage\":\"pt-PT\",\"@id\":\"https:\/\/portaltela.pt\/s.01k8rhncp4jt1\/2025\/11\/talking-bot-125x125.png\",\"url\":\"https:\/\/portaltela.pt\/s.01k8rhncp4jt1\/2025\/11\/talking-bot-125x125.png\",\"contentUrl\":\"https:\/\/portaltela.pt\/s.01k8rhncp4jt1\/2025\/11\/talking-bot-125x125.png\",\"caption\":\"Telinha\"},\"sameAs\":[\"https:\/\/portaltela.pt\/\"],\"url\":\"https:\/\/portaltela.pt\/por\/367410592786\/\"}]}<\/script>\n<!-- \/ Yoast SEO plugin. -->","yoast_head_json":{"title":"Leit\u00e3o pede rapidez nos apoios para reparar escolas danificadas - Portal Tela Portugal","robots":{"index":"index","follow":"follow","max-snippet":"max-snippet:-1","max-image-preview":"max-image-preview:large","max-video-preview":"max-video-preview:-1"},"og_locale":"pt_PT","og_type":"article","og_title":"Leit\u00e3o pede rapidez nos apoios para reparar escolas danificadas - Portal Tela Portugal","og_description":"Mariana Leit\u00e3o, l\u00edder da Iniciativa Liberal, pediu rapidez nos apoios para reparar escolas danificadas pela tempestade Kristin, para que os alunos n\u00e3o fiquem sem aulas. Na Escola EB2\/3 de Pataias, o vento provocou quedas de \u00e1rvores, danos nas coberturas e infiltra\u00e7\u00f5es, levando ao encerramento da escola e \u00e0 transfer\u00eancia de cerca de 260 alunos para a escola sede do agrupamento, em Alcoba\u00e7a. A transfer\u00eancia foi articulada entre o munic\u00edpio de Alcoba\u00e7a, a Junta de Freguesia de Pataias e a dire\u00e7\u00e3o do Agrupamento de Escolas de Cister, com transporte assegurado pelo munic\u00edpio. O agrupamento informou que manteve hor\u00e1rios para turmas e docentes, com refor\u00e7o do pessoal n\u00e3o docente e condi\u00e7\u00f5es espec\u00edficas para a alimenta\u00e7\u00e3o dos alunos mais novos. A dire\u00e7\u00e3o da escola n\u00e3o antecipa quando a situa\u00e7\u00e3o regressar\u00e1 ao normal, estimando que os cerca de 260 alunos s\u00f3 poder\u00e3o regressar no pr\u00f3ximo ano letivo.","og_url":"https:\/\/portaltela.pt\/noticias\/2026\/02\/09\/leitao-pede-rapidez-nos-apoios-para-reparar-escolas-danificadas\/","og_site_name":"Portal Tela Portugal","article_published_time":"2026-02-09T14:42:46+00:00","author":"Telinha","twitter_card":"summary_large_image","twitter_misc":{"Escrito por":"Telinha","Tempo estimado de leitura":"1 minuto"},"schema":{"@context":"https:\/\/schema.org","@graph":[{"@type":"Article","@id":"https:\/\/portaltela.pt\/noticias\/2026\/02\/09\/leitao-pede-rapidez-nos-apoios-para-reparar-escolas-danificadas\/#article","isPartOf":{"@id":"https:\/\/portaltela.pt\/noticias\/2026\/02\/09\/leitao-pede-rapidez-nos-apoios-para-reparar-escolas-danificadas\/"},"author":{"name":"Telinha","@id":"https:\/\/portaltela.pt\/#\/schema\/person\/c4278d4a6028830caff9ee44b42d32ed"},"headline":"Leit\u00e3o pede rapidez nos apoios para reparar escolas danificadas","datePublished":"2026-02-09T14:42:46+00:00","mainEntityOfPage":{"@id":"https:\/\/portaltela.pt\/noticias\/2026\/02\/09\/leitao-pede-rapidez-nos-apoios-para-reparar-escolas-danificadas\/"},"wordCount":239,"image":{"@id":"https:\/\/portaltela.pt\/noticias\/2026\/02\/09\/leitao-pede-rapidez-nos-apoios-para-reparar-escolas-danificadas\/#primaryimage"},"thumbnailUrl":"https:\/\/portaltela.pt\/s.01k8rhncp4jt1\/2026\/02\/img_1500x1000uu2025-10-05-07-25-29-2239505.jpg","keywords":["Alcoba\u00e7a","calamidade p\u00fablica","desalojados","educa\u00e7\u00e3o","educa\u00e7\u00e3o p\u00fablica","Pataias"],"articleSection":["Not\u00edcias"],"inLanguage":"pt-PT"},{"@type":"WebPage","@id":"https:\/\/portaltela.pt\/noticias\/2026\/02\/09\/leitao-pede-rapidez-nos-apoios-para-reparar-escolas-danificadas\/","url":"https:\/\/portaltela.pt\/noticias\/2026\/02\/09\/leitao-pede-rapidez-nos-apoios-para-reparar-escolas-danificadas\/","name":"Leit\u00e3o pede rapidez nos apoios para reparar escolas danificadas - Portal Tela Portugal","isPartOf":{"@id":"https:\/\/portaltela.pt\/#website"},"primaryImageOfPage":{"@id":"https:\/\/portaltela.pt\/noticias\/2026\/02\/09\/leitao-pede-rapidez-nos-apoios-para-reparar-escolas-danificadas\/#primaryimage"},"image":{"@id":"https:\/\/portaltela.pt\/noticias\/2026\/02\/09\/leitao-pede-rapidez-nos-apoios-para-reparar-escolas-danificadas\/#primaryimage"},"thumbnailUrl":"https:\/\/portaltela.pt\/s.01k8rhncp4jt1\/2026\/02\/img_1500x1000uu2025-10-05-07-25-29-2239505.jpg","datePublished":"2026-02-09T14:42:46+00:00","author":{"@id":"https:\/\/portaltela.pt\/#\/schema\/person\/c4278d4a6028830caff9ee44b42d32ed"},"breadcrumb":{"@id":"https:\/\/portaltela.pt\/noticias\/2026\/02\/09\/leitao-pede-rapidez-nos-apoios-para-reparar-escolas-danificadas\/#breadcrumb"},"inLanguage":"pt-PT","potentialAction":[{"@type":"ReadAction","target":["https:\/\/portaltela.pt\/noticias\/2026\/02\/09\/leitao-pede-rapidez-nos-apoios-para-reparar-escolas-danificadas\/"]}]},{"@type":"ImageObject","inLanguage":"pt-PT","@id":"https:\/\/portaltela.pt\/noticias\/2026\/02\/09\/leitao-pede-rapidez-nos-apoios-para-reparar-escolas-danificadas\/#primaryimage","url":"https:\/\/portaltela.pt\/s.01k8rhncp4jt1\/2026\/02\/img_1500x1000uu2025-10-05-07-25-29-2239505.jpg","contentUrl":"https:\/\/portaltela.pt\/s.01k8rhncp4jt1\/2026\/02\/img_1500x1000uu2025-10-05-07-25-29-2239505.jpg","width":796,"height":448,"caption":"Mariana Leit\u00e3o, da Iniciativa Liberal"},{"@type":"BreadcrumbList","@id":"https:\/\/portaltela.pt\/noticias\/2026\/02\/09\/leitao-pede-rapidez-nos-apoios-para-reparar-escolas-danificadas\/#breadcrumb","itemListElement":[{"@type":"ListItem","position":1,"name":"In\u00edcio","item":"https:\/\/portaltela.pt\/"},{"@type":"ListItem","position":2,"name":"Leit\u00e3o pede rapidez nos apoios para reparar escolas danificadas"}]},{"@type":"WebSite","@id":"https:\/\/portaltela.pt\/#website","url":"https:\/\/portaltela.pt\/","name":"Portal Tela Portugal","description":"","potentialAction":[{"@type":"SearchAction","target":{"@type":"EntryPoint","urlTemplate":"https:\/\/portaltela.pt\/?s={search_term_string}"},"query-input":{"@type":"PropertyValueSpecification","valueRequired":true,"valueName":"search_term_string"}}],"inLanguage":"pt-PT"},{"@type":"Person","@id":"https:\/\/portaltela.pt\/#\/schema\/person\/c4278d4a6028830caff9ee44b42d32ed","name":"Telinha","image":{"@type":"ImageObject","inLanguage":"pt-PT","@id":"https:\/\/portaltela.pt\/s.01k8rhncp4jt1\/2025\/11\/talking-bot-125x125.png","url":"https:\/\/portaltela.pt\/s.01k8rhncp4jt1\/2025\/11\/talking-bot-125x125.png","contentUrl":"https:\/\/portaltela.pt\/s.01k8rhncp4jt1\/2025\/11\/talking-bot-125x125.png","caption":"Telinha"},"sameAs":["https:\/\/portaltela.pt\/"],"url":"https:\/\/portaltela.pt\/por\/367410592786\/"}]}},"_links":{"self":[{"href":"https:\/\/portaltela.pt\/api\/wp\/v2\/posts\/205470","targetHints":{"allow":["GET"]}}],"collection":[{"href":"https:\/\/portaltela.pt\/api\/wp\/v2\/posts"}],"about":[{"href":"https:\/\/portaltela.pt\/api\/wp\/v2\/types\/post"}],"author":[{"embeddable":true,"href":"https:\/\/portaltela.pt\/api\/wp\/v2\/users\/2"}],"replies":[{"embeddable":true,"href":"https:\/\/portaltela.pt\/api\/wp\/v2\/comments?post=205470"}],"version-history":[{"count":0,"href":"https:\/\/portaltela.pt\/api\/wp\/v2\/posts\/205470\/revisions"}],"wp:featuredmedia":[{"embeddable":true,"href":"https:\/\/portaltela.pt\/api\/wp\/v2\/media\/205473"}],"wp:attachment":[{"href":"https:\/\/portaltela.pt\/api\/wp\/v2\/media?parent=205470"}],"wp:term":[{"taxonomy":"category","embeddable":true,"href":"https:\/\/portaltela.pt\/api\/wp\/v2\/categories?post=205470"},{"taxonomy":"post_tag","embeddable":true,"href":"https:\/\/portaltela.pt\/api\/wp\/v2\/tags?post=205470"}],"curies":[{"name":"wp","href":"https:\/\/api.w.org\/{rel}","templated":true}]}}