{"id":205462,"date":"2026-02-09T11:33:00","date_gmt":"2026-02-09T14:33:00","guid":{"rendered":"https:\/\/portaltela.pt\/noticias\/2026\/02\/09\/mariana-leitao-apela-a-seguro-para-exigir-urgencia-na-transformacao-do-pais\/"},"modified":"2026-02-09T11:33:00","modified_gmt":"2026-02-09T14:33:00","slug":"mariana-leitao-apela-a-seguro-para-exigir-urgencia-na-transformacao-do-pais","status":"publish","type":"post","link":"https:\/\/portaltela.pt\/noticias\/politica\/2026\/02\/09\/mariana-leitao-apela-a-seguro-para-exigir-urgencia-na-transformacao-do-pais\/","title":{"rendered":"Mariana Leit\u00e3o apela a Seguro para exigir urg\u00eancia na transforma\u00e7\u00e3o do pa\u00eds"},"content":{"rendered":"<p>Mariana Leit\u00e3o, l\u00edder da Iniciativa Liberal (IL), felicitou Ant\u00f3nio Jos\u00e9 Seguro pela elei\u00e7\u00e3o como presidente da Rep\u00fablica e pediu exig\u00eancia e urg\u00eancia nas transforma\u00e7\u00f5es do pa\u00eds. A informa\u00e7\u00e3o foi mantida por telefone, disse a dirigente.<\/p>\n<p>A dirigente revelou ter ligado a Seguro para lhe dar os parab\u00e9ns, acrescentando que o sucesso do presidente eleito ser\u00e1 o sucesso do pa\u00eds. Leit\u00e3o enalteceu o discurso de vit\u00f3ria, em que Seguro prometeu ser exigente.<\/p>\n<p>\u2018De facto, imp\u00f5e-se essa exig\u00eancia\u2019, afirmou Leit\u00e3o, acrescentando que Seguro deve impor urg\u00eancia em transforma\u00e7\u00f5es essenciais para o desenvolvimento nacional e melhores oportunidades para todos os portugueses.<\/p>\n<p>Questionada sobre o alinhamento pol\u00edtico do Presidente, Leit\u00e3o disse que Seguro, como l\u00edder de todos os portugueses, dever\u00e1 assegurar o caminho certo para a vida de todos os cidad\u00e3os, independentemente de partidos.<\/p>\n<p>A l\u00edder falou em Pataias, Alcoba\u00e7a, onde visitou uma escola destru\u00edda pela tempestade Kristin, sinalizando que o pa\u00eds tem desafios a enfrentar com apoio institucional.<\/p>\n<p>No domingo, Ant\u00f3nio Jos\u00e9 Seguro foi eleito presidente com cerca de 3,48 milh\u00f5es de votos (aproximadamente 67%), frente a Andr\u00e9 Ventura, que teve mais de 1,7 milh\u00f5es (cerca de 33%). Faltaram apurar 20 freguesias.<\/p>\n<p>A tomada de posse do novo chefe de Estado est\u00e1 marcada para 9 de mar\u00e7o, segundo fontes oficiais.<\/p>\n","protected":false},"excerpt":{"rendered":"<ul>\n<li>Mariana Leit\u00e3o, l\u00edder da Iniciativa Liberal, felicitou Ant\u00f3nio Jos\u00e9 Seguro pela elei\u00e7\u00e3o para a presid\u00eancia da Rep\u00fablica e pediu que imponha um sentido de exig\u00eancia e urg\u00eancia nas transforma\u00e7\u00f5es do pa\u00eds.<\/li>\n<li>Disse ter telefonado para dar os parab\u00e9ns e desejou sucesso ao presidente eleito, afirmando que o seu \u00eaxito ser\u00e1 tamb\u00e9m o do pa\u00eds.<\/li>\n<li>Sobre o discurso de vit\u00f3ria, a dirigente considerou que \u00e9 necess\u00e1ria essa exig\u00eancia para avan\u00e7ar com transforma\u00e7\u00f5es essenciais.<\/li>\n<li>Concluiu que o presidente deve ser o \u201cde todos os portugueses\u201d, com a miss\u00e3o de assegurar o caminho correto para que as pessoas vivam melhor.<\/li>\n<li>Em Pataias, Alcoba\u00e7a, Leit\u00e3o falou durante uma visita a uma escola destru\u00edda pela tempestade Kristin; na elei\u00e7\u00e3o presidencial, Seguro obteve cerca de dois ter\u00e7os dos votos (~3,48 milh\u00f5es), enquanto Andr\u00e9 Ventura teve acima de 1,7 milh\u00f5es; a tomada de posse \u00e9 a 9 de mar\u00e7o.<\/li>\n<\/ul>\n","protected":false},"author":2,"featured_media":205468,"comment_status":"closed","ping_status":"closed","sticky":false,"template":"","format":"standard","meta":{"footnotes":""},"categories":[1,5],"tags":[2148,68,1482,5407,2832,30],"class_list":["post-205462","post","type-post","status-publish","format-standard","has-post-thumbnail","hentry","category-noticias","category-politica","tag-alcobaca","tag-eleicoes","tag-iniciativa-liberal","tag-pataias","tag-politica","tag-presidente"],"yoast_head":"<!-- This site is optimized with the Yoast SEO plugin v27.2 - https:\/\/yoast.com\/product\/yoast-seo-wordpress\/ -->\n<title>Mariana Leit\u00e3o apela a Seguro para exigir urg\u00eancia na transforma\u00e7\u00e3o do pa\u00eds - Portal Tela Portugal<\/title>\n<meta name=\"robots\" content=\"index, follow, max-snippet:-1, max-image-preview:large, max-video-preview:-1\" \/>\n<meta property=\"og:locale\" content=\"pt_PT\" \/>\n<meta property=\"og:type\" content=\"article\" \/>\n<meta property=\"og:title\" content=\"Mariana Leit\u00e3o apela a Seguro para exigir urg\u00eancia na transforma\u00e7\u00e3o do pa\u00eds - Portal Tela Portugal\" \/>\n<meta property=\"og:description\" content=\"Mariana Leit\u00e3o, l\u00edder da Iniciativa Liberal, felicitou Ant\u00f3nio Jos\u00e9 Seguro pela elei\u00e7\u00e3o para a presid\u00eancia da Rep\u00fablica e pediu que imponha um sentido de exig\u00eancia e urg\u00eancia nas transforma\u00e7\u00f5es do pa\u00eds. Disse ter telefonado para dar os parab\u00e9ns e desejou sucesso ao presidente eleito, afirmando que o seu \u00eaxito ser\u00e1 tamb\u00e9m o do pa\u00eds. Sobre o discurso de vit\u00f3ria, a dirigente considerou que \u00e9 necess\u00e1ria essa exig\u00eancia para avan\u00e7ar com transforma\u00e7\u00f5es essenciais. Concluiu que o presidente deve ser o \u201cde todos os portugueses\u201d, com a miss\u00e3o de assegurar o caminho correto para que as pessoas vivam melhor. Em Pataias, Alcoba\u00e7a, Leit\u00e3o falou durante uma visita a uma escola destru\u00edda pela tempestade Kristin; na elei\u00e7\u00e3o presidencial, Seguro obteve cerca de dois ter\u00e7os dos votos (~3,48 milh\u00f5es), enquanto Andr\u00e9 Ventura teve acima de 1,7 milh\u00f5es; a tomada de posse \u00e9 a 9 de mar\u00e7o.\" \/>\n<meta property=\"og:url\" content=\"https:\/\/portaltela.pt\/noticias\/2026\/02\/09\/mariana-leitao-apela-a-seguro-para-exigir-urgencia-na-transformacao-do-pais\/\" \/>\n<meta property=\"og:site_name\" content=\"Portal Tela Portugal\" \/>\n<meta property=\"article:published_time\" content=\"2026-02-09T14:33:00+00:00\" \/>\n<meta name=\"author\" content=\"Telinha\" \/>\n<meta name=\"twitter:card\" content=\"summary_large_image\" \/>\n<meta name=\"twitter:label1\" content=\"Escrito por\" \/>\n\t<meta name=\"twitter:data1\" content=\"Telinha\" \/>\n\t<meta name=\"twitter:label2\" content=\"Tempo estimado de leitura\" \/>\n\t<meta name=\"twitter:data2\" content=\"1 minuto\" \/>\n<script type=\"application\/ld+json\" class=\"yoast-schema-graph\">{\"@context\":\"https:\/\/schema.org\",\"@graph\":[{\"@type\":\"Article\",\"@id\":\"https:\/\/portaltela.pt\/noticias\/2026\/02\/09\/mariana-leitao-apela-a-seguro-para-exigir-urgencia-na-transformacao-do-pais\/#article\",\"isPartOf\":{\"@id\":\"https:\/\/portaltela.pt\/noticias\/2026\/02\/09\/mariana-leitao-apela-a-seguro-para-exigir-urgencia-na-transformacao-do-pais\/\"},\"author\":{\"name\":\"Telinha\",\"@id\":\"https:\/\/portaltela.pt\/#\/schema\/person\/c4278d4a6028830caff9ee44b42d32ed\"},\"headline\":\"Mariana Leit\u00e3o apela a Seguro para exigir urg\u00eancia na transforma\u00e7\u00e3o do pa\u00eds\",\"datePublished\":\"2026-02-09T14:33:00+00:00\",\"mainEntityOfPage\":{\"@id\":\"https:\/\/portaltela.pt\/noticias\/2026\/02\/09\/mariana-leitao-apela-a-seguro-para-exigir-urgencia-na-transformacao-do-pais\/\"},\"wordCount\":248,\"image\":{\"@id\":\"https:\/\/portaltela.pt\/noticias\/2026\/02\/09\/mariana-leitao-apela-a-seguro-para-exigir-urgencia-na-transformacao-do-pais\/#primaryimage\"},\"thumbnailUrl\":\"https:\/\/portaltela.pt\/s.01k8rhncp4jt1\/2026\/02\/image-709.jpg\",\"keywords\":[\"Alcoba\u00e7a\",\"elei\u00e7\u00f5es\",\"Iniciativa Liberal\",\"Pataias\",\"pol\u00edtica\",\"presidente\"],\"articleSection\":[\"Not\u00edcias\",\"Pol\u00edtica\"],\"inLanguage\":\"pt-PT\"},{\"@type\":\"WebPage\",\"@id\":\"https:\/\/portaltela.pt\/noticias\/2026\/02\/09\/mariana-leitao-apela-a-seguro-para-exigir-urgencia-na-transformacao-do-pais\/\",\"url\":\"https:\/\/portaltela.pt\/noticias\/2026\/02\/09\/mariana-leitao-apela-a-seguro-para-exigir-urgencia-na-transformacao-do-pais\/\",\"name\":\"Mariana Leit\u00e3o apela a Seguro para exigir urg\u00eancia na transforma\u00e7\u00e3o do pa\u00eds - Portal Tela Portugal\",\"isPartOf\":{\"@id\":\"https:\/\/portaltela.pt\/#website\"},\"primaryImageOfPage\":{\"@id\":\"https:\/\/portaltela.pt\/noticias\/2026\/02\/09\/mariana-leitao-apela-a-seguro-para-exigir-urgencia-na-transformacao-do-pais\/#primaryimage\"},\"image\":{\"@id\":\"https:\/\/portaltela.pt\/noticias\/2026\/02\/09\/mariana-leitao-apela-a-seguro-para-exigir-urgencia-na-transformacao-do-pais\/#primaryimage\"},\"thumbnailUrl\":\"https:\/\/portaltela.pt\/s.01k8rhncp4jt1\/2026\/02\/image-709.jpg\",\"datePublished\":\"2026-02-09T14:33:00+00:00\",\"author\":{\"@id\":\"https:\/\/portaltela.pt\/#\/schema\/person\/c4278d4a6028830caff9ee44b42d32ed\"},\"breadcrumb\":{\"@id\":\"https:\/\/portaltela.pt\/noticias\/2026\/02\/09\/mariana-leitao-apela-a-seguro-para-exigir-urgencia-na-transformacao-do-pais\/#breadcrumb\"},\"inLanguage\":\"pt-PT\",\"potentialAction\":[{\"@type\":\"ReadAction\",\"target\":[\"https:\/\/portaltela.pt\/noticias\/2026\/02\/09\/mariana-leitao-apela-a-seguro-para-exigir-urgencia-na-transformacao-do-pais\/\"]}]},{\"@type\":\"ImageObject\",\"inLanguage\":\"pt-PT\",\"@id\":\"https:\/\/portaltela.pt\/noticias\/2026\/02\/09\/mariana-leitao-apela-a-seguro-para-exigir-urgencia-na-transformacao-do-pais\/#primaryimage\",\"url\":\"https:\/\/portaltela.pt\/s.01k8rhncp4jt1\/2026\/02\/image-709.jpg\",\"contentUrl\":\"https:\/\/portaltela.pt\/s.01k8rhncp4jt1\/2026\/02\/image-709.jpg\",\"width\":796,\"height\":448,\"caption\":\"A presidente da Iniciativa Liberal, Mariana Leit\u00e3o\"},{\"@type\":\"BreadcrumbList\",\"@id\":\"https:\/\/portaltela.pt\/noticias\/2026\/02\/09\/mariana-leitao-apela-a-seguro-para-exigir-urgencia-na-transformacao-do-pais\/#breadcrumb\",\"itemListElement\":[{\"@type\":\"ListItem\",\"position\":1,\"name\":\"In\u00edcio\",\"item\":\"https:\/\/portaltela.pt\/\"},{\"@type\":\"ListItem\",\"position\":2,\"name\":\"Mariana Leit\u00e3o apela a Seguro para exigir urg\u00eancia na transforma\u00e7\u00e3o do pa\u00eds\"}]},{\"@type\":\"WebSite\",\"@id\":\"https:\/\/portaltela.pt\/#website\",\"url\":\"https:\/\/portaltela.pt\/\",\"name\":\"Portal Tela Portugal\",\"description\":\"\",\"potentialAction\":[{\"@type\":\"SearchAction\",\"target\":{\"@type\":\"EntryPoint\",\"urlTemplate\":\"https:\/\/portaltela.pt\/?s={search_term_string}\"},\"query-input\":{\"@type\":\"PropertyValueSpecification\",\"valueRequired\":true,\"valueName\":\"search_term_string\"}}],\"inLanguage\":\"pt-PT\"},{\"@type\":\"Person\",\"@id\":\"https:\/\/portaltela.pt\/#\/schema\/person\/c4278d4a6028830caff9ee44b42d32ed\",\"name\":\"Telinha\",\"image\":{\"@type\":\"ImageObject\",\"inLanguage\":\"pt-PT\",\"@id\":\"https:\/\/portaltela.pt\/s.01k8rhncp4jt1\/2025\/11\/talking-bot-125x125.png\",\"url\":\"https:\/\/portaltela.pt\/s.01k8rhncp4jt1\/2025\/11\/talking-bot-125x125.png\",\"contentUrl\":\"https:\/\/portaltela.pt\/s.01k8rhncp4jt1\/2025\/11\/talking-bot-125x125.png\",\"caption\":\"Telinha\"},\"sameAs\":[\"https:\/\/portaltela.pt\/\"],\"url\":\"https:\/\/portaltela.pt\/por\/367410592786\/\"}]}<\/script>\n<!-- \/ Yoast SEO plugin. -->","yoast_head_json":{"title":"Mariana Leit\u00e3o apela a Seguro para exigir urg\u00eancia na transforma\u00e7\u00e3o do pa\u00eds - Portal Tela Portugal","robots":{"index":"index","follow":"follow","max-snippet":"max-snippet:-1","max-image-preview":"max-image-preview:large","max-video-preview":"max-video-preview:-1"},"og_locale":"pt_PT","og_type":"article","og_title":"Mariana Leit\u00e3o apela a Seguro para exigir urg\u00eancia na transforma\u00e7\u00e3o do pa\u00eds - Portal Tela Portugal","og_description":"Mariana Leit\u00e3o, l\u00edder da Iniciativa Liberal, felicitou Ant\u00f3nio Jos\u00e9 Seguro pela elei\u00e7\u00e3o para a presid\u00eancia da Rep\u00fablica e pediu que imponha um sentido de exig\u00eancia e urg\u00eancia nas transforma\u00e7\u00f5es do pa\u00eds. Disse ter telefonado para dar os parab\u00e9ns e desejou sucesso ao presidente eleito, afirmando que o seu \u00eaxito ser\u00e1 tamb\u00e9m o do pa\u00eds. Sobre o discurso de vit\u00f3ria, a dirigente considerou que \u00e9 necess\u00e1ria essa exig\u00eancia para avan\u00e7ar com transforma\u00e7\u00f5es essenciais. Concluiu que o presidente deve ser o \u201cde todos os portugueses\u201d, com a miss\u00e3o de assegurar o caminho correto para que as pessoas vivam melhor. Em Pataias, Alcoba\u00e7a, Leit\u00e3o falou durante uma visita a uma escola destru\u00edda pela tempestade Kristin; na elei\u00e7\u00e3o presidencial, Seguro obteve cerca de dois ter\u00e7os dos votos (~3,48 milh\u00f5es), enquanto Andr\u00e9 Ventura teve acima de 1,7 milh\u00f5es; a tomada de posse \u00e9 a 9 de mar\u00e7o.","og_url":"https:\/\/portaltela.pt\/noticias\/2026\/02\/09\/mariana-leitao-apela-a-seguro-para-exigir-urgencia-na-transformacao-do-pais\/","og_site_name":"Portal Tela Portugal","article_published_time":"2026-02-09T14:33:00+00:00","author":"Telinha","twitter_card":"summary_large_image","twitter_misc":{"Escrito por":"Telinha","Tempo estimado de leitura":"1 minuto"},"schema":{"@context":"https:\/\/schema.org","@graph":[{"@type":"Article","@id":"https:\/\/portaltela.pt\/noticias\/2026\/02\/09\/mariana-leitao-apela-a-seguro-para-exigir-urgencia-na-transformacao-do-pais\/#article","isPartOf":{"@id":"https:\/\/portaltela.pt\/noticias\/2026\/02\/09\/mariana-leitao-apela-a-seguro-para-exigir-urgencia-na-transformacao-do-pais\/"},"author":{"name":"Telinha","@id":"https:\/\/portaltela.pt\/#\/schema\/person\/c4278d4a6028830caff9ee44b42d32ed"},"headline":"Mariana Leit\u00e3o apela a Seguro para exigir urg\u00eancia na transforma\u00e7\u00e3o do pa\u00eds","datePublished":"2026-02-09T14:33:00+00:00","mainEntityOfPage":{"@id":"https:\/\/portaltela.pt\/noticias\/2026\/02\/09\/mariana-leitao-apela-a-seguro-para-exigir-urgencia-na-transformacao-do-pais\/"},"wordCount":248,"image":{"@id":"https:\/\/portaltela.pt\/noticias\/2026\/02\/09\/mariana-leitao-apela-a-seguro-para-exigir-urgencia-na-transformacao-do-pais\/#primaryimage"},"thumbnailUrl":"https:\/\/portaltela.pt\/s.01k8rhncp4jt1\/2026\/02\/image-709.jpg","keywords":["Alcoba\u00e7a","elei\u00e7\u00f5es","Iniciativa Liberal","Pataias","pol\u00edtica","presidente"],"articleSection":["Not\u00edcias","Pol\u00edtica"],"inLanguage":"pt-PT"},{"@type":"WebPage","@id":"https:\/\/portaltela.pt\/noticias\/2026\/02\/09\/mariana-leitao-apela-a-seguro-para-exigir-urgencia-na-transformacao-do-pais\/","url":"https:\/\/portaltela.pt\/noticias\/2026\/02\/09\/mariana-leitao-apela-a-seguro-para-exigir-urgencia-na-transformacao-do-pais\/","name":"Mariana Leit\u00e3o apela a Seguro para exigir urg\u00eancia na transforma\u00e7\u00e3o do pa\u00eds - Portal Tela Portugal","isPartOf":{"@id":"https:\/\/portaltela.pt\/#website"},"primaryImageOfPage":{"@id":"https:\/\/portaltela.pt\/noticias\/2026\/02\/09\/mariana-leitao-apela-a-seguro-para-exigir-urgencia-na-transformacao-do-pais\/#primaryimage"},"image":{"@id":"https:\/\/portaltela.pt\/noticias\/2026\/02\/09\/mariana-leitao-apela-a-seguro-para-exigir-urgencia-na-transformacao-do-pais\/#primaryimage"},"thumbnailUrl":"https:\/\/portaltela.pt\/s.01k8rhncp4jt1\/2026\/02\/image-709.jpg","datePublished":"2026-02-09T14:33:00+00:00","author":{"@id":"https:\/\/portaltela.pt\/#\/schema\/person\/c4278d4a6028830caff9ee44b42d32ed"},"breadcrumb":{"@id":"https:\/\/portaltela.pt\/noticias\/2026\/02\/09\/mariana-leitao-apela-a-seguro-para-exigir-urgencia-na-transformacao-do-pais\/#breadcrumb"},"inLanguage":"pt-PT","potentialAction":[{"@type":"ReadAction","target":["https:\/\/portaltela.pt\/noticias\/2026\/02\/09\/mariana-leitao-apela-a-seguro-para-exigir-urgencia-na-transformacao-do-pais\/"]}]},{"@type":"ImageObject","inLanguage":"pt-PT","@id":"https:\/\/portaltela.pt\/noticias\/2026\/02\/09\/mariana-leitao-apela-a-seguro-para-exigir-urgencia-na-transformacao-do-pais\/#primaryimage","url":"https:\/\/portaltela.pt\/s.01k8rhncp4jt1\/2026\/02\/image-709.jpg","contentUrl":"https:\/\/portaltela.pt\/s.01k8rhncp4jt1\/2026\/02\/image-709.jpg","width":796,"height":448,"caption":"A presidente da Iniciativa Liberal, Mariana Leit\u00e3o"},{"@type":"BreadcrumbList","@id":"https:\/\/portaltela.pt\/noticias\/2026\/02\/09\/mariana-leitao-apela-a-seguro-para-exigir-urgencia-na-transformacao-do-pais\/#breadcrumb","itemListElement":[{"@type":"ListItem","position":1,"name":"In\u00edcio","item":"https:\/\/portaltela.pt\/"},{"@type":"ListItem","position":2,"name":"Mariana Leit\u00e3o apela a Seguro para exigir urg\u00eancia na transforma\u00e7\u00e3o do pa\u00eds"}]},{"@type":"WebSite","@id":"https:\/\/portaltela.pt\/#website","url":"https:\/\/portaltela.pt\/","name":"Portal Tela Portugal","description":"","potentialAction":[{"@type":"SearchAction","target":{"@type":"EntryPoint","urlTemplate":"https:\/\/portaltela.pt\/?s={search_term_string}"},"query-input":{"@type":"PropertyValueSpecification","valueRequired":true,"valueName":"search_term_string"}}],"inLanguage":"pt-PT"},{"@type":"Person","@id":"https:\/\/portaltela.pt\/#\/schema\/person\/c4278d4a6028830caff9ee44b42d32ed","name":"Telinha","image":{"@type":"ImageObject","inLanguage":"pt-PT","@id":"https:\/\/portaltela.pt\/s.01k8rhncp4jt1\/2025\/11\/talking-bot-125x125.png","url":"https:\/\/portaltela.pt\/s.01k8rhncp4jt1\/2025\/11\/talking-bot-125x125.png","contentUrl":"https:\/\/portaltela.pt\/s.01k8rhncp4jt1\/2025\/11\/talking-bot-125x125.png","caption":"Telinha"},"sameAs":["https:\/\/portaltela.pt\/"],"url":"https:\/\/portaltela.pt\/por\/367410592786\/"}]}},"_links":{"self":[{"href":"https:\/\/portaltela.pt\/api\/wp\/v2\/posts\/205462","targetHints":{"allow":["GET"]}}],"collection":[{"href":"https:\/\/portaltela.pt\/api\/wp\/v2\/posts"}],"about":[{"href":"https:\/\/portaltela.pt\/api\/wp\/v2\/types\/post"}],"author":[{"embeddable":true,"href":"https:\/\/portaltela.pt\/api\/wp\/v2\/users\/2"}],"replies":[{"embeddable":true,"href":"https:\/\/portaltela.pt\/api\/wp\/v2\/comments?post=205462"}],"version-history":[{"count":0,"href":"https:\/\/portaltela.pt\/api\/wp\/v2\/posts\/205462\/revisions"}],"wp:featuredmedia":[{"embeddable":true,"href":"https:\/\/portaltela.pt\/api\/wp\/v2\/media\/205468"}],"wp:attachment":[{"href":"https:\/\/portaltela.pt\/api\/wp\/v2\/media?parent=205462"}],"wp:term":[{"taxonomy":"category","embeddable":true,"href":"https:\/\/portaltela.pt\/api\/wp\/v2\/categories?post=205462"},{"taxonomy":"post_tag","embeddable":true,"href":"https:\/\/portaltela.pt\/api\/wp\/v2\/tags?post=205462"}],"curies":[{"name":"wp","href":"https:\/\/api.w.org\/{rel}","templated":true}]}}