{"id":205414,"date":"2026-02-09T10:52:08","date_gmt":"2026-02-09T13:52:08","guid":{"rendered":"https:\/\/portaltela.pt\/noticias\/2026\/02\/09\/valenca-realoja-34-moradores-por-risco-de-cheia-do-rio-minho\/"},"modified":"2026-02-09T10:52:08","modified_gmt":"2026-02-09T13:52:08","slug":"valenca-realoja-34-moradores-por-risco-de-cheia-do-rio-minho","status":"publish","type":"post","link":"https:\/\/portaltela.pt\/noticias\/2026\/02\/09\/valenca-realoja-34-moradores-por-risco-de-cheia-do-rio-minho\/","title":{"rendered":"Valen\u00e7a realoja 34 moradores por risco de cheia do rio Minho"},"content":{"rendered":"<p>Valen\u00e7a realojou 34 moradores por precau\u00e7\u00e3o diante do risco de cheia do rio Minho. O realojamento ocorreu na noite de quinta para sexta-feira e mant\u00e9m-se enquanto houver possibilidade de cheias, segundo a Prote\u00e7\u00e3o Civil.<\/p>\n<p>Entre os realojados h\u00e1 18 crian\u00e7as. Na mesma zona, 13 adultos e 10 crian\u00e7as ficaram em \u00e1reas mais altas, consideradas sem risco de inunda\u00e7\u00f5es, junto ao rio Minho.<\/p>\n<p>Os deslocados foram alojados em contentores provis\u00f3rios, em articula\u00e7\u00e3o com os servi\u00e7os de apoio social do munic\u00edpio. A decis\u00e3o visa evitar perturba\u00e7\u00f5es nos servi\u00e7os escolares e nas elei\u00e7\u00f5es.<\/p>\n<h3>Previs\u00f5es meteorol\u00f3gicas e riscos adjacentes<\/h3>\n<p>O distrito de Viana do Castelo est\u00e1 sob aviso de precipita\u00e7\u00e3o de n\u00edvel laranja a partir de ter\u00e7a-feira, segundo o IPMA. H\u00e1 perspetiva de precipita\u00e7\u00e3o mais intensa, com ventos fortes em alguns momentos.<\/p>\n<p>Espera-se que, a partir de quinta-feira, haja um ligeiro desagravamento, mas com precipita\u00e7\u00e3o e vento ainda moderados. As temperaturas devem permanecer acima do normal para fevereiro, seguidas por uma descida significativa no fim de semana.<\/p>\n<p>Portugal tem registado v\u00e1rias depress\u00f5es, com registos de mortalidade e danos em v\u00e1rias regi\u00f5es. O Governo prolongou a calamidade para 68 concelhos e anunciou medidas de apoio at\u00e9 2,5 mil milh\u00f5es de euros.<\/p>\n","protected":false},"excerpt":{"rendered":"<ul>\n<li>Valen\u00e7a realojou trinta e quatro pessoas, das quais dezoito crian\u00e7as, devido ao risco de cheia do rio Minho, na margem do cais do rio Minho.<\/li>\n<li>O realojamento ocorreu na noite de quinta para sexta-feira e deve manter-se enquanto houver possibilidade de cheias, prevista para ter\u00e7a-feira e dependente das descargas da barragem da Frieira, em Espanha.<\/li>\n<li>Na mesma zona permaneceram quinze adultos e vinte crian\u00e7as em zonas mais altas, consideradas sem risco de cheia.<\/li>\n<li>Os moradores realojados foram alojados em contentores provis\u00f3rios, com apoio social do munic\u00edpio; a op\u00e7\u00e3o visa n\u00e3o perturbar o funcionamento escolar e as elei\u00e7\u00f5es.<\/li>\n<li>O IPMA alerta para precipita\u00e7\u00e3o de n\u00edvel laranja a partir de ter\u00e7a-feira no distrito de Viana do Castelo, com chuva mais intensa nos pr\u00f3ximos dias e, possivelmente, vento em certas alturas.<\/li>\n<\/ul>\n","protected":false},"author":2,"featured_media":205416,"comment_status":"closed","ping_status":"closed","sticky":false,"template":"","format":"standard","meta":{"footnotes":""},"categories":[1],"tags":[5050,2938,2293,320,3222,1530],"class_list":["post-205414","post","type-post","status-publish","format-standard","has-post-thumbnail","hentry","category-noticias","tag-calamidades-publicas","tag-evacuacao","tag-inundacoes","tag-protecao-civil","tag-valenca","tag-viana-do-castelo"],"yoast_head":"<!-- This site is optimized with the Yoast SEO plugin v27.2 - https:\/\/yoast.com\/product\/yoast-seo-wordpress\/ -->\n<title>Valen\u00e7a realoja 34 moradores por risco de cheia do rio Minho - Portal Tela Portugal<\/title>\n<meta name=\"robots\" content=\"index, follow, max-snippet:-1, max-image-preview:large, max-video-preview:-1\" \/>\n<meta property=\"og:locale\" content=\"pt_PT\" \/>\n<meta property=\"og:type\" content=\"article\" \/>\n<meta property=\"og:title\" content=\"Valen\u00e7a realoja 34 moradores por risco de cheia do rio Minho - Portal Tela Portugal\" \/>\n<meta property=\"og:description\" content=\"Valen\u00e7a realojou trinta e quatro pessoas, das quais dezoito crian\u00e7as, devido ao risco de cheia do rio Minho, na margem do cais do rio Minho. O realojamento ocorreu na noite de quinta para sexta-feira e deve manter-se enquanto houver possibilidade de cheias, prevista para ter\u00e7a-feira e dependente das descargas da barragem da Frieira, em Espanha. Na mesma zona permaneceram quinze adultos e vinte crian\u00e7as em zonas mais altas, consideradas sem risco de cheia. Os moradores realojados foram alojados em contentores provis\u00f3rios, com apoio social do munic\u00edpio; a op\u00e7\u00e3o visa n\u00e3o perturbar o funcionamento escolar e as elei\u00e7\u00f5es. O IPMA alerta para precipita\u00e7\u00e3o de n\u00edvel laranja a partir de ter\u00e7a-feira no distrito de Viana do Castelo, com chuva mais intensa nos pr\u00f3ximos dias e, possivelmente, vento em certas alturas.\" \/>\n<meta property=\"og:url\" content=\"https:\/\/portaltela.pt\/noticias\/2026\/02\/09\/valenca-realoja-34-moradores-por-risco-de-cheia-do-rio-minho\/\" \/>\n<meta property=\"og:site_name\" content=\"Portal Tela Portugal\" \/>\n<meta property=\"article:published_time\" content=\"2026-02-09T13:52:08+00:00\" \/>\n<meta name=\"author\" content=\"Telinha\" \/>\n<meta name=\"twitter:card\" content=\"summary_large_image\" \/>\n<meta name=\"twitter:label1\" content=\"Escrito por\" \/>\n\t<meta name=\"twitter:data1\" content=\"Telinha\" \/>\n\t<meta name=\"twitter:label2\" content=\"Tempo estimado de leitura\" \/>\n\t<meta name=\"twitter:data2\" content=\"1 minuto\" \/>\n<script type=\"application\/ld+json\" class=\"yoast-schema-graph\">{\"@context\":\"https:\/\/schema.org\",\"@graph\":[{\"@type\":\"Article\",\"@id\":\"https:\/\/portaltela.pt\/noticias\/2026\/02\/09\/valenca-realoja-34-moradores-por-risco-de-cheia-do-rio-minho\/#article\",\"isPartOf\":{\"@id\":\"https:\/\/portaltela.pt\/noticias\/2026\/02\/09\/valenca-realoja-34-moradores-por-risco-de-cheia-do-rio-minho\/\"},\"author\":{\"name\":\"Telinha\",\"@id\":\"https:\/\/portaltela.pt\/#\/schema\/person\/c4278d4a6028830caff9ee44b42d32ed\"},\"headline\":\"Valen\u00e7a realoja 34 moradores por risco de cheia do rio Minho\",\"datePublished\":\"2026-02-09T13:52:08+00:00\",\"mainEntityOfPage\":{\"@id\":\"https:\/\/portaltela.pt\/noticias\/2026\/02\/09\/valenca-realoja-34-moradores-por-risco-de-cheia-do-rio-minho\/\"},\"wordCount\":228,\"image\":{\"@id\":\"https:\/\/portaltela.pt\/noticias\/2026\/02\/09\/valenca-realoja-34-moradores-por-risco-de-cheia-do-rio-minho\/#primaryimage\"},\"thumbnailUrl\":\"https:\/\/portaltela.pt\/s.01k8rhncp4jt1\/2026\/02\/img_1500x1000uu2026-02-09-13-51-13-2265872.jpg\",\"keywords\":[\"calamidades p\u00fablicas\",\"evacua\u00e7\u00e3o\",\"inunda\u00e7\u00f5es\",\"prote\u00e7\u00e3o civil\",\"Valen\u00e7a\",\"Viana do Castelo\"],\"articleSection\":[\"Not\u00edcias\"],\"inLanguage\":\"pt-PT\"},{\"@type\":\"WebPage\",\"@id\":\"https:\/\/portaltela.pt\/noticias\/2026\/02\/09\/valenca-realoja-34-moradores-por-risco-de-cheia-do-rio-minho\/\",\"url\":\"https:\/\/portaltela.pt\/noticias\/2026\/02\/09\/valenca-realoja-34-moradores-por-risco-de-cheia-do-rio-minho\/\",\"name\":\"Valen\u00e7a realoja 34 moradores por risco de cheia do rio Minho - Portal Tela Portugal\",\"isPartOf\":{\"@id\":\"https:\/\/portaltela.pt\/#website\"},\"primaryImageOfPage\":{\"@id\":\"https:\/\/portaltela.pt\/noticias\/2026\/02\/09\/valenca-realoja-34-moradores-por-risco-de-cheia-do-rio-minho\/#primaryimage\"},\"image\":{\"@id\":\"https:\/\/portaltela.pt\/noticias\/2026\/02\/09\/valenca-realoja-34-moradores-por-risco-de-cheia-do-rio-minho\/#primaryimage\"},\"thumbnailUrl\":\"https:\/\/portaltela.pt\/s.01k8rhncp4jt1\/2026\/02\/img_1500x1000uu2026-02-09-13-51-13-2265872.jpg\",\"datePublished\":\"2026-02-09T13:52:08+00:00\",\"author\":{\"@id\":\"https:\/\/portaltela.pt\/#\/schema\/person\/c4278d4a6028830caff9ee44b42d32ed\"},\"breadcrumb\":{\"@id\":\"https:\/\/portaltela.pt\/noticias\/2026\/02\/09\/valenca-realoja-34-moradores-por-risco-de-cheia-do-rio-minho\/#breadcrumb\"},\"inLanguage\":\"pt-PT\",\"potentialAction\":[{\"@type\":\"ReadAction\",\"target\":[\"https:\/\/portaltela.pt\/noticias\/2026\/02\/09\/valenca-realoja-34-moradores-por-risco-de-cheia-do-rio-minho\/\"]}]},{\"@type\":\"ImageObject\",\"inLanguage\":\"pt-PT\",\"@id\":\"https:\/\/portaltela.pt\/noticias\/2026\/02\/09\/valenca-realoja-34-moradores-por-risco-de-cheia-do-rio-minho\/#primaryimage\",\"url\":\"https:\/\/portaltela.pt\/s.01k8rhncp4jt1\/2026\/02\/img_1500x1000uu2026-02-09-13-51-13-2265872.jpg\",\"contentUrl\":\"https:\/\/portaltela.pt\/s.01k8rhncp4jt1\/2026\/02\/img_1500x1000uu2026-02-09-13-51-13-2265872.jpg\",\"width\":1500,\"height\":1000,\"caption\":\"Valen\u00e7a realojou 34 moradores devido ao risco de cheia do rio Minho\"},{\"@type\":\"BreadcrumbList\",\"@id\":\"https:\/\/portaltela.pt\/noticias\/2026\/02\/09\/valenca-realoja-34-moradores-por-risco-de-cheia-do-rio-minho\/#breadcrumb\",\"itemListElement\":[{\"@type\":\"ListItem\",\"position\":1,\"name\":\"In\u00edcio\",\"item\":\"https:\/\/portaltela.pt\/\"},{\"@type\":\"ListItem\",\"position\":2,\"name\":\"Valen\u00e7a realoja 34 moradores por risco de cheia do rio Minho\"}]},{\"@type\":\"WebSite\",\"@id\":\"https:\/\/portaltela.pt\/#website\",\"url\":\"https:\/\/portaltela.pt\/\",\"name\":\"Portal Tela Portugal\",\"description\":\"\",\"potentialAction\":[{\"@type\":\"SearchAction\",\"target\":{\"@type\":\"EntryPoint\",\"urlTemplate\":\"https:\/\/portaltela.pt\/?s={search_term_string}\"},\"query-input\":{\"@type\":\"PropertyValueSpecification\",\"valueRequired\":true,\"valueName\":\"search_term_string\"}}],\"inLanguage\":\"pt-PT\"},{\"@type\":\"Person\",\"@id\":\"https:\/\/portaltela.pt\/#\/schema\/person\/c4278d4a6028830caff9ee44b42d32ed\",\"name\":\"Telinha\",\"image\":{\"@type\":\"ImageObject\",\"inLanguage\":\"pt-PT\",\"@id\":\"https:\/\/portaltela.pt\/s.01k8rhncp4jt1\/2025\/11\/talking-bot-125x125.png\",\"url\":\"https:\/\/portaltela.pt\/s.01k8rhncp4jt1\/2025\/11\/talking-bot-125x125.png\",\"contentUrl\":\"https:\/\/portaltela.pt\/s.01k8rhncp4jt1\/2025\/11\/talking-bot-125x125.png\",\"caption\":\"Telinha\"},\"sameAs\":[\"https:\/\/portaltela.pt\/\"],\"url\":\"https:\/\/portaltela.pt\/por\/367410592786\/\"}]}<\/script>\n<!-- \/ Yoast SEO plugin. -->","yoast_head_json":{"title":"Valen\u00e7a realoja 34 moradores por risco de cheia do rio Minho - Portal Tela Portugal","robots":{"index":"index","follow":"follow","max-snippet":"max-snippet:-1","max-image-preview":"max-image-preview:large","max-video-preview":"max-video-preview:-1"},"og_locale":"pt_PT","og_type":"article","og_title":"Valen\u00e7a realoja 34 moradores por risco de cheia do rio Minho - Portal Tela Portugal","og_description":"Valen\u00e7a realojou trinta e quatro pessoas, das quais dezoito crian\u00e7as, devido ao risco de cheia do rio Minho, na margem do cais do rio Minho. O realojamento ocorreu na noite de quinta para sexta-feira e deve manter-se enquanto houver possibilidade de cheias, prevista para ter\u00e7a-feira e dependente das descargas da barragem da Frieira, em Espanha. Na mesma zona permaneceram quinze adultos e vinte crian\u00e7as em zonas mais altas, consideradas sem risco de cheia. Os moradores realojados foram alojados em contentores provis\u00f3rios, com apoio social do munic\u00edpio; a op\u00e7\u00e3o visa n\u00e3o perturbar o funcionamento escolar e as elei\u00e7\u00f5es. O IPMA alerta para precipita\u00e7\u00e3o de n\u00edvel laranja a partir de ter\u00e7a-feira no distrito de Viana do Castelo, com chuva mais intensa nos pr\u00f3ximos dias e, possivelmente, vento em certas alturas.","og_url":"https:\/\/portaltela.pt\/noticias\/2026\/02\/09\/valenca-realoja-34-moradores-por-risco-de-cheia-do-rio-minho\/","og_site_name":"Portal Tela Portugal","article_published_time":"2026-02-09T13:52:08+00:00","author":"Telinha","twitter_card":"summary_large_image","twitter_misc":{"Escrito por":"Telinha","Tempo estimado de leitura":"1 minuto"},"schema":{"@context":"https:\/\/schema.org","@graph":[{"@type":"Article","@id":"https:\/\/portaltela.pt\/noticias\/2026\/02\/09\/valenca-realoja-34-moradores-por-risco-de-cheia-do-rio-minho\/#article","isPartOf":{"@id":"https:\/\/portaltela.pt\/noticias\/2026\/02\/09\/valenca-realoja-34-moradores-por-risco-de-cheia-do-rio-minho\/"},"author":{"name":"Telinha","@id":"https:\/\/portaltela.pt\/#\/schema\/person\/c4278d4a6028830caff9ee44b42d32ed"},"headline":"Valen\u00e7a realoja 34 moradores por risco de cheia do rio Minho","datePublished":"2026-02-09T13:52:08+00:00","mainEntityOfPage":{"@id":"https:\/\/portaltela.pt\/noticias\/2026\/02\/09\/valenca-realoja-34-moradores-por-risco-de-cheia-do-rio-minho\/"},"wordCount":228,"image":{"@id":"https:\/\/portaltela.pt\/noticias\/2026\/02\/09\/valenca-realoja-34-moradores-por-risco-de-cheia-do-rio-minho\/#primaryimage"},"thumbnailUrl":"https:\/\/portaltela.pt\/s.01k8rhncp4jt1\/2026\/02\/img_1500x1000uu2026-02-09-13-51-13-2265872.jpg","keywords":["calamidades p\u00fablicas","evacua\u00e7\u00e3o","inunda\u00e7\u00f5es","prote\u00e7\u00e3o civil","Valen\u00e7a","Viana do Castelo"],"articleSection":["Not\u00edcias"],"inLanguage":"pt-PT"},{"@type":"WebPage","@id":"https:\/\/portaltela.pt\/noticias\/2026\/02\/09\/valenca-realoja-34-moradores-por-risco-de-cheia-do-rio-minho\/","url":"https:\/\/portaltela.pt\/noticias\/2026\/02\/09\/valenca-realoja-34-moradores-por-risco-de-cheia-do-rio-minho\/","name":"Valen\u00e7a realoja 34 moradores por risco de cheia do rio Minho - Portal Tela Portugal","isPartOf":{"@id":"https:\/\/portaltela.pt\/#website"},"primaryImageOfPage":{"@id":"https:\/\/portaltela.pt\/noticias\/2026\/02\/09\/valenca-realoja-34-moradores-por-risco-de-cheia-do-rio-minho\/#primaryimage"},"image":{"@id":"https:\/\/portaltela.pt\/noticias\/2026\/02\/09\/valenca-realoja-34-moradores-por-risco-de-cheia-do-rio-minho\/#primaryimage"},"thumbnailUrl":"https:\/\/portaltela.pt\/s.01k8rhncp4jt1\/2026\/02\/img_1500x1000uu2026-02-09-13-51-13-2265872.jpg","datePublished":"2026-02-09T13:52:08+00:00","author":{"@id":"https:\/\/portaltela.pt\/#\/schema\/person\/c4278d4a6028830caff9ee44b42d32ed"},"breadcrumb":{"@id":"https:\/\/portaltela.pt\/noticias\/2026\/02\/09\/valenca-realoja-34-moradores-por-risco-de-cheia-do-rio-minho\/#breadcrumb"},"inLanguage":"pt-PT","potentialAction":[{"@type":"ReadAction","target":["https:\/\/portaltela.pt\/noticias\/2026\/02\/09\/valenca-realoja-34-moradores-por-risco-de-cheia-do-rio-minho\/"]}]},{"@type":"ImageObject","inLanguage":"pt-PT","@id":"https:\/\/portaltela.pt\/noticias\/2026\/02\/09\/valenca-realoja-34-moradores-por-risco-de-cheia-do-rio-minho\/#primaryimage","url":"https:\/\/portaltela.pt\/s.01k8rhncp4jt1\/2026\/02\/img_1500x1000uu2026-02-09-13-51-13-2265872.jpg","contentUrl":"https:\/\/portaltela.pt\/s.01k8rhncp4jt1\/2026\/02\/img_1500x1000uu2026-02-09-13-51-13-2265872.jpg","width":1500,"height":1000,"caption":"Valen\u00e7a realojou 34 moradores devido ao risco de cheia do rio Minho"},{"@type":"BreadcrumbList","@id":"https:\/\/portaltela.pt\/noticias\/2026\/02\/09\/valenca-realoja-34-moradores-por-risco-de-cheia-do-rio-minho\/#breadcrumb","itemListElement":[{"@type":"ListItem","position":1,"name":"In\u00edcio","item":"https:\/\/portaltela.pt\/"},{"@type":"ListItem","position":2,"name":"Valen\u00e7a realoja 34 moradores por risco de cheia do rio Minho"}]},{"@type":"WebSite","@id":"https:\/\/portaltela.pt\/#website","url":"https:\/\/portaltela.pt\/","name":"Portal Tela Portugal","description":"","potentialAction":[{"@type":"SearchAction","target":{"@type":"EntryPoint","urlTemplate":"https:\/\/portaltela.pt\/?s={search_term_string}"},"query-input":{"@type":"PropertyValueSpecification","valueRequired":true,"valueName":"search_term_string"}}],"inLanguage":"pt-PT"},{"@type":"Person","@id":"https:\/\/portaltela.pt\/#\/schema\/person\/c4278d4a6028830caff9ee44b42d32ed","name":"Telinha","image":{"@type":"ImageObject","inLanguage":"pt-PT","@id":"https:\/\/portaltela.pt\/s.01k8rhncp4jt1\/2025\/11\/talking-bot-125x125.png","url":"https:\/\/portaltela.pt\/s.01k8rhncp4jt1\/2025\/11\/talking-bot-125x125.png","contentUrl":"https:\/\/portaltela.pt\/s.01k8rhncp4jt1\/2025\/11\/talking-bot-125x125.png","caption":"Telinha"},"sameAs":["https:\/\/portaltela.pt\/"],"url":"https:\/\/portaltela.pt\/por\/367410592786\/"}]}},"_links":{"self":[{"href":"https:\/\/portaltela.pt\/api\/wp\/v2\/posts\/205414","targetHints":{"allow":["GET"]}}],"collection":[{"href":"https:\/\/portaltela.pt\/api\/wp\/v2\/posts"}],"about":[{"href":"https:\/\/portaltela.pt\/api\/wp\/v2\/types\/post"}],"author":[{"embeddable":true,"href":"https:\/\/portaltela.pt\/api\/wp\/v2\/users\/2"}],"replies":[{"embeddable":true,"href":"https:\/\/portaltela.pt\/api\/wp\/v2\/comments?post=205414"}],"version-history":[{"count":0,"href":"https:\/\/portaltela.pt\/api\/wp\/v2\/posts\/205414\/revisions"}],"wp:featuredmedia":[{"embeddable":true,"href":"https:\/\/portaltela.pt\/api\/wp\/v2\/media\/205416"}],"wp:attachment":[{"href":"https:\/\/portaltela.pt\/api\/wp\/v2\/media?parent=205414"}],"wp:term":[{"taxonomy":"category","embeddable":true,"href":"https:\/\/portaltela.pt\/api\/wp\/v2\/categories?post=205414"},{"taxonomy":"post_tag","embeddable":true,"href":"https:\/\/portaltela.pt\/api\/wp\/v2\/tags?post=205414"}],"curies":[{"name":"wp","href":"https:\/\/api.w.org\/{rel}","templated":true}]}}