{"id":205402,"date":"2026-02-09T10:53:00","date_gmt":"2026-02-09T13:53:00","guid":{"rendered":"https:\/\/portaltela.pt\/noticias\/2026\/02\/09\/ponte-na-chamusca-cai-devido-ao-mau-tempo\/"},"modified":"2026-02-09T10:53:00","modified_gmt":"2026-02-09T13:53:00","slug":"ponte-na-chamusca-cai-devido-ao-mau-tempo","status":"publish","type":"post","link":"https:\/\/portaltela.pt\/noticias\/2026\/02\/09\/ponte-na-chamusca-cai-devido-ao-mau-tempo\/","title":{"rendered":"Ponte na Chamusca cai devido ao mau tempo"},"content":{"rendered":"<p>O ia ponte das Palhas, na freguesia da Parreira, Chamusca, desabou este domingo devido ao mau tempo que se tem feito sentir no concelho. O acidente ocorreu durante a tarde, segundo informa\u00e7\u00f5es locais.<\/p>\n<p>A C\u00e2mara Municipal da Chamusca confirmou o desmoronamento da estrutura, citando condi\u00e7\u00f5es meteorol\u00f3gicas adversas como causadoras do incidente. N\u00e3o foram divulgadas informa\u00e7\u00f5es sobre feridos ou causas t\u00e9cnicas adicionais.<\/p>\n<p>O presidente da c\u00e2mara, Nuno Mira, fala em preju\u00edzos de milh\u00f5es para o munic\u00edpio. O relat\u00f3rio municipal indica ainda dezenas de estradas cortadas por derrocadas ou por ficarem submersas devido \u00e0s depress\u00f5es de \u00e1gua.<\/p>\n<h3>Impacto no concelho<\/h3>\n<p>As autoridades mant\u00eam o territ\u00f3rio sob vigil\u00e2ncia, com equipas a avaliar estradas afectadas e vias de acesso a reabilitar. O munic\u00edpio refor\u00e7ou que os desabamentos podem representar atrasos em servi\u00e7os p\u00fablicos e transportes.<\/p>\n","protected":false},"excerpt":{"rendered":"<ul>\n<li>A ponte das Palhas, na freguesia da Parreira, Chamusca, caiu este domingo devido ao mau tempo no concelho.<\/li>\n<li>O presidente da C\u00e2mara Municipal da Chamusca, Nuno Mira, fala em preju\u00edzos de milh\u00f5es.<\/li>\n<li>V\u00e1rias estradas est\u00e3o cortadas no concelho por derrocadas ou por ficarem submersas.<\/li>\n<li>Os avisos apontam para condi\u00e7\u00f5es meteorol\u00f3gicas adversas que persistem na regi\u00e3o.<\/li>\n<li>O incidente ocorreu a 9 de fevereiro de 2026, \u00e0s 13:53.<\/li>\n<\/ul>\n","protected":false},"author":2,"featured_media":205411,"comment_status":"closed","ping_status":"closed","sticky":false,"template":"","format":"standard","meta":{"footnotes":""},"categories":[1],"tags":[3812,4594,4409,2289,1083,1615],"class_list":["post-205402","post","type-post","status-publish","format-standard","has-post-thumbnail","hentry","category-noticias","tag-alagamentos","tag-chamusca","tag-derrocadas","tag-desabamentos","tag-estradas","tag-infraestrutura"],"yoast_head":"<!-- This site is optimized with the Yoast SEO plugin v27.2 - https:\/\/yoast.com\/product\/yoast-seo-wordpress\/ -->\n<title>Ponte na Chamusca cai devido ao mau tempo - Portal Tela Portugal<\/title>\n<meta name=\"robots\" content=\"index, follow, max-snippet:-1, max-image-preview:large, max-video-preview:-1\" \/>\n<meta property=\"og:locale\" content=\"pt_PT\" \/>\n<meta property=\"og:type\" content=\"article\" \/>\n<meta property=\"og:title\" content=\"Ponte na Chamusca cai devido ao mau tempo - Portal Tela Portugal\" \/>\n<meta property=\"og:description\" content=\"A ponte das Palhas, na freguesia da Parreira, Chamusca, caiu este domingo devido ao mau tempo no concelho. O presidente da C\u00e2mara Municipal da Chamusca, Nuno Mira, fala em preju\u00edzos de milh\u00f5es. V\u00e1rias estradas est\u00e3o cortadas no concelho por derrocadas ou por ficarem submersas. Os avisos apontam para condi\u00e7\u00f5es meteorol\u00f3gicas adversas que persistem na regi\u00e3o. O incidente ocorreu a 9 de fevereiro de 2026, \u00e0s 13:53.\" \/>\n<meta property=\"og:url\" content=\"https:\/\/portaltela.pt\/noticias\/2026\/02\/09\/ponte-na-chamusca-cai-devido-ao-mau-tempo\/\" \/>\n<meta property=\"og:site_name\" content=\"Portal Tela Portugal\" \/>\n<meta property=\"article:published_time\" content=\"2026-02-09T13:53:00+00:00\" \/>\n<meta name=\"author\" content=\"Telinha\" \/>\n<meta name=\"twitter:card\" content=\"summary_large_image\" \/>\n<meta name=\"twitter:label1\" content=\"Escrito por\" \/>\n\t<meta name=\"twitter:data1\" content=\"Telinha\" \/>\n\t<meta name=\"twitter:label2\" content=\"Tempo estimado de leitura\" \/>\n\t<meta name=\"twitter:data2\" content=\"1 minuto\" \/>\n<script type=\"application\/ld+json\" class=\"yoast-schema-graph\">{\"@context\":\"https:\/\/schema.org\",\"@graph\":[{\"@type\":\"Article\",\"@id\":\"https:\/\/portaltela.pt\/noticias\/2026\/02\/09\/ponte-na-chamusca-cai-devido-ao-mau-tempo\/#article\",\"isPartOf\":{\"@id\":\"https:\/\/portaltela.pt\/noticias\/2026\/02\/09\/ponte-na-chamusca-cai-devido-ao-mau-tempo\/\"},\"author\":{\"name\":\"Telinha\",\"@id\":\"https:\/\/portaltela.pt\/#\/schema\/person\/c4278d4a6028830caff9ee44b42d32ed\"},\"headline\":\"Ponte na Chamusca cai devido ao mau tempo\",\"datePublished\":\"2026-02-09T13:53:00+00:00\",\"mainEntityOfPage\":{\"@id\":\"https:\/\/portaltela.pt\/noticias\/2026\/02\/09\/ponte-na-chamusca-cai-devido-ao-mau-tempo\/\"},\"wordCount\":159,\"image\":{\"@id\":\"https:\/\/portaltela.pt\/noticias\/2026\/02\/09\/ponte-na-chamusca-cai-devido-ao-mau-tempo\/#primaryimage\"},\"thumbnailUrl\":\"https:\/\/portaltela.pt\/s.01k8rhncp4jt1\/2026\/02\/img_1280x722uu2026-02-09-00-33-54-2265793.jpg\",\"keywords\":[\"alagamentos\",\"Chamusca\",\"derrocadas\",\"desabamentos\",\"estradas\",\"infraestrutura\"],\"articleSection\":[\"Not\u00edcias\"],\"inLanguage\":\"pt-PT\"},{\"@type\":\"WebPage\",\"@id\":\"https:\/\/portaltela.pt\/noticias\/2026\/02\/09\/ponte-na-chamusca-cai-devido-ao-mau-tempo\/\",\"url\":\"https:\/\/portaltela.pt\/noticias\/2026\/02\/09\/ponte-na-chamusca-cai-devido-ao-mau-tempo\/\",\"name\":\"Ponte na Chamusca cai devido ao mau tempo - Portal Tela Portugal\",\"isPartOf\":{\"@id\":\"https:\/\/portaltela.pt\/#website\"},\"primaryImageOfPage\":{\"@id\":\"https:\/\/portaltela.pt\/noticias\/2026\/02\/09\/ponte-na-chamusca-cai-devido-ao-mau-tempo\/#primaryimage\"},\"image\":{\"@id\":\"https:\/\/portaltela.pt\/noticias\/2026\/02\/09\/ponte-na-chamusca-cai-devido-ao-mau-tempo\/#primaryimage\"},\"thumbnailUrl\":\"https:\/\/portaltela.pt\/s.01k8rhncp4jt1\/2026\/02\/img_1280x722uu2026-02-09-00-33-54-2265793.jpg\",\"datePublished\":\"2026-02-09T13:53:00+00:00\",\"author\":{\"@id\":\"https:\/\/portaltela.pt\/#\/schema\/person\/c4278d4a6028830caff9ee44b42d32ed\"},\"breadcrumb\":{\"@id\":\"https:\/\/portaltela.pt\/noticias\/2026\/02\/09\/ponte-na-chamusca-cai-devido-ao-mau-tempo\/#breadcrumb\"},\"inLanguage\":\"pt-PT\",\"potentialAction\":[{\"@type\":\"ReadAction\",\"target\":[\"https:\/\/portaltela.pt\/noticias\/2026\/02\/09\/ponte-na-chamusca-cai-devido-ao-mau-tempo\/\"]}]},{\"@type\":\"ImageObject\",\"inLanguage\":\"pt-PT\",\"@id\":\"https:\/\/portaltela.pt\/noticias\/2026\/02\/09\/ponte-na-chamusca-cai-devido-ao-mau-tempo\/#primaryimage\",\"url\":\"https:\/\/portaltela.pt\/s.01k8rhncp4jt1\/2026\/02\/img_1280x722uu2026-02-09-00-33-54-2265793.jpg\",\"contentUrl\":\"https:\/\/portaltela.pt\/s.01k8rhncp4jt1\/2026\/02\/img_1280x722uu2026-02-09-00-33-54-2265793.jpg\",\"width\":1280,\"height\":722,\"caption\":\"Ponte das Palhas, localizada na freguesia da Parreira, na Chamusca, caiu este domingo, devido ao mau tempo que se tem feito sentir no concelho.\"},{\"@type\":\"BreadcrumbList\",\"@id\":\"https:\/\/portaltela.pt\/noticias\/2026\/02\/09\/ponte-na-chamusca-cai-devido-ao-mau-tempo\/#breadcrumb\",\"itemListElement\":[{\"@type\":\"ListItem\",\"position\":1,\"name\":\"In\u00edcio\",\"item\":\"https:\/\/portaltela.pt\/\"},{\"@type\":\"ListItem\",\"position\":2,\"name\":\"Ponte na Chamusca cai devido ao mau tempo\"}]},{\"@type\":\"WebSite\",\"@id\":\"https:\/\/portaltela.pt\/#website\",\"url\":\"https:\/\/portaltela.pt\/\",\"name\":\"Portal Tela Portugal\",\"description\":\"\",\"potentialAction\":[{\"@type\":\"SearchAction\",\"target\":{\"@type\":\"EntryPoint\",\"urlTemplate\":\"https:\/\/portaltela.pt\/?s={search_term_string}\"},\"query-input\":{\"@type\":\"PropertyValueSpecification\",\"valueRequired\":true,\"valueName\":\"search_term_string\"}}],\"inLanguage\":\"pt-PT\"},{\"@type\":\"Person\",\"@id\":\"https:\/\/portaltela.pt\/#\/schema\/person\/c4278d4a6028830caff9ee44b42d32ed\",\"name\":\"Telinha\",\"image\":{\"@type\":\"ImageObject\",\"inLanguage\":\"pt-PT\",\"@id\":\"https:\/\/portaltela.pt\/s.01k8rhncp4jt1\/2025\/11\/talking-bot-125x125.png\",\"url\":\"https:\/\/portaltela.pt\/s.01k8rhncp4jt1\/2025\/11\/talking-bot-125x125.png\",\"contentUrl\":\"https:\/\/portaltela.pt\/s.01k8rhncp4jt1\/2025\/11\/talking-bot-125x125.png\",\"caption\":\"Telinha\"},\"sameAs\":[\"https:\/\/portaltela.pt\/\"],\"url\":\"https:\/\/portaltela.pt\/por\/367410592786\/\"}]}<\/script>\n<!-- \/ Yoast SEO plugin. -->","yoast_head_json":{"title":"Ponte na Chamusca cai devido ao mau tempo - Portal Tela Portugal","robots":{"index":"index","follow":"follow","max-snippet":"max-snippet:-1","max-image-preview":"max-image-preview:large","max-video-preview":"max-video-preview:-1"},"og_locale":"pt_PT","og_type":"article","og_title":"Ponte na Chamusca cai devido ao mau tempo - Portal Tela Portugal","og_description":"A ponte das Palhas, na freguesia da Parreira, Chamusca, caiu este domingo devido ao mau tempo no concelho. O presidente da C\u00e2mara Municipal da Chamusca, Nuno Mira, fala em preju\u00edzos de milh\u00f5es. V\u00e1rias estradas est\u00e3o cortadas no concelho por derrocadas ou por ficarem submersas. Os avisos apontam para condi\u00e7\u00f5es meteorol\u00f3gicas adversas que persistem na regi\u00e3o. O incidente ocorreu a 9 de fevereiro de 2026, \u00e0s 13:53.","og_url":"https:\/\/portaltela.pt\/noticias\/2026\/02\/09\/ponte-na-chamusca-cai-devido-ao-mau-tempo\/","og_site_name":"Portal Tela Portugal","article_published_time":"2026-02-09T13:53:00+00:00","author":"Telinha","twitter_card":"summary_large_image","twitter_misc":{"Escrito por":"Telinha","Tempo estimado de leitura":"1 minuto"},"schema":{"@context":"https:\/\/schema.org","@graph":[{"@type":"Article","@id":"https:\/\/portaltela.pt\/noticias\/2026\/02\/09\/ponte-na-chamusca-cai-devido-ao-mau-tempo\/#article","isPartOf":{"@id":"https:\/\/portaltela.pt\/noticias\/2026\/02\/09\/ponte-na-chamusca-cai-devido-ao-mau-tempo\/"},"author":{"name":"Telinha","@id":"https:\/\/portaltela.pt\/#\/schema\/person\/c4278d4a6028830caff9ee44b42d32ed"},"headline":"Ponte na Chamusca cai devido ao mau tempo","datePublished":"2026-02-09T13:53:00+00:00","mainEntityOfPage":{"@id":"https:\/\/portaltela.pt\/noticias\/2026\/02\/09\/ponte-na-chamusca-cai-devido-ao-mau-tempo\/"},"wordCount":159,"image":{"@id":"https:\/\/portaltela.pt\/noticias\/2026\/02\/09\/ponte-na-chamusca-cai-devido-ao-mau-tempo\/#primaryimage"},"thumbnailUrl":"https:\/\/portaltela.pt\/s.01k8rhncp4jt1\/2026\/02\/img_1280x722uu2026-02-09-00-33-54-2265793.jpg","keywords":["alagamentos","Chamusca","derrocadas","desabamentos","estradas","infraestrutura"],"articleSection":["Not\u00edcias"],"inLanguage":"pt-PT"},{"@type":"WebPage","@id":"https:\/\/portaltela.pt\/noticias\/2026\/02\/09\/ponte-na-chamusca-cai-devido-ao-mau-tempo\/","url":"https:\/\/portaltela.pt\/noticias\/2026\/02\/09\/ponte-na-chamusca-cai-devido-ao-mau-tempo\/","name":"Ponte na Chamusca cai devido ao mau tempo - Portal Tela Portugal","isPartOf":{"@id":"https:\/\/portaltela.pt\/#website"},"primaryImageOfPage":{"@id":"https:\/\/portaltela.pt\/noticias\/2026\/02\/09\/ponte-na-chamusca-cai-devido-ao-mau-tempo\/#primaryimage"},"image":{"@id":"https:\/\/portaltela.pt\/noticias\/2026\/02\/09\/ponte-na-chamusca-cai-devido-ao-mau-tempo\/#primaryimage"},"thumbnailUrl":"https:\/\/portaltela.pt\/s.01k8rhncp4jt1\/2026\/02\/img_1280x722uu2026-02-09-00-33-54-2265793.jpg","datePublished":"2026-02-09T13:53:00+00:00","author":{"@id":"https:\/\/portaltela.pt\/#\/schema\/person\/c4278d4a6028830caff9ee44b42d32ed"},"breadcrumb":{"@id":"https:\/\/portaltela.pt\/noticias\/2026\/02\/09\/ponte-na-chamusca-cai-devido-ao-mau-tempo\/#breadcrumb"},"inLanguage":"pt-PT","potentialAction":[{"@type":"ReadAction","target":["https:\/\/portaltela.pt\/noticias\/2026\/02\/09\/ponte-na-chamusca-cai-devido-ao-mau-tempo\/"]}]},{"@type":"ImageObject","inLanguage":"pt-PT","@id":"https:\/\/portaltela.pt\/noticias\/2026\/02\/09\/ponte-na-chamusca-cai-devido-ao-mau-tempo\/#primaryimage","url":"https:\/\/portaltela.pt\/s.01k8rhncp4jt1\/2026\/02\/img_1280x722uu2026-02-09-00-33-54-2265793.jpg","contentUrl":"https:\/\/portaltela.pt\/s.01k8rhncp4jt1\/2026\/02\/img_1280x722uu2026-02-09-00-33-54-2265793.jpg","width":1280,"height":722,"caption":"Ponte das Palhas, localizada na freguesia da Parreira, na Chamusca, caiu este domingo, devido ao mau tempo que se tem feito sentir no concelho."},{"@type":"BreadcrumbList","@id":"https:\/\/portaltela.pt\/noticias\/2026\/02\/09\/ponte-na-chamusca-cai-devido-ao-mau-tempo\/#breadcrumb","itemListElement":[{"@type":"ListItem","position":1,"name":"In\u00edcio","item":"https:\/\/portaltela.pt\/"},{"@type":"ListItem","position":2,"name":"Ponte na Chamusca cai devido ao mau tempo"}]},{"@type":"WebSite","@id":"https:\/\/portaltela.pt\/#website","url":"https:\/\/portaltela.pt\/","name":"Portal Tela Portugal","description":"","potentialAction":[{"@type":"SearchAction","target":{"@type":"EntryPoint","urlTemplate":"https:\/\/portaltela.pt\/?s={search_term_string}"},"query-input":{"@type":"PropertyValueSpecification","valueRequired":true,"valueName":"search_term_string"}}],"inLanguage":"pt-PT"},{"@type":"Person","@id":"https:\/\/portaltela.pt\/#\/schema\/person\/c4278d4a6028830caff9ee44b42d32ed","name":"Telinha","image":{"@type":"ImageObject","inLanguage":"pt-PT","@id":"https:\/\/portaltela.pt\/s.01k8rhncp4jt1\/2025\/11\/talking-bot-125x125.png","url":"https:\/\/portaltela.pt\/s.01k8rhncp4jt1\/2025\/11\/talking-bot-125x125.png","contentUrl":"https:\/\/portaltela.pt\/s.01k8rhncp4jt1\/2025\/11\/talking-bot-125x125.png","caption":"Telinha"},"sameAs":["https:\/\/portaltela.pt\/"],"url":"https:\/\/portaltela.pt\/por\/367410592786\/"}]}},"_links":{"self":[{"href":"https:\/\/portaltela.pt\/api\/wp\/v2\/posts\/205402","targetHints":{"allow":["GET"]}}],"collection":[{"href":"https:\/\/portaltela.pt\/api\/wp\/v2\/posts"}],"about":[{"href":"https:\/\/portaltela.pt\/api\/wp\/v2\/types\/post"}],"author":[{"embeddable":true,"href":"https:\/\/portaltela.pt\/api\/wp\/v2\/users\/2"}],"replies":[{"embeddable":true,"href":"https:\/\/portaltela.pt\/api\/wp\/v2\/comments?post=205402"}],"version-history":[{"count":0,"href":"https:\/\/portaltela.pt\/api\/wp\/v2\/posts\/205402\/revisions"}],"wp:featuredmedia":[{"embeddable":true,"href":"https:\/\/portaltela.pt\/api\/wp\/v2\/media\/205411"}],"wp:attachment":[{"href":"https:\/\/portaltela.pt\/api\/wp\/v2\/media?parent=205402"}],"wp:term":[{"taxonomy":"category","embeddable":true,"href":"https:\/\/portaltela.pt\/api\/wp\/v2\/categories?post=205402"},{"taxonomy":"post_tag","embeddable":true,"href":"https:\/\/portaltela.pt\/api\/wp\/v2\/tags?post=205402"}],"curies":[{"name":"wp","href":"https:\/\/api.w.org\/{rel}","templated":true}]}}