{"id":205387,"date":"2026-02-09T10:44:00","date_gmt":"2026-02-09T13:44:00","guid":{"rendered":"https:\/\/portaltela.pt\/noticias\/2026\/02\/09\/presidente-do-parlamento-acoriano-felicita-seguro-e-espera-cooperacao\/"},"modified":"2026-02-09T10:44:00","modified_gmt":"2026-02-09T13:44:00","slug":"presidente-do-parlamento-acoriano-felicita-seguro-e-espera-cooperacao","status":"publish","type":"post","link":"https:\/\/portaltela.pt\/noticias\/politica\/2026\/02\/09\/presidente-do-parlamento-acoriano-felicita-seguro-e-espera-cooperacao\/","title":{"rendered":"Presidente do parlamento a\u00e7oriano felicita Seguro e espera coopera\u00e7\u00e3o"},"content":{"rendered":"<p>O presidente do parlamento regional dos A\u00e7ores, Lu\u00eds Garcia, felicitou Ant\u00f3nio Jos\u00e9 Seguro pela elei\u00e7\u00e3o como Presidente da Rep\u00fablica e disse esperar uma rela\u00e7\u00e3o institucional pautada pela coopera\u00e7\u00e3o, lealdade e respeito m\u00fatuo. A manifesta\u00e7\u00e3o ocorreu na segunda-feira, no contexto da elei\u00e7\u00e3o presidencial.<\/p>\n<p>Garcia destacou que o papel do Presidente da Rep\u00fablica \u00e9 determinante para a unidade nacional e para a defesa da autonomia dos A\u00e7ores, consagrada na Constitui\u00e7\u00e3o. O presidente da ALRAA refor\u00e7ou a import\u00e2ncia de valores que fortalecem a democracia e o di\u00e1logo entre os \u00f3rg\u00e3os de soberania e as regi\u00f5es aut\u00f3nomas.<\/p>\n<p>Segundo a nota de imprensa, o dirigente enaltece a participa\u00e7\u00e3o democr\u00e1tica e a express\u00e3o da vontade dos portugueses, considerando a elei\u00e7\u00e3o de Seguro um marco da vida democr\u00e1tica e da confian\u00e7a nas institui\u00e7\u00f5es. Tamb\u00e9m desejou sucesso ao presidente eleito em benef\u00edcio de Portugal, dos A\u00e7ores e de todos os cidad\u00e3os.<\/p>\n<p>A elei\u00e7\u00e3o ocorreu no domingo, com Seguro a obter cerca de 67% dos votos expressos, perto de 3,48 milh\u00f5es, num recenseamento de cerca de 3,48 milh\u00f5es, apesar de ainda faltarem apurar 20 freguesias. Andr\u00e9 Ventura ficou acima de 1,7 milh\u00f5es de votos, correspondentes a pouco mais de 33%.<\/p>\n<p>A tomada de posse do novo chefe de Estado est\u00e1 marcada para 9 de mar\u00e7o, conforme a informa\u00e7\u00e3o dispon\u00edvel. O processo eleitoral revelou uma elevada participa\u00e7\u00e3o e representou um momento relevante para a vida institucional do pa\u00eds.<\/p>\n","protected":false},"excerpt":{"rendered":"<ul>\n<li>O presidente do parlamento a\u00e7oriano, Lu\u00eds Garcia, felicitou Ant\u00f3nio Jos\u00e9 Seguro pela elei\u00e7\u00e3o como Presidente da Rep\u00fablica.<\/li>\n<li>Disse esperar uma rela\u00e7\u00e3o institucional pautada pela coopera\u00e7\u00e3o, lealdade e respeito m\u00fatuo.<\/li>\n<li>Relembrou o papel determinante do Presidente da Rep\u00fablica na unidade nacional e na defesa da autonomia dos A\u00e7ores.<\/li>\n<li>Destacou a elevada participa\u00e7\u00e3o democr\u00e1tica e afirmou que a elei\u00e7\u00e3o de Seguro representa um momento relevante da vida democr\u00e1tica.<\/li>\n<li>Dados da vota\u00e7\u00e3o: Seguro obteve dois ter\u00e7os dos votos expressos, perto de 3,48 milh\u00f5es, faltando 20 freguesias; posse marcada para 9 de mar\u00e7o; Andr\u00e9 Ventura ficou com mais de 1,7 milh\u00f5es de votos.<\/li>\n<\/ul>\n","protected":false},"author":2,"featured_media":205388,"comment_status":"closed","ping_status":"closed","sticky":false,"template":"","format":"standard","meta":{"footnotes":""},"categories":[1,5],"tags":[822,3344,2795,68,2832,30],"class_list":["post-205387","post","type-post","status-publish","format-standard","has-post-thumbnail","hentry","category-noticias","category-politica","tag-acores","tag-autonomia-regional","tag-democracia","tag-eleicoes","tag-politica","tag-presidente"],"yoast_head":"<!-- This site is optimized with the Yoast SEO plugin v27.2 - https:\/\/yoast.com\/product\/yoast-seo-wordpress\/ -->\n<title>Presidente do parlamento a\u00e7oriano felicita Seguro e espera coopera\u00e7\u00e3o - Portal Tela Portugal<\/title>\n<meta name=\"robots\" content=\"index, follow, max-snippet:-1, max-image-preview:large, max-video-preview:-1\" \/>\n<meta property=\"og:locale\" content=\"pt_PT\" \/>\n<meta property=\"og:type\" content=\"article\" \/>\n<meta property=\"og:title\" content=\"Presidente do parlamento a\u00e7oriano felicita Seguro e espera coopera\u00e7\u00e3o - Portal Tela Portugal\" \/>\n<meta property=\"og:description\" content=\"O presidente do parlamento a\u00e7oriano, Lu\u00eds Garcia, felicitou Ant\u00f3nio Jos\u00e9 Seguro pela elei\u00e7\u00e3o como Presidente da Rep\u00fablica. Disse esperar uma rela\u00e7\u00e3o institucional pautada pela coopera\u00e7\u00e3o, lealdade e respeito m\u00fatuo. Relembrou o papel determinante do Presidente da Rep\u00fablica na unidade nacional e na defesa da autonomia dos A\u00e7ores. Destacou a elevada participa\u00e7\u00e3o democr\u00e1tica e afirmou que a elei\u00e7\u00e3o de Seguro representa um momento relevante da vida democr\u00e1tica. Dados da vota\u00e7\u00e3o: Seguro obteve dois ter\u00e7os dos votos expressos, perto de 3,48 milh\u00f5es, faltando 20 freguesias; posse marcada para 9 de mar\u00e7o; Andr\u00e9 Ventura ficou com mais de 1,7 milh\u00f5es de votos.\" \/>\n<meta property=\"og:url\" content=\"https:\/\/portaltela.pt\/noticias\/2026\/02\/09\/presidente-do-parlamento-acoriano-felicita-seguro-e-espera-cooperacao\/\" \/>\n<meta property=\"og:site_name\" content=\"Portal Tela Portugal\" \/>\n<meta property=\"article:published_time\" content=\"2026-02-09T13:44:00+00:00\" \/>\n<meta name=\"author\" content=\"Telinha\" \/>\n<meta name=\"twitter:card\" content=\"summary_large_image\" \/>\n<meta name=\"twitter:label1\" content=\"Escrito por\" \/>\n\t<meta name=\"twitter:data1\" content=\"Telinha\" \/>\n\t<meta name=\"twitter:label2\" content=\"Tempo estimado de leitura\" \/>\n\t<meta name=\"twitter:data2\" content=\"1 minuto\" \/>\n<script type=\"application\/ld+json\" class=\"yoast-schema-graph\">{\"@context\":\"https:\/\/schema.org\",\"@graph\":[{\"@type\":\"Article\",\"@id\":\"https:\/\/portaltela.pt\/noticias\/2026\/02\/09\/presidente-do-parlamento-acoriano-felicita-seguro-e-espera-cooperacao\/#article\",\"isPartOf\":{\"@id\":\"https:\/\/portaltela.pt\/noticias\/2026\/02\/09\/presidente-do-parlamento-acoriano-felicita-seguro-e-espera-cooperacao\/\"},\"author\":{\"name\":\"Telinha\",\"@id\":\"https:\/\/portaltela.pt\/#\/schema\/person\/c4278d4a6028830caff9ee44b42d32ed\"},\"headline\":\"Presidente do parlamento a\u00e7oriano felicita Seguro e espera coopera\u00e7\u00e3o\",\"datePublished\":\"2026-02-09T13:44:00+00:00\",\"mainEntityOfPage\":{\"@id\":\"https:\/\/portaltela.pt\/noticias\/2026\/02\/09\/presidente-do-parlamento-acoriano-felicita-seguro-e-espera-cooperacao\/\"},\"wordCount\":270,\"image\":{\"@id\":\"https:\/\/portaltela.pt\/noticias\/2026\/02\/09\/presidente-do-parlamento-acoriano-felicita-seguro-e-espera-cooperacao\/#primaryimage\"},\"thumbnailUrl\":\"https:\/\/portaltela.pt\/s.01k8rhncp4jt1\/2026\/02\/img_1500x1000uu2021-09-04-16-32-12-1077191.jpg\",\"keywords\":[\"A\u00e7ores\",\"autonomia regional\",\"democracia\",\"elei\u00e7\u00f5es\",\"pol\u00edtica\",\"presidente\"],\"articleSection\":[\"Not\u00edcias\",\"Pol\u00edtica\"],\"inLanguage\":\"pt-PT\"},{\"@type\":\"WebPage\",\"@id\":\"https:\/\/portaltela.pt\/noticias\/2026\/02\/09\/presidente-do-parlamento-acoriano-felicita-seguro-e-espera-cooperacao\/\",\"url\":\"https:\/\/portaltela.pt\/noticias\/2026\/02\/09\/presidente-do-parlamento-acoriano-felicita-seguro-e-espera-cooperacao\/\",\"name\":\"Presidente do parlamento a\u00e7oriano felicita Seguro e espera coopera\u00e7\u00e3o - Portal Tela Portugal\",\"isPartOf\":{\"@id\":\"https:\/\/portaltela.pt\/#website\"},\"primaryImageOfPage\":{\"@id\":\"https:\/\/portaltela.pt\/noticias\/2026\/02\/09\/presidente-do-parlamento-acoriano-felicita-seguro-e-espera-cooperacao\/#primaryimage\"},\"image\":{\"@id\":\"https:\/\/portaltela.pt\/noticias\/2026\/02\/09\/presidente-do-parlamento-acoriano-felicita-seguro-e-espera-cooperacao\/#primaryimage\"},\"thumbnailUrl\":\"https:\/\/portaltela.pt\/s.01k8rhncp4jt1\/2026\/02\/img_1500x1000uu2021-09-04-16-32-12-1077191.jpg\",\"datePublished\":\"2026-02-09T13:44:00+00:00\",\"author\":{\"@id\":\"https:\/\/portaltela.pt\/#\/schema\/person\/c4278d4a6028830caff9ee44b42d32ed\"},\"breadcrumb\":{\"@id\":\"https:\/\/portaltela.pt\/noticias\/2026\/02\/09\/presidente-do-parlamento-acoriano-felicita-seguro-e-espera-cooperacao\/#breadcrumb\"},\"inLanguage\":\"pt-PT\",\"potentialAction\":[{\"@type\":\"ReadAction\",\"target\":[\"https:\/\/portaltela.pt\/noticias\/2026\/02\/09\/presidente-do-parlamento-acoriano-felicita-seguro-e-espera-cooperacao\/\"]}]},{\"@type\":\"ImageObject\",\"inLanguage\":\"pt-PT\",\"@id\":\"https:\/\/portaltela.pt\/noticias\/2026\/02\/09\/presidente-do-parlamento-acoriano-felicita-seguro-e-espera-cooperacao\/#primaryimage\",\"url\":\"https:\/\/portaltela.pt\/s.01k8rhncp4jt1\/2026\/02\/img_1500x1000uu2021-09-04-16-32-12-1077191.jpg\",\"contentUrl\":\"https:\/\/portaltela.pt\/s.01k8rhncp4jt1\/2026\/02\/img_1500x1000uu2021-09-04-16-32-12-1077191.jpg\",\"width\":796,\"height\":448,\"caption\":\"Lu\u00eds Garcia, Presidente da Assembleia Legislativa da Regi\u00e3o Aut\u00f3noma dos A\u00e7ores\"},{\"@type\":\"BreadcrumbList\",\"@id\":\"https:\/\/portaltela.pt\/noticias\/2026\/02\/09\/presidente-do-parlamento-acoriano-felicita-seguro-e-espera-cooperacao\/#breadcrumb\",\"itemListElement\":[{\"@type\":\"ListItem\",\"position\":1,\"name\":\"In\u00edcio\",\"item\":\"https:\/\/portaltela.pt\/\"},{\"@type\":\"ListItem\",\"position\":2,\"name\":\"Presidente do parlamento a\u00e7oriano felicita Seguro e espera coopera\u00e7\u00e3o\"}]},{\"@type\":\"WebSite\",\"@id\":\"https:\/\/portaltela.pt\/#website\",\"url\":\"https:\/\/portaltela.pt\/\",\"name\":\"Portal Tela Portugal\",\"description\":\"\",\"potentialAction\":[{\"@type\":\"SearchAction\",\"target\":{\"@type\":\"EntryPoint\",\"urlTemplate\":\"https:\/\/portaltela.pt\/?s={search_term_string}\"},\"query-input\":{\"@type\":\"PropertyValueSpecification\",\"valueRequired\":true,\"valueName\":\"search_term_string\"}}],\"inLanguage\":\"pt-PT\"},{\"@type\":\"Person\",\"@id\":\"https:\/\/portaltela.pt\/#\/schema\/person\/c4278d4a6028830caff9ee44b42d32ed\",\"name\":\"Telinha\",\"image\":{\"@type\":\"ImageObject\",\"inLanguage\":\"pt-PT\",\"@id\":\"https:\/\/portaltela.pt\/s.01k8rhncp4jt1\/2025\/11\/talking-bot-125x125.png\",\"url\":\"https:\/\/portaltela.pt\/s.01k8rhncp4jt1\/2025\/11\/talking-bot-125x125.png\",\"contentUrl\":\"https:\/\/portaltela.pt\/s.01k8rhncp4jt1\/2025\/11\/talking-bot-125x125.png\",\"caption\":\"Telinha\"},\"sameAs\":[\"https:\/\/portaltela.pt\/\"],\"url\":\"https:\/\/portaltela.pt\/por\/367410592786\/\"}]}<\/script>\n<!-- \/ Yoast SEO plugin. -->","yoast_head_json":{"title":"Presidente do parlamento a\u00e7oriano felicita Seguro e espera coopera\u00e7\u00e3o - Portal Tela Portugal","robots":{"index":"index","follow":"follow","max-snippet":"max-snippet:-1","max-image-preview":"max-image-preview:large","max-video-preview":"max-video-preview:-1"},"og_locale":"pt_PT","og_type":"article","og_title":"Presidente do parlamento a\u00e7oriano felicita Seguro e espera coopera\u00e7\u00e3o - Portal Tela Portugal","og_description":"O presidente do parlamento a\u00e7oriano, Lu\u00eds Garcia, felicitou Ant\u00f3nio Jos\u00e9 Seguro pela elei\u00e7\u00e3o como Presidente da Rep\u00fablica. Disse esperar uma rela\u00e7\u00e3o institucional pautada pela coopera\u00e7\u00e3o, lealdade e respeito m\u00fatuo. Relembrou o papel determinante do Presidente da Rep\u00fablica na unidade nacional e na defesa da autonomia dos A\u00e7ores. Destacou a elevada participa\u00e7\u00e3o democr\u00e1tica e afirmou que a elei\u00e7\u00e3o de Seguro representa um momento relevante da vida democr\u00e1tica. Dados da vota\u00e7\u00e3o: Seguro obteve dois ter\u00e7os dos votos expressos, perto de 3,48 milh\u00f5es, faltando 20 freguesias; posse marcada para 9 de mar\u00e7o; Andr\u00e9 Ventura ficou com mais de 1,7 milh\u00f5es de votos.","og_url":"https:\/\/portaltela.pt\/noticias\/2026\/02\/09\/presidente-do-parlamento-acoriano-felicita-seguro-e-espera-cooperacao\/","og_site_name":"Portal Tela Portugal","article_published_time":"2026-02-09T13:44:00+00:00","author":"Telinha","twitter_card":"summary_large_image","twitter_misc":{"Escrito por":"Telinha","Tempo estimado de leitura":"1 minuto"},"schema":{"@context":"https:\/\/schema.org","@graph":[{"@type":"Article","@id":"https:\/\/portaltela.pt\/noticias\/2026\/02\/09\/presidente-do-parlamento-acoriano-felicita-seguro-e-espera-cooperacao\/#article","isPartOf":{"@id":"https:\/\/portaltela.pt\/noticias\/2026\/02\/09\/presidente-do-parlamento-acoriano-felicita-seguro-e-espera-cooperacao\/"},"author":{"name":"Telinha","@id":"https:\/\/portaltela.pt\/#\/schema\/person\/c4278d4a6028830caff9ee44b42d32ed"},"headline":"Presidente do parlamento a\u00e7oriano felicita Seguro e espera coopera\u00e7\u00e3o","datePublished":"2026-02-09T13:44:00+00:00","mainEntityOfPage":{"@id":"https:\/\/portaltela.pt\/noticias\/2026\/02\/09\/presidente-do-parlamento-acoriano-felicita-seguro-e-espera-cooperacao\/"},"wordCount":270,"image":{"@id":"https:\/\/portaltela.pt\/noticias\/2026\/02\/09\/presidente-do-parlamento-acoriano-felicita-seguro-e-espera-cooperacao\/#primaryimage"},"thumbnailUrl":"https:\/\/portaltela.pt\/s.01k8rhncp4jt1\/2026\/02\/img_1500x1000uu2021-09-04-16-32-12-1077191.jpg","keywords":["A\u00e7ores","autonomia regional","democracia","elei\u00e7\u00f5es","pol\u00edtica","presidente"],"articleSection":["Not\u00edcias","Pol\u00edtica"],"inLanguage":"pt-PT"},{"@type":"WebPage","@id":"https:\/\/portaltela.pt\/noticias\/2026\/02\/09\/presidente-do-parlamento-acoriano-felicita-seguro-e-espera-cooperacao\/","url":"https:\/\/portaltela.pt\/noticias\/2026\/02\/09\/presidente-do-parlamento-acoriano-felicita-seguro-e-espera-cooperacao\/","name":"Presidente do parlamento a\u00e7oriano felicita Seguro e espera coopera\u00e7\u00e3o - Portal Tela Portugal","isPartOf":{"@id":"https:\/\/portaltela.pt\/#website"},"primaryImageOfPage":{"@id":"https:\/\/portaltela.pt\/noticias\/2026\/02\/09\/presidente-do-parlamento-acoriano-felicita-seguro-e-espera-cooperacao\/#primaryimage"},"image":{"@id":"https:\/\/portaltela.pt\/noticias\/2026\/02\/09\/presidente-do-parlamento-acoriano-felicita-seguro-e-espera-cooperacao\/#primaryimage"},"thumbnailUrl":"https:\/\/portaltela.pt\/s.01k8rhncp4jt1\/2026\/02\/img_1500x1000uu2021-09-04-16-32-12-1077191.jpg","datePublished":"2026-02-09T13:44:00+00:00","author":{"@id":"https:\/\/portaltela.pt\/#\/schema\/person\/c4278d4a6028830caff9ee44b42d32ed"},"breadcrumb":{"@id":"https:\/\/portaltela.pt\/noticias\/2026\/02\/09\/presidente-do-parlamento-acoriano-felicita-seguro-e-espera-cooperacao\/#breadcrumb"},"inLanguage":"pt-PT","potentialAction":[{"@type":"ReadAction","target":["https:\/\/portaltela.pt\/noticias\/2026\/02\/09\/presidente-do-parlamento-acoriano-felicita-seguro-e-espera-cooperacao\/"]}]},{"@type":"ImageObject","inLanguage":"pt-PT","@id":"https:\/\/portaltela.pt\/noticias\/2026\/02\/09\/presidente-do-parlamento-acoriano-felicita-seguro-e-espera-cooperacao\/#primaryimage","url":"https:\/\/portaltela.pt\/s.01k8rhncp4jt1\/2026\/02\/img_1500x1000uu2021-09-04-16-32-12-1077191.jpg","contentUrl":"https:\/\/portaltela.pt\/s.01k8rhncp4jt1\/2026\/02\/img_1500x1000uu2021-09-04-16-32-12-1077191.jpg","width":796,"height":448,"caption":"Lu\u00eds Garcia, Presidente da Assembleia Legislativa da Regi\u00e3o Aut\u00f3noma dos A\u00e7ores"},{"@type":"BreadcrumbList","@id":"https:\/\/portaltela.pt\/noticias\/2026\/02\/09\/presidente-do-parlamento-acoriano-felicita-seguro-e-espera-cooperacao\/#breadcrumb","itemListElement":[{"@type":"ListItem","position":1,"name":"In\u00edcio","item":"https:\/\/portaltela.pt\/"},{"@type":"ListItem","position":2,"name":"Presidente do parlamento a\u00e7oriano felicita Seguro e espera coopera\u00e7\u00e3o"}]},{"@type":"WebSite","@id":"https:\/\/portaltela.pt\/#website","url":"https:\/\/portaltela.pt\/","name":"Portal Tela Portugal","description":"","potentialAction":[{"@type":"SearchAction","target":{"@type":"EntryPoint","urlTemplate":"https:\/\/portaltela.pt\/?s={search_term_string}"},"query-input":{"@type":"PropertyValueSpecification","valueRequired":true,"valueName":"search_term_string"}}],"inLanguage":"pt-PT"},{"@type":"Person","@id":"https:\/\/portaltela.pt\/#\/schema\/person\/c4278d4a6028830caff9ee44b42d32ed","name":"Telinha","image":{"@type":"ImageObject","inLanguage":"pt-PT","@id":"https:\/\/portaltela.pt\/s.01k8rhncp4jt1\/2025\/11\/talking-bot-125x125.png","url":"https:\/\/portaltela.pt\/s.01k8rhncp4jt1\/2025\/11\/talking-bot-125x125.png","contentUrl":"https:\/\/portaltela.pt\/s.01k8rhncp4jt1\/2025\/11\/talking-bot-125x125.png","caption":"Telinha"},"sameAs":["https:\/\/portaltela.pt\/"],"url":"https:\/\/portaltela.pt\/por\/367410592786\/"}]}},"_links":{"self":[{"href":"https:\/\/portaltela.pt\/api\/wp\/v2\/posts\/205387","targetHints":{"allow":["GET"]}}],"collection":[{"href":"https:\/\/portaltela.pt\/api\/wp\/v2\/posts"}],"about":[{"href":"https:\/\/portaltela.pt\/api\/wp\/v2\/types\/post"}],"author":[{"embeddable":true,"href":"https:\/\/portaltela.pt\/api\/wp\/v2\/users\/2"}],"replies":[{"embeddable":true,"href":"https:\/\/portaltela.pt\/api\/wp\/v2\/comments?post=205387"}],"version-history":[{"count":0,"href":"https:\/\/portaltela.pt\/api\/wp\/v2\/posts\/205387\/revisions"}],"wp:featuredmedia":[{"embeddable":true,"href":"https:\/\/portaltela.pt\/api\/wp\/v2\/media\/205388"}],"wp:attachment":[{"href":"https:\/\/portaltela.pt\/api\/wp\/v2\/media?parent=205387"}],"wp:term":[{"taxonomy":"category","embeddable":true,"href":"https:\/\/portaltela.pt\/api\/wp\/v2\/categories?post=205387"},{"taxonomy":"post_tag","embeddable":true,"href":"https:\/\/portaltela.pt\/api\/wp\/v2\/tags?post=205387"}],"curies":[{"name":"wp","href":"https:\/\/api.w.org\/{rel}","templated":true}]}}