{"id":205360,"date":"2026-02-09T10:25:37","date_gmt":"2026-02-09T13:25:37","guid":{"rendered":"https:\/\/portaltela.pt\/noticias\/2026\/02\/09\/mariana-leitao-apela-a-exigencia-e-urgencia-para-transformar-o-pais\/"},"modified":"2026-02-09T10:25:37","modified_gmt":"2026-02-09T13:25:37","slug":"mariana-leitao-apela-a-exigencia-e-urgencia-para-transformar-o-pais","status":"publish","type":"post","link":"https:\/\/portaltela.pt\/noticias\/politica\/2026\/02\/09\/mariana-leitao-apela-a-exigencia-e-urgencia-para-transformar-o-pais\/","title":{"rendered":"Mariana Leit\u00e3o apela a exig\u00eancia e urg\u00eancia para transformar o pa\u00eds"},"content":{"rendered":"<p>Mariana Leit\u00e3o, l\u00edder da Iniciativa Liberal (IL), felicitou Ant\u00f3nio Jos\u00e9 Seguro pela elei\u00e7\u00e3o como Presidente da Rep\u00fablica. Pediu que imponha um sentido de exig\u00eancia e de urg\u00eancia nas transforma\u00e7\u00f5es necess\u00e1rias para o pa\u00eds.<\/p>\n<p>A l\u00edder da IL refor\u00e7ou a ideia de que Seguro, como Presidente de todos os portugueses, deve assegurar o caminho adequado para melhorar as condi\u00e7\u00f5es de vida dos cidad\u00e3os. O apelo incidiu sobre respostas r\u00e1pidas a desafios atuais e futuros.<\/p>\n<p>Em Pataias, Alcoba\u00e7a (Leiria), Leit\u00e3o visitou uma escola destru\u00edda pela tempestade Kristin, destacando a import\u00e2ncia de respostas efetivas em \u00e1reas atingidas pela tempestade.<\/p>\n<p>Ant\u00f3nio Jos\u00e9 Seguro foi eleito Presidente da Rep\u00fablica no domingo, com dois ter\u00e7os dos votos expressos, cerca de 3,48 milh\u00f5es, faltando apurar 20 freguesias de oito munic\u00edpios. Andr\u00e9 Ventura obteve pouco mais de 1,7 milh\u00f5es de votos.<\/p>\n<p>Seguro obteve uma percentagem pr\u00f3xima de 67%, enquanto o l\u00edder do Chega ficou acima de 33%. A tomada de posse do novo chefe de Estado est\u00e1 marcada para 9 de mar\u00e7o.<\/p>\n","protected":false},"excerpt":{"rendered":"<ul>\n<li>Mariana Leit\u00e3o felicitou Ant\u00f3nio Jos\u00e9 Seguro pela elei\u00e7\u00e3o \u00e0 presid\u00eancia da Rep\u00fablica e pediu que imponha um sentido de exig\u00eancia e de urg\u00eancia nas transforma\u00e7\u00f5es essenciais para o pa\u00eds.<\/li>\n<li>A l\u00edder da Iniciativa Liberal disse ter telefonado para parabenizar o Presidente eleito e desejou sucesso ao pa\u00eds.<\/li>\n<li>Referindo-se ao discurso de vit\u00f3ria, Leit\u00e3o considera que \u00e9 preciso, de facto, impor essa exig\u00eancia e urg\u00eancia para transformar o pa\u00eds.<\/li>\n<li>Afirma que o Presidente de todos os portugueses deve garantir o caminho certo para que as pessoas vivam melhor, enfrentando tanto os desafios presentes como os futuros.<\/li>\n<li>O coment\u00e1rio foi feito em Pataias, Alcoba\u00e7a, durante uma visita a uma escola destru\u00edda pela tempestade Kristin; com a elei\u00e7\u00e3o de Seguro, o Presidente venceu com cerca de 67 por cento (aproximadamente 3,48 milh\u00f5es de votos) e Andr\u00e9 Ventura ficou com mais de 33 por cento (mais de 1,7 milh\u00f5es). A posse est\u00e1 marcada para 9 de mar\u00e7o, faltando apurar 20 freguesias.<\/li>\n<\/ul>\n","protected":false},"author":2,"featured_media":205365,"comment_status":"closed","ping_status":"closed","sticky":false,"template":"","format":"standard","meta":{"footnotes":""},"categories":[1,5],"tags":[2655,68,1482,5407,1014,30],"class_list":["post-205360","post","type-post","status-publish","format-standard","has-post-thumbnail","hentry","category-noticias","category-politica","tag-antonio-jose-seguro","tag-eleicoes","tag-iniciativa-liberal","tag-pataias","tag-portugal","tag-presidente"],"yoast_head":"<!-- This site is optimized with the Yoast SEO plugin v27.2 - https:\/\/yoast.com\/product\/yoast-seo-wordpress\/ -->\n<title>Mariana Leit\u00e3o apela a exig\u00eancia e urg\u00eancia para transformar o pa\u00eds - Portal Tela Portugal<\/title>\n<meta name=\"robots\" content=\"index, follow, max-snippet:-1, max-image-preview:large, max-video-preview:-1\" \/>\n<meta property=\"og:locale\" content=\"pt_PT\" \/>\n<meta property=\"og:type\" content=\"article\" \/>\n<meta property=\"og:title\" content=\"Mariana Leit\u00e3o apela a exig\u00eancia e urg\u00eancia para transformar o pa\u00eds - Portal Tela Portugal\" \/>\n<meta property=\"og:description\" content=\"Mariana Leit\u00e3o felicitou Ant\u00f3nio Jos\u00e9 Seguro pela elei\u00e7\u00e3o \u00e0 presid\u00eancia da Rep\u00fablica e pediu que imponha um sentido de exig\u00eancia e de urg\u00eancia nas transforma\u00e7\u00f5es essenciais para o pa\u00eds. A l\u00edder da Iniciativa Liberal disse ter telefonado para parabenizar o Presidente eleito e desejou sucesso ao pa\u00eds. Referindo-se ao discurso de vit\u00f3ria, Leit\u00e3o considera que \u00e9 preciso, de facto, impor essa exig\u00eancia e urg\u00eancia para transformar o pa\u00eds. Afirma que o Presidente de todos os portugueses deve garantir o caminho certo para que as pessoas vivam melhor, enfrentando tanto os desafios presentes como os futuros. O coment\u00e1rio foi feito em Pataias, Alcoba\u00e7a, durante uma visita a uma escola destru\u00edda pela tempestade Kristin; com a elei\u00e7\u00e3o de Seguro, o Presidente venceu com cerca de 67 por cento (aproximadamente 3,48 milh\u00f5es de votos) e Andr\u00e9 Ventura ficou com mais de 33 por cento (mais de 1,7 milh\u00f5es). A posse est\u00e1 marcada para 9 de mar\u00e7o, faltando apurar 20 freguesias.\" \/>\n<meta property=\"og:url\" content=\"https:\/\/portaltela.pt\/noticias\/2026\/02\/09\/mariana-leitao-apela-a-exigencia-e-urgencia-para-transformar-o-pais\/\" \/>\n<meta property=\"og:site_name\" content=\"Portal Tela Portugal\" \/>\n<meta property=\"article:published_time\" content=\"2026-02-09T13:25:37+00:00\" \/>\n<meta name=\"author\" content=\"Telinha\" \/>\n<meta name=\"twitter:card\" content=\"summary_large_image\" \/>\n<meta name=\"twitter:label1\" content=\"Escrito por\" \/>\n\t<meta name=\"twitter:data1\" content=\"Telinha\" \/>\n\t<meta name=\"twitter:label2\" content=\"Tempo estimado de leitura\" \/>\n\t<meta name=\"twitter:data2\" content=\"1 minuto\" \/>\n<script type=\"application\/ld+json\" class=\"yoast-schema-graph\">{\"@context\":\"https:\/\/schema.org\",\"@graph\":[{\"@type\":\"Article\",\"@id\":\"https:\/\/portaltela.pt\/noticias\/2026\/02\/09\/mariana-leitao-apela-a-exigencia-e-urgencia-para-transformar-o-pais\/#article\",\"isPartOf\":{\"@id\":\"https:\/\/portaltela.pt\/noticias\/2026\/02\/09\/mariana-leitao-apela-a-exigencia-e-urgencia-para-transformar-o-pais\/\"},\"author\":{\"name\":\"Telinha\",\"@id\":\"https:\/\/portaltela.pt\/#\/schema\/person\/c4278d4a6028830caff9ee44b42d32ed\"},\"headline\":\"Mariana Leit\u00e3o apela a exig\u00eancia e urg\u00eancia para transformar o pa\u00eds\",\"datePublished\":\"2026-02-09T13:25:37+00:00\",\"mainEntityOfPage\":{\"@id\":\"https:\/\/portaltela.pt\/noticias\/2026\/02\/09\/mariana-leitao-apela-a-exigencia-e-urgencia-para-transformar-o-pais\/\"},\"wordCount\":201,\"image\":{\"@id\":\"https:\/\/portaltela.pt\/noticias\/2026\/02\/09\/mariana-leitao-apela-a-exigencia-e-urgencia-para-transformar-o-pais\/#primaryimage\"},\"thumbnailUrl\":\"https:\/\/portaltela.pt\/s.01k8rhncp4jt1\/2026\/02\/img_1500x1000uu2026-01-18-23-06-00-2261204.jpg\",\"keywords\":[\"Ant\u00f3nio Jos\u00e9 Seguro\",\"elei\u00e7\u00f5es\",\"Iniciativa Liberal\",\"Pataias\",\"Portugal\",\"presidente\"],\"articleSection\":[\"Not\u00edcias\",\"Pol\u00edtica\"],\"inLanguage\":\"pt-PT\"},{\"@type\":\"WebPage\",\"@id\":\"https:\/\/portaltela.pt\/noticias\/2026\/02\/09\/mariana-leitao-apela-a-exigencia-e-urgencia-para-transformar-o-pais\/\",\"url\":\"https:\/\/portaltela.pt\/noticias\/2026\/02\/09\/mariana-leitao-apela-a-exigencia-e-urgencia-para-transformar-o-pais\/\",\"name\":\"Mariana Leit\u00e3o apela a exig\u00eancia e urg\u00eancia para transformar o pa\u00eds - Portal Tela Portugal\",\"isPartOf\":{\"@id\":\"https:\/\/portaltela.pt\/#website\"},\"primaryImageOfPage\":{\"@id\":\"https:\/\/portaltela.pt\/noticias\/2026\/02\/09\/mariana-leitao-apela-a-exigencia-e-urgencia-para-transformar-o-pais\/#primaryimage\"},\"image\":{\"@id\":\"https:\/\/portaltela.pt\/noticias\/2026\/02\/09\/mariana-leitao-apela-a-exigencia-e-urgencia-para-transformar-o-pais\/#primaryimage\"},\"thumbnailUrl\":\"https:\/\/portaltela.pt\/s.01k8rhncp4jt1\/2026\/02\/img_1500x1000uu2026-01-18-23-06-00-2261204.jpg\",\"datePublished\":\"2026-02-09T13:25:37+00:00\",\"author\":{\"@id\":\"https:\/\/portaltela.pt\/#\/schema\/person\/c4278d4a6028830caff9ee44b42d32ed\"},\"breadcrumb\":{\"@id\":\"https:\/\/portaltela.pt\/noticias\/2026\/02\/09\/mariana-leitao-apela-a-exigencia-e-urgencia-para-transformar-o-pais\/#breadcrumb\"},\"inLanguage\":\"pt-PT\",\"potentialAction\":[{\"@type\":\"ReadAction\",\"target\":[\"https:\/\/portaltela.pt\/noticias\/2026\/02\/09\/mariana-leitao-apela-a-exigencia-e-urgencia-para-transformar-o-pais\/\"]}]},{\"@type\":\"ImageObject\",\"inLanguage\":\"pt-PT\",\"@id\":\"https:\/\/portaltela.pt\/noticias\/2026\/02\/09\/mariana-leitao-apela-a-exigencia-e-urgencia-para-transformar-o-pais\/#primaryimage\",\"url\":\"https:\/\/portaltela.pt\/s.01k8rhncp4jt1\/2026\/02\/img_1500x1000uu2026-01-18-23-06-00-2261204.jpg\",\"contentUrl\":\"https:\/\/portaltela.pt\/s.01k8rhncp4jt1\/2026\/02\/img_1500x1000uu2026-01-18-23-06-00-2261204.jpg\",\"width\":796,\"height\":448,\"caption\":\"Mariana Leit\u00e3o emocionada durante discurso de Cotrim\"},{\"@type\":\"BreadcrumbList\",\"@id\":\"https:\/\/portaltela.pt\/noticias\/2026\/02\/09\/mariana-leitao-apela-a-exigencia-e-urgencia-para-transformar-o-pais\/#breadcrumb\",\"itemListElement\":[{\"@type\":\"ListItem\",\"position\":1,\"name\":\"In\u00edcio\",\"item\":\"https:\/\/portaltela.pt\/\"},{\"@type\":\"ListItem\",\"position\":2,\"name\":\"Mariana Leit\u00e3o apela a exig\u00eancia e urg\u00eancia para transformar o pa\u00eds\"}]},{\"@type\":\"WebSite\",\"@id\":\"https:\/\/portaltela.pt\/#website\",\"url\":\"https:\/\/portaltela.pt\/\",\"name\":\"Portal Tela Portugal\",\"description\":\"\",\"potentialAction\":[{\"@type\":\"SearchAction\",\"target\":{\"@type\":\"EntryPoint\",\"urlTemplate\":\"https:\/\/portaltela.pt\/?s={search_term_string}\"},\"query-input\":{\"@type\":\"PropertyValueSpecification\",\"valueRequired\":true,\"valueName\":\"search_term_string\"}}],\"inLanguage\":\"pt-PT\"},{\"@type\":\"Person\",\"@id\":\"https:\/\/portaltela.pt\/#\/schema\/person\/c4278d4a6028830caff9ee44b42d32ed\",\"name\":\"Telinha\",\"image\":{\"@type\":\"ImageObject\",\"inLanguage\":\"pt-PT\",\"@id\":\"https:\/\/portaltela.pt\/s.01k8rhncp4jt1\/2025\/11\/talking-bot-125x125.png\",\"url\":\"https:\/\/portaltela.pt\/s.01k8rhncp4jt1\/2025\/11\/talking-bot-125x125.png\",\"contentUrl\":\"https:\/\/portaltela.pt\/s.01k8rhncp4jt1\/2025\/11\/talking-bot-125x125.png\",\"caption\":\"Telinha\"},\"sameAs\":[\"https:\/\/portaltela.pt\/\"],\"url\":\"https:\/\/portaltela.pt\/por\/367410592786\/\"}]}<\/script>\n<!-- \/ Yoast SEO plugin. -->","yoast_head_json":{"title":"Mariana Leit\u00e3o apela a exig\u00eancia e urg\u00eancia para transformar o pa\u00eds - Portal Tela Portugal","robots":{"index":"index","follow":"follow","max-snippet":"max-snippet:-1","max-image-preview":"max-image-preview:large","max-video-preview":"max-video-preview:-1"},"og_locale":"pt_PT","og_type":"article","og_title":"Mariana Leit\u00e3o apela a exig\u00eancia e urg\u00eancia para transformar o pa\u00eds - Portal Tela Portugal","og_description":"Mariana Leit\u00e3o felicitou Ant\u00f3nio Jos\u00e9 Seguro pela elei\u00e7\u00e3o \u00e0 presid\u00eancia da Rep\u00fablica e pediu que imponha um sentido de exig\u00eancia e de urg\u00eancia nas transforma\u00e7\u00f5es essenciais para o pa\u00eds. A l\u00edder da Iniciativa Liberal disse ter telefonado para parabenizar o Presidente eleito e desejou sucesso ao pa\u00eds. Referindo-se ao discurso de vit\u00f3ria, Leit\u00e3o considera que \u00e9 preciso, de facto, impor essa exig\u00eancia e urg\u00eancia para transformar o pa\u00eds. Afirma que o Presidente de todos os portugueses deve garantir o caminho certo para que as pessoas vivam melhor, enfrentando tanto os desafios presentes como os futuros. O coment\u00e1rio foi feito em Pataias, Alcoba\u00e7a, durante uma visita a uma escola destru\u00edda pela tempestade Kristin; com a elei\u00e7\u00e3o de Seguro, o Presidente venceu com cerca de 67 por cento (aproximadamente 3,48 milh\u00f5es de votos) e Andr\u00e9 Ventura ficou com mais de 33 por cento (mais de 1,7 milh\u00f5es). A posse est\u00e1 marcada para 9 de mar\u00e7o, faltando apurar 20 freguesias.","og_url":"https:\/\/portaltela.pt\/noticias\/2026\/02\/09\/mariana-leitao-apela-a-exigencia-e-urgencia-para-transformar-o-pais\/","og_site_name":"Portal Tela Portugal","article_published_time":"2026-02-09T13:25:37+00:00","author":"Telinha","twitter_card":"summary_large_image","twitter_misc":{"Escrito por":"Telinha","Tempo estimado de leitura":"1 minuto"},"schema":{"@context":"https:\/\/schema.org","@graph":[{"@type":"Article","@id":"https:\/\/portaltela.pt\/noticias\/2026\/02\/09\/mariana-leitao-apela-a-exigencia-e-urgencia-para-transformar-o-pais\/#article","isPartOf":{"@id":"https:\/\/portaltela.pt\/noticias\/2026\/02\/09\/mariana-leitao-apela-a-exigencia-e-urgencia-para-transformar-o-pais\/"},"author":{"name":"Telinha","@id":"https:\/\/portaltela.pt\/#\/schema\/person\/c4278d4a6028830caff9ee44b42d32ed"},"headline":"Mariana Leit\u00e3o apela a exig\u00eancia e urg\u00eancia para transformar o pa\u00eds","datePublished":"2026-02-09T13:25:37+00:00","mainEntityOfPage":{"@id":"https:\/\/portaltela.pt\/noticias\/2026\/02\/09\/mariana-leitao-apela-a-exigencia-e-urgencia-para-transformar-o-pais\/"},"wordCount":201,"image":{"@id":"https:\/\/portaltela.pt\/noticias\/2026\/02\/09\/mariana-leitao-apela-a-exigencia-e-urgencia-para-transformar-o-pais\/#primaryimage"},"thumbnailUrl":"https:\/\/portaltela.pt\/s.01k8rhncp4jt1\/2026\/02\/img_1500x1000uu2026-01-18-23-06-00-2261204.jpg","keywords":["Ant\u00f3nio Jos\u00e9 Seguro","elei\u00e7\u00f5es","Iniciativa Liberal","Pataias","Portugal","presidente"],"articleSection":["Not\u00edcias","Pol\u00edtica"],"inLanguage":"pt-PT"},{"@type":"WebPage","@id":"https:\/\/portaltela.pt\/noticias\/2026\/02\/09\/mariana-leitao-apela-a-exigencia-e-urgencia-para-transformar-o-pais\/","url":"https:\/\/portaltela.pt\/noticias\/2026\/02\/09\/mariana-leitao-apela-a-exigencia-e-urgencia-para-transformar-o-pais\/","name":"Mariana Leit\u00e3o apela a exig\u00eancia e urg\u00eancia para transformar o pa\u00eds - Portal Tela Portugal","isPartOf":{"@id":"https:\/\/portaltela.pt\/#website"},"primaryImageOfPage":{"@id":"https:\/\/portaltela.pt\/noticias\/2026\/02\/09\/mariana-leitao-apela-a-exigencia-e-urgencia-para-transformar-o-pais\/#primaryimage"},"image":{"@id":"https:\/\/portaltela.pt\/noticias\/2026\/02\/09\/mariana-leitao-apela-a-exigencia-e-urgencia-para-transformar-o-pais\/#primaryimage"},"thumbnailUrl":"https:\/\/portaltela.pt\/s.01k8rhncp4jt1\/2026\/02\/img_1500x1000uu2026-01-18-23-06-00-2261204.jpg","datePublished":"2026-02-09T13:25:37+00:00","author":{"@id":"https:\/\/portaltela.pt\/#\/schema\/person\/c4278d4a6028830caff9ee44b42d32ed"},"breadcrumb":{"@id":"https:\/\/portaltela.pt\/noticias\/2026\/02\/09\/mariana-leitao-apela-a-exigencia-e-urgencia-para-transformar-o-pais\/#breadcrumb"},"inLanguage":"pt-PT","potentialAction":[{"@type":"ReadAction","target":["https:\/\/portaltela.pt\/noticias\/2026\/02\/09\/mariana-leitao-apela-a-exigencia-e-urgencia-para-transformar-o-pais\/"]}]},{"@type":"ImageObject","inLanguage":"pt-PT","@id":"https:\/\/portaltela.pt\/noticias\/2026\/02\/09\/mariana-leitao-apela-a-exigencia-e-urgencia-para-transformar-o-pais\/#primaryimage","url":"https:\/\/portaltela.pt\/s.01k8rhncp4jt1\/2026\/02\/img_1500x1000uu2026-01-18-23-06-00-2261204.jpg","contentUrl":"https:\/\/portaltela.pt\/s.01k8rhncp4jt1\/2026\/02\/img_1500x1000uu2026-01-18-23-06-00-2261204.jpg","width":796,"height":448,"caption":"Mariana Leit\u00e3o emocionada durante discurso de Cotrim"},{"@type":"BreadcrumbList","@id":"https:\/\/portaltela.pt\/noticias\/2026\/02\/09\/mariana-leitao-apela-a-exigencia-e-urgencia-para-transformar-o-pais\/#breadcrumb","itemListElement":[{"@type":"ListItem","position":1,"name":"In\u00edcio","item":"https:\/\/portaltela.pt\/"},{"@type":"ListItem","position":2,"name":"Mariana Leit\u00e3o apela a exig\u00eancia e urg\u00eancia para transformar o pa\u00eds"}]},{"@type":"WebSite","@id":"https:\/\/portaltela.pt\/#website","url":"https:\/\/portaltela.pt\/","name":"Portal Tela Portugal","description":"","potentialAction":[{"@type":"SearchAction","target":{"@type":"EntryPoint","urlTemplate":"https:\/\/portaltela.pt\/?s={search_term_string}"},"query-input":{"@type":"PropertyValueSpecification","valueRequired":true,"valueName":"search_term_string"}}],"inLanguage":"pt-PT"},{"@type":"Person","@id":"https:\/\/portaltela.pt\/#\/schema\/person\/c4278d4a6028830caff9ee44b42d32ed","name":"Telinha","image":{"@type":"ImageObject","inLanguage":"pt-PT","@id":"https:\/\/portaltela.pt\/s.01k8rhncp4jt1\/2025\/11\/talking-bot-125x125.png","url":"https:\/\/portaltela.pt\/s.01k8rhncp4jt1\/2025\/11\/talking-bot-125x125.png","contentUrl":"https:\/\/portaltela.pt\/s.01k8rhncp4jt1\/2025\/11\/talking-bot-125x125.png","caption":"Telinha"},"sameAs":["https:\/\/portaltela.pt\/"],"url":"https:\/\/portaltela.pt\/por\/367410592786\/"}]}},"_links":{"self":[{"href":"https:\/\/portaltela.pt\/api\/wp\/v2\/posts\/205360","targetHints":{"allow":["GET"]}}],"collection":[{"href":"https:\/\/portaltela.pt\/api\/wp\/v2\/posts"}],"about":[{"href":"https:\/\/portaltela.pt\/api\/wp\/v2\/types\/post"}],"author":[{"embeddable":true,"href":"https:\/\/portaltela.pt\/api\/wp\/v2\/users\/2"}],"replies":[{"embeddable":true,"href":"https:\/\/portaltela.pt\/api\/wp\/v2\/comments?post=205360"}],"version-history":[{"count":0,"href":"https:\/\/portaltela.pt\/api\/wp\/v2\/posts\/205360\/revisions"}],"wp:featuredmedia":[{"embeddable":true,"href":"https:\/\/portaltela.pt\/api\/wp\/v2\/media\/205365"}],"wp:attachment":[{"href":"https:\/\/portaltela.pt\/api\/wp\/v2\/media?parent=205360"}],"wp:term":[{"taxonomy":"category","embeddable":true,"href":"https:\/\/portaltela.pt\/api\/wp\/v2\/categories?post=205360"},{"taxonomy":"post_tag","embeddable":true,"href":"https:\/\/portaltela.pt\/api\/wp\/v2\/tags?post=205360"}],"curies":[{"name":"wp","href":"https:\/\/api.w.org\/{rel}","templated":true}]}}