{"id":205325,"date":"2026-02-09T09:52:00","date_gmt":"2026-02-09T12:52:00","guid":{"rendered":"https:\/\/portaltela.pt\/noticias\/2026\/02\/09\/ruben-com-autismo-escola-paga-pelo-estado-transporte-nao\/"},"modified":"2026-02-09T09:52:00","modified_gmt":"2026-02-09T12:52:00","slug":"ruben-com-autismo-escola-paga-pelo-estado-transporte-nao","status":"publish","type":"post","link":"https:\/\/portaltela.pt\/noticias\/2026\/02\/09\/ruben-com-autismo-escola-paga-pelo-estado-transporte-nao\/","title":{"rendered":"R\u00faben com autismo: escola paga pelo Estado, transporte n\u00e3o"},"content":{"rendered":"<p>R\u00faben Silvestre, 16 anos, viveu uma trajet\u00f3ria marcada por atrasos e mudan\u00e7as na escolaridade associadas ao autismo. O Minist\u00e9rio da Educa\u00e7\u00e3o autorizou que a escolariza\u00e7\u00e3o fosse financiada pelo Estado, mas n\u00e3o em escola regular, e sim numa institui\u00e7\u00e3o particular de solidariedade social (IPSS) especializada.<\/p>\n<p>Em novembro, o jovem come\u00e7ou afinal a frequentar a IPSS escolhida. Pouco depois, a fam\u00edlia percebeu que este trajeto implicava a perda do direito ao transporte escolar, uma situa\u00e7\u00e3o que depende do munic\u00edpio onde residem.<\/p>\n<p>Na pr\u00e1tica, muitos dias acabam por exigir o custo de um TVDE para desloca\u00e7\u00f5es entre casa e escola, custo suportado pelos pais. A situa\u00e7\u00e3o \u00e9 citada como ilustrativa de desigualdades no acesso ao ensino especial.<\/p>\n<h3>Desigualdades no transporte escolar<\/h3>\n<p>A altera\u00e7\u00e3o no regime de ensino de R\u00faben tem impacto direto no transporte, variando conforme o munic\u00edpio. Em alguns locais, o direito ao transporte n\u00e3o \u00e9 bloqueado pela mudan\u00e7a para uma IPSS, enquanto noutros, como o distrito onde vivem, a autoriza\u00e7\u00e3o \u00e9 distinta.<\/p>\n","protected":false},"excerpt":{"rendered":"<ul>\n<li>R\u00faben Silvestre, 16 anos, com autismo, teve a escolariza\u00e7\u00e3o financiada pelo Estado numa IPSS especializada, em vez de uma escola regular.<\/li>\n<li>Em novembro come\u00e7ou finalmente a frequentar a escola ap\u00f3s a mudan\u00e7a para a IPSS.<\/li>\n<li>Ao entrar numa IPSS, perdeu o direito ao transporte escolar, uma situa\u00e7\u00e3o que varia consoante o munic\u00edpio.<\/li>\n<li>A fam\u00edlia tem, na maioria dos dias, de pagar o servi\u00e7o de TVDE para levar o rapaz \u00e0 escola.<\/li>\n<li>O caso ilustra desigualdades no acesso ao ensino especial.<\/li>\n<\/ul>\n","protected":false},"author":2,"featured_media":205334,"comment_status":"closed","ping_status":"closed","sticky":false,"template":"","format":"standard","meta":{"footnotes":""},"categories":[1],"tags":[5437,163,1296,3129,2737,3912],"class_list":["post-205325","post","type-post","status-publish","format-standard","has-post-thumbnail","hentry","category-noticias","tag-desigualdades-sociais","tag-educacao","tag-educacao-especial","tag-ipss","tag-pessoas-com-deficiencia","tag-transporte-escolar"],"yoast_head":"<!-- This site is optimized with the Yoast SEO plugin v27.2 - https:\/\/yoast.com\/product\/yoast-seo-wordpress\/ -->\n<title>R\u00faben com autismo: escola paga pelo Estado, transporte n\u00e3o - Portal Tela Portugal<\/title>\n<meta name=\"robots\" content=\"index, follow, max-snippet:-1, max-image-preview:large, max-video-preview:-1\" \/>\n<meta property=\"og:locale\" content=\"pt_PT\" \/>\n<meta property=\"og:type\" content=\"article\" \/>\n<meta property=\"og:title\" content=\"R\u00faben com autismo: escola paga pelo Estado, transporte n\u00e3o - Portal Tela Portugal\" \/>\n<meta property=\"og:description\" content=\"R\u00faben Silvestre, 16 anos, com autismo, teve a escolariza\u00e7\u00e3o financiada pelo Estado numa IPSS especializada, em vez de uma escola regular. Em novembro come\u00e7ou finalmente a frequentar a escola ap\u00f3s a mudan\u00e7a para a IPSS. Ao entrar numa IPSS, perdeu o direito ao transporte escolar, uma situa\u00e7\u00e3o que varia consoante o munic\u00edpio. A fam\u00edlia tem, na maioria dos dias, de pagar o servi\u00e7o de TVDE para levar o rapaz \u00e0 escola. O caso ilustra desigualdades no acesso ao ensino especial.\" \/>\n<meta property=\"og:url\" content=\"https:\/\/portaltela.pt\/noticias\/2026\/02\/09\/ruben-com-autismo-escola-paga-pelo-estado-transporte-nao\/\" \/>\n<meta property=\"og:site_name\" content=\"Portal Tela Portugal\" \/>\n<meta property=\"article:published_time\" content=\"2026-02-09T12:52:00+00:00\" \/>\n<meta name=\"author\" content=\"Telinha\" \/>\n<meta name=\"twitter:card\" content=\"summary_large_image\" \/>\n<meta name=\"twitter:label1\" content=\"Escrito por\" \/>\n\t<meta name=\"twitter:data1\" content=\"Telinha\" \/>\n\t<meta name=\"twitter:label2\" content=\"Tempo estimado de leitura\" \/>\n\t<meta name=\"twitter:data2\" content=\"1 minuto\" \/>\n<script type=\"application\/ld+json\" class=\"yoast-schema-graph\">{\"@context\":\"https:\/\/schema.org\",\"@graph\":[{\"@type\":\"Article\",\"@id\":\"https:\/\/portaltela.pt\/noticias\/2026\/02\/09\/ruben-com-autismo-escola-paga-pelo-estado-transporte-nao\/#article\",\"isPartOf\":{\"@id\":\"https:\/\/portaltela.pt\/noticias\/2026\/02\/09\/ruben-com-autismo-escola-paga-pelo-estado-transporte-nao\/\"},\"author\":{\"name\":\"Telinha\",\"@id\":\"https:\/\/portaltela.pt\/#\/schema\/person\/c4278d4a6028830caff9ee44b42d32ed\"},\"headline\":\"R\u00faben com autismo: escola paga pelo Estado, transporte n\u00e3o\",\"datePublished\":\"2026-02-09T12:52:00+00:00\",\"mainEntityOfPage\":{\"@id\":\"https:\/\/portaltela.pt\/noticias\/2026\/02\/09\/ruben-com-autismo-escola-paga-pelo-estado-transporte-nao\/\"},\"wordCount\":189,\"image\":{\"@id\":\"https:\/\/portaltela.pt\/noticias\/2026\/02\/09\/ruben-com-autismo-escola-paga-pelo-estado-transporte-nao\/#primaryimage\"},\"thumbnailUrl\":\"https:\/\/portaltela.pt\/s.01k8rhncp4jt1\/2026\/02\/2063089.jpg\",\"keywords\":[\"desigualdades sociais\",\"educa\u00e7\u00e3o\",\"Educa\u00e7\u00e3o Especial\",\"IPSS\",\"pessoas com defici\u00eancia\",\"transporte escolar\"],\"articleSection\":[\"Not\u00edcias\"],\"inLanguage\":\"pt-PT\"},{\"@type\":\"WebPage\",\"@id\":\"https:\/\/portaltela.pt\/noticias\/2026\/02\/09\/ruben-com-autismo-escola-paga-pelo-estado-transporte-nao\/\",\"url\":\"https:\/\/portaltela.pt\/noticias\/2026\/02\/09\/ruben-com-autismo-escola-paga-pelo-estado-transporte-nao\/\",\"name\":\"R\u00faben com autismo: escola paga pelo Estado, transporte n\u00e3o - Portal Tela Portugal\",\"isPartOf\":{\"@id\":\"https:\/\/portaltela.pt\/#website\"},\"primaryImageOfPage\":{\"@id\":\"https:\/\/portaltela.pt\/noticias\/2026\/02\/09\/ruben-com-autismo-escola-paga-pelo-estado-transporte-nao\/#primaryimage\"},\"image\":{\"@id\":\"https:\/\/portaltela.pt\/noticias\/2026\/02\/09\/ruben-com-autismo-escola-paga-pelo-estado-transporte-nao\/#primaryimage\"},\"thumbnailUrl\":\"https:\/\/portaltela.pt\/s.01k8rhncp4jt1\/2026\/02\/2063089.jpg\",\"datePublished\":\"2026-02-09T12:52:00+00:00\",\"author\":{\"@id\":\"https:\/\/portaltela.pt\/#\/schema\/person\/c4278d4a6028830caff9ee44b42d32ed\"},\"breadcrumb\":{\"@id\":\"https:\/\/portaltela.pt\/noticias\/2026\/02\/09\/ruben-com-autismo-escola-paga-pelo-estado-transporte-nao\/#breadcrumb\"},\"inLanguage\":\"pt-PT\",\"potentialAction\":[{\"@type\":\"ReadAction\",\"target\":[\"https:\/\/portaltela.pt\/noticias\/2026\/02\/09\/ruben-com-autismo-escola-paga-pelo-estado-transporte-nao\/\"]}]},{\"@type\":\"ImageObject\",\"inLanguage\":\"pt-PT\",\"@id\":\"https:\/\/portaltela.pt\/noticias\/2026\/02\/09\/ruben-com-autismo-escola-paga-pelo-estado-transporte-nao\/#primaryimage\",\"url\":\"https:\/\/portaltela.pt\/s.01k8rhncp4jt1\/2026\/02\/2063089.jpg\",\"contentUrl\":\"https:\/\/portaltela.pt\/s.01k8rhncp4jt1\/2026\/02\/2063089.jpg\",\"width\":796,\"height\":448,\"caption\":\"R\u00faben Silvestre, 16 anos, fotografado em Novembro, poucos dias antes de come\u00e7ar a escola, j\u00e1 o ano lectivo tinha arrancado havia dois meses\"},{\"@type\":\"BreadcrumbList\",\"@id\":\"https:\/\/portaltela.pt\/noticias\/2026\/02\/09\/ruben-com-autismo-escola-paga-pelo-estado-transporte-nao\/#breadcrumb\",\"itemListElement\":[{\"@type\":\"ListItem\",\"position\":1,\"name\":\"In\u00edcio\",\"item\":\"https:\/\/portaltela.pt\/\"},{\"@type\":\"ListItem\",\"position\":2,\"name\":\"R\u00faben com autismo: escola paga pelo Estado, transporte n\u00e3o\"}]},{\"@type\":\"WebSite\",\"@id\":\"https:\/\/portaltela.pt\/#website\",\"url\":\"https:\/\/portaltela.pt\/\",\"name\":\"Portal Tela Portugal\",\"description\":\"\",\"potentialAction\":[{\"@type\":\"SearchAction\",\"target\":{\"@type\":\"EntryPoint\",\"urlTemplate\":\"https:\/\/portaltela.pt\/?s={search_term_string}\"},\"query-input\":{\"@type\":\"PropertyValueSpecification\",\"valueRequired\":true,\"valueName\":\"search_term_string\"}}],\"inLanguage\":\"pt-PT\"},{\"@type\":\"Person\",\"@id\":\"https:\/\/portaltela.pt\/#\/schema\/person\/c4278d4a6028830caff9ee44b42d32ed\",\"name\":\"Telinha\",\"image\":{\"@type\":\"ImageObject\",\"inLanguage\":\"pt-PT\",\"@id\":\"https:\/\/portaltela.pt\/s.01k8rhncp4jt1\/2025\/11\/talking-bot-125x125.png\",\"url\":\"https:\/\/portaltela.pt\/s.01k8rhncp4jt1\/2025\/11\/talking-bot-125x125.png\",\"contentUrl\":\"https:\/\/portaltela.pt\/s.01k8rhncp4jt1\/2025\/11\/talking-bot-125x125.png\",\"caption\":\"Telinha\"},\"sameAs\":[\"https:\/\/portaltela.pt\/\"],\"url\":\"https:\/\/portaltela.pt\/por\/367410592786\/\"}]}<\/script>\n<!-- \/ Yoast SEO plugin. -->","yoast_head_json":{"title":"R\u00faben com autismo: escola paga pelo Estado, transporte n\u00e3o - Portal Tela Portugal","robots":{"index":"index","follow":"follow","max-snippet":"max-snippet:-1","max-image-preview":"max-image-preview:large","max-video-preview":"max-video-preview:-1"},"og_locale":"pt_PT","og_type":"article","og_title":"R\u00faben com autismo: escola paga pelo Estado, transporte n\u00e3o - Portal Tela Portugal","og_description":"R\u00faben Silvestre, 16 anos, com autismo, teve a escolariza\u00e7\u00e3o financiada pelo Estado numa IPSS especializada, em vez de uma escola regular. Em novembro come\u00e7ou finalmente a frequentar a escola ap\u00f3s a mudan\u00e7a para a IPSS. Ao entrar numa IPSS, perdeu o direito ao transporte escolar, uma situa\u00e7\u00e3o que varia consoante o munic\u00edpio. A fam\u00edlia tem, na maioria dos dias, de pagar o servi\u00e7o de TVDE para levar o rapaz \u00e0 escola. O caso ilustra desigualdades no acesso ao ensino especial.","og_url":"https:\/\/portaltela.pt\/noticias\/2026\/02\/09\/ruben-com-autismo-escola-paga-pelo-estado-transporte-nao\/","og_site_name":"Portal Tela Portugal","article_published_time":"2026-02-09T12:52:00+00:00","author":"Telinha","twitter_card":"summary_large_image","twitter_misc":{"Escrito por":"Telinha","Tempo estimado de leitura":"1 minuto"},"schema":{"@context":"https:\/\/schema.org","@graph":[{"@type":"Article","@id":"https:\/\/portaltela.pt\/noticias\/2026\/02\/09\/ruben-com-autismo-escola-paga-pelo-estado-transporte-nao\/#article","isPartOf":{"@id":"https:\/\/portaltela.pt\/noticias\/2026\/02\/09\/ruben-com-autismo-escola-paga-pelo-estado-transporte-nao\/"},"author":{"name":"Telinha","@id":"https:\/\/portaltela.pt\/#\/schema\/person\/c4278d4a6028830caff9ee44b42d32ed"},"headline":"R\u00faben com autismo: escola paga pelo Estado, transporte n\u00e3o","datePublished":"2026-02-09T12:52:00+00:00","mainEntityOfPage":{"@id":"https:\/\/portaltela.pt\/noticias\/2026\/02\/09\/ruben-com-autismo-escola-paga-pelo-estado-transporte-nao\/"},"wordCount":189,"image":{"@id":"https:\/\/portaltela.pt\/noticias\/2026\/02\/09\/ruben-com-autismo-escola-paga-pelo-estado-transporte-nao\/#primaryimage"},"thumbnailUrl":"https:\/\/portaltela.pt\/s.01k8rhncp4jt1\/2026\/02\/2063089.jpg","keywords":["desigualdades sociais","educa\u00e7\u00e3o","Educa\u00e7\u00e3o Especial","IPSS","pessoas com defici\u00eancia","transporte escolar"],"articleSection":["Not\u00edcias"],"inLanguage":"pt-PT"},{"@type":"WebPage","@id":"https:\/\/portaltela.pt\/noticias\/2026\/02\/09\/ruben-com-autismo-escola-paga-pelo-estado-transporte-nao\/","url":"https:\/\/portaltela.pt\/noticias\/2026\/02\/09\/ruben-com-autismo-escola-paga-pelo-estado-transporte-nao\/","name":"R\u00faben com autismo: escola paga pelo Estado, transporte n\u00e3o - Portal Tela Portugal","isPartOf":{"@id":"https:\/\/portaltela.pt\/#website"},"primaryImageOfPage":{"@id":"https:\/\/portaltela.pt\/noticias\/2026\/02\/09\/ruben-com-autismo-escola-paga-pelo-estado-transporte-nao\/#primaryimage"},"image":{"@id":"https:\/\/portaltela.pt\/noticias\/2026\/02\/09\/ruben-com-autismo-escola-paga-pelo-estado-transporte-nao\/#primaryimage"},"thumbnailUrl":"https:\/\/portaltela.pt\/s.01k8rhncp4jt1\/2026\/02\/2063089.jpg","datePublished":"2026-02-09T12:52:00+00:00","author":{"@id":"https:\/\/portaltela.pt\/#\/schema\/person\/c4278d4a6028830caff9ee44b42d32ed"},"breadcrumb":{"@id":"https:\/\/portaltela.pt\/noticias\/2026\/02\/09\/ruben-com-autismo-escola-paga-pelo-estado-transporte-nao\/#breadcrumb"},"inLanguage":"pt-PT","potentialAction":[{"@type":"ReadAction","target":["https:\/\/portaltela.pt\/noticias\/2026\/02\/09\/ruben-com-autismo-escola-paga-pelo-estado-transporte-nao\/"]}]},{"@type":"ImageObject","inLanguage":"pt-PT","@id":"https:\/\/portaltela.pt\/noticias\/2026\/02\/09\/ruben-com-autismo-escola-paga-pelo-estado-transporte-nao\/#primaryimage","url":"https:\/\/portaltela.pt\/s.01k8rhncp4jt1\/2026\/02\/2063089.jpg","contentUrl":"https:\/\/portaltela.pt\/s.01k8rhncp4jt1\/2026\/02\/2063089.jpg","width":796,"height":448,"caption":"R\u00faben Silvestre, 16 anos, fotografado em Novembro, poucos dias antes de come\u00e7ar a escola, j\u00e1 o ano lectivo tinha arrancado havia dois meses"},{"@type":"BreadcrumbList","@id":"https:\/\/portaltela.pt\/noticias\/2026\/02\/09\/ruben-com-autismo-escola-paga-pelo-estado-transporte-nao\/#breadcrumb","itemListElement":[{"@type":"ListItem","position":1,"name":"In\u00edcio","item":"https:\/\/portaltela.pt\/"},{"@type":"ListItem","position":2,"name":"R\u00faben com autismo: escola paga pelo Estado, transporte n\u00e3o"}]},{"@type":"WebSite","@id":"https:\/\/portaltela.pt\/#website","url":"https:\/\/portaltela.pt\/","name":"Portal Tela Portugal","description":"","potentialAction":[{"@type":"SearchAction","target":{"@type":"EntryPoint","urlTemplate":"https:\/\/portaltela.pt\/?s={search_term_string}"},"query-input":{"@type":"PropertyValueSpecification","valueRequired":true,"valueName":"search_term_string"}}],"inLanguage":"pt-PT"},{"@type":"Person","@id":"https:\/\/portaltela.pt\/#\/schema\/person\/c4278d4a6028830caff9ee44b42d32ed","name":"Telinha","image":{"@type":"ImageObject","inLanguage":"pt-PT","@id":"https:\/\/portaltela.pt\/s.01k8rhncp4jt1\/2025\/11\/talking-bot-125x125.png","url":"https:\/\/portaltela.pt\/s.01k8rhncp4jt1\/2025\/11\/talking-bot-125x125.png","contentUrl":"https:\/\/portaltela.pt\/s.01k8rhncp4jt1\/2025\/11\/talking-bot-125x125.png","caption":"Telinha"},"sameAs":["https:\/\/portaltela.pt\/"],"url":"https:\/\/portaltela.pt\/por\/367410592786\/"}]}},"_links":{"self":[{"href":"https:\/\/portaltela.pt\/api\/wp\/v2\/posts\/205325","targetHints":{"allow":["GET"]}}],"collection":[{"href":"https:\/\/portaltela.pt\/api\/wp\/v2\/posts"}],"about":[{"href":"https:\/\/portaltela.pt\/api\/wp\/v2\/types\/post"}],"author":[{"embeddable":true,"href":"https:\/\/portaltela.pt\/api\/wp\/v2\/users\/2"}],"replies":[{"embeddable":true,"href":"https:\/\/portaltela.pt\/api\/wp\/v2\/comments?post=205325"}],"version-history":[{"count":0,"href":"https:\/\/portaltela.pt\/api\/wp\/v2\/posts\/205325\/revisions"}],"wp:featuredmedia":[{"embeddable":true,"href":"https:\/\/portaltela.pt\/api\/wp\/v2\/media\/205334"}],"wp:attachment":[{"href":"https:\/\/portaltela.pt\/api\/wp\/v2\/media?parent=205325"}],"wp:term":[{"taxonomy":"category","embeddable":true,"href":"https:\/\/portaltela.pt\/api\/wp\/v2\/categories?post=205325"},{"taxonomy":"post_tag","embeddable":true,"href":"https:\/\/portaltela.pt\/api\/wp\/v2\/tags?post=205325"}],"curies":[{"name":"wp","href":"https:\/\/api.w.org\/{rel}","templated":true}]}}