{"id":205281,"date":"2026-02-09T09:42:00","date_gmt":"2026-02-09T12:42:00","guid":{"rendered":"https:\/\/portaltela.pt\/noticias\/2026\/02\/09\/pais-protestam-contra-maus-tratos-em-creche-de-lisboa-funcionaria-agredida\/"},"modified":"2026-02-09T09:42:00","modified_gmt":"2026-02-09T12:42:00","slug":"pais-protestam-contra-maus-tratos-em-creche-de-lisboa-funcionaria-agredida","status":"publish","type":"post","link":"https:\/\/portaltela.pt\/noticias\/2026\/02\/09\/pais-protestam-contra-maus-tratos-em-creche-de-lisboa-funcionaria-agredida\/","title":{"rendered":"Pais protestam contra maus-tratos em creche de Lisboa; funcion\u00e1ria agredida"},"content":{"rendered":"<p>Pais e familiares de crian\u00e7as da Academia Sonhar e Crescer, em Carnide, Lisboa, realizaram uma manifesta\u00e7\u00e3o \u00e0 porta da creche nesta segunda-feira. O protesto visa alertar para alegados maus-tratos f\u00edsicos e psicol\u00f3gicos associados \u00e0s crian\u00e7as que frequentam o estabelecimento.<\/p>\n<p>\u00c0 chegada das funcion\u00e1rias, a situa\u00e7\u00e3o escalou: uma av\u00f3 ter\u00e1 agredido uma colaboradora com um estalo violento, levando \u00e0 deten\u00e7\u00e3o pela PSP. Numa troca de declara\u00e7\u00f5es, um vidro ter\u00e1 ainda sido pontapeado, segundo testemunhas presentes.<\/p>\n<p>Patr\u00edcia Silva, educadora de inf\u00e2ncia e av\u00f3 de uma crian\u00e7a de 22 meses na creche, explicou ao JN que j\u00e1 tinham havido sinais de v\u00e1rias situa\u00e7\u00f5es id\u00eanticas. A testemunha disse ainda que a demiss\u00e3o da funcion\u00e1ria j\u00e1 tinha sido apresentada em fun\u00e7\u00e3o do que viu.<\/p>\n<h3>Detalhes do incidente<\/h3>\n<p>A PSP foi chamada no local, e o caso foi encaminhado para a Investiga\u00e7\u00e3o Criminal, conforme relatos de quem acompanhou a ocorr\u00eancia. Os pais reuniram-se ap\u00f3s terem tomado conhecimento de relatos semelhantes entre familiares.<\/p>\n<p>A den\u00fancia j\u00e1 tinha sido apresentada na sexta-feira, quando os pais criaram um grupo de WhatsApp para partilhar informa\u00e7\u00f5es, segundo os testemunhos recolhidos no local. A investiga\u00e7\u00e3o est\u00e1 em curso para apurar as condi\u00e7\u00f5es na creche.<\/p>\n","protected":false},"excerpt":{"rendered":"<ul>\n<li>Pais e familiares protestaram junto \u00e0 Academia Sonhar e Crescer, em Carnide, Lisboa, alegando ind\u00edcios de maus-tratos f\u00edsicos e psicol\u00f3gicos a crian\u00e7as.<\/li>\n<li>A concentra\u00e7\u00e3o come\u00e7ou de manh\u00e3 cedo, com o objetivo de impedir a entrada de mais crian\u00e7as na creche.<\/li>\n<li>Uma funcion\u00e1ria da creche ter\u00e1 sido agredida com um estalo por uma av\u00f3, situa\u00e7\u00e3o que levou \u00e0 deten\u00e7\u00e3o pela PSP; h\u00e1 ainda relatos de um vidro partido na confus\u00e3o.<\/li>\n<li>Patr\u00edcia Silva, educadora de inf\u00e2ncia, com neta de 22 meses na creche, diz que j\u00e1 havia casos id\u00eanticos identificados desde sexta-feira.<\/li>\n<li>Os pais apresentaram queixa \u00e0 PSP, que encaminhou o caso para a Investiga\u00e7\u00e3o Criminal.<\/li>\n<\/ul>\n","protected":false},"author":2,"featured_media":205287,"comment_status":"closed","ping_status":"closed","sticky":false,"template":"","format":"standard","meta":{"footnotes":""},"categories":[1],"tags":[2754,217,981,4422,210,1381],"class_list":["post-205281","post","type-post","status-publish","format-standard","has-post-thumbnail","hentry","category-noticias","tag-agressao","tag-investigacao-criminal","tag-lisboa","tag-maus-tratos-a-menores-dependentes","tag-pais","tag-psp"],"yoast_head":"<!-- This site is optimized with the Yoast SEO plugin v27.2 - https:\/\/yoast.com\/product\/yoast-seo-wordpress\/ -->\n<title>Pais protestam contra maus-tratos em creche de Lisboa; funcion\u00e1ria agredida - Portal Tela Portugal<\/title>\n<meta name=\"robots\" content=\"index, follow, max-snippet:-1, max-image-preview:large, max-video-preview:-1\" \/>\n<meta property=\"og:locale\" content=\"pt_PT\" \/>\n<meta property=\"og:type\" content=\"article\" \/>\n<meta property=\"og:title\" content=\"Pais protestam contra maus-tratos em creche de Lisboa; funcion\u00e1ria agredida - Portal Tela Portugal\" \/>\n<meta property=\"og:description\" content=\"Pais e familiares protestaram junto \u00e0 Academia Sonhar e Crescer, em Carnide, Lisboa, alegando ind\u00edcios de maus-tratos f\u00edsicos e psicol\u00f3gicos a crian\u00e7as. A concentra\u00e7\u00e3o come\u00e7ou de manh\u00e3 cedo, com o objetivo de impedir a entrada de mais crian\u00e7as na creche. Uma funcion\u00e1ria da creche ter\u00e1 sido agredida com um estalo por uma av\u00f3, situa\u00e7\u00e3o que levou \u00e0 deten\u00e7\u00e3o pela PSP; h\u00e1 ainda relatos de um vidro partido na confus\u00e3o. Patr\u00edcia Silva, educadora de inf\u00e2ncia, com neta de 22 meses na creche, diz que j\u00e1 havia casos id\u00eanticos identificados desde sexta-feira. Os pais apresentaram queixa \u00e0 PSP, que encaminhou o caso para a Investiga\u00e7\u00e3o Criminal.\" \/>\n<meta property=\"og:url\" content=\"https:\/\/portaltela.pt\/noticias\/2026\/02\/09\/pais-protestam-contra-maus-tratos-em-creche-de-lisboa-funcionaria-agredida\/\" \/>\n<meta property=\"og:site_name\" content=\"Portal Tela Portugal\" \/>\n<meta property=\"article:published_time\" content=\"2026-02-09T12:42:00+00:00\" \/>\n<meta name=\"author\" content=\"Telinha\" \/>\n<meta name=\"twitter:card\" content=\"summary_large_image\" \/>\n<meta name=\"twitter:label1\" content=\"Escrito por\" \/>\n\t<meta name=\"twitter:data1\" content=\"Telinha\" \/>\n\t<meta name=\"twitter:label2\" content=\"Tempo estimado de leitura\" \/>\n\t<meta name=\"twitter:data2\" content=\"1 minuto\" \/>\n<script type=\"application\/ld+json\" class=\"yoast-schema-graph\">{\"@context\":\"https:\/\/schema.org\",\"@graph\":[{\"@type\":\"Article\",\"@id\":\"https:\/\/portaltela.pt\/noticias\/2026\/02\/09\/pais-protestam-contra-maus-tratos-em-creche-de-lisboa-funcionaria-agredida\/#article\",\"isPartOf\":{\"@id\":\"https:\/\/portaltela.pt\/noticias\/2026\/02\/09\/pais-protestam-contra-maus-tratos-em-creche-de-lisboa-funcionaria-agredida\/\"},\"author\":{\"name\":\"Telinha\",\"@id\":\"https:\/\/portaltela.pt\/#\/schema\/person\/c4278d4a6028830caff9ee44b42d32ed\"},\"headline\":\"Pais protestam contra maus-tratos em creche de Lisboa; funcion\u00e1ria agredida\",\"datePublished\":\"2026-02-09T12:42:00+00:00\",\"mainEntityOfPage\":{\"@id\":\"https:\/\/portaltela.pt\/noticias\/2026\/02\/09\/pais-protestam-contra-maus-tratos-em-creche-de-lisboa-funcionaria-agredida\/\"},\"wordCount\":224,\"image\":{\"@id\":\"https:\/\/portaltela.pt\/noticias\/2026\/02\/09\/pais-protestam-contra-maus-tratos-em-creche-de-lisboa-funcionaria-agredida\/#primaryimage\"},\"thumbnailUrl\":\"https:\/\/portaltela.pt\/s.01k8rhncp4jt1\/2026\/02\/d3bf703a-d029-42da-b6d5-b2f2865458bc_1200x675.jpg\",\"keywords\":[\"agress\u00e3o\",\"investiga\u00e7\u00e3o criminal\",\"Lisboa\",\"maus-tratos a menores dependentes\",\"pais\",\"PSP\"],\"articleSection\":[\"Not\u00edcias\"],\"inLanguage\":\"pt-PT\"},{\"@type\":\"WebPage\",\"@id\":\"https:\/\/portaltela.pt\/noticias\/2026\/02\/09\/pais-protestam-contra-maus-tratos-em-creche-de-lisboa-funcionaria-agredida\/\",\"url\":\"https:\/\/portaltela.pt\/noticias\/2026\/02\/09\/pais-protestam-contra-maus-tratos-em-creche-de-lisboa-funcionaria-agredida\/\",\"name\":\"Pais protestam contra maus-tratos em creche de Lisboa; funcion\u00e1ria agredida - Portal Tela Portugal\",\"isPartOf\":{\"@id\":\"https:\/\/portaltela.pt\/#website\"},\"primaryImageOfPage\":{\"@id\":\"https:\/\/portaltela.pt\/noticias\/2026\/02\/09\/pais-protestam-contra-maus-tratos-em-creche-de-lisboa-funcionaria-agredida\/#primaryimage\"},\"image\":{\"@id\":\"https:\/\/portaltela.pt\/noticias\/2026\/02\/09\/pais-protestam-contra-maus-tratos-em-creche-de-lisboa-funcionaria-agredida\/#primaryimage\"},\"thumbnailUrl\":\"https:\/\/portaltela.pt\/s.01k8rhncp4jt1\/2026\/02\/d3bf703a-d029-42da-b6d5-b2f2865458bc_1200x675.jpg\",\"datePublished\":\"2026-02-09T12:42:00+00:00\",\"author\":{\"@id\":\"https:\/\/portaltela.pt\/#\/schema\/person\/c4278d4a6028830caff9ee44b42d32ed\"},\"breadcrumb\":{\"@id\":\"https:\/\/portaltela.pt\/noticias\/2026\/02\/09\/pais-protestam-contra-maus-tratos-em-creche-de-lisboa-funcionaria-agredida\/#breadcrumb\"},\"inLanguage\":\"pt-PT\",\"potentialAction\":[{\"@type\":\"ReadAction\",\"target\":[\"https:\/\/portaltela.pt\/noticias\/2026\/02\/09\/pais-protestam-contra-maus-tratos-em-creche-de-lisboa-funcionaria-agredida\/\"]}]},{\"@type\":\"ImageObject\",\"inLanguage\":\"pt-PT\",\"@id\":\"https:\/\/portaltela.pt\/noticias\/2026\/02\/09\/pais-protestam-contra-maus-tratos-em-creche-de-lisboa-funcionaria-agredida\/#primaryimage\",\"url\":\"https:\/\/portaltela.pt\/s.01k8rhncp4jt1\/2026\/02\/d3bf703a-d029-42da-b6d5-b2f2865458bc_1200x675.jpg\",\"contentUrl\":\"https:\/\/portaltela.pt\/s.01k8rhncp4jt1\/2026\/02\/d3bf703a-d029-42da-b6d5-b2f2865458bc_1200x675.jpg\",\"width\":796,\"height\":448,\"caption\":\"Protesto de pais contra maus-tratos aos filhos na creche\"},{\"@type\":\"BreadcrumbList\",\"@id\":\"https:\/\/portaltela.pt\/noticias\/2026\/02\/09\/pais-protestam-contra-maus-tratos-em-creche-de-lisboa-funcionaria-agredida\/#breadcrumb\",\"itemListElement\":[{\"@type\":\"ListItem\",\"position\":1,\"name\":\"In\u00edcio\",\"item\":\"https:\/\/portaltela.pt\/\"},{\"@type\":\"ListItem\",\"position\":2,\"name\":\"Pais protestam contra maus-tratos em creche de Lisboa; funcion\u00e1ria agredida\"}]},{\"@type\":\"WebSite\",\"@id\":\"https:\/\/portaltela.pt\/#website\",\"url\":\"https:\/\/portaltela.pt\/\",\"name\":\"Portal Tela Portugal\",\"description\":\"\",\"potentialAction\":[{\"@type\":\"SearchAction\",\"target\":{\"@type\":\"EntryPoint\",\"urlTemplate\":\"https:\/\/portaltela.pt\/?s={search_term_string}\"},\"query-input\":{\"@type\":\"PropertyValueSpecification\",\"valueRequired\":true,\"valueName\":\"search_term_string\"}}],\"inLanguage\":\"pt-PT\"},{\"@type\":\"Person\",\"@id\":\"https:\/\/portaltela.pt\/#\/schema\/person\/c4278d4a6028830caff9ee44b42d32ed\",\"name\":\"Telinha\",\"image\":{\"@type\":\"ImageObject\",\"inLanguage\":\"pt-PT\",\"@id\":\"https:\/\/portaltela.pt\/s.01k8rhncp4jt1\/2025\/11\/talking-bot-125x125.png\",\"url\":\"https:\/\/portaltela.pt\/s.01k8rhncp4jt1\/2025\/11\/talking-bot-125x125.png\",\"contentUrl\":\"https:\/\/portaltela.pt\/s.01k8rhncp4jt1\/2025\/11\/talking-bot-125x125.png\",\"caption\":\"Telinha\"},\"sameAs\":[\"https:\/\/portaltela.pt\/\"],\"url\":\"https:\/\/portaltela.pt\/por\/367410592786\/\"}]}<\/script>\n<!-- \/ Yoast SEO plugin. -->","yoast_head_json":{"title":"Pais protestam contra maus-tratos em creche de Lisboa; funcion\u00e1ria agredida - Portal Tela Portugal","robots":{"index":"index","follow":"follow","max-snippet":"max-snippet:-1","max-image-preview":"max-image-preview:large","max-video-preview":"max-video-preview:-1"},"og_locale":"pt_PT","og_type":"article","og_title":"Pais protestam contra maus-tratos em creche de Lisboa; funcion\u00e1ria agredida - Portal Tela Portugal","og_description":"Pais e familiares protestaram junto \u00e0 Academia Sonhar e Crescer, em Carnide, Lisboa, alegando ind\u00edcios de maus-tratos f\u00edsicos e psicol\u00f3gicos a crian\u00e7as. A concentra\u00e7\u00e3o come\u00e7ou de manh\u00e3 cedo, com o objetivo de impedir a entrada de mais crian\u00e7as na creche. Uma funcion\u00e1ria da creche ter\u00e1 sido agredida com um estalo por uma av\u00f3, situa\u00e7\u00e3o que levou \u00e0 deten\u00e7\u00e3o pela PSP; h\u00e1 ainda relatos de um vidro partido na confus\u00e3o. Patr\u00edcia Silva, educadora de inf\u00e2ncia, com neta de 22 meses na creche, diz que j\u00e1 havia casos id\u00eanticos identificados desde sexta-feira. Os pais apresentaram queixa \u00e0 PSP, que encaminhou o caso para a Investiga\u00e7\u00e3o Criminal.","og_url":"https:\/\/portaltela.pt\/noticias\/2026\/02\/09\/pais-protestam-contra-maus-tratos-em-creche-de-lisboa-funcionaria-agredida\/","og_site_name":"Portal Tela Portugal","article_published_time":"2026-02-09T12:42:00+00:00","author":"Telinha","twitter_card":"summary_large_image","twitter_misc":{"Escrito por":"Telinha","Tempo estimado de leitura":"1 minuto"},"schema":{"@context":"https:\/\/schema.org","@graph":[{"@type":"Article","@id":"https:\/\/portaltela.pt\/noticias\/2026\/02\/09\/pais-protestam-contra-maus-tratos-em-creche-de-lisboa-funcionaria-agredida\/#article","isPartOf":{"@id":"https:\/\/portaltela.pt\/noticias\/2026\/02\/09\/pais-protestam-contra-maus-tratos-em-creche-de-lisboa-funcionaria-agredida\/"},"author":{"name":"Telinha","@id":"https:\/\/portaltela.pt\/#\/schema\/person\/c4278d4a6028830caff9ee44b42d32ed"},"headline":"Pais protestam contra maus-tratos em creche de Lisboa; funcion\u00e1ria agredida","datePublished":"2026-02-09T12:42:00+00:00","mainEntityOfPage":{"@id":"https:\/\/portaltela.pt\/noticias\/2026\/02\/09\/pais-protestam-contra-maus-tratos-em-creche-de-lisboa-funcionaria-agredida\/"},"wordCount":224,"image":{"@id":"https:\/\/portaltela.pt\/noticias\/2026\/02\/09\/pais-protestam-contra-maus-tratos-em-creche-de-lisboa-funcionaria-agredida\/#primaryimage"},"thumbnailUrl":"https:\/\/portaltela.pt\/s.01k8rhncp4jt1\/2026\/02\/d3bf703a-d029-42da-b6d5-b2f2865458bc_1200x675.jpg","keywords":["agress\u00e3o","investiga\u00e7\u00e3o criminal","Lisboa","maus-tratos a menores dependentes","pais","PSP"],"articleSection":["Not\u00edcias"],"inLanguage":"pt-PT"},{"@type":"WebPage","@id":"https:\/\/portaltela.pt\/noticias\/2026\/02\/09\/pais-protestam-contra-maus-tratos-em-creche-de-lisboa-funcionaria-agredida\/","url":"https:\/\/portaltela.pt\/noticias\/2026\/02\/09\/pais-protestam-contra-maus-tratos-em-creche-de-lisboa-funcionaria-agredida\/","name":"Pais protestam contra maus-tratos em creche de Lisboa; funcion\u00e1ria agredida - Portal Tela Portugal","isPartOf":{"@id":"https:\/\/portaltela.pt\/#website"},"primaryImageOfPage":{"@id":"https:\/\/portaltela.pt\/noticias\/2026\/02\/09\/pais-protestam-contra-maus-tratos-em-creche-de-lisboa-funcionaria-agredida\/#primaryimage"},"image":{"@id":"https:\/\/portaltela.pt\/noticias\/2026\/02\/09\/pais-protestam-contra-maus-tratos-em-creche-de-lisboa-funcionaria-agredida\/#primaryimage"},"thumbnailUrl":"https:\/\/portaltela.pt\/s.01k8rhncp4jt1\/2026\/02\/d3bf703a-d029-42da-b6d5-b2f2865458bc_1200x675.jpg","datePublished":"2026-02-09T12:42:00+00:00","author":{"@id":"https:\/\/portaltela.pt\/#\/schema\/person\/c4278d4a6028830caff9ee44b42d32ed"},"breadcrumb":{"@id":"https:\/\/portaltela.pt\/noticias\/2026\/02\/09\/pais-protestam-contra-maus-tratos-em-creche-de-lisboa-funcionaria-agredida\/#breadcrumb"},"inLanguage":"pt-PT","potentialAction":[{"@type":"ReadAction","target":["https:\/\/portaltela.pt\/noticias\/2026\/02\/09\/pais-protestam-contra-maus-tratos-em-creche-de-lisboa-funcionaria-agredida\/"]}]},{"@type":"ImageObject","inLanguage":"pt-PT","@id":"https:\/\/portaltela.pt\/noticias\/2026\/02\/09\/pais-protestam-contra-maus-tratos-em-creche-de-lisboa-funcionaria-agredida\/#primaryimage","url":"https:\/\/portaltela.pt\/s.01k8rhncp4jt1\/2026\/02\/d3bf703a-d029-42da-b6d5-b2f2865458bc_1200x675.jpg","contentUrl":"https:\/\/portaltela.pt\/s.01k8rhncp4jt1\/2026\/02\/d3bf703a-d029-42da-b6d5-b2f2865458bc_1200x675.jpg","width":796,"height":448,"caption":"Protesto de pais contra maus-tratos aos filhos na creche"},{"@type":"BreadcrumbList","@id":"https:\/\/portaltela.pt\/noticias\/2026\/02\/09\/pais-protestam-contra-maus-tratos-em-creche-de-lisboa-funcionaria-agredida\/#breadcrumb","itemListElement":[{"@type":"ListItem","position":1,"name":"In\u00edcio","item":"https:\/\/portaltela.pt\/"},{"@type":"ListItem","position":2,"name":"Pais protestam contra maus-tratos em creche de Lisboa; funcion\u00e1ria agredida"}]},{"@type":"WebSite","@id":"https:\/\/portaltela.pt\/#website","url":"https:\/\/portaltela.pt\/","name":"Portal Tela Portugal","description":"","potentialAction":[{"@type":"SearchAction","target":{"@type":"EntryPoint","urlTemplate":"https:\/\/portaltela.pt\/?s={search_term_string}"},"query-input":{"@type":"PropertyValueSpecification","valueRequired":true,"valueName":"search_term_string"}}],"inLanguage":"pt-PT"},{"@type":"Person","@id":"https:\/\/portaltela.pt\/#\/schema\/person\/c4278d4a6028830caff9ee44b42d32ed","name":"Telinha","image":{"@type":"ImageObject","inLanguage":"pt-PT","@id":"https:\/\/portaltela.pt\/s.01k8rhncp4jt1\/2025\/11\/talking-bot-125x125.png","url":"https:\/\/portaltela.pt\/s.01k8rhncp4jt1\/2025\/11\/talking-bot-125x125.png","contentUrl":"https:\/\/portaltela.pt\/s.01k8rhncp4jt1\/2025\/11\/talking-bot-125x125.png","caption":"Telinha"},"sameAs":["https:\/\/portaltela.pt\/"],"url":"https:\/\/portaltela.pt\/por\/367410592786\/"}]}},"_links":{"self":[{"href":"https:\/\/portaltela.pt\/api\/wp\/v2\/posts\/205281","targetHints":{"allow":["GET"]}}],"collection":[{"href":"https:\/\/portaltela.pt\/api\/wp\/v2\/posts"}],"about":[{"href":"https:\/\/portaltela.pt\/api\/wp\/v2\/types\/post"}],"author":[{"embeddable":true,"href":"https:\/\/portaltela.pt\/api\/wp\/v2\/users\/2"}],"replies":[{"embeddable":true,"href":"https:\/\/portaltela.pt\/api\/wp\/v2\/comments?post=205281"}],"version-history":[{"count":0,"href":"https:\/\/portaltela.pt\/api\/wp\/v2\/posts\/205281\/revisions"}],"wp:featuredmedia":[{"embeddable":true,"href":"https:\/\/portaltela.pt\/api\/wp\/v2\/media\/205287"}],"wp:attachment":[{"href":"https:\/\/portaltela.pt\/api\/wp\/v2\/media?parent=205281"}],"wp:term":[{"taxonomy":"category","embeddable":true,"href":"https:\/\/portaltela.pt\/api\/wp\/v2\/categories?post=205281"},{"taxonomy":"post_tag","embeddable":true,"href":"https:\/\/portaltela.pt\/api\/wp\/v2\/tags?post=205281"}],"curies":[{"name":"wp","href":"https:\/\/api.w.org\/{rel}","templated":true}]}}