{"id":205275,"date":"2026-02-09T09:26:33","date_gmt":"2026-02-09T12:26:33","guid":{"rendered":"https:\/\/portaltela.pt\/noticias\/2026\/02\/09\/benavente-solicita-isencao-temporaria-de-portagens-na-a13-e-a10\/"},"modified":"2026-02-09T09:26:33","modified_gmt":"2026-02-09T12:26:33","slug":"benavente-solicita-isencao-temporaria-de-portagens-na-a13-e-a10","status":"publish","type":"post","link":"https:\/\/portaltela.pt\/noticias\/2026\/02\/09\/benavente-solicita-isencao-temporaria-de-portagens-na-a13-e-a10\/","title":{"rendered":"Benavente solicita isen\u00e7\u00e3o tempor\u00e1ria de portagens na A13 e A10"},"content":{"rendered":"<p>O munic\u00edpio de Benavente pediu ao Governo a isen\u00e7\u00e3o tempor\u00e1ria de portagens na A13 e na A10, devido \u00e0s cheias que encerraram v\u00e1rias estradas e criaram grandes constrangimentos na mobilidade. A solicita\u00e7\u00e3o \u00e9 apresentada pela presidente da C\u00e2mara, S\u00f3nia Ferreira, em declara\u00e7\u00f5es \u00e0 Lusa.<\/p>\n<p>A autarca explicou que o pedido tem car\u00e1ter urgente, j\u00e1 que muitos automobilistas, incluindo alunos e trabalhadores, s\u00e3o obrigados a usar as autoestradas para desloca\u00e7\u00f5es essenciais. Aplainamento de vias municipais e nacionais permanece limitado pelas inunda\u00e7\u00f5es.<\/p>\n<p>A v\u00e1rzea entre Benavente e Samora Correia est\u00e1 totalmente submersa e dever\u00e1 manter-se encerrada durante v\u00e1rios dias, devido \u00e0 \u00e1gua n\u00e3o ter para onde escoar. No domingo, a \u00fanica sa\u00edda do concelho era por Santo Est\u00eav\u00e3o e pela autoestrada, situa\u00e7\u00e3o j\u00e1 parcialmente resolvida com a reabertura de liga\u00e7\u00f5es internas.<\/p>\n<h3>Situa\u00e7\u00e3o das vias e respostas<\/h3>\n<p>As escolas abriram nesta segunda-feira, mas o transporte escolar funciona com percursos alternativos. Muitos autocarros e pais recorrem \u00e0 autoestrada ou percorrem trajetos longos pelo interior do concelho, explicou a autarca. O munic\u00edpio tem vindo a reorganizar as rotas com o operador de transportes e com os agrupamentos escolares de Benavente e Salvaterra de Magos, antevendo que a cheia pode prolongar-se.<\/p>\n<p>Alguns acessos internos j\u00e1 reabriram, mas o concelho funciona na \u201cnormalidade poss\u00edvel\u201d, dependente da evolu\u00e7\u00e3o do caudal dos rios Almansor, Sorraia e Tejo, que provocaram as cheias. Entre os principais constrangimentos, destacam-se os cortes da Estrada Nacional 118 em v\u00e1rios tro\u00e7os e o encerramento da Estrada do Campo, na Lez\u00edria Grande, bem como da Estrada Municipal 515 entre Benavente e Barrosa.<\/p>\n<p>A Estrada Nacional 119 n\u00e3o \u00e9 considerada vi\u00e1vel como alternativa, por exigir desvios longos e n\u00e3o garantir solu\u00e7\u00e3o r\u00e1pida para a mobilidade local, segundo a nota da autarquia.<\/p>\n<p>A presidente da C\u00e2mara apelou a uma decis\u00e3o r\u00e1pida do Governo, sublinhando que a isen\u00e7\u00e3o de portagens \u00e9 essencial para mitigar impactos sociais e econ\u00f3micos decorrentes do isolamento do concelho.<\/p>\n<h3>Contexto nacional<\/h3>\n<p>Portugal regista 15 mortes desde 28 de janeiro devido \u00e0s tempestades Kristin, Leonardo e Marta, com v\u00e1rias centenas de feridos e desalojados. As regi\u00f5es Centro, Lisboa e Vale do Tejo e Alentejo s\u00e3o as mais afetadas, com danos a habita\u00e7\u00f5es, empresas e infraestruturas.<\/p>\n<p>O Governo prolongou a calamidade at\u00e9 dia 15 para 68 concelhos e anunciou medidas de apoio financeiro de at\u00e9 2,5 mil milh\u00f5es de euros. A situa\u00e7\u00e3o continua a exigir a\u00e7\u00f5es coordenadas entre autoridades locais e nacionais para minimizar impactos na popula\u00e7\u00e3o e na economia.<\/p>\n","protected":false},"excerpt":{"rendered":"<ul>\n<li>O munic\u00edpio de Benavente pediu ao Governo a isen\u00e7\u00e3o tempor\u00e1ria de portagens na A13 e na A10, devido \u00e0s cheias que encerraram v\u00e1rias vias e dificultam a mobilidade.<\/li>\n<li>A autarquia diz que a v\u00e1rzea entre Benavente e Samora Correia est\u00e1 totalmente submersa e dever\u00e1 manter-se encerrada durante v\u00e1rios dias.<\/li>\n<li>No domingo, a \u00fanica sa\u00edda do concelho era por Santo Est\u00eav\u00e3o e pela autoestrada; algumas liga\u00e7\u00f5es internas foram reabertas entretanto.<\/li>\n<li>As escolas abriram esta segunda-feira, mas o transporte escolar utiliza percursos alternativos e depende da reorganiza\u00e7\u00e3o das rotas com os agrupamentos.<\/li>\n<li>O Governo mant\u00e9m a calamidade em 68 concelhos at\u00e9 dia 15, com medidas de apoio j\u00e1 anunciadas, depois de cheias que causaram danos significativos e interrup\u00e7\u00f5es de servi\u00e7os.<\/li>\n<\/ul>\n","protected":false},"author":2,"featured_media":205276,"comment_status":"closed","ping_status":"closed","sticky":false,"template":"","format":"standard","meta":{"footnotes":""},"categories":[1],"tags":[3812,1446,2293,3623,1994,363],"class_list":["post-205275","post","type-post","status-publish","format-standard","has-post-thumbnail","hentry","category-noticias","tag-alagamentos","tag-benavente","tag-inundacoes","tag-leziria-do-tejo","tag-portagens","tag-transportes"],"yoast_head":"<!-- This site is optimized with the Yoast SEO plugin v27.2 - https:\/\/yoast.com\/product\/yoast-seo-wordpress\/ -->\n<title>Benavente solicita isen\u00e7\u00e3o tempor\u00e1ria de portagens na A13 e A10 - Portal Tela Portugal<\/title>\n<meta name=\"robots\" content=\"index, follow, max-snippet:-1, max-image-preview:large, max-video-preview:-1\" \/>\n<meta property=\"og:locale\" content=\"pt_PT\" \/>\n<meta property=\"og:type\" content=\"article\" \/>\n<meta property=\"og:title\" content=\"Benavente solicita isen\u00e7\u00e3o tempor\u00e1ria de portagens na A13 e A10 - Portal Tela Portugal\" \/>\n<meta property=\"og:description\" content=\"O munic\u00edpio de Benavente pediu ao Governo a isen\u00e7\u00e3o tempor\u00e1ria de portagens na A13 e na A10, devido \u00e0s cheias que encerraram v\u00e1rias vias e dificultam a mobilidade. A autarquia diz que a v\u00e1rzea entre Benavente e Samora Correia est\u00e1 totalmente submersa e dever\u00e1 manter-se encerrada durante v\u00e1rios dias. No domingo, a \u00fanica sa\u00edda do concelho era por Santo Est\u00eav\u00e3o e pela autoestrada; algumas liga\u00e7\u00f5es internas foram reabertas entretanto. As escolas abriram esta segunda-feira, mas o transporte escolar utiliza percursos alternativos e depende da reorganiza\u00e7\u00e3o das rotas com os agrupamentos. O Governo mant\u00e9m a calamidade em 68 concelhos at\u00e9 dia 15, com medidas de apoio j\u00e1 anunciadas, depois de cheias que causaram danos significativos e interrup\u00e7\u00f5es de servi\u00e7os.\" \/>\n<meta property=\"og:url\" content=\"https:\/\/portaltela.pt\/noticias\/2026\/02\/09\/benavente-solicita-isencao-temporaria-de-portagens-na-a13-e-a10\/\" \/>\n<meta property=\"og:site_name\" content=\"Portal Tela Portugal\" \/>\n<meta property=\"article:published_time\" content=\"2026-02-09T12:26:33+00:00\" \/>\n<meta name=\"author\" content=\"Telinha\" \/>\n<meta name=\"twitter:card\" content=\"summary_large_image\" \/>\n<meta name=\"twitter:label1\" content=\"Escrito por\" \/>\n\t<meta name=\"twitter:data1\" content=\"Telinha\" \/>\n\t<meta name=\"twitter:label2\" content=\"Tempo estimado de leitura\" \/>\n\t<meta name=\"twitter:data2\" content=\"2 minutos\" \/>\n<script type=\"application\/ld+json\" class=\"yoast-schema-graph\">{\"@context\":\"https:\/\/schema.org\",\"@graph\":[{\"@type\":\"Article\",\"@id\":\"https:\/\/portaltela.pt\/noticias\/2026\/02\/09\/benavente-solicita-isencao-temporaria-de-portagens-na-a13-e-a10\/#article\",\"isPartOf\":{\"@id\":\"https:\/\/portaltela.pt\/noticias\/2026\/02\/09\/benavente-solicita-isencao-temporaria-de-portagens-na-a13-e-a10\/\"},\"author\":{\"name\":\"Telinha\",\"@id\":\"https:\/\/portaltela.pt\/#\/schema\/person\/c4278d4a6028830caff9ee44b42d32ed\"},\"headline\":\"Benavente solicita isen\u00e7\u00e3o tempor\u00e1ria de portagens na A13 e A10\",\"datePublished\":\"2026-02-09T12:26:33+00:00\",\"mainEntityOfPage\":{\"@id\":\"https:\/\/portaltela.pt\/noticias\/2026\/02\/09\/benavente-solicita-isencao-temporaria-de-portagens-na-a13-e-a10\/\"},\"wordCount\":446,\"image\":{\"@id\":\"https:\/\/portaltela.pt\/noticias\/2026\/02\/09\/benavente-solicita-isencao-temporaria-de-portagens-na-a13-e-a10\/#primaryimage\"},\"thumbnailUrl\":\"https:\/\/portaltela.pt\/s.01k8rhncp4jt1\/2026\/02\/img_1500x1000uu2018-12-19-23-30-28-807222.jpg\",\"keywords\":[\"alagamentos\",\"Benavente\",\"inunda\u00e7\u00f5es\",\"Lez\u00edria do Tejo\",\"portagens\",\"transportes\"],\"articleSection\":[\"Not\u00edcias\"],\"inLanguage\":\"pt-PT\"},{\"@type\":\"WebPage\",\"@id\":\"https:\/\/portaltela.pt\/noticias\/2026\/02\/09\/benavente-solicita-isencao-temporaria-de-portagens-na-a13-e-a10\/\",\"url\":\"https:\/\/portaltela.pt\/noticias\/2026\/02\/09\/benavente-solicita-isencao-temporaria-de-portagens-na-a13-e-a10\/\",\"name\":\"Benavente solicita isen\u00e7\u00e3o tempor\u00e1ria de portagens na A13 e A10 - Portal Tela Portugal\",\"isPartOf\":{\"@id\":\"https:\/\/portaltela.pt\/#website\"},\"primaryImageOfPage\":{\"@id\":\"https:\/\/portaltela.pt\/noticias\/2026\/02\/09\/benavente-solicita-isencao-temporaria-de-portagens-na-a13-e-a10\/#primaryimage\"},\"image\":{\"@id\":\"https:\/\/portaltela.pt\/noticias\/2026\/02\/09\/benavente-solicita-isencao-temporaria-de-portagens-na-a13-e-a10\/#primaryimage\"},\"thumbnailUrl\":\"https:\/\/portaltela.pt\/s.01k8rhncp4jt1\/2026\/02\/img_1500x1000uu2018-12-19-23-30-28-807222.jpg\",\"datePublished\":\"2026-02-09T12:26:33+00:00\",\"author\":{\"@id\":\"https:\/\/portaltela.pt\/#\/schema\/person\/c4278d4a6028830caff9ee44b42d32ed\"},\"breadcrumb\":{\"@id\":\"https:\/\/portaltela.pt\/noticias\/2026\/02\/09\/benavente-solicita-isencao-temporaria-de-portagens-na-a13-e-a10\/#breadcrumb\"},\"inLanguage\":\"pt-PT\",\"potentialAction\":[{\"@type\":\"ReadAction\",\"target\":[\"https:\/\/portaltela.pt\/noticias\/2026\/02\/09\/benavente-solicita-isencao-temporaria-de-portagens-na-a13-e-a10\/\"]}]},{\"@type\":\"ImageObject\",\"inLanguage\":\"pt-PT\",\"@id\":\"https:\/\/portaltela.pt\/noticias\/2026\/02\/09\/benavente-solicita-isencao-temporaria-de-portagens-na-a13-e-a10\/#primaryimage\",\"url\":\"https:\/\/portaltela.pt\/s.01k8rhncp4jt1\/2026\/02\/img_1500x1000uu2018-12-19-23-30-28-807222.jpg\",\"contentUrl\":\"https:\/\/portaltela.pt\/s.01k8rhncp4jt1\/2026\/02\/img_1500x1000uu2018-12-19-23-30-28-807222.jpg\",\"width\":796,\"height\":448,\"caption\":\"Benavente pede ao Governo isen\u00e7\u00e3o tempor\u00e1ria de portagens na A13 e A10\"},{\"@type\":\"BreadcrumbList\",\"@id\":\"https:\/\/portaltela.pt\/noticias\/2026\/02\/09\/benavente-solicita-isencao-temporaria-de-portagens-na-a13-e-a10\/#breadcrumb\",\"itemListElement\":[{\"@type\":\"ListItem\",\"position\":1,\"name\":\"In\u00edcio\",\"item\":\"https:\/\/portaltela.pt\/\"},{\"@type\":\"ListItem\",\"position\":2,\"name\":\"Benavente solicita isen\u00e7\u00e3o tempor\u00e1ria de portagens na A13 e A10\"}]},{\"@type\":\"WebSite\",\"@id\":\"https:\/\/portaltela.pt\/#website\",\"url\":\"https:\/\/portaltela.pt\/\",\"name\":\"Portal Tela Portugal\",\"description\":\"\",\"potentialAction\":[{\"@type\":\"SearchAction\",\"target\":{\"@type\":\"EntryPoint\",\"urlTemplate\":\"https:\/\/portaltela.pt\/?s={search_term_string}\"},\"query-input\":{\"@type\":\"PropertyValueSpecification\",\"valueRequired\":true,\"valueName\":\"search_term_string\"}}],\"inLanguage\":\"pt-PT\"},{\"@type\":\"Person\",\"@id\":\"https:\/\/portaltela.pt\/#\/schema\/person\/c4278d4a6028830caff9ee44b42d32ed\",\"name\":\"Telinha\",\"image\":{\"@type\":\"ImageObject\",\"inLanguage\":\"pt-PT\",\"@id\":\"https:\/\/portaltela.pt\/s.01k8rhncp4jt1\/2025\/11\/talking-bot-125x125.png\",\"url\":\"https:\/\/portaltela.pt\/s.01k8rhncp4jt1\/2025\/11\/talking-bot-125x125.png\",\"contentUrl\":\"https:\/\/portaltela.pt\/s.01k8rhncp4jt1\/2025\/11\/talking-bot-125x125.png\",\"caption\":\"Telinha\"},\"sameAs\":[\"https:\/\/portaltela.pt\/\"],\"url\":\"https:\/\/portaltela.pt\/por\/367410592786\/\"}]}<\/script>\n<!-- \/ Yoast SEO plugin. -->","yoast_head_json":{"title":"Benavente solicita isen\u00e7\u00e3o tempor\u00e1ria de portagens na A13 e A10 - Portal Tela Portugal","robots":{"index":"index","follow":"follow","max-snippet":"max-snippet:-1","max-image-preview":"max-image-preview:large","max-video-preview":"max-video-preview:-1"},"og_locale":"pt_PT","og_type":"article","og_title":"Benavente solicita isen\u00e7\u00e3o tempor\u00e1ria de portagens na A13 e A10 - Portal Tela Portugal","og_description":"O munic\u00edpio de Benavente pediu ao Governo a isen\u00e7\u00e3o tempor\u00e1ria de portagens na A13 e na A10, devido \u00e0s cheias que encerraram v\u00e1rias vias e dificultam a mobilidade. A autarquia diz que a v\u00e1rzea entre Benavente e Samora Correia est\u00e1 totalmente submersa e dever\u00e1 manter-se encerrada durante v\u00e1rios dias. No domingo, a \u00fanica sa\u00edda do concelho era por Santo Est\u00eav\u00e3o e pela autoestrada; algumas liga\u00e7\u00f5es internas foram reabertas entretanto. As escolas abriram esta segunda-feira, mas o transporte escolar utiliza percursos alternativos e depende da reorganiza\u00e7\u00e3o das rotas com os agrupamentos. O Governo mant\u00e9m a calamidade em 68 concelhos at\u00e9 dia 15, com medidas de apoio j\u00e1 anunciadas, depois de cheias que causaram danos significativos e interrup\u00e7\u00f5es de servi\u00e7os.","og_url":"https:\/\/portaltela.pt\/noticias\/2026\/02\/09\/benavente-solicita-isencao-temporaria-de-portagens-na-a13-e-a10\/","og_site_name":"Portal Tela Portugal","article_published_time":"2026-02-09T12:26:33+00:00","author":"Telinha","twitter_card":"summary_large_image","twitter_misc":{"Escrito por":"Telinha","Tempo estimado de leitura":"2 minutos"},"schema":{"@context":"https:\/\/schema.org","@graph":[{"@type":"Article","@id":"https:\/\/portaltela.pt\/noticias\/2026\/02\/09\/benavente-solicita-isencao-temporaria-de-portagens-na-a13-e-a10\/#article","isPartOf":{"@id":"https:\/\/portaltela.pt\/noticias\/2026\/02\/09\/benavente-solicita-isencao-temporaria-de-portagens-na-a13-e-a10\/"},"author":{"name":"Telinha","@id":"https:\/\/portaltela.pt\/#\/schema\/person\/c4278d4a6028830caff9ee44b42d32ed"},"headline":"Benavente solicita isen\u00e7\u00e3o tempor\u00e1ria de portagens na A13 e A10","datePublished":"2026-02-09T12:26:33+00:00","mainEntityOfPage":{"@id":"https:\/\/portaltela.pt\/noticias\/2026\/02\/09\/benavente-solicita-isencao-temporaria-de-portagens-na-a13-e-a10\/"},"wordCount":446,"image":{"@id":"https:\/\/portaltela.pt\/noticias\/2026\/02\/09\/benavente-solicita-isencao-temporaria-de-portagens-na-a13-e-a10\/#primaryimage"},"thumbnailUrl":"https:\/\/portaltela.pt\/s.01k8rhncp4jt1\/2026\/02\/img_1500x1000uu2018-12-19-23-30-28-807222.jpg","keywords":["alagamentos","Benavente","inunda\u00e7\u00f5es","Lez\u00edria do Tejo","portagens","transportes"],"articleSection":["Not\u00edcias"],"inLanguage":"pt-PT"},{"@type":"WebPage","@id":"https:\/\/portaltela.pt\/noticias\/2026\/02\/09\/benavente-solicita-isencao-temporaria-de-portagens-na-a13-e-a10\/","url":"https:\/\/portaltela.pt\/noticias\/2026\/02\/09\/benavente-solicita-isencao-temporaria-de-portagens-na-a13-e-a10\/","name":"Benavente solicita isen\u00e7\u00e3o tempor\u00e1ria de portagens na A13 e A10 - Portal Tela Portugal","isPartOf":{"@id":"https:\/\/portaltela.pt\/#website"},"primaryImageOfPage":{"@id":"https:\/\/portaltela.pt\/noticias\/2026\/02\/09\/benavente-solicita-isencao-temporaria-de-portagens-na-a13-e-a10\/#primaryimage"},"image":{"@id":"https:\/\/portaltela.pt\/noticias\/2026\/02\/09\/benavente-solicita-isencao-temporaria-de-portagens-na-a13-e-a10\/#primaryimage"},"thumbnailUrl":"https:\/\/portaltela.pt\/s.01k8rhncp4jt1\/2026\/02\/img_1500x1000uu2018-12-19-23-30-28-807222.jpg","datePublished":"2026-02-09T12:26:33+00:00","author":{"@id":"https:\/\/portaltela.pt\/#\/schema\/person\/c4278d4a6028830caff9ee44b42d32ed"},"breadcrumb":{"@id":"https:\/\/portaltela.pt\/noticias\/2026\/02\/09\/benavente-solicita-isencao-temporaria-de-portagens-na-a13-e-a10\/#breadcrumb"},"inLanguage":"pt-PT","potentialAction":[{"@type":"ReadAction","target":["https:\/\/portaltela.pt\/noticias\/2026\/02\/09\/benavente-solicita-isencao-temporaria-de-portagens-na-a13-e-a10\/"]}]},{"@type":"ImageObject","inLanguage":"pt-PT","@id":"https:\/\/portaltela.pt\/noticias\/2026\/02\/09\/benavente-solicita-isencao-temporaria-de-portagens-na-a13-e-a10\/#primaryimage","url":"https:\/\/portaltela.pt\/s.01k8rhncp4jt1\/2026\/02\/img_1500x1000uu2018-12-19-23-30-28-807222.jpg","contentUrl":"https:\/\/portaltela.pt\/s.01k8rhncp4jt1\/2026\/02\/img_1500x1000uu2018-12-19-23-30-28-807222.jpg","width":796,"height":448,"caption":"Benavente pede ao Governo isen\u00e7\u00e3o tempor\u00e1ria de portagens na A13 e A10"},{"@type":"BreadcrumbList","@id":"https:\/\/portaltela.pt\/noticias\/2026\/02\/09\/benavente-solicita-isencao-temporaria-de-portagens-na-a13-e-a10\/#breadcrumb","itemListElement":[{"@type":"ListItem","position":1,"name":"In\u00edcio","item":"https:\/\/portaltela.pt\/"},{"@type":"ListItem","position":2,"name":"Benavente solicita isen\u00e7\u00e3o tempor\u00e1ria de portagens na A13 e A10"}]},{"@type":"WebSite","@id":"https:\/\/portaltela.pt\/#website","url":"https:\/\/portaltela.pt\/","name":"Portal Tela Portugal","description":"","potentialAction":[{"@type":"SearchAction","target":{"@type":"EntryPoint","urlTemplate":"https:\/\/portaltela.pt\/?s={search_term_string}"},"query-input":{"@type":"PropertyValueSpecification","valueRequired":true,"valueName":"search_term_string"}}],"inLanguage":"pt-PT"},{"@type":"Person","@id":"https:\/\/portaltela.pt\/#\/schema\/person\/c4278d4a6028830caff9ee44b42d32ed","name":"Telinha","image":{"@type":"ImageObject","inLanguage":"pt-PT","@id":"https:\/\/portaltela.pt\/s.01k8rhncp4jt1\/2025\/11\/talking-bot-125x125.png","url":"https:\/\/portaltela.pt\/s.01k8rhncp4jt1\/2025\/11\/talking-bot-125x125.png","contentUrl":"https:\/\/portaltela.pt\/s.01k8rhncp4jt1\/2025\/11\/talking-bot-125x125.png","caption":"Telinha"},"sameAs":["https:\/\/portaltela.pt\/"],"url":"https:\/\/portaltela.pt\/por\/367410592786\/"}]}},"_links":{"self":[{"href":"https:\/\/portaltela.pt\/api\/wp\/v2\/posts\/205275","targetHints":{"allow":["GET"]}}],"collection":[{"href":"https:\/\/portaltela.pt\/api\/wp\/v2\/posts"}],"about":[{"href":"https:\/\/portaltela.pt\/api\/wp\/v2\/types\/post"}],"author":[{"embeddable":true,"href":"https:\/\/portaltela.pt\/api\/wp\/v2\/users\/2"}],"replies":[{"embeddable":true,"href":"https:\/\/portaltela.pt\/api\/wp\/v2\/comments?post=205275"}],"version-history":[{"count":0,"href":"https:\/\/portaltela.pt\/api\/wp\/v2\/posts\/205275\/revisions"}],"wp:featuredmedia":[{"embeddable":true,"href":"https:\/\/portaltela.pt\/api\/wp\/v2\/media\/205276"}],"wp:attachment":[{"href":"https:\/\/portaltela.pt\/api\/wp\/v2\/media?parent=205275"}],"wp:term":[{"taxonomy":"category","embeddable":true,"href":"https:\/\/portaltela.pt\/api\/wp\/v2\/categories?post=205275"},{"taxonomy":"post_tag","embeddable":true,"href":"https:\/\/portaltela.pt\/api\/wp\/v2\/tags?post=205275"}],"curies":[{"name":"wp","href":"https:\/\/api.w.org\/{rel}","templated":true}]}}