{"id":205246,"date":"2026-02-09T09:12:45","date_gmt":"2026-02-09T12:12:45","guid":{"rendered":"https:\/\/portaltela.pt\/noticias\/2026\/02\/09\/ofertas-do-dia-9-de-fevereiro-tres-essenciais-para-enfrentar-o-frio\/"},"modified":"2026-02-09T09:12:45","modified_gmt":"2026-02-09T12:12:45","slug":"ofertas-do-dia-9-de-fevereiro-tres-essenciais-para-enfrentar-o-frio","status":"publish","type":"post","link":"https:\/\/portaltela.pt\/noticias\/economia\/2026\/02\/09\/ofertas-do-dia-9-de-fevereiro-tres-essenciais-para-enfrentar-o-frio\/","title":{"rendered":"Ofertas do dia 9 de fevereiro: tr\u00eas essenciais para enfrentar o frio"},"content":{"rendered":"<p>Os destaques do dia 9 de fevereiro concentram-se em tr\u00eas itens essenciais para enfrentar o frio: casaco, luvas e meias t\u00e9rmicas. As ofertas chegam numa altura de temperaturas baixas, com descontos dispon\u00edveis.<\/p>\n<p>Casaco Columbia Powder Lite: casaco t\u00e9rmico leve com tecnologia Omni-Heat para refletir o calor corporal, isolamento sint\u00e9tico e tecido repelente \u00e0 \u00e1gua. Ideal para frio, chuva ligeira e atividades ao ar livre com conforto.<\/p>\n<p>Luzes de Inverno Unisexo: luvas quentes e confort\u00e1veis, com interior macio e materiais respir\u00e1veis. Adaptam-se a qualquer estilo e mant\u00eam as m\u00e3os protegidas do frio em uso di\u00e1rio ou atividades ao ar livre.<\/p>\n<p>Meias t\u00e9rmicas para homens e mulheres &#8211; Pack de 6 pares: conjunto de 6 pares com tecido macio e isolante que ret\u00e9m o calor. Perfeitas para dias frios, caminhadas ou uso di\u00e1rio, garantindo p\u00e9s quentes o dia inteiro.<\/p>\n<p>Estes itens chegam como resposta \u00e0s necessidades de aquecimento durante o inverno e apresentam condi\u00e7\u00f5es de saldos para quem procura solu\u00e7\u00f5es pr\u00e1ticas para enfrentar as temperaturas mais baixas.<\/p>\n","protected":false},"excerpt":{"rendered":"<ul>\n<li>Ofertas do dia de 9 de fevereiro apresentam tr\u00eas essenciais para enfrentar o frio: casaco t\u00e9cnico, luvas quentes e meias t\u00e9rmicas, com descontos dispon\u00edveis.<\/li>\n<li>Casaco Columbia Powder Lite: casaco t\u00e9rmico leve com Omni-Heat, isolamento sint\u00e9tico e tecido que repele \u00e1gua, indicado para frio e atividades ao ar livre.<\/li>\n<li>Luvas de Inverno Unisexo: luvas quentes com interior macio e materiais respir\u00e1veis, adequadas para uso di\u00e1rio ou atividades ao ar livre.<\/li>\n<li>Meias t\u00e9rmicas para homens e mulheres \u2013 Pack de 6 pares: meias unissexo com tecido isolante que ret\u00e9m o calor, perfeitas para dias frios e caminhadas.<\/li>\n<\/ul>\n","protected":false},"author":2,"featured_media":205252,"comment_status":"closed","ping_status":"closed","sticky":false,"template":"","format":"standard","meta":{"footnotes":""},"categories":[2,1],"tags":[2671,135,1628,5059,239],"class_list":["post-205246","post","type-post","status-publish","format-standard","has-post-thumbnail","hentry","category-economia","category-noticias","tag-aquecimento","tag-moda","tag-promocoes","tag-roupas","tag-vestuario"],"yoast_head":"<!-- This site is optimized with the Yoast SEO plugin v27.2 - https:\/\/yoast.com\/product\/yoast-seo-wordpress\/ -->\n<title>Ofertas do dia 9 de fevereiro: tr\u00eas essenciais para enfrentar o frio - Portal Tela Portugal<\/title>\n<meta name=\"robots\" content=\"index, follow, max-snippet:-1, max-image-preview:large, max-video-preview:-1\" \/>\n<meta property=\"og:locale\" content=\"pt_PT\" \/>\n<meta property=\"og:type\" content=\"article\" \/>\n<meta property=\"og:title\" content=\"Ofertas do dia 9 de fevereiro: tr\u00eas essenciais para enfrentar o frio - Portal Tela Portugal\" \/>\n<meta property=\"og:description\" content=\"Ofertas do dia de 9 de fevereiro apresentam tr\u00eas essenciais para enfrentar o frio: casaco t\u00e9cnico, luvas quentes e meias t\u00e9rmicas, com descontos dispon\u00edveis. Casaco Columbia Powder Lite: casaco t\u00e9rmico leve com Omni-Heat, isolamento sint\u00e9tico e tecido que repele \u00e1gua, indicado para frio e atividades ao ar livre. Luvas de Inverno Unisexo: luvas quentes com interior macio e materiais respir\u00e1veis, adequadas para uso di\u00e1rio ou atividades ao ar livre. Meias t\u00e9rmicas para homens e mulheres \u2013 Pack de 6 pares: meias unissexo com tecido isolante que ret\u00e9m o calor, perfeitas para dias frios e caminhadas.\" \/>\n<meta property=\"og:url\" content=\"https:\/\/portaltela.pt\/noticias\/2026\/02\/09\/ofertas-do-dia-9-de-fevereiro-tres-essenciais-para-enfrentar-o-frio\/\" \/>\n<meta property=\"og:site_name\" content=\"Portal Tela Portugal\" \/>\n<meta property=\"article:published_time\" content=\"2026-02-09T12:12:45+00:00\" \/>\n<meta name=\"author\" content=\"Telinha\" \/>\n<meta name=\"twitter:card\" content=\"summary_large_image\" \/>\n<meta name=\"twitter:label1\" content=\"Escrito por\" \/>\n\t<meta name=\"twitter:data1\" content=\"Telinha\" \/>\n\t<meta name=\"twitter:label2\" content=\"Tempo estimado de leitura\" \/>\n\t<meta name=\"twitter:data2\" content=\"1 minuto\" \/>\n<script type=\"application\/ld+json\" class=\"yoast-schema-graph\">{\"@context\":\"https:\/\/schema.org\",\"@graph\":[{\"@type\":\"Article\",\"@id\":\"https:\/\/portaltela.pt\/noticias\/2026\/02\/09\/ofertas-do-dia-9-de-fevereiro-tres-essenciais-para-enfrentar-o-frio\/#article\",\"isPartOf\":{\"@id\":\"https:\/\/portaltela.pt\/noticias\/2026\/02\/09\/ofertas-do-dia-9-de-fevereiro-tres-essenciais-para-enfrentar-o-frio\/\"},\"author\":{\"name\":\"Telinha\",\"@id\":\"https:\/\/portaltela.pt\/#\/schema\/person\/c4278d4a6028830caff9ee44b42d32ed\"},\"headline\":\"Ofertas do dia 9 de fevereiro: tr\u00eas essenciais para enfrentar o frio\",\"datePublished\":\"2026-02-09T12:12:45+00:00\",\"mainEntityOfPage\":{\"@id\":\"https:\/\/portaltela.pt\/noticias\/2026\/02\/09\/ofertas-do-dia-9-de-fevereiro-tres-essenciais-para-enfrentar-o-frio\/\"},\"wordCount\":190,\"image\":{\"@id\":\"https:\/\/portaltela.pt\/noticias\/2026\/02\/09\/ofertas-do-dia-9-de-fevereiro-tres-essenciais-para-enfrentar-o-frio\/#primaryimage\"},\"thumbnailUrl\":\"https:\/\/portaltela.pt\/s.01k8rhncp4jt1\/2026\/02\/img_1280x721uu2026-02-09-12-10-30-2265840.jpg\",\"keywords\":[\"aquecimento\",\"moda\",\"promo\u00e7\u00f5es\",\"roupas\",\"vestu\u00e1rio\"],\"articleSection\":[\"Economia\",\"Not\u00edcias\"],\"inLanguage\":\"pt-PT\"},{\"@type\":\"WebPage\",\"@id\":\"https:\/\/portaltela.pt\/noticias\/2026\/02\/09\/ofertas-do-dia-9-de-fevereiro-tres-essenciais-para-enfrentar-o-frio\/\",\"url\":\"https:\/\/portaltela.pt\/noticias\/2026\/02\/09\/ofertas-do-dia-9-de-fevereiro-tres-essenciais-para-enfrentar-o-frio\/\",\"name\":\"Ofertas do dia 9 de fevereiro: tr\u00eas essenciais para enfrentar o frio - Portal Tela Portugal\",\"isPartOf\":{\"@id\":\"https:\/\/portaltela.pt\/#website\"},\"primaryImageOfPage\":{\"@id\":\"https:\/\/portaltela.pt\/noticias\/2026\/02\/09\/ofertas-do-dia-9-de-fevereiro-tres-essenciais-para-enfrentar-o-frio\/#primaryimage\"},\"image\":{\"@id\":\"https:\/\/portaltela.pt\/noticias\/2026\/02\/09\/ofertas-do-dia-9-de-fevereiro-tres-essenciais-para-enfrentar-o-frio\/#primaryimage\"},\"thumbnailUrl\":\"https:\/\/portaltela.pt\/s.01k8rhncp4jt1\/2026\/02\/img_1280x721uu2026-02-09-12-10-30-2265840.jpg\",\"datePublished\":\"2026-02-09T12:12:45+00:00\",\"author\":{\"@id\":\"https:\/\/portaltela.pt\/#\/schema\/person\/c4278d4a6028830caff9ee44b42d32ed\"},\"breadcrumb\":{\"@id\":\"https:\/\/portaltela.pt\/noticias\/2026\/02\/09\/ofertas-do-dia-9-de-fevereiro-tres-essenciais-para-enfrentar-o-frio\/#breadcrumb\"},\"inLanguage\":\"pt-PT\",\"potentialAction\":[{\"@type\":\"ReadAction\",\"target\":[\"https:\/\/portaltela.pt\/noticias\/2026\/02\/09\/ofertas-do-dia-9-de-fevereiro-tres-essenciais-para-enfrentar-o-frio\/\"]}]},{\"@type\":\"ImageObject\",\"inLanguage\":\"pt-PT\",\"@id\":\"https:\/\/portaltela.pt\/noticias\/2026\/02\/09\/ofertas-do-dia-9-de-fevereiro-tres-essenciais-para-enfrentar-o-frio\/#primaryimage\",\"url\":\"https:\/\/portaltela.pt\/s.01k8rhncp4jt1\/2026\/02\/img_1280x721uu2026-02-09-12-10-30-2265840.jpg\",\"contentUrl\":\"https:\/\/portaltela.pt\/s.01k8rhncp4jt1\/2026\/02\/img_1280x721uu2026-02-09-12-10-30-2265840.jpg\",\"width\":796,\"height\":448,\"caption\":\"Homem sorri na neve; essenciais para o frio em destaque\"},{\"@type\":\"BreadcrumbList\",\"@id\":\"https:\/\/portaltela.pt\/noticias\/2026\/02\/09\/ofertas-do-dia-9-de-fevereiro-tres-essenciais-para-enfrentar-o-frio\/#breadcrumb\",\"itemListElement\":[{\"@type\":\"ListItem\",\"position\":1,\"name\":\"In\u00edcio\",\"item\":\"https:\/\/portaltela.pt\/\"},{\"@type\":\"ListItem\",\"position\":2,\"name\":\"Ofertas do dia 9 de fevereiro: tr\u00eas essenciais para enfrentar o frio\"}]},{\"@type\":\"WebSite\",\"@id\":\"https:\/\/portaltela.pt\/#website\",\"url\":\"https:\/\/portaltela.pt\/\",\"name\":\"Portal Tela Portugal\",\"description\":\"\",\"potentialAction\":[{\"@type\":\"SearchAction\",\"target\":{\"@type\":\"EntryPoint\",\"urlTemplate\":\"https:\/\/portaltela.pt\/?s={search_term_string}\"},\"query-input\":{\"@type\":\"PropertyValueSpecification\",\"valueRequired\":true,\"valueName\":\"search_term_string\"}}],\"inLanguage\":\"pt-PT\"},{\"@type\":\"Person\",\"@id\":\"https:\/\/portaltela.pt\/#\/schema\/person\/c4278d4a6028830caff9ee44b42d32ed\",\"name\":\"Telinha\",\"image\":{\"@type\":\"ImageObject\",\"inLanguage\":\"pt-PT\",\"@id\":\"https:\/\/portaltela.pt\/s.01k8rhncp4jt1\/2025\/11\/talking-bot-125x125.png\",\"url\":\"https:\/\/portaltela.pt\/s.01k8rhncp4jt1\/2025\/11\/talking-bot-125x125.png\",\"contentUrl\":\"https:\/\/portaltela.pt\/s.01k8rhncp4jt1\/2025\/11\/talking-bot-125x125.png\",\"caption\":\"Telinha\"},\"sameAs\":[\"https:\/\/portaltela.pt\/\"],\"url\":\"https:\/\/portaltela.pt\/por\/367410592786\/\"}]}<\/script>\n<!-- \/ Yoast SEO plugin. -->","yoast_head_json":{"title":"Ofertas do dia 9 de fevereiro: tr\u00eas essenciais para enfrentar o frio - Portal Tela Portugal","robots":{"index":"index","follow":"follow","max-snippet":"max-snippet:-1","max-image-preview":"max-image-preview:large","max-video-preview":"max-video-preview:-1"},"og_locale":"pt_PT","og_type":"article","og_title":"Ofertas do dia 9 de fevereiro: tr\u00eas essenciais para enfrentar o frio - Portal Tela Portugal","og_description":"Ofertas do dia de 9 de fevereiro apresentam tr\u00eas essenciais para enfrentar o frio: casaco t\u00e9cnico, luvas quentes e meias t\u00e9rmicas, com descontos dispon\u00edveis. Casaco Columbia Powder Lite: casaco t\u00e9rmico leve com Omni-Heat, isolamento sint\u00e9tico e tecido que repele \u00e1gua, indicado para frio e atividades ao ar livre. Luvas de Inverno Unisexo: luvas quentes com interior macio e materiais respir\u00e1veis, adequadas para uso di\u00e1rio ou atividades ao ar livre. Meias t\u00e9rmicas para homens e mulheres \u2013 Pack de 6 pares: meias unissexo com tecido isolante que ret\u00e9m o calor, perfeitas para dias frios e caminhadas.","og_url":"https:\/\/portaltela.pt\/noticias\/2026\/02\/09\/ofertas-do-dia-9-de-fevereiro-tres-essenciais-para-enfrentar-o-frio\/","og_site_name":"Portal Tela Portugal","article_published_time":"2026-02-09T12:12:45+00:00","author":"Telinha","twitter_card":"summary_large_image","twitter_misc":{"Escrito por":"Telinha","Tempo estimado de leitura":"1 minuto"},"schema":{"@context":"https:\/\/schema.org","@graph":[{"@type":"Article","@id":"https:\/\/portaltela.pt\/noticias\/2026\/02\/09\/ofertas-do-dia-9-de-fevereiro-tres-essenciais-para-enfrentar-o-frio\/#article","isPartOf":{"@id":"https:\/\/portaltela.pt\/noticias\/2026\/02\/09\/ofertas-do-dia-9-de-fevereiro-tres-essenciais-para-enfrentar-o-frio\/"},"author":{"name":"Telinha","@id":"https:\/\/portaltela.pt\/#\/schema\/person\/c4278d4a6028830caff9ee44b42d32ed"},"headline":"Ofertas do dia 9 de fevereiro: tr\u00eas essenciais para enfrentar o frio","datePublished":"2026-02-09T12:12:45+00:00","mainEntityOfPage":{"@id":"https:\/\/portaltela.pt\/noticias\/2026\/02\/09\/ofertas-do-dia-9-de-fevereiro-tres-essenciais-para-enfrentar-o-frio\/"},"wordCount":190,"image":{"@id":"https:\/\/portaltela.pt\/noticias\/2026\/02\/09\/ofertas-do-dia-9-de-fevereiro-tres-essenciais-para-enfrentar-o-frio\/#primaryimage"},"thumbnailUrl":"https:\/\/portaltela.pt\/s.01k8rhncp4jt1\/2026\/02\/img_1280x721uu2026-02-09-12-10-30-2265840.jpg","keywords":["aquecimento","moda","promo\u00e7\u00f5es","roupas","vestu\u00e1rio"],"articleSection":["Economia","Not\u00edcias"],"inLanguage":"pt-PT"},{"@type":"WebPage","@id":"https:\/\/portaltela.pt\/noticias\/2026\/02\/09\/ofertas-do-dia-9-de-fevereiro-tres-essenciais-para-enfrentar-o-frio\/","url":"https:\/\/portaltela.pt\/noticias\/2026\/02\/09\/ofertas-do-dia-9-de-fevereiro-tres-essenciais-para-enfrentar-o-frio\/","name":"Ofertas do dia 9 de fevereiro: tr\u00eas essenciais para enfrentar o frio - Portal Tela Portugal","isPartOf":{"@id":"https:\/\/portaltela.pt\/#website"},"primaryImageOfPage":{"@id":"https:\/\/portaltela.pt\/noticias\/2026\/02\/09\/ofertas-do-dia-9-de-fevereiro-tres-essenciais-para-enfrentar-o-frio\/#primaryimage"},"image":{"@id":"https:\/\/portaltela.pt\/noticias\/2026\/02\/09\/ofertas-do-dia-9-de-fevereiro-tres-essenciais-para-enfrentar-o-frio\/#primaryimage"},"thumbnailUrl":"https:\/\/portaltela.pt\/s.01k8rhncp4jt1\/2026\/02\/img_1280x721uu2026-02-09-12-10-30-2265840.jpg","datePublished":"2026-02-09T12:12:45+00:00","author":{"@id":"https:\/\/portaltela.pt\/#\/schema\/person\/c4278d4a6028830caff9ee44b42d32ed"},"breadcrumb":{"@id":"https:\/\/portaltela.pt\/noticias\/2026\/02\/09\/ofertas-do-dia-9-de-fevereiro-tres-essenciais-para-enfrentar-o-frio\/#breadcrumb"},"inLanguage":"pt-PT","potentialAction":[{"@type":"ReadAction","target":["https:\/\/portaltela.pt\/noticias\/2026\/02\/09\/ofertas-do-dia-9-de-fevereiro-tres-essenciais-para-enfrentar-o-frio\/"]}]},{"@type":"ImageObject","inLanguage":"pt-PT","@id":"https:\/\/portaltela.pt\/noticias\/2026\/02\/09\/ofertas-do-dia-9-de-fevereiro-tres-essenciais-para-enfrentar-o-frio\/#primaryimage","url":"https:\/\/portaltela.pt\/s.01k8rhncp4jt1\/2026\/02\/img_1280x721uu2026-02-09-12-10-30-2265840.jpg","contentUrl":"https:\/\/portaltela.pt\/s.01k8rhncp4jt1\/2026\/02\/img_1280x721uu2026-02-09-12-10-30-2265840.jpg","width":796,"height":448,"caption":"Homem sorri na neve; essenciais para o frio em destaque"},{"@type":"BreadcrumbList","@id":"https:\/\/portaltela.pt\/noticias\/2026\/02\/09\/ofertas-do-dia-9-de-fevereiro-tres-essenciais-para-enfrentar-o-frio\/#breadcrumb","itemListElement":[{"@type":"ListItem","position":1,"name":"In\u00edcio","item":"https:\/\/portaltela.pt\/"},{"@type":"ListItem","position":2,"name":"Ofertas do dia 9 de fevereiro: tr\u00eas essenciais para enfrentar o frio"}]},{"@type":"WebSite","@id":"https:\/\/portaltela.pt\/#website","url":"https:\/\/portaltela.pt\/","name":"Portal Tela Portugal","description":"","potentialAction":[{"@type":"SearchAction","target":{"@type":"EntryPoint","urlTemplate":"https:\/\/portaltela.pt\/?s={search_term_string}"},"query-input":{"@type":"PropertyValueSpecification","valueRequired":true,"valueName":"search_term_string"}}],"inLanguage":"pt-PT"},{"@type":"Person","@id":"https:\/\/portaltela.pt\/#\/schema\/person\/c4278d4a6028830caff9ee44b42d32ed","name":"Telinha","image":{"@type":"ImageObject","inLanguage":"pt-PT","@id":"https:\/\/portaltela.pt\/s.01k8rhncp4jt1\/2025\/11\/talking-bot-125x125.png","url":"https:\/\/portaltela.pt\/s.01k8rhncp4jt1\/2025\/11\/talking-bot-125x125.png","contentUrl":"https:\/\/portaltela.pt\/s.01k8rhncp4jt1\/2025\/11\/talking-bot-125x125.png","caption":"Telinha"},"sameAs":["https:\/\/portaltela.pt\/"],"url":"https:\/\/portaltela.pt\/por\/367410592786\/"}]}},"_links":{"self":[{"href":"https:\/\/portaltela.pt\/api\/wp\/v2\/posts\/205246","targetHints":{"allow":["GET"]}}],"collection":[{"href":"https:\/\/portaltela.pt\/api\/wp\/v2\/posts"}],"about":[{"href":"https:\/\/portaltela.pt\/api\/wp\/v2\/types\/post"}],"author":[{"embeddable":true,"href":"https:\/\/portaltela.pt\/api\/wp\/v2\/users\/2"}],"replies":[{"embeddable":true,"href":"https:\/\/portaltela.pt\/api\/wp\/v2\/comments?post=205246"}],"version-history":[{"count":0,"href":"https:\/\/portaltela.pt\/api\/wp\/v2\/posts\/205246\/revisions"}],"wp:featuredmedia":[{"embeddable":true,"href":"https:\/\/portaltela.pt\/api\/wp\/v2\/media\/205252"}],"wp:attachment":[{"href":"https:\/\/portaltela.pt\/api\/wp\/v2\/media?parent=205246"}],"wp:term":[{"taxonomy":"category","embeddable":true,"href":"https:\/\/portaltela.pt\/api\/wp\/v2\/categories?post=205246"},{"taxonomy":"post_tag","embeddable":true,"href":"https:\/\/portaltela.pt\/api\/wp\/v2\/tags?post=205246"}],"curies":[{"name":"wp","href":"https:\/\/api.w.org\/{rel}","templated":true}]}}