{"id":205187,"date":"2026-02-09T08:21:00","date_gmt":"2026-02-09T11:21:00","guid":{"rendered":"https:\/\/portaltela.pt\/noticias\/2026\/02\/09\/bad-bunny-brilha-no-super-bowl-com-homenagem-a-porto-rico\/"},"modified":"2026-02-09T08:21:00","modified_gmt":"2026-02-09T11:21:00","slug":"bad-bunny-brilha-no-super-bowl-com-homenagem-a-porto-rico","status":"publish","type":"post","link":"https:\/\/portaltela.pt\/noticias\/2026\/02\/09\/bad-bunny-brilha-no-super-bowl-com-homenagem-a-porto-rico\/","title":{"rendered":"Bad Bunny brilha no Super Bowl com homenagem a Porto Rico"},"content":{"rendered":"<p>Bad Bunny comandou o intervalo do Super Bowl no Levi Stadium, California, com uma homenagem en\u00e9rgica \u00e0 Porto Rico. A atua\u00e7\u00e3o celebrou a heran\u00e7a latina e consolidou o papel do reggaeton na cultura popular norte\u2011americana, com uma narrativa visual pr\u00f3pria.<\/p>\n<p>O espet\u00e1culo revelou cen\u00e1rios que retrataram a vida porto-riquenha, incluindo agricultores, vendedores de rua e jogadores de domin\u00f3. A produ\u00e7\u00e3o contou com a presen\u00e7a de Lady Gaga em participa\u00e7\u00e3o surpresa e um tributo aos pioneiros do reggaeton, como Daddy Yankee.<\/p>\n<h3>Homenagem e elenco<\/h3>\n<p>Bad Bunny, de 31 anos, abriu com Tit\u00ed Me Pregunt\u00f3, percorrendo diferentes ambientes da \u201cLa Casita\u201d e de cen\u00e1rios exteriores. Em sequ\u00eancia, performou Yo Perreo Sola, Safaera e Party, enquanto celebridades dan\u00e7avam entre o p\u00fablico.<\/p>\n<p>No palco secund\u00e1rio, a casinha, o show ganhou for\u00e7a com a inclus\u00e3o de refer\u00eancias ao reggaeton. A atua\u00e7\u00e3o incluiu Gasolina, Dale Don Dale e EoO, ligando ra\u00edzes a \u00eaxitos atuais do artista.<\/p>\n<h3>Momentos marcantes e recebimentos<\/h3>\n<p>Entre cenas teatrais, Bad Bunny caiu do telhado da casita para o interior da casa, numa transi\u00e7\u00e3o coreografada que culminou numa carrinha branca com um medley. Ao lado, surgiram La Rana Concho e a entrada de Lady Gaga em salsa, seguida de dan\u00e7a com o artista.<\/p>\n<p>Rita qu\u00e1drupla de imagens mostrou artistas como Pedro Pascal, Karol G, Cardi B e Jessica Alba a dan\u00e7ar entre o p\u00fablico. A performance incluiu a exibi\u00e7\u00e3o da bandeira porto\u2011riquenha e o lan\u00e7amento de mensagens de empoderamento, sem perder o tom festivo.<\/p>\n<h3>Contexto e desdobramentos<\/h3>\n<p>A escolha de Bad Bunny gerou cr\u00edticas por parte de figuras conservadoras, incluindo o ex\u2011presidente Donald Trump, devido a posi\u00e7\u00f5es do artista sobre imigra\u00e7\u00e3o. Trump expressou, em redes sociais, que o espet\u00e1culo foi terr\u00edvel.<\/p>\n<p>A apresenta\u00e7\u00e3o ocorreu num momento em que o reggaeton j\u00e1 ganhava espa\u00e7o na cultura de vinil norte\u2011americana. O show encerrou com DtMF, faixa\u2011t\u00edtulo do \u00e1lbum premiado com um Grammy de Melhor \u00c1lbum em Espanhol.<\/p>\n","protected":false},"excerpt":{"rendered":"<ul>\n<li>Bad Bunny atuou no intervalo do Super Bowl 60, no Levi Stadium, na Calif\u00f3rnia, numa homenagem \u00e0 heran\u00e7a porto-riquenha e \u00e0 cultura latina.<\/li>\n<li>A atua\u00e7\u00e3o incluiu apari\u00e7\u00f5es surpresa de Lady Gaga, tributo a Daddy Yankee e passagem por temas como Yo Perreo Sola, Safaera e Party, com cen\u00e1rio de \u201cLa Casita\u201d.<\/li>\n<li>O espet\u00e1culo celebrou as ra\u00edzes porto-riquenhas e contou com a participa\u00e7\u00e3o de celebridades no p\u00fablico, incluindo Pedro Pascal, Karol G, Cardi B e Jessica Alba.<\/li>\n<li>Houve controv\u00e9rsia pol\u00edtica, com cr\u00edticas do presidente Donald Trump ao uso do palco por Bad Bunny, que j\u00e1 se posicionou criticamente sobre a imigra\u00e7\u00e3o.<\/li>\n<li>Durante o show, Bad Bunny recebeu o Grammy de \u00c1lbum do Ano (em Espanhol) e exibiu a bandeira de Porto Rico, encerrando com DtMF, do \u00e1lbum Deb\u00ed Tirar M\u00e1s Fotos.<\/li>\n<\/ul>\n","protected":false},"author":2,"featured_media":205193,"comment_status":"closed","ping_status":"closed","sticky":false,"template":"","format":"standard","meta":{"footnotes":""},"categories":[12,1],"tags":[145,2116,1600,122,5062],"class_list":["post-205187","post","type-post","status-publish","format-standard","has-post-thumbnail","hentry","category-entretenimento","category-noticias","tag-cultura","tag-espetaculos","tag-estados-unidos","tag-musica","tag-musica-urbana"],"yoast_head":"<!-- This site is optimized with the Yoast SEO plugin v27.2 - https:\/\/yoast.com\/product\/yoast-seo-wordpress\/ -->\n<title>Bad Bunny brilha no Super Bowl com homenagem a Porto Rico - Portal Tela Portugal<\/title>\n<meta name=\"robots\" content=\"index, follow, max-snippet:-1, max-image-preview:large, max-video-preview:-1\" \/>\n<meta property=\"og:locale\" content=\"pt_PT\" \/>\n<meta property=\"og:type\" content=\"article\" \/>\n<meta property=\"og:title\" content=\"Bad Bunny brilha no Super Bowl com homenagem a Porto Rico - Portal Tela Portugal\" \/>\n<meta property=\"og:description\" content=\"Bad Bunny atuou no intervalo do Super Bowl 60, no Levi Stadium, na Calif\u00f3rnia, numa homenagem \u00e0 heran\u00e7a porto-riquenha e \u00e0 cultura latina. A atua\u00e7\u00e3o incluiu apari\u00e7\u00f5es surpresa de Lady Gaga, tributo a Daddy Yankee e passagem por temas como Yo Perreo Sola, Safaera e Party, com cen\u00e1rio de \u201cLa Casita\u201d. O espet\u00e1culo celebrou as ra\u00edzes porto-riquenhas e contou com a participa\u00e7\u00e3o de celebridades no p\u00fablico, incluindo Pedro Pascal, Karol G, Cardi B e Jessica Alba. Houve controv\u00e9rsia pol\u00edtica, com cr\u00edticas do presidente Donald Trump ao uso do palco por Bad Bunny, que j\u00e1 se posicionou criticamente sobre a imigra\u00e7\u00e3o. Durante o show, Bad Bunny recebeu o Grammy de \u00c1lbum do Ano (em Espanhol) e exibiu a bandeira de Porto Rico, encerrando com DtMF, do \u00e1lbum Deb\u00ed Tirar M\u00e1s Fotos.\" \/>\n<meta property=\"og:url\" content=\"https:\/\/portaltela.pt\/noticias\/2026\/02\/09\/bad-bunny-brilha-no-super-bowl-com-homenagem-a-porto-rico\/\" \/>\n<meta property=\"og:site_name\" content=\"Portal Tela Portugal\" \/>\n<meta property=\"article:published_time\" content=\"2026-02-09T11:21:00+00:00\" \/>\n<meta name=\"author\" content=\"Telinha\" \/>\n<meta name=\"twitter:card\" content=\"summary_large_image\" \/>\n<meta name=\"twitter:label1\" content=\"Escrito por\" \/>\n\t<meta name=\"twitter:data1\" content=\"Telinha\" \/>\n\t<meta name=\"twitter:label2\" content=\"Tempo estimado de leitura\" \/>\n\t<meta name=\"twitter:data2\" content=\"2 minutos\" \/>\n<script type=\"application\/ld+json\" class=\"yoast-schema-graph\">{\"@context\":\"https:\/\/schema.org\",\"@graph\":[{\"@type\":\"Article\",\"@id\":\"https:\/\/portaltela.pt\/noticias\/2026\/02\/09\/bad-bunny-brilha-no-super-bowl-com-homenagem-a-porto-rico\/#article\",\"isPartOf\":{\"@id\":\"https:\/\/portaltela.pt\/noticias\/2026\/02\/09\/bad-bunny-brilha-no-super-bowl-com-homenagem-a-porto-rico\/\"},\"author\":{\"name\":\"Telinha\",\"@id\":\"https:\/\/portaltela.pt\/#\/schema\/person\/c4278d4a6028830caff9ee44b42d32ed\"},\"headline\":\"Bad Bunny brilha no Super Bowl com homenagem a Porto Rico\",\"datePublished\":\"2026-02-09T11:21:00+00:00\",\"mainEntityOfPage\":{\"@id\":\"https:\/\/portaltela.pt\/noticias\/2026\/02\/09\/bad-bunny-brilha-no-super-bowl-com-homenagem-a-porto-rico\/\"},\"wordCount\":360,\"image\":{\"@id\":\"https:\/\/portaltela.pt\/noticias\/2026\/02\/09\/bad-bunny-brilha-no-super-bowl-com-homenagem-a-porto-rico\/#primaryimage\"},\"thumbnailUrl\":\"https:\/\/portaltela.pt\/s.01k8rhncp4jt1\/2026\/02\/2065737.jpg\",\"keywords\":[\"cultura\",\"espet\u00e1culos\",\"Estados Unidos\",\"m\u00fasica\",\"m\u00fasica urbana\"],\"articleSection\":[\"Entretenimento\",\"Not\u00edcias\"],\"inLanguage\":\"pt-PT\"},{\"@type\":\"WebPage\",\"@id\":\"https:\/\/portaltela.pt\/noticias\/2026\/02\/09\/bad-bunny-brilha-no-super-bowl-com-homenagem-a-porto-rico\/\",\"url\":\"https:\/\/portaltela.pt\/noticias\/2026\/02\/09\/bad-bunny-brilha-no-super-bowl-com-homenagem-a-porto-rico\/\",\"name\":\"Bad Bunny brilha no Super Bowl com homenagem a Porto Rico - Portal Tela Portugal\",\"isPartOf\":{\"@id\":\"https:\/\/portaltela.pt\/#website\"},\"primaryImageOfPage\":{\"@id\":\"https:\/\/portaltela.pt\/noticias\/2026\/02\/09\/bad-bunny-brilha-no-super-bowl-com-homenagem-a-porto-rico\/#primaryimage\"},\"image\":{\"@id\":\"https:\/\/portaltela.pt\/noticias\/2026\/02\/09\/bad-bunny-brilha-no-super-bowl-com-homenagem-a-porto-rico\/#primaryimage\"},\"thumbnailUrl\":\"https:\/\/portaltela.pt\/s.01k8rhncp4jt1\/2026\/02\/2065737.jpg\",\"datePublished\":\"2026-02-09T11:21:00+00:00\",\"author\":{\"@id\":\"https:\/\/portaltela.pt\/#\/schema\/person\/c4278d4a6028830caff9ee44b42d32ed\"},\"breadcrumb\":{\"@id\":\"https:\/\/portaltela.pt\/noticias\/2026\/02\/09\/bad-bunny-brilha-no-super-bowl-com-homenagem-a-porto-rico\/#breadcrumb\"},\"inLanguage\":\"pt-PT\",\"potentialAction\":[{\"@type\":\"ReadAction\",\"target\":[\"https:\/\/portaltela.pt\/noticias\/2026\/02\/09\/bad-bunny-brilha-no-super-bowl-com-homenagem-a-porto-rico\/\"]}]},{\"@type\":\"ImageObject\",\"inLanguage\":\"pt-PT\",\"@id\":\"https:\/\/portaltela.pt\/noticias\/2026\/02\/09\/bad-bunny-brilha-no-super-bowl-com-homenagem-a-porto-rico\/#primaryimage\",\"url\":\"https:\/\/portaltela.pt\/s.01k8rhncp4jt1\/2026\/02\/2065737.jpg\",\"contentUrl\":\"https:\/\/portaltela.pt\/s.01k8rhncp4jt1\/2026\/02\/2065737.jpg\",\"width\":796,\"height\":448,\"caption\":\"Celebridades participaram na actua\u00e7\u00e3o de Bad Bunny\"},{\"@type\":\"BreadcrumbList\",\"@id\":\"https:\/\/portaltela.pt\/noticias\/2026\/02\/09\/bad-bunny-brilha-no-super-bowl-com-homenagem-a-porto-rico\/#breadcrumb\",\"itemListElement\":[{\"@type\":\"ListItem\",\"position\":1,\"name\":\"In\u00edcio\",\"item\":\"https:\/\/portaltela.pt\/\"},{\"@type\":\"ListItem\",\"position\":2,\"name\":\"Bad Bunny brilha no Super Bowl com homenagem a Porto Rico\"}]},{\"@type\":\"WebSite\",\"@id\":\"https:\/\/portaltela.pt\/#website\",\"url\":\"https:\/\/portaltela.pt\/\",\"name\":\"Portal Tela Portugal\",\"description\":\"\",\"potentialAction\":[{\"@type\":\"SearchAction\",\"target\":{\"@type\":\"EntryPoint\",\"urlTemplate\":\"https:\/\/portaltela.pt\/?s={search_term_string}\"},\"query-input\":{\"@type\":\"PropertyValueSpecification\",\"valueRequired\":true,\"valueName\":\"search_term_string\"}}],\"inLanguage\":\"pt-PT\"},{\"@type\":\"Person\",\"@id\":\"https:\/\/portaltela.pt\/#\/schema\/person\/c4278d4a6028830caff9ee44b42d32ed\",\"name\":\"Telinha\",\"image\":{\"@type\":\"ImageObject\",\"inLanguage\":\"pt-PT\",\"@id\":\"https:\/\/portaltela.pt\/s.01k8rhncp4jt1\/2025\/11\/talking-bot-125x125.png\",\"url\":\"https:\/\/portaltela.pt\/s.01k8rhncp4jt1\/2025\/11\/talking-bot-125x125.png\",\"contentUrl\":\"https:\/\/portaltela.pt\/s.01k8rhncp4jt1\/2025\/11\/talking-bot-125x125.png\",\"caption\":\"Telinha\"},\"sameAs\":[\"https:\/\/portaltela.pt\/\"],\"url\":\"https:\/\/portaltela.pt\/por\/367410592786\/\"}]}<\/script>\n<!-- \/ Yoast SEO plugin. -->","yoast_head_json":{"title":"Bad Bunny brilha no Super Bowl com homenagem a Porto Rico - Portal Tela Portugal","robots":{"index":"index","follow":"follow","max-snippet":"max-snippet:-1","max-image-preview":"max-image-preview:large","max-video-preview":"max-video-preview:-1"},"og_locale":"pt_PT","og_type":"article","og_title":"Bad Bunny brilha no Super Bowl com homenagem a Porto Rico - Portal Tela Portugal","og_description":"Bad Bunny atuou no intervalo do Super Bowl 60, no Levi Stadium, na Calif\u00f3rnia, numa homenagem \u00e0 heran\u00e7a porto-riquenha e \u00e0 cultura latina. A atua\u00e7\u00e3o incluiu apari\u00e7\u00f5es surpresa de Lady Gaga, tributo a Daddy Yankee e passagem por temas como Yo Perreo Sola, Safaera e Party, com cen\u00e1rio de \u201cLa Casita\u201d. O espet\u00e1culo celebrou as ra\u00edzes porto-riquenhas e contou com a participa\u00e7\u00e3o de celebridades no p\u00fablico, incluindo Pedro Pascal, Karol G, Cardi B e Jessica Alba. Houve controv\u00e9rsia pol\u00edtica, com cr\u00edticas do presidente Donald Trump ao uso do palco por Bad Bunny, que j\u00e1 se posicionou criticamente sobre a imigra\u00e7\u00e3o. Durante o show, Bad Bunny recebeu o Grammy de \u00c1lbum do Ano (em Espanhol) e exibiu a bandeira de Porto Rico, encerrando com DtMF, do \u00e1lbum Deb\u00ed Tirar M\u00e1s Fotos.","og_url":"https:\/\/portaltela.pt\/noticias\/2026\/02\/09\/bad-bunny-brilha-no-super-bowl-com-homenagem-a-porto-rico\/","og_site_name":"Portal Tela Portugal","article_published_time":"2026-02-09T11:21:00+00:00","author":"Telinha","twitter_card":"summary_large_image","twitter_misc":{"Escrito por":"Telinha","Tempo estimado de leitura":"2 minutos"},"schema":{"@context":"https:\/\/schema.org","@graph":[{"@type":"Article","@id":"https:\/\/portaltela.pt\/noticias\/2026\/02\/09\/bad-bunny-brilha-no-super-bowl-com-homenagem-a-porto-rico\/#article","isPartOf":{"@id":"https:\/\/portaltela.pt\/noticias\/2026\/02\/09\/bad-bunny-brilha-no-super-bowl-com-homenagem-a-porto-rico\/"},"author":{"name":"Telinha","@id":"https:\/\/portaltela.pt\/#\/schema\/person\/c4278d4a6028830caff9ee44b42d32ed"},"headline":"Bad Bunny brilha no Super Bowl com homenagem a Porto Rico","datePublished":"2026-02-09T11:21:00+00:00","mainEntityOfPage":{"@id":"https:\/\/portaltela.pt\/noticias\/2026\/02\/09\/bad-bunny-brilha-no-super-bowl-com-homenagem-a-porto-rico\/"},"wordCount":360,"image":{"@id":"https:\/\/portaltela.pt\/noticias\/2026\/02\/09\/bad-bunny-brilha-no-super-bowl-com-homenagem-a-porto-rico\/#primaryimage"},"thumbnailUrl":"https:\/\/portaltela.pt\/s.01k8rhncp4jt1\/2026\/02\/2065737.jpg","keywords":["cultura","espet\u00e1culos","Estados Unidos","m\u00fasica","m\u00fasica urbana"],"articleSection":["Entretenimento","Not\u00edcias"],"inLanguage":"pt-PT"},{"@type":"WebPage","@id":"https:\/\/portaltela.pt\/noticias\/2026\/02\/09\/bad-bunny-brilha-no-super-bowl-com-homenagem-a-porto-rico\/","url":"https:\/\/portaltela.pt\/noticias\/2026\/02\/09\/bad-bunny-brilha-no-super-bowl-com-homenagem-a-porto-rico\/","name":"Bad Bunny brilha no Super Bowl com homenagem a Porto Rico - Portal Tela Portugal","isPartOf":{"@id":"https:\/\/portaltela.pt\/#website"},"primaryImageOfPage":{"@id":"https:\/\/portaltela.pt\/noticias\/2026\/02\/09\/bad-bunny-brilha-no-super-bowl-com-homenagem-a-porto-rico\/#primaryimage"},"image":{"@id":"https:\/\/portaltela.pt\/noticias\/2026\/02\/09\/bad-bunny-brilha-no-super-bowl-com-homenagem-a-porto-rico\/#primaryimage"},"thumbnailUrl":"https:\/\/portaltela.pt\/s.01k8rhncp4jt1\/2026\/02\/2065737.jpg","datePublished":"2026-02-09T11:21:00+00:00","author":{"@id":"https:\/\/portaltela.pt\/#\/schema\/person\/c4278d4a6028830caff9ee44b42d32ed"},"breadcrumb":{"@id":"https:\/\/portaltela.pt\/noticias\/2026\/02\/09\/bad-bunny-brilha-no-super-bowl-com-homenagem-a-porto-rico\/#breadcrumb"},"inLanguage":"pt-PT","potentialAction":[{"@type":"ReadAction","target":["https:\/\/portaltela.pt\/noticias\/2026\/02\/09\/bad-bunny-brilha-no-super-bowl-com-homenagem-a-porto-rico\/"]}]},{"@type":"ImageObject","inLanguage":"pt-PT","@id":"https:\/\/portaltela.pt\/noticias\/2026\/02\/09\/bad-bunny-brilha-no-super-bowl-com-homenagem-a-porto-rico\/#primaryimage","url":"https:\/\/portaltela.pt\/s.01k8rhncp4jt1\/2026\/02\/2065737.jpg","contentUrl":"https:\/\/portaltela.pt\/s.01k8rhncp4jt1\/2026\/02\/2065737.jpg","width":796,"height":448,"caption":"Celebridades participaram na actua\u00e7\u00e3o de Bad Bunny"},{"@type":"BreadcrumbList","@id":"https:\/\/portaltela.pt\/noticias\/2026\/02\/09\/bad-bunny-brilha-no-super-bowl-com-homenagem-a-porto-rico\/#breadcrumb","itemListElement":[{"@type":"ListItem","position":1,"name":"In\u00edcio","item":"https:\/\/portaltela.pt\/"},{"@type":"ListItem","position":2,"name":"Bad Bunny brilha no Super Bowl com homenagem a Porto Rico"}]},{"@type":"WebSite","@id":"https:\/\/portaltela.pt\/#website","url":"https:\/\/portaltela.pt\/","name":"Portal Tela Portugal","description":"","potentialAction":[{"@type":"SearchAction","target":{"@type":"EntryPoint","urlTemplate":"https:\/\/portaltela.pt\/?s={search_term_string}"},"query-input":{"@type":"PropertyValueSpecification","valueRequired":true,"valueName":"search_term_string"}}],"inLanguage":"pt-PT"},{"@type":"Person","@id":"https:\/\/portaltela.pt\/#\/schema\/person\/c4278d4a6028830caff9ee44b42d32ed","name":"Telinha","image":{"@type":"ImageObject","inLanguage":"pt-PT","@id":"https:\/\/portaltela.pt\/s.01k8rhncp4jt1\/2025\/11\/talking-bot-125x125.png","url":"https:\/\/portaltela.pt\/s.01k8rhncp4jt1\/2025\/11\/talking-bot-125x125.png","contentUrl":"https:\/\/portaltela.pt\/s.01k8rhncp4jt1\/2025\/11\/talking-bot-125x125.png","caption":"Telinha"},"sameAs":["https:\/\/portaltela.pt\/"],"url":"https:\/\/portaltela.pt\/por\/367410592786\/"}]}},"_links":{"self":[{"href":"https:\/\/portaltela.pt\/api\/wp\/v2\/posts\/205187","targetHints":{"allow":["GET"]}}],"collection":[{"href":"https:\/\/portaltela.pt\/api\/wp\/v2\/posts"}],"about":[{"href":"https:\/\/portaltela.pt\/api\/wp\/v2\/types\/post"}],"author":[{"embeddable":true,"href":"https:\/\/portaltela.pt\/api\/wp\/v2\/users\/2"}],"replies":[{"embeddable":true,"href":"https:\/\/portaltela.pt\/api\/wp\/v2\/comments?post=205187"}],"version-history":[{"count":0,"href":"https:\/\/portaltela.pt\/api\/wp\/v2\/posts\/205187\/revisions"}],"wp:featuredmedia":[{"embeddable":true,"href":"https:\/\/portaltela.pt\/api\/wp\/v2\/media\/205193"}],"wp:attachment":[{"href":"https:\/\/portaltela.pt\/api\/wp\/v2\/media?parent=205187"}],"wp:term":[{"taxonomy":"category","embeddable":true,"href":"https:\/\/portaltela.pt\/api\/wp\/v2\/categories?post=205187"},{"taxonomy":"post_tag","embeddable":true,"href":"https:\/\/portaltela.pt\/api\/wp\/v2\/tags?post=205187"}],"curies":[{"name":"wp","href":"https:\/\/api.w.org\/{rel}","templated":true}]}}