{"id":205157,"date":"2026-02-09T08:02:29","date_gmt":"2026-02-09T11:02:29","guid":{"rendered":"https:\/\/portaltela.pt\/noticias\/2026\/02\/09\/eleicoes-resultados-oficiais-ainda-nao-confirmados\/"},"modified":"2026-02-09T08:02:29","modified_gmt":"2026-02-09T11:02:29","slug":"eleicoes-resultados-oficiais-ainda-nao-confirmados","status":"publish","type":"post","link":"https:\/\/portaltela.pt\/noticias\/internacional\/2026\/02\/09\/eleicoes-resultados-oficiais-ainda-nao-confirmados\/","title":{"rendered":"Elei\u00e7\u00f5es: resultados oficiais ainda n\u00e3o confirmados"},"content":{"rendered":"<p>Na regi\u00e3o, m\u00faltiplas elei\u00e7\u00f5es e contesta\u00e7\u00f5es marcaram o panorama pol\u00edtico durante o \u00faltimo per\u00edodo. Em v\u00e1rias na\u00e7\u00f5es, os resultados foram recebidos com firmeza por parte dos vencedores, enquanto protestos e disputas eleitorais surgiram em outros territ\u00f3rios. A cobertura volta a enfatizar a precis\u00e3o e a neutralidade dos factos.<\/p>\n<p>Na Tail\u00e2ndia, o conservador Anutin Charnvirakul foi eleito primeiro-ministro, consolidando uma vit\u00f3ria nas elei\u00e7\u00f5es. O resultado quebra din\u00e2micas anteriores e abre caminho a pol\u00edticas associadas ao movimento conservador no pa\u00eds. Os m\u00e9todos de apuramento e a participa\u00e7\u00e3o popular foram destacados como pontos centrais.<\/p>\n<p>Em Sofia, capital da Bulg\u00e1ria, milhares sa\u00edram \u00e0s ruas exigindo elei\u00e7\u00f5es justas e a demiss\u00e3o do governo, em protestos que procuraram manter a press\u00e3o sobre as autoridades. Os organizadores pedem maior transpar\u00eancia e democracia no processo eleitoral.<\/p>\n<p>Jorge Pinto, candidato \u00e0s presidenciais de 2026, afirmou n\u00e3o ter favoritos entre os principais candidatos, sinalizando uma posi\u00e7\u00e3o de neutralidade nas suas declara\u00e7\u00f5es p\u00fablicas. O coment\u00e1rio foi feito num contexto de prepara\u00e7\u00e3o para os pr\u00f3ximos pleitos.<\/p>\n<p>A \u00e1rea europeia continua a testemunhar movimentos relevantes, com elei\u00e7\u00f5es que moldam cen\u00e1rios pol\u00edticos de futuro. Em Espanha, o PP procura retomar a maioria absoluta em votos antecipados na regi\u00e3o da Extremadura, num marco emblem\u00e1tico para o partido.<\/p>\n<p>No Iraque, a vota\u00e7\u00e3o antecipada para as elei\u00e7\u00f5es parlamentares come\u00e7ou a ser preparada para 11 de novembro, com foco em ampliar a participa\u00e7\u00e3o, inclusive junto de deslocados. Os centros de vota\u00e7\u00e3o situam-se em diversas \u00e1reas do pa\u00eds.<\/p>\n<p>Na regi\u00e3o s\u00e9rvia da B\u00f3snia, um candidato separatista venceu as presidenciais extraordin\u00e1rias, apresentando-se como aliado de figuras pol\u00edticas anteriores. O resultado imprime continuidade nos equil\u00edbrios regionais.<\/p>\n<p>Honduras teve elei\u00e7\u00f5es com relatos de contagem de votos ca\u00f3tica e acusa\u00e7\u00f5es de fraude, segundo fontes locais. O Conselho Nacional Eleitoral segue monitorizando o processo para assegurar a integridade dos resultados.<\/p>\n<p>Em outras pe\u00e7as, a comunidade internacional acompanha situa\u00e7\u00f5es como a suspens\u00e3o da Guin\u00e9-Bissau pela Uni\u00e3o Africana ap\u00f3s um golpe, com Embal\u00f3 refugiando-se no Congo. A situa\u00e7\u00e3o mant\u00e9m o pa\u00eds sob escrut\u00ednio internacional.<\/p>\n<p>Na \u00c1frica Austral, o munic\u00edpio da Nam\u00edbia reportou um resultado onde o hom\u00f3nimo de Adolf Hitler venceu pela quinta vez consecutiva, gerando controv\u00e9rsia regional. O processo eleitoral segue em an\u00e1lise por observadores independentes.<\/p>\n<p>Em Hong Kong, as elei\u00e7\u00f5es decorreram num contexto de tens\u00f5es pol\u00edticas prolongadas, com a agenda eleitoral a ser acompanhada de perto por observadores locais e internacionais.<\/p>\n<p>Em resumo, o ciclo eleitoral atual apresenta uma diversidade de cen\u00e1rios: vit\u00f3rias, protestos, suspeitas de irregularidades e medidas disciplinares em diferentes jurisdi\u00e7\u00f5es, com impactos diretos nos equil\u00edbrios pol\u00edticos regionais e globais.<\/p>\n","protected":false},"excerpt":{"rendered":"<ul>\n<li>Conservador Anutin Charnvirakul vence as elei\u00e7\u00f5es na Tail\u00e2ndia, conforme relata a not\u00edcia.<\/li>\n<li>Em Sofia, milhares manifestam-se por elei\u00e7\u00f5es justas e demiss\u00e3o do governo.<\/li>\n<li>Partido no poder de Albin Kurti vence as elei\u00e7\u00f5es no Kosovo.<\/li>\n<li>Nasry Asfura, apoiado por Donald Trump, vence as elei\u00e7\u00f5es presidenciais nas Honduras.<\/li>\n<li>Hong Kong realiza elei\u00e7\u00f5es depois de eventos tr\u00e1gicos recentes.<\/li>\n<\/ul>\n","protected":false},"author":2,"featured_media":205158,"comment_status":"closed","ping_status":"closed","sticky":false,"template":"","format":"standard","meta":{"footnotes":""},"categories":[4,1],"tags":[5342,2795,68,2631,5259,2832],"class_list":["post-205157","post","type-post","status-publish","format-standard","has-post-thumbnail","hentry","category-internacional","category-noticias","tag-asia","tag-democracia","tag-eleicoes","tag-namibia","tag-observadores-internacionais","tag-politica"],"yoast_head":"<!-- This site is optimized with the Yoast SEO plugin v27.2 - https:\/\/yoast.com\/product\/yoast-seo-wordpress\/ -->\n<title>Elei\u00e7\u00f5es: resultados oficiais ainda n\u00e3o confirmados - Portal Tela Portugal<\/title>\n<meta name=\"robots\" content=\"index, follow, max-snippet:-1, max-image-preview:large, max-video-preview:-1\" \/>\n<meta property=\"og:locale\" content=\"pt_PT\" \/>\n<meta property=\"og:type\" content=\"article\" \/>\n<meta property=\"og:title\" content=\"Elei\u00e7\u00f5es: resultados oficiais ainda n\u00e3o confirmados - Portal Tela Portugal\" \/>\n<meta property=\"og:description\" content=\"Conservador Anutin Charnvirakul vence as elei\u00e7\u00f5es na Tail\u00e2ndia, conforme relata a not\u00edcia. Em Sofia, milhares manifestam-se por elei\u00e7\u00f5es justas e demiss\u00e3o do governo. Partido no poder de Albin Kurti vence as elei\u00e7\u00f5es no Kosovo. Nasry Asfura, apoiado por Donald Trump, vence as elei\u00e7\u00f5es presidenciais nas Honduras. Hong Kong realiza elei\u00e7\u00f5es depois de eventos tr\u00e1gicos recentes.\" \/>\n<meta property=\"og:url\" content=\"https:\/\/portaltela.pt\/noticias\/2026\/02\/09\/eleicoes-resultados-oficiais-ainda-nao-confirmados\/\" \/>\n<meta property=\"og:site_name\" content=\"Portal Tela Portugal\" \/>\n<meta property=\"article:published_time\" content=\"2026-02-09T11:02:29+00:00\" \/>\n<meta name=\"author\" content=\"Telinha\" \/>\n<meta name=\"twitter:card\" content=\"summary_large_image\" \/>\n<meta name=\"twitter:label1\" content=\"Escrito por\" \/>\n\t<meta name=\"twitter:data1\" content=\"Telinha\" \/>\n\t<meta name=\"twitter:label2\" content=\"Tempo estimado de leitura\" \/>\n\t<meta name=\"twitter:data2\" content=\"2 minutos\" \/>\n<script type=\"application\/ld+json\" class=\"yoast-schema-graph\">{\"@context\":\"https:\/\/schema.org\",\"@graph\":[{\"@type\":\"Article\",\"@id\":\"https:\/\/portaltela.pt\/noticias\/2026\/02\/09\/eleicoes-resultados-oficiais-ainda-nao-confirmados\/#article\",\"isPartOf\":{\"@id\":\"https:\/\/portaltela.pt\/noticias\/2026\/02\/09\/eleicoes-resultados-oficiais-ainda-nao-confirmados\/\"},\"author\":{\"name\":\"Telinha\",\"@id\":\"https:\/\/portaltela.pt\/#\/schema\/person\/c4278d4a6028830caff9ee44b42d32ed\"},\"headline\":\"Elei\u00e7\u00f5es: resultados oficiais ainda n\u00e3o confirmados\",\"datePublished\":\"2026-02-09T11:02:29+00:00\",\"mainEntityOfPage\":{\"@id\":\"https:\/\/portaltela.pt\/noticias\/2026\/02\/09\/eleicoes-resultados-oficiais-ainda-nao-confirmados\/\"},\"wordCount\":498,\"image\":{\"@id\":\"https:\/\/portaltela.pt\/noticias\/2026\/02\/09\/eleicoes-resultados-oficiais-ainda-nao-confirmados\/#primaryimage\"},\"thumbnailUrl\":\"https:\/\/portaltela.pt\/s.01k8rhncp4jt1\/2026\/02\/euronews-og-image-1200x675-2.jpg\",\"keywords\":[\"\u00c1sia\",\"democracia\",\"elei\u00e7\u00f5es\",\"Nam\u00edbia\",\"observadores internacionais\",\"pol\u00edtica\"],\"articleSection\":[\"Internacional\",\"Not\u00edcias\"],\"inLanguage\":\"pt-PT\"},{\"@type\":\"WebPage\",\"@id\":\"https:\/\/portaltela.pt\/noticias\/2026\/02\/09\/eleicoes-resultados-oficiais-ainda-nao-confirmados\/\",\"url\":\"https:\/\/portaltela.pt\/noticias\/2026\/02\/09\/eleicoes-resultados-oficiais-ainda-nao-confirmados\/\",\"name\":\"Elei\u00e7\u00f5es: resultados oficiais ainda n\u00e3o confirmados - Portal Tela Portugal\",\"isPartOf\":{\"@id\":\"https:\/\/portaltela.pt\/#website\"},\"primaryImageOfPage\":{\"@id\":\"https:\/\/portaltela.pt\/noticias\/2026\/02\/09\/eleicoes-resultados-oficiais-ainda-nao-confirmados\/#primaryimage\"},\"image\":{\"@id\":\"https:\/\/portaltela.pt\/noticias\/2026\/02\/09\/eleicoes-resultados-oficiais-ainda-nao-confirmados\/#primaryimage\"},\"thumbnailUrl\":\"https:\/\/portaltela.pt\/s.01k8rhncp4jt1\/2026\/02\/euronews-og-image-1200x675-2.jpg\",\"datePublished\":\"2026-02-09T11:02:29+00:00\",\"author\":{\"@id\":\"https:\/\/portaltela.pt\/#\/schema\/person\/c4278d4a6028830caff9ee44b42d32ed\"},\"breadcrumb\":{\"@id\":\"https:\/\/portaltela.pt\/noticias\/2026\/02\/09\/eleicoes-resultados-oficiais-ainda-nao-confirmados\/#breadcrumb\"},\"inLanguage\":\"pt-PT\",\"potentialAction\":[{\"@type\":\"ReadAction\",\"target\":[\"https:\/\/portaltela.pt\/noticias\/2026\/02\/09\/eleicoes-resultados-oficiais-ainda-nao-confirmados\/\"]}]},{\"@type\":\"ImageObject\",\"inLanguage\":\"pt-PT\",\"@id\":\"https:\/\/portaltela.pt\/noticias\/2026\/02\/09\/eleicoes-resultados-oficiais-ainda-nao-confirmados\/#primaryimage\",\"url\":\"https:\/\/portaltela.pt\/s.01k8rhncp4jt1\/2026\/02\/euronews-og-image-1200x675-2.jpg\",\"contentUrl\":\"https:\/\/portaltela.pt\/s.01k8rhncp4jt1\/2026\/02\/euronews-og-image-1200x675-2.jpg\",\"width\":796,\"height\":448,\"caption\":\"Elei\u00e7\u00f5es | Euronews\"},{\"@type\":\"BreadcrumbList\",\"@id\":\"https:\/\/portaltela.pt\/noticias\/2026\/02\/09\/eleicoes-resultados-oficiais-ainda-nao-confirmados\/#breadcrumb\",\"itemListElement\":[{\"@type\":\"ListItem\",\"position\":1,\"name\":\"In\u00edcio\",\"item\":\"https:\/\/portaltela.pt\/\"},{\"@type\":\"ListItem\",\"position\":2,\"name\":\"Elei\u00e7\u00f5es: resultados oficiais ainda n\u00e3o confirmados\"}]},{\"@type\":\"WebSite\",\"@id\":\"https:\/\/portaltela.pt\/#website\",\"url\":\"https:\/\/portaltela.pt\/\",\"name\":\"Portal Tela Portugal\",\"description\":\"\",\"potentialAction\":[{\"@type\":\"SearchAction\",\"target\":{\"@type\":\"EntryPoint\",\"urlTemplate\":\"https:\/\/portaltela.pt\/?s={search_term_string}\"},\"query-input\":{\"@type\":\"PropertyValueSpecification\",\"valueRequired\":true,\"valueName\":\"search_term_string\"}}],\"inLanguage\":\"pt-PT\"},{\"@type\":\"Person\",\"@id\":\"https:\/\/portaltela.pt\/#\/schema\/person\/c4278d4a6028830caff9ee44b42d32ed\",\"name\":\"Telinha\",\"image\":{\"@type\":\"ImageObject\",\"inLanguage\":\"pt-PT\",\"@id\":\"https:\/\/portaltela.pt\/s.01k8rhncp4jt1\/2025\/11\/talking-bot-125x125.png\",\"url\":\"https:\/\/portaltela.pt\/s.01k8rhncp4jt1\/2025\/11\/talking-bot-125x125.png\",\"contentUrl\":\"https:\/\/portaltela.pt\/s.01k8rhncp4jt1\/2025\/11\/talking-bot-125x125.png\",\"caption\":\"Telinha\"},\"sameAs\":[\"https:\/\/portaltela.pt\/\"],\"url\":\"https:\/\/portaltela.pt\/por\/367410592786\/\"}]}<\/script>\n<!-- \/ Yoast SEO plugin. -->","yoast_head_json":{"title":"Elei\u00e7\u00f5es: resultados oficiais ainda n\u00e3o confirmados - Portal Tela Portugal","robots":{"index":"index","follow":"follow","max-snippet":"max-snippet:-1","max-image-preview":"max-image-preview:large","max-video-preview":"max-video-preview:-1"},"og_locale":"pt_PT","og_type":"article","og_title":"Elei\u00e7\u00f5es: resultados oficiais ainda n\u00e3o confirmados - Portal Tela Portugal","og_description":"Conservador Anutin Charnvirakul vence as elei\u00e7\u00f5es na Tail\u00e2ndia, conforme relata a not\u00edcia. Em Sofia, milhares manifestam-se por elei\u00e7\u00f5es justas e demiss\u00e3o do governo. Partido no poder de Albin Kurti vence as elei\u00e7\u00f5es no Kosovo. Nasry Asfura, apoiado por Donald Trump, vence as elei\u00e7\u00f5es presidenciais nas Honduras. Hong Kong realiza elei\u00e7\u00f5es depois de eventos tr\u00e1gicos recentes.","og_url":"https:\/\/portaltela.pt\/noticias\/2026\/02\/09\/eleicoes-resultados-oficiais-ainda-nao-confirmados\/","og_site_name":"Portal Tela Portugal","article_published_time":"2026-02-09T11:02:29+00:00","author":"Telinha","twitter_card":"summary_large_image","twitter_misc":{"Escrito por":"Telinha","Tempo estimado de leitura":"2 minutos"},"schema":{"@context":"https:\/\/schema.org","@graph":[{"@type":"Article","@id":"https:\/\/portaltela.pt\/noticias\/2026\/02\/09\/eleicoes-resultados-oficiais-ainda-nao-confirmados\/#article","isPartOf":{"@id":"https:\/\/portaltela.pt\/noticias\/2026\/02\/09\/eleicoes-resultados-oficiais-ainda-nao-confirmados\/"},"author":{"name":"Telinha","@id":"https:\/\/portaltela.pt\/#\/schema\/person\/c4278d4a6028830caff9ee44b42d32ed"},"headline":"Elei\u00e7\u00f5es: resultados oficiais ainda n\u00e3o confirmados","datePublished":"2026-02-09T11:02:29+00:00","mainEntityOfPage":{"@id":"https:\/\/portaltela.pt\/noticias\/2026\/02\/09\/eleicoes-resultados-oficiais-ainda-nao-confirmados\/"},"wordCount":498,"image":{"@id":"https:\/\/portaltela.pt\/noticias\/2026\/02\/09\/eleicoes-resultados-oficiais-ainda-nao-confirmados\/#primaryimage"},"thumbnailUrl":"https:\/\/portaltela.pt\/s.01k8rhncp4jt1\/2026\/02\/euronews-og-image-1200x675-2.jpg","keywords":["\u00c1sia","democracia","elei\u00e7\u00f5es","Nam\u00edbia","observadores internacionais","pol\u00edtica"],"articleSection":["Internacional","Not\u00edcias"],"inLanguage":"pt-PT"},{"@type":"WebPage","@id":"https:\/\/portaltela.pt\/noticias\/2026\/02\/09\/eleicoes-resultados-oficiais-ainda-nao-confirmados\/","url":"https:\/\/portaltela.pt\/noticias\/2026\/02\/09\/eleicoes-resultados-oficiais-ainda-nao-confirmados\/","name":"Elei\u00e7\u00f5es: resultados oficiais ainda n\u00e3o confirmados - Portal Tela Portugal","isPartOf":{"@id":"https:\/\/portaltela.pt\/#website"},"primaryImageOfPage":{"@id":"https:\/\/portaltela.pt\/noticias\/2026\/02\/09\/eleicoes-resultados-oficiais-ainda-nao-confirmados\/#primaryimage"},"image":{"@id":"https:\/\/portaltela.pt\/noticias\/2026\/02\/09\/eleicoes-resultados-oficiais-ainda-nao-confirmados\/#primaryimage"},"thumbnailUrl":"https:\/\/portaltela.pt\/s.01k8rhncp4jt1\/2026\/02\/euronews-og-image-1200x675-2.jpg","datePublished":"2026-02-09T11:02:29+00:00","author":{"@id":"https:\/\/portaltela.pt\/#\/schema\/person\/c4278d4a6028830caff9ee44b42d32ed"},"breadcrumb":{"@id":"https:\/\/portaltela.pt\/noticias\/2026\/02\/09\/eleicoes-resultados-oficiais-ainda-nao-confirmados\/#breadcrumb"},"inLanguage":"pt-PT","potentialAction":[{"@type":"ReadAction","target":["https:\/\/portaltela.pt\/noticias\/2026\/02\/09\/eleicoes-resultados-oficiais-ainda-nao-confirmados\/"]}]},{"@type":"ImageObject","inLanguage":"pt-PT","@id":"https:\/\/portaltela.pt\/noticias\/2026\/02\/09\/eleicoes-resultados-oficiais-ainda-nao-confirmados\/#primaryimage","url":"https:\/\/portaltela.pt\/s.01k8rhncp4jt1\/2026\/02\/euronews-og-image-1200x675-2.jpg","contentUrl":"https:\/\/portaltela.pt\/s.01k8rhncp4jt1\/2026\/02\/euronews-og-image-1200x675-2.jpg","width":796,"height":448,"caption":"Elei\u00e7\u00f5es | Euronews"},{"@type":"BreadcrumbList","@id":"https:\/\/portaltela.pt\/noticias\/2026\/02\/09\/eleicoes-resultados-oficiais-ainda-nao-confirmados\/#breadcrumb","itemListElement":[{"@type":"ListItem","position":1,"name":"In\u00edcio","item":"https:\/\/portaltela.pt\/"},{"@type":"ListItem","position":2,"name":"Elei\u00e7\u00f5es: resultados oficiais ainda n\u00e3o confirmados"}]},{"@type":"WebSite","@id":"https:\/\/portaltela.pt\/#website","url":"https:\/\/portaltela.pt\/","name":"Portal Tela Portugal","description":"","potentialAction":[{"@type":"SearchAction","target":{"@type":"EntryPoint","urlTemplate":"https:\/\/portaltela.pt\/?s={search_term_string}"},"query-input":{"@type":"PropertyValueSpecification","valueRequired":true,"valueName":"search_term_string"}}],"inLanguage":"pt-PT"},{"@type":"Person","@id":"https:\/\/portaltela.pt\/#\/schema\/person\/c4278d4a6028830caff9ee44b42d32ed","name":"Telinha","image":{"@type":"ImageObject","inLanguage":"pt-PT","@id":"https:\/\/portaltela.pt\/s.01k8rhncp4jt1\/2025\/11\/talking-bot-125x125.png","url":"https:\/\/portaltela.pt\/s.01k8rhncp4jt1\/2025\/11\/talking-bot-125x125.png","contentUrl":"https:\/\/portaltela.pt\/s.01k8rhncp4jt1\/2025\/11\/talking-bot-125x125.png","caption":"Telinha"},"sameAs":["https:\/\/portaltela.pt\/"],"url":"https:\/\/portaltela.pt\/por\/367410592786\/"}]}},"_links":{"self":[{"href":"https:\/\/portaltela.pt\/api\/wp\/v2\/posts\/205157","targetHints":{"allow":["GET"]}}],"collection":[{"href":"https:\/\/portaltela.pt\/api\/wp\/v2\/posts"}],"about":[{"href":"https:\/\/portaltela.pt\/api\/wp\/v2\/types\/post"}],"author":[{"embeddable":true,"href":"https:\/\/portaltela.pt\/api\/wp\/v2\/users\/2"}],"replies":[{"embeddable":true,"href":"https:\/\/portaltela.pt\/api\/wp\/v2\/comments?post=205157"}],"version-history":[{"count":0,"href":"https:\/\/portaltela.pt\/api\/wp\/v2\/posts\/205157\/revisions"}],"wp:featuredmedia":[{"embeddable":true,"href":"https:\/\/portaltela.pt\/api\/wp\/v2\/media\/205158"}],"wp:attachment":[{"href":"https:\/\/portaltela.pt\/api\/wp\/v2\/media?parent=205157"}],"wp:term":[{"taxonomy":"category","embeddable":true,"href":"https:\/\/portaltela.pt\/api\/wp\/v2\/categories?post=205157"},{"taxonomy":"post_tag","embeddable":true,"href":"https:\/\/portaltela.pt\/api\/wp\/v2\/tags?post=205157"}],"curies":[{"name":"wp","href":"https:\/\/api.w.org\/{rel}","templated":true}]}}