{"id":205118,"date":"2026-02-09T07:15:00","date_gmt":"2026-02-09T10:15:00","guid":{"rendered":"https:\/\/portaltela.pt\/noticias\/2026\/02\/09\/magnata-dos-media-pro-democracia-de-hong-kong-condenado-a-20-anos-de-prisao\/"},"modified":"2026-02-09T07:15:00","modified_gmt":"2026-02-09T10:15:00","slug":"magnata-dos-media-pro-democracia-de-hong-kong-condenado-a-20-anos-de-prisao","status":"publish","type":"post","link":"https:\/\/portaltela.pt\/noticias\/internacional\/2026\/02\/09\/magnata-dos-media-pro-democracia-de-hong-kong-condenado-a-20-anos-de-prisao\/","title":{"rendered":"Magnata dos media pr\u00f3-democracia de Hong Kong condenado a 20 anos de pris\u00e3o"},"content":{"rendered":"<p>O tribunal de West Kowloon, em Hong Kong, condenou Jimmy Lai, magnata de meios de comunica\u00e7\u00e3o e ativista pr\u00f3-democracia, a 20 anos de pris\u00e3o por conspira\u00e7\u00e3o com for\u00e7as estrangeiras e publica\u00e7\u00e3o de material sedicioso, sob a Lei de Seguran\u00e7a Nacional.<\/p>\n<p>A senten\u00e7a \u00e9 apresentada como a mais medi\u00e1tica desde a imposi\u00e7\u00e3o da Lei de Seguran\u00e7a Nacional por Pequim, em 2020, e resulta de acusa\u00e7\u00f5es de coopera\u00e7\u00e3o com pot\u00eancias estrangeiras e dissemina\u00e7\u00e3o de conte\u00fado considerado sedicioso.<\/p>\n<p>Lai \u00e9 fundador do Apple Daily e foi detido no \u00e2mbito do mesmo processo que envolve a repress\u00e3o a vozes pr\u00f3-democracia na regi\u00e3o administrativa especial.<\/p>\n<p>A decis\u00e3o foi anunciada esta segunda-feira em Hong Kong, numa altura em que as autoridades refor\u00e7am a aplica\u00e7\u00e3o da Lei de Seguran\u00e7a Nacional para crimes associados a atividades pol\u00edticas e \u00e0 rela\u00e7\u00e3o com atores estrangeiros.<\/p>\n","protected":false},"excerpt":{"rendered":"<ul>\n<li>O tribunal de West Kowloon, em Hong Kong, condenou Jimmy Lai a 20 anos de pris\u00e3o.<\/li>\n<li>Lai \u00e9 magnata dos media e ativista pr\u00f3-democracia do territ\u00f3rio.<\/li>\n<li>As acusa\u00e7\u00f5es s\u00e3o conspira\u00e7\u00e3o com for\u00e7as estrangeiras e publica\u00e7\u00e3o de \u201cmaterial sedicioso\u201d, ao abrigo da Lei de Seguran\u00e7a Nacional.<\/li>\n<li>A condena\u00e7\u00e3o \u00e9 marcada como o caso mais medi\u00e1tico desde a imposi\u00e7\u00e3o da Lei de Seguran\u00e7a Nacional, em 2020.<\/li>\n<li>Lai \u00e9 o fundador do Apple Daily, jornal ligado ao movimento pr\u00f3-democracia.<\/li>\n<\/ul>\n","protected":false},"author":2,"featured_media":205119,"comment_status":"closed","ping_status":"closed","sticky":false,"template":"","format":"standard","meta":{"footnotes":""},"categories":[4,1],"tags":[5655,2795,2633,3788,2920,3512],"class_list":["post-205118","post","type-post","status-publish","format-standard","has-post-thumbnail","hentry","category-internacional","category-noticias","tag-conspiracao","tag-democracia","tag-direitos-humanos","tag-lei-de-seguranca-nacional","tag-liberdade-de-expressao","tag-liberdade-de-imprensa"],"yoast_head":"<!-- This site is optimized with the Yoast SEO plugin v27.2 - https:\/\/yoast.com\/product\/yoast-seo-wordpress\/ -->\n<title>Magnata dos media pr\u00f3-democracia de Hong Kong condenado a 20 anos de pris\u00e3o - Portal Tela Portugal<\/title>\n<meta name=\"robots\" content=\"index, follow, max-snippet:-1, max-image-preview:large, max-video-preview:-1\" \/>\n<meta property=\"og:locale\" content=\"pt_PT\" \/>\n<meta property=\"og:type\" content=\"article\" \/>\n<meta property=\"og:title\" content=\"Magnata dos media pr\u00f3-democracia de Hong Kong condenado a 20 anos de pris\u00e3o - Portal Tela Portugal\" \/>\n<meta property=\"og:description\" content=\"O tribunal de West Kowloon, em Hong Kong, condenou Jimmy Lai a 20 anos de pris\u00e3o. Lai \u00e9 magnata dos media e ativista pr\u00f3-democracia do territ\u00f3rio. As acusa\u00e7\u00f5es s\u00e3o conspira\u00e7\u00e3o com for\u00e7as estrangeiras e publica\u00e7\u00e3o de \u201cmaterial sedicioso\u201d, ao abrigo da Lei de Seguran\u00e7a Nacional. A condena\u00e7\u00e3o \u00e9 marcada como o caso mais medi\u00e1tico desde a imposi\u00e7\u00e3o da Lei de Seguran\u00e7a Nacional, em 2020. Lai \u00e9 o fundador do Apple Daily, jornal ligado ao movimento pr\u00f3-democracia.\" \/>\n<meta property=\"og:url\" content=\"https:\/\/portaltela.pt\/noticias\/2026\/02\/09\/magnata-dos-media-pro-democracia-de-hong-kong-condenado-a-20-anos-de-prisao\/\" \/>\n<meta property=\"og:site_name\" content=\"Portal Tela Portugal\" \/>\n<meta property=\"article:published_time\" content=\"2026-02-09T10:15:00+00:00\" \/>\n<meta name=\"author\" content=\"Telinha\" \/>\n<meta name=\"twitter:card\" content=\"summary_large_image\" \/>\n<meta name=\"twitter:label1\" content=\"Escrito por\" \/>\n\t<meta name=\"twitter:data1\" content=\"Telinha\" \/>\n\t<meta name=\"twitter:label2\" content=\"Tempo estimado de leitura\" \/>\n\t<meta name=\"twitter:data2\" content=\"1 minuto\" \/>\n<script type=\"application\/ld+json\" class=\"yoast-schema-graph\">{\"@context\":\"https:\/\/schema.org\",\"@graph\":[{\"@type\":\"Article\",\"@id\":\"https:\/\/portaltela.pt\/noticias\/2026\/02\/09\/magnata-dos-media-pro-democracia-de-hong-kong-condenado-a-20-anos-de-prisao\/#article\",\"isPartOf\":{\"@id\":\"https:\/\/portaltela.pt\/noticias\/2026\/02\/09\/magnata-dos-media-pro-democracia-de-hong-kong-condenado-a-20-anos-de-prisao\/\"},\"author\":{\"name\":\"Telinha\",\"@id\":\"https:\/\/portaltela.pt\/#\/schema\/person\/c4278d4a6028830caff9ee44b42d32ed\"},\"headline\":\"Magnata dos media pr\u00f3-democracia de Hong Kong condenado a 20 anos de pris\u00e3o\",\"datePublished\":\"2026-02-09T10:15:00+00:00\",\"mainEntityOfPage\":{\"@id\":\"https:\/\/portaltela.pt\/noticias\/2026\/02\/09\/magnata-dos-media-pro-democracia-de-hong-kong-condenado-a-20-anos-de-prisao\/\"},\"wordCount\":169,\"image\":{\"@id\":\"https:\/\/portaltela.pt\/noticias\/2026\/02\/09\/magnata-dos-media-pro-democracia-de-hong-kong-condenado-a-20-anos-de-prisao\/#primaryimage\"},\"thumbnailUrl\":\"https:\/\/portaltela.pt\/s.01k8rhncp4jt1\/2026\/02\/2065734.jpg\",\"keywords\":[\"conspira\u00e7\u00e3o\",\"democracia\",\"direitos humanos\",\"Lei de Seguran\u00e7a Nacional\",\"liberdade de express\u00e3o\",\"liberdade de imprensa\"],\"articleSection\":[\"Internacional\",\"Not\u00edcias\"],\"inLanguage\":\"pt-PT\"},{\"@type\":\"WebPage\",\"@id\":\"https:\/\/portaltela.pt\/noticias\/2026\/02\/09\/magnata-dos-media-pro-democracia-de-hong-kong-condenado-a-20-anos-de-prisao\/\",\"url\":\"https:\/\/portaltela.pt\/noticias\/2026\/02\/09\/magnata-dos-media-pro-democracia-de-hong-kong-condenado-a-20-anos-de-prisao\/\",\"name\":\"Magnata dos media pr\u00f3-democracia de Hong Kong condenado a 20 anos de pris\u00e3o - Portal Tela Portugal\",\"isPartOf\":{\"@id\":\"https:\/\/portaltela.pt\/#website\"},\"primaryImageOfPage\":{\"@id\":\"https:\/\/portaltela.pt\/noticias\/2026\/02\/09\/magnata-dos-media-pro-democracia-de-hong-kong-condenado-a-20-anos-de-prisao\/#primaryimage\"},\"image\":{\"@id\":\"https:\/\/portaltela.pt\/noticias\/2026\/02\/09\/magnata-dos-media-pro-democracia-de-hong-kong-condenado-a-20-anos-de-prisao\/#primaryimage\"},\"thumbnailUrl\":\"https:\/\/portaltela.pt\/s.01k8rhncp4jt1\/2026\/02\/2065734.jpg\",\"datePublished\":\"2026-02-09T10:15:00+00:00\",\"author\":{\"@id\":\"https:\/\/portaltela.pt\/#\/schema\/person\/c4278d4a6028830caff9ee44b42d32ed\"},\"breadcrumb\":{\"@id\":\"https:\/\/portaltela.pt\/noticias\/2026\/02\/09\/magnata-dos-media-pro-democracia-de-hong-kong-condenado-a-20-anos-de-prisao\/#breadcrumb\"},\"inLanguage\":\"pt-PT\",\"potentialAction\":[{\"@type\":\"ReadAction\",\"target\":[\"https:\/\/portaltela.pt\/noticias\/2026\/02\/09\/magnata-dos-media-pro-democracia-de-hong-kong-condenado-a-20-anos-de-prisao\/\"]}]},{\"@type\":\"ImageObject\",\"inLanguage\":\"pt-PT\",\"@id\":\"https:\/\/portaltela.pt\/noticias\/2026\/02\/09\/magnata-dos-media-pro-democracia-de-hong-kong-condenado-a-20-anos-de-prisao\/#primaryimage\",\"url\":\"https:\/\/portaltela.pt\/s.01k8rhncp4jt1\/2026\/02\/2065734.jpg\",\"contentUrl\":\"https:\/\/portaltela.pt\/s.01k8rhncp4jt1\/2026\/02\/2065734.jpg\",\"width\":796,\"height\":448,\"caption\":\"Jimmy Lai, fundador do Apple Daily e activista pr\u00f3-democracia de Hong Kong\"},{\"@type\":\"BreadcrumbList\",\"@id\":\"https:\/\/portaltela.pt\/noticias\/2026\/02\/09\/magnata-dos-media-pro-democracia-de-hong-kong-condenado-a-20-anos-de-prisao\/#breadcrumb\",\"itemListElement\":[{\"@type\":\"ListItem\",\"position\":1,\"name\":\"In\u00edcio\",\"item\":\"https:\/\/portaltela.pt\/\"},{\"@type\":\"ListItem\",\"position\":2,\"name\":\"Magnata dos media pr\u00f3-democracia de Hong Kong condenado a 20 anos de pris\u00e3o\"}]},{\"@type\":\"WebSite\",\"@id\":\"https:\/\/portaltela.pt\/#website\",\"url\":\"https:\/\/portaltela.pt\/\",\"name\":\"Portal Tela Portugal\",\"description\":\"\",\"potentialAction\":[{\"@type\":\"SearchAction\",\"target\":{\"@type\":\"EntryPoint\",\"urlTemplate\":\"https:\/\/portaltela.pt\/?s={search_term_string}\"},\"query-input\":{\"@type\":\"PropertyValueSpecification\",\"valueRequired\":true,\"valueName\":\"search_term_string\"}}],\"inLanguage\":\"pt-PT\"},{\"@type\":\"Person\",\"@id\":\"https:\/\/portaltela.pt\/#\/schema\/person\/c4278d4a6028830caff9ee44b42d32ed\",\"name\":\"Telinha\",\"image\":{\"@type\":\"ImageObject\",\"inLanguage\":\"pt-PT\",\"@id\":\"https:\/\/portaltela.pt\/s.01k8rhncp4jt1\/2025\/11\/talking-bot-125x125.png\",\"url\":\"https:\/\/portaltela.pt\/s.01k8rhncp4jt1\/2025\/11\/talking-bot-125x125.png\",\"contentUrl\":\"https:\/\/portaltela.pt\/s.01k8rhncp4jt1\/2025\/11\/talking-bot-125x125.png\",\"caption\":\"Telinha\"},\"sameAs\":[\"https:\/\/portaltela.pt\/\"],\"url\":\"https:\/\/portaltela.pt\/por\/367410592786\/\"}]}<\/script>\n<!-- \/ Yoast SEO plugin. -->","yoast_head_json":{"title":"Magnata dos media pr\u00f3-democracia de Hong Kong condenado a 20 anos de pris\u00e3o - Portal Tela Portugal","robots":{"index":"index","follow":"follow","max-snippet":"max-snippet:-1","max-image-preview":"max-image-preview:large","max-video-preview":"max-video-preview:-1"},"og_locale":"pt_PT","og_type":"article","og_title":"Magnata dos media pr\u00f3-democracia de Hong Kong condenado a 20 anos de pris\u00e3o - Portal Tela Portugal","og_description":"O tribunal de West Kowloon, em Hong Kong, condenou Jimmy Lai a 20 anos de pris\u00e3o. Lai \u00e9 magnata dos media e ativista pr\u00f3-democracia do territ\u00f3rio. As acusa\u00e7\u00f5es s\u00e3o conspira\u00e7\u00e3o com for\u00e7as estrangeiras e publica\u00e7\u00e3o de \u201cmaterial sedicioso\u201d, ao abrigo da Lei de Seguran\u00e7a Nacional. A condena\u00e7\u00e3o \u00e9 marcada como o caso mais medi\u00e1tico desde a imposi\u00e7\u00e3o da Lei de Seguran\u00e7a Nacional, em 2020. Lai \u00e9 o fundador do Apple Daily, jornal ligado ao movimento pr\u00f3-democracia.","og_url":"https:\/\/portaltela.pt\/noticias\/2026\/02\/09\/magnata-dos-media-pro-democracia-de-hong-kong-condenado-a-20-anos-de-prisao\/","og_site_name":"Portal Tela Portugal","article_published_time":"2026-02-09T10:15:00+00:00","author":"Telinha","twitter_card":"summary_large_image","twitter_misc":{"Escrito por":"Telinha","Tempo estimado de leitura":"1 minuto"},"schema":{"@context":"https:\/\/schema.org","@graph":[{"@type":"Article","@id":"https:\/\/portaltela.pt\/noticias\/2026\/02\/09\/magnata-dos-media-pro-democracia-de-hong-kong-condenado-a-20-anos-de-prisao\/#article","isPartOf":{"@id":"https:\/\/portaltela.pt\/noticias\/2026\/02\/09\/magnata-dos-media-pro-democracia-de-hong-kong-condenado-a-20-anos-de-prisao\/"},"author":{"name":"Telinha","@id":"https:\/\/portaltela.pt\/#\/schema\/person\/c4278d4a6028830caff9ee44b42d32ed"},"headline":"Magnata dos media pr\u00f3-democracia de Hong Kong condenado a 20 anos de pris\u00e3o","datePublished":"2026-02-09T10:15:00+00:00","mainEntityOfPage":{"@id":"https:\/\/portaltela.pt\/noticias\/2026\/02\/09\/magnata-dos-media-pro-democracia-de-hong-kong-condenado-a-20-anos-de-prisao\/"},"wordCount":169,"image":{"@id":"https:\/\/portaltela.pt\/noticias\/2026\/02\/09\/magnata-dos-media-pro-democracia-de-hong-kong-condenado-a-20-anos-de-prisao\/#primaryimage"},"thumbnailUrl":"https:\/\/portaltela.pt\/s.01k8rhncp4jt1\/2026\/02\/2065734.jpg","keywords":["conspira\u00e7\u00e3o","democracia","direitos humanos","Lei de Seguran\u00e7a Nacional","liberdade de express\u00e3o","liberdade de imprensa"],"articleSection":["Internacional","Not\u00edcias"],"inLanguage":"pt-PT"},{"@type":"WebPage","@id":"https:\/\/portaltela.pt\/noticias\/2026\/02\/09\/magnata-dos-media-pro-democracia-de-hong-kong-condenado-a-20-anos-de-prisao\/","url":"https:\/\/portaltela.pt\/noticias\/2026\/02\/09\/magnata-dos-media-pro-democracia-de-hong-kong-condenado-a-20-anos-de-prisao\/","name":"Magnata dos media pr\u00f3-democracia de Hong Kong condenado a 20 anos de pris\u00e3o - Portal Tela Portugal","isPartOf":{"@id":"https:\/\/portaltela.pt\/#website"},"primaryImageOfPage":{"@id":"https:\/\/portaltela.pt\/noticias\/2026\/02\/09\/magnata-dos-media-pro-democracia-de-hong-kong-condenado-a-20-anos-de-prisao\/#primaryimage"},"image":{"@id":"https:\/\/portaltela.pt\/noticias\/2026\/02\/09\/magnata-dos-media-pro-democracia-de-hong-kong-condenado-a-20-anos-de-prisao\/#primaryimage"},"thumbnailUrl":"https:\/\/portaltela.pt\/s.01k8rhncp4jt1\/2026\/02\/2065734.jpg","datePublished":"2026-02-09T10:15:00+00:00","author":{"@id":"https:\/\/portaltela.pt\/#\/schema\/person\/c4278d4a6028830caff9ee44b42d32ed"},"breadcrumb":{"@id":"https:\/\/portaltela.pt\/noticias\/2026\/02\/09\/magnata-dos-media-pro-democracia-de-hong-kong-condenado-a-20-anos-de-prisao\/#breadcrumb"},"inLanguage":"pt-PT","potentialAction":[{"@type":"ReadAction","target":["https:\/\/portaltela.pt\/noticias\/2026\/02\/09\/magnata-dos-media-pro-democracia-de-hong-kong-condenado-a-20-anos-de-prisao\/"]}]},{"@type":"ImageObject","inLanguage":"pt-PT","@id":"https:\/\/portaltela.pt\/noticias\/2026\/02\/09\/magnata-dos-media-pro-democracia-de-hong-kong-condenado-a-20-anos-de-prisao\/#primaryimage","url":"https:\/\/portaltela.pt\/s.01k8rhncp4jt1\/2026\/02\/2065734.jpg","contentUrl":"https:\/\/portaltela.pt\/s.01k8rhncp4jt1\/2026\/02\/2065734.jpg","width":796,"height":448,"caption":"Jimmy Lai, fundador do Apple Daily e activista pr\u00f3-democracia de Hong Kong"},{"@type":"BreadcrumbList","@id":"https:\/\/portaltela.pt\/noticias\/2026\/02\/09\/magnata-dos-media-pro-democracia-de-hong-kong-condenado-a-20-anos-de-prisao\/#breadcrumb","itemListElement":[{"@type":"ListItem","position":1,"name":"In\u00edcio","item":"https:\/\/portaltela.pt\/"},{"@type":"ListItem","position":2,"name":"Magnata dos media pr\u00f3-democracia de Hong Kong condenado a 20 anos de pris\u00e3o"}]},{"@type":"WebSite","@id":"https:\/\/portaltela.pt\/#website","url":"https:\/\/portaltela.pt\/","name":"Portal Tela Portugal","description":"","potentialAction":[{"@type":"SearchAction","target":{"@type":"EntryPoint","urlTemplate":"https:\/\/portaltela.pt\/?s={search_term_string}"},"query-input":{"@type":"PropertyValueSpecification","valueRequired":true,"valueName":"search_term_string"}}],"inLanguage":"pt-PT"},{"@type":"Person","@id":"https:\/\/portaltela.pt\/#\/schema\/person\/c4278d4a6028830caff9ee44b42d32ed","name":"Telinha","image":{"@type":"ImageObject","inLanguage":"pt-PT","@id":"https:\/\/portaltela.pt\/s.01k8rhncp4jt1\/2025\/11\/talking-bot-125x125.png","url":"https:\/\/portaltela.pt\/s.01k8rhncp4jt1\/2025\/11\/talking-bot-125x125.png","contentUrl":"https:\/\/portaltela.pt\/s.01k8rhncp4jt1\/2025\/11\/talking-bot-125x125.png","caption":"Telinha"},"sameAs":["https:\/\/portaltela.pt\/"],"url":"https:\/\/portaltela.pt\/por\/367410592786\/"}]}},"_links":{"self":[{"href":"https:\/\/portaltela.pt\/api\/wp\/v2\/posts\/205118","targetHints":{"allow":["GET"]}}],"collection":[{"href":"https:\/\/portaltela.pt\/api\/wp\/v2\/posts"}],"about":[{"href":"https:\/\/portaltela.pt\/api\/wp\/v2\/types\/post"}],"author":[{"embeddable":true,"href":"https:\/\/portaltela.pt\/api\/wp\/v2\/users\/2"}],"replies":[{"embeddable":true,"href":"https:\/\/portaltela.pt\/api\/wp\/v2\/comments?post=205118"}],"version-history":[{"count":0,"href":"https:\/\/portaltela.pt\/api\/wp\/v2\/posts\/205118\/revisions"}],"wp:featuredmedia":[{"embeddable":true,"href":"https:\/\/portaltela.pt\/api\/wp\/v2\/media\/205119"}],"wp:attachment":[{"href":"https:\/\/portaltela.pt\/api\/wp\/v2\/media?parent=205118"}],"wp:term":[{"taxonomy":"category","embeddable":true,"href":"https:\/\/portaltela.pt\/api\/wp\/v2\/categories?post=205118"},{"taxonomy":"post_tag","embeddable":true,"href":"https:\/\/portaltela.pt\/api\/wp\/v2\/tags?post=205118"}],"curies":[{"name":"wp","href":"https:\/\/api.w.org\/{rel}","templated":true}]}}