{"id":205111,"date":"2026-02-09T07:13:00","date_gmt":"2026-02-09T10:13:00","guid":{"rendered":"https:\/\/portaltela.pt\/noticias\/2026\/02\/09\/sanchez-sauda-vitoria-de-seguro-e-da-social-democracia\/"},"modified":"2026-02-09T07:13:00","modified_gmt":"2026-02-09T10:13:00","slug":"sanchez-sauda-vitoria-de-seguro-e-da-social-democracia","status":"publish","type":"post","link":"https:\/\/portaltela.pt\/noticias\/internacional\/2026\/02\/09\/sanchez-sauda-vitoria-de-seguro-e-da-social-democracia\/","title":{"rendered":"S\u00e1nchez sa\u00fada vit\u00f3ria de Seguro e da social-democracia"},"content":{"rendered":"<p>O primeiro-ministro de Espanha, Pedro S\u00e1nchez, congratulou Ant\u00f3nio Jos\u00e9 Seguro pela vit\u00f3ria nas elei\u00e7\u00f5es presidenciais de Portugal, afirmando que a social-democracia avan\u00e7a com o resultado. A mensagem foi partilhada pelo l\u00edder do PSOE numa rede social.<\/p>\n<p>Seguro, antigo secret\u00e1rio-geral do Partido Socialista, venceu no domingo a segunda volta da elei\u00e7\u00e3o para a Presid\u00eancia da Rep\u00fablica de Portugal. O triunfo consolidou a lideran\u00e7a do socialista na vida pol\u00edtica do pa\u00eds vizinho.<\/p>\n<p>Segundo a contagem parcial divulgada, Seguro ficou com cerca de 3,48 milh\u00f5es de votos, cerca de 67% dos votos, num escrut\u00ednio ainda com 20 freguesias por apurar. N\u00e3o houve indica\u00e7\u00f5es de altera\u00e7\u00f5es substanciais no resultado final.<\/p>\n<p>A vit\u00f3ria de Seguro \u00e9 apresentada como um marco para a social-democracia, em linha com o refor\u00e7o de posi\u00e7\u00f5es do PS em Portugal. O resultado pode influenciar o panorama pol\u00edtico regional e as rela\u00e7\u00f5es entre Lisboa e Madrid.<\/p>\n","protected":false},"excerpt":{"rendered":"<ul>\n<li>Pedro S\u00e1nchez felicitou Ant\u00f3nio Jos\u00e9 Seguro pela vit\u00f3ria nas elei\u00e7\u00f5es presidenciais portuguesas, considerando-a um avan\u00e7o para a social-democracia.<\/li>\n<li>O primeiro-ministro espanhol escreveu na X que ir\u00e3o trabalhar juntos por um futuro melhor para os cidad\u00e3os de Portugal e Espanha.<\/li>\n<li>Ant\u00f3nio Jos\u00e9 Seguro, antigo secret\u00e1rio-geral do Partido Socialista, venceu a segunda volta das elei\u00e7\u00f5es para a Presid\u00eancia da Rep\u00fablica em Portugal.<\/li>\n<li>Seguro foi eleito com cerca de 3,48 milh\u00f5es de votos, cerca de sessenta e sete por cento, com vinte freguesias ainda por apurar.<\/li>\n<\/ul>\n","protected":false},"author":2,"featured_media":205115,"comment_status":"closed","ping_status":"closed","sticky":false,"template":"","format":"standard","meta":{"footnotes":""},"categories":[4,1],"tags":[3676,2832,1014,2144,27,3536],"class_list":["post-205111","post","type-post","status-publish","format-standard","has-post-thumbnail","hentry","category-internacional","category-noticias","tag-partido-socialista","tag-politica","tag-portugal","tag-ps","tag-relacoes-internacionais","tag-social-democracia"],"yoast_head":"<!-- This site is optimized with the Yoast SEO plugin v27.2 - https:\/\/yoast.com\/product\/yoast-seo-wordpress\/ -->\n<title>S\u00e1nchez sa\u00fada vit\u00f3ria de Seguro e da social-democracia - Portal Tela Portugal<\/title>\n<meta name=\"robots\" content=\"index, follow, max-snippet:-1, max-image-preview:large, max-video-preview:-1\" \/>\n<meta property=\"og:locale\" content=\"pt_PT\" \/>\n<meta property=\"og:type\" content=\"article\" \/>\n<meta property=\"og:title\" content=\"S\u00e1nchez sa\u00fada vit\u00f3ria de Seguro e da social-democracia - Portal Tela Portugal\" \/>\n<meta property=\"og:description\" content=\"Pedro S\u00e1nchez felicitou Ant\u00f3nio Jos\u00e9 Seguro pela vit\u00f3ria nas elei\u00e7\u00f5es presidenciais portuguesas, considerando-a um avan\u00e7o para a social-democracia. O primeiro-ministro espanhol escreveu na X que ir\u00e3o trabalhar juntos por um futuro melhor para os cidad\u00e3os de Portugal e Espanha. Ant\u00f3nio Jos\u00e9 Seguro, antigo secret\u00e1rio-geral do Partido Socialista, venceu a segunda volta das elei\u00e7\u00f5es para a Presid\u00eancia da Rep\u00fablica em Portugal. Seguro foi eleito com cerca de 3,48 milh\u00f5es de votos, cerca de sessenta e sete por cento, com vinte freguesias ainda por apurar.\" \/>\n<meta property=\"og:url\" content=\"https:\/\/portaltela.pt\/noticias\/2026\/02\/09\/sanchez-sauda-vitoria-de-seguro-e-da-social-democracia\/\" \/>\n<meta property=\"og:site_name\" content=\"Portal Tela Portugal\" \/>\n<meta property=\"article:published_time\" content=\"2026-02-09T10:13:00+00:00\" \/>\n<meta name=\"author\" content=\"Telinha\" \/>\n<meta name=\"twitter:card\" content=\"summary_large_image\" \/>\n<meta name=\"twitter:label1\" content=\"Escrito por\" \/>\n\t<meta name=\"twitter:data1\" content=\"Telinha\" \/>\n\t<meta name=\"twitter:label2\" content=\"Tempo estimado de leitura\" \/>\n\t<meta name=\"twitter:data2\" content=\"1 minuto\" \/>\n<script type=\"application\/ld+json\" class=\"yoast-schema-graph\">{\"@context\":\"https:\/\/schema.org\",\"@graph\":[{\"@type\":\"Article\",\"@id\":\"https:\/\/portaltela.pt\/noticias\/2026\/02\/09\/sanchez-sauda-vitoria-de-seguro-e-da-social-democracia\/#article\",\"isPartOf\":{\"@id\":\"https:\/\/portaltela.pt\/noticias\/2026\/02\/09\/sanchez-sauda-vitoria-de-seguro-e-da-social-democracia\/\"},\"author\":{\"name\":\"Telinha\",\"@id\":\"https:\/\/portaltela.pt\/#\/schema\/person\/c4278d4a6028830caff9ee44b42d32ed\"},\"headline\":\"S\u00e1nchez sa\u00fada vit\u00f3ria de Seguro e da social-democracia\",\"datePublished\":\"2026-02-09T10:13:00+00:00\",\"mainEntityOfPage\":{\"@id\":\"https:\/\/portaltela.pt\/noticias\/2026\/02\/09\/sanchez-sauda-vitoria-de-seguro-e-da-social-democracia\/\"},\"wordCount\":174,\"image\":{\"@id\":\"https:\/\/portaltela.pt\/noticias\/2026\/02\/09\/sanchez-sauda-vitoria-de-seguro-e-da-social-democracia\/#primaryimage\"},\"thumbnailUrl\":\"https:\/\/portaltela.pt\/s.01k8rhncp4jt1\/2026\/02\/image-690.jpg\",\"keywords\":[\"Partido Socialista\",\"pol\u00edtica\",\"Portugal\",\"PS\",\"rela\u00e7\u00f5es internacionais\",\"Social Democracia\"],\"articleSection\":[\"Internacional\",\"Not\u00edcias\"],\"inLanguage\":\"pt-PT\"},{\"@type\":\"WebPage\",\"@id\":\"https:\/\/portaltela.pt\/noticias\/2026\/02\/09\/sanchez-sauda-vitoria-de-seguro-e-da-social-democracia\/\",\"url\":\"https:\/\/portaltela.pt\/noticias\/2026\/02\/09\/sanchez-sauda-vitoria-de-seguro-e-da-social-democracia\/\",\"name\":\"S\u00e1nchez sa\u00fada vit\u00f3ria de Seguro e da social-democracia - Portal Tela Portugal\",\"isPartOf\":{\"@id\":\"https:\/\/portaltela.pt\/#website\"},\"primaryImageOfPage\":{\"@id\":\"https:\/\/portaltela.pt\/noticias\/2026\/02\/09\/sanchez-sauda-vitoria-de-seguro-e-da-social-democracia\/#primaryimage\"},\"image\":{\"@id\":\"https:\/\/portaltela.pt\/noticias\/2026\/02\/09\/sanchez-sauda-vitoria-de-seguro-e-da-social-democracia\/#primaryimage\"},\"thumbnailUrl\":\"https:\/\/portaltela.pt\/s.01k8rhncp4jt1\/2026\/02\/image-690.jpg\",\"datePublished\":\"2026-02-09T10:13:00+00:00\",\"author\":{\"@id\":\"https:\/\/portaltela.pt\/#\/schema\/person\/c4278d4a6028830caff9ee44b42d32ed\"},\"breadcrumb\":{\"@id\":\"https:\/\/portaltela.pt\/noticias\/2026\/02\/09\/sanchez-sauda-vitoria-de-seguro-e-da-social-democracia\/#breadcrumb\"},\"inLanguage\":\"pt-PT\",\"potentialAction\":[{\"@type\":\"ReadAction\",\"target\":[\"https:\/\/portaltela.pt\/noticias\/2026\/02\/09\/sanchez-sauda-vitoria-de-seguro-e-da-social-democracia\/\"]}]},{\"@type\":\"ImageObject\",\"inLanguage\":\"pt-PT\",\"@id\":\"https:\/\/portaltela.pt\/noticias\/2026\/02\/09\/sanchez-sauda-vitoria-de-seguro-e-da-social-democracia\/#primaryimage\",\"url\":\"https:\/\/portaltela.pt\/s.01k8rhncp4jt1\/2026\/02\/image-690.jpg\",\"contentUrl\":\"https:\/\/portaltela.pt\/s.01k8rhncp4jt1\/2026\/02\/image-690.jpg\",\"width\":796,\"height\":448,\"caption\":\"Primeiro-ministro de Espanha e l\u00edder do Partido Socialista Espanhol (PSOE)\"},{\"@type\":\"BreadcrumbList\",\"@id\":\"https:\/\/portaltela.pt\/noticias\/2026\/02\/09\/sanchez-sauda-vitoria-de-seguro-e-da-social-democracia\/#breadcrumb\",\"itemListElement\":[{\"@type\":\"ListItem\",\"position\":1,\"name\":\"In\u00edcio\",\"item\":\"https:\/\/portaltela.pt\/\"},{\"@type\":\"ListItem\",\"position\":2,\"name\":\"S\u00e1nchez sa\u00fada vit\u00f3ria de Seguro e da social-democracia\"}]},{\"@type\":\"WebSite\",\"@id\":\"https:\/\/portaltela.pt\/#website\",\"url\":\"https:\/\/portaltela.pt\/\",\"name\":\"Portal Tela Portugal\",\"description\":\"\",\"potentialAction\":[{\"@type\":\"SearchAction\",\"target\":{\"@type\":\"EntryPoint\",\"urlTemplate\":\"https:\/\/portaltela.pt\/?s={search_term_string}\"},\"query-input\":{\"@type\":\"PropertyValueSpecification\",\"valueRequired\":true,\"valueName\":\"search_term_string\"}}],\"inLanguage\":\"pt-PT\"},{\"@type\":\"Person\",\"@id\":\"https:\/\/portaltela.pt\/#\/schema\/person\/c4278d4a6028830caff9ee44b42d32ed\",\"name\":\"Telinha\",\"image\":{\"@type\":\"ImageObject\",\"inLanguage\":\"pt-PT\",\"@id\":\"https:\/\/portaltela.pt\/s.01k8rhncp4jt1\/2025\/11\/talking-bot-125x125.png\",\"url\":\"https:\/\/portaltela.pt\/s.01k8rhncp4jt1\/2025\/11\/talking-bot-125x125.png\",\"contentUrl\":\"https:\/\/portaltela.pt\/s.01k8rhncp4jt1\/2025\/11\/talking-bot-125x125.png\",\"caption\":\"Telinha\"},\"sameAs\":[\"https:\/\/portaltela.pt\/\"],\"url\":\"https:\/\/portaltela.pt\/por\/367410592786\/\"}]}<\/script>\n<!-- \/ Yoast SEO plugin. -->","yoast_head_json":{"title":"S\u00e1nchez sa\u00fada vit\u00f3ria de Seguro e da social-democracia - Portal Tela Portugal","robots":{"index":"index","follow":"follow","max-snippet":"max-snippet:-1","max-image-preview":"max-image-preview:large","max-video-preview":"max-video-preview:-1"},"og_locale":"pt_PT","og_type":"article","og_title":"S\u00e1nchez sa\u00fada vit\u00f3ria de Seguro e da social-democracia - Portal Tela Portugal","og_description":"Pedro S\u00e1nchez felicitou Ant\u00f3nio Jos\u00e9 Seguro pela vit\u00f3ria nas elei\u00e7\u00f5es presidenciais portuguesas, considerando-a um avan\u00e7o para a social-democracia. O primeiro-ministro espanhol escreveu na X que ir\u00e3o trabalhar juntos por um futuro melhor para os cidad\u00e3os de Portugal e Espanha. Ant\u00f3nio Jos\u00e9 Seguro, antigo secret\u00e1rio-geral do Partido Socialista, venceu a segunda volta das elei\u00e7\u00f5es para a Presid\u00eancia da Rep\u00fablica em Portugal. Seguro foi eleito com cerca de 3,48 milh\u00f5es de votos, cerca de sessenta e sete por cento, com vinte freguesias ainda por apurar.","og_url":"https:\/\/portaltela.pt\/noticias\/2026\/02\/09\/sanchez-sauda-vitoria-de-seguro-e-da-social-democracia\/","og_site_name":"Portal Tela Portugal","article_published_time":"2026-02-09T10:13:00+00:00","author":"Telinha","twitter_card":"summary_large_image","twitter_misc":{"Escrito por":"Telinha","Tempo estimado de leitura":"1 minuto"},"schema":{"@context":"https:\/\/schema.org","@graph":[{"@type":"Article","@id":"https:\/\/portaltela.pt\/noticias\/2026\/02\/09\/sanchez-sauda-vitoria-de-seguro-e-da-social-democracia\/#article","isPartOf":{"@id":"https:\/\/portaltela.pt\/noticias\/2026\/02\/09\/sanchez-sauda-vitoria-de-seguro-e-da-social-democracia\/"},"author":{"name":"Telinha","@id":"https:\/\/portaltela.pt\/#\/schema\/person\/c4278d4a6028830caff9ee44b42d32ed"},"headline":"S\u00e1nchez sa\u00fada vit\u00f3ria de Seguro e da social-democracia","datePublished":"2026-02-09T10:13:00+00:00","mainEntityOfPage":{"@id":"https:\/\/portaltela.pt\/noticias\/2026\/02\/09\/sanchez-sauda-vitoria-de-seguro-e-da-social-democracia\/"},"wordCount":174,"image":{"@id":"https:\/\/portaltela.pt\/noticias\/2026\/02\/09\/sanchez-sauda-vitoria-de-seguro-e-da-social-democracia\/#primaryimage"},"thumbnailUrl":"https:\/\/portaltela.pt\/s.01k8rhncp4jt1\/2026\/02\/image-690.jpg","keywords":["Partido Socialista","pol\u00edtica","Portugal","PS","rela\u00e7\u00f5es internacionais","Social Democracia"],"articleSection":["Internacional","Not\u00edcias"],"inLanguage":"pt-PT"},{"@type":"WebPage","@id":"https:\/\/portaltela.pt\/noticias\/2026\/02\/09\/sanchez-sauda-vitoria-de-seguro-e-da-social-democracia\/","url":"https:\/\/portaltela.pt\/noticias\/2026\/02\/09\/sanchez-sauda-vitoria-de-seguro-e-da-social-democracia\/","name":"S\u00e1nchez sa\u00fada vit\u00f3ria de Seguro e da social-democracia - Portal Tela Portugal","isPartOf":{"@id":"https:\/\/portaltela.pt\/#website"},"primaryImageOfPage":{"@id":"https:\/\/portaltela.pt\/noticias\/2026\/02\/09\/sanchez-sauda-vitoria-de-seguro-e-da-social-democracia\/#primaryimage"},"image":{"@id":"https:\/\/portaltela.pt\/noticias\/2026\/02\/09\/sanchez-sauda-vitoria-de-seguro-e-da-social-democracia\/#primaryimage"},"thumbnailUrl":"https:\/\/portaltela.pt\/s.01k8rhncp4jt1\/2026\/02\/image-690.jpg","datePublished":"2026-02-09T10:13:00+00:00","author":{"@id":"https:\/\/portaltela.pt\/#\/schema\/person\/c4278d4a6028830caff9ee44b42d32ed"},"breadcrumb":{"@id":"https:\/\/portaltela.pt\/noticias\/2026\/02\/09\/sanchez-sauda-vitoria-de-seguro-e-da-social-democracia\/#breadcrumb"},"inLanguage":"pt-PT","potentialAction":[{"@type":"ReadAction","target":["https:\/\/portaltela.pt\/noticias\/2026\/02\/09\/sanchez-sauda-vitoria-de-seguro-e-da-social-democracia\/"]}]},{"@type":"ImageObject","inLanguage":"pt-PT","@id":"https:\/\/portaltela.pt\/noticias\/2026\/02\/09\/sanchez-sauda-vitoria-de-seguro-e-da-social-democracia\/#primaryimage","url":"https:\/\/portaltela.pt\/s.01k8rhncp4jt1\/2026\/02\/image-690.jpg","contentUrl":"https:\/\/portaltela.pt\/s.01k8rhncp4jt1\/2026\/02\/image-690.jpg","width":796,"height":448,"caption":"Primeiro-ministro de Espanha e l\u00edder do Partido Socialista Espanhol (PSOE)"},{"@type":"BreadcrumbList","@id":"https:\/\/portaltela.pt\/noticias\/2026\/02\/09\/sanchez-sauda-vitoria-de-seguro-e-da-social-democracia\/#breadcrumb","itemListElement":[{"@type":"ListItem","position":1,"name":"In\u00edcio","item":"https:\/\/portaltela.pt\/"},{"@type":"ListItem","position":2,"name":"S\u00e1nchez sa\u00fada vit\u00f3ria de Seguro e da social-democracia"}]},{"@type":"WebSite","@id":"https:\/\/portaltela.pt\/#website","url":"https:\/\/portaltela.pt\/","name":"Portal Tela Portugal","description":"","potentialAction":[{"@type":"SearchAction","target":{"@type":"EntryPoint","urlTemplate":"https:\/\/portaltela.pt\/?s={search_term_string}"},"query-input":{"@type":"PropertyValueSpecification","valueRequired":true,"valueName":"search_term_string"}}],"inLanguage":"pt-PT"},{"@type":"Person","@id":"https:\/\/portaltela.pt\/#\/schema\/person\/c4278d4a6028830caff9ee44b42d32ed","name":"Telinha","image":{"@type":"ImageObject","inLanguage":"pt-PT","@id":"https:\/\/portaltela.pt\/s.01k8rhncp4jt1\/2025\/11\/talking-bot-125x125.png","url":"https:\/\/portaltela.pt\/s.01k8rhncp4jt1\/2025\/11\/talking-bot-125x125.png","contentUrl":"https:\/\/portaltela.pt\/s.01k8rhncp4jt1\/2025\/11\/talking-bot-125x125.png","caption":"Telinha"},"sameAs":["https:\/\/portaltela.pt\/"],"url":"https:\/\/portaltela.pt\/por\/367410592786\/"}]}},"_links":{"self":[{"href":"https:\/\/portaltela.pt\/api\/wp\/v2\/posts\/205111","targetHints":{"allow":["GET"]}}],"collection":[{"href":"https:\/\/portaltela.pt\/api\/wp\/v2\/posts"}],"about":[{"href":"https:\/\/portaltela.pt\/api\/wp\/v2\/types\/post"}],"author":[{"embeddable":true,"href":"https:\/\/portaltela.pt\/api\/wp\/v2\/users\/2"}],"replies":[{"embeddable":true,"href":"https:\/\/portaltela.pt\/api\/wp\/v2\/comments?post=205111"}],"version-history":[{"count":0,"href":"https:\/\/portaltela.pt\/api\/wp\/v2\/posts\/205111\/revisions"}],"wp:featuredmedia":[{"embeddable":true,"href":"https:\/\/portaltela.pt\/api\/wp\/v2\/media\/205115"}],"wp:attachment":[{"href":"https:\/\/portaltela.pt\/api\/wp\/v2\/media?parent=205111"}],"wp:term":[{"taxonomy":"category","embeddable":true,"href":"https:\/\/portaltela.pt\/api\/wp\/v2\/categories?post=205111"},{"taxonomy":"post_tag","embeddable":true,"href":"https:\/\/portaltela.pt\/api\/wp\/v2\/tags?post=205111"}],"curies":[{"name":"wp","href":"https:\/\/api.w.org\/{rel}","templated":true}]}}