{"id":205091,"date":"2026-02-09T06:48:39","date_gmt":"2026-02-09T09:48:39","guid":{"rendered":"https:\/\/portaltela.pt\/noticias\/2026\/02\/09\/isabel-zuaa-homenageada-como-primeira-atriz-portuguesa-em-filme-cotado-ao-oscar\/"},"modified":"2026-02-09T06:48:39","modified_gmt":"2026-02-09T09:48:39","slug":"isabel-zuaa-homenageada-como-primeira-atriz-portuguesa-em-filme-cotado-ao-oscar","status":"publish","type":"post","link":"https:\/\/portaltela.pt\/noticias\/2026\/02\/09\/isabel-zuaa-homenageada-como-primeira-atriz-portuguesa-em-filme-cotado-ao-oscar\/","title":{"rendered":"Isab\u00e9l Zuaa homenageada como primeira atriz portuguesa em filme cotado ao \u00d3scar"},"content":{"rendered":"<p>Isab\u00e9l Zuaa tornou-se a primeira atriz portuguesa a participar num filme nomeado para os \u00d3scares. O Agente Secreto, de Kleber Mendon\u00e7a Filho, est\u00e1 entre os candidatos a quatro \u00d3scares, numa lista divulgada pela Academia. A cerim\u00f3nia da 98.\u00aa edi\u00e7\u00e3o est\u00e1 marcada para 15 de mar\u00e7o, em Los Angeles.<\/p>\n<p>A atriz interpreta Teresa Vict\u00f3ria no longa-metragem e afirma sentir-se honrada por este marco hist\u00f3rico para Portugal e para a sua carreira. O reconhecimento \u00e9 visto por Zuaa como uma conquista coletiva, que coloca a produ\u00e7\u00e3o portuguesa em evid\u00eancia a n\u00edvel internacional.<\/p>\n<p>Amea\u00e7a de confirma\u00e7\u00e3o de presen\u00e7a na cerim\u00f3nia ainda n\u00e3o est\u00e1 definida, segundo a atriz. H\u00e1 ainda algum esfor\u00e7o para que o maior n\u00famero poss\u00edvel de elementos da equipa possa viajar a Los Angeles, de forma a acompanhar o momento significativo para a equipa e o projeto.<\/p>\n<h3>Impacto para o cinema portugu\u00eas<\/h3>\n<p>O reconhecimento internacional do filme refor\u00e7a o papel de Portugal no cinema de produ\u00e7\u00e3o internacional. A nomea\u00e7\u00e3o para quatro \u00d3scares ajuda a promover a circula\u00e7\u00e3o de pessoas, produtos e parcerias entre artistas nacionais e o mercado mundial, segundo fontes ligadas \u00e0 produ\u00e7\u00e3o. O Agente Secreto \u00e9 a registada estreia de Mendon\u00e7a Filho em l\u00edngua n\u00e3o brasileira, ampliando a rede de coopera\u00e7\u00e3o entre cinemas.<\/p>\n","protected":false},"excerpt":{"rendered":"<ul>\n<li>Isab\u00e9l Zuaa tornou-se a primeira atriz portuguesa a ver o seu filme nomeado para \u00d3scares, com O Agente Secreto, de Kleber Mendon\u00e7a Filho.<\/li>\n<li>O filme est\u00e1 nomeado para quatro \u00d3scares da Academia.<\/li>\n<li>A atriz interpreta Teresa Vict\u00f3ria e diz que \u00e9 uma honra hist\u00f3rica para Portugal e para ela, como parte da hist\u00f3ria do pa\u00eds.<\/li>\n<li>Ainda n\u00e3o est\u00e1 confirmada a presen\u00e7a em Los Angeles na cerim\u00f3nia de 15 de mar\u00e7o, mas h\u00e1 esfor\u00e7o para que mais membros da equipa possam viajar.<\/li>\n<li>Zuaa destaca que este \u00e9 um momento hist\u00f3rico tanto a n\u00edvel pessoal como coletivo.<\/li>\n<\/ul>\n","protected":false},"author":2,"featured_media":205094,"comment_status":"closed","ping_status":"closed","sticky":false,"template":"","format":"standard","meta":{"footnotes":""},"categories":[12,1],"tags":[112,4294,3430,1014,4680],"class_list":["post-205091","post","type-post","status-publish","format-standard","has-post-thumbnail","hentry","category-entretenimento","category-noticias","tag-cinema","tag-co-producoes-internacionais","tag-oscares","tag-portugal","tag-producao-internacional"],"yoast_head":"<!-- This site is optimized with the Yoast SEO plugin v27.2 - https:\/\/yoast.com\/product\/yoast-seo-wordpress\/ -->\n<title>Isab\u00e9l Zuaa homenageada como primeira atriz portuguesa em filme cotado ao \u00d3scar - Portal Tela Portugal<\/title>\n<meta name=\"robots\" content=\"index, follow, max-snippet:-1, max-image-preview:large, max-video-preview:-1\" \/>\n<meta property=\"og:locale\" content=\"pt_PT\" \/>\n<meta property=\"og:type\" content=\"article\" \/>\n<meta property=\"og:title\" content=\"Isab\u00e9l Zuaa homenageada como primeira atriz portuguesa em filme cotado ao \u00d3scar - Portal Tela Portugal\" \/>\n<meta property=\"og:description\" content=\"Isab\u00e9l Zuaa tornou-se a primeira atriz portuguesa a ver o seu filme nomeado para \u00d3scares, com O Agente Secreto, de Kleber Mendon\u00e7a Filho. O filme est\u00e1 nomeado para quatro \u00d3scares da Academia. A atriz interpreta Teresa Vict\u00f3ria e diz que \u00e9 uma honra hist\u00f3rica para Portugal e para ela, como parte da hist\u00f3ria do pa\u00eds. Ainda n\u00e3o est\u00e1 confirmada a presen\u00e7a em Los Angeles na cerim\u00f3nia de 15 de mar\u00e7o, mas h\u00e1 esfor\u00e7o para que mais membros da equipa possam viajar. Zuaa destaca que este \u00e9 um momento hist\u00f3rico tanto a n\u00edvel pessoal como coletivo.\" \/>\n<meta property=\"og:url\" content=\"https:\/\/portaltela.pt\/noticias\/2026\/02\/09\/isabel-zuaa-homenageada-como-primeira-atriz-portuguesa-em-filme-cotado-ao-oscar\/\" \/>\n<meta property=\"og:site_name\" content=\"Portal Tela Portugal\" \/>\n<meta property=\"article:published_time\" content=\"2026-02-09T09:48:39+00:00\" \/>\n<meta name=\"author\" content=\"Telinha\" \/>\n<meta name=\"twitter:card\" content=\"summary_large_image\" \/>\n<meta name=\"twitter:label1\" content=\"Escrito por\" \/>\n\t<meta name=\"twitter:data1\" content=\"Telinha\" \/>\n\t<meta name=\"twitter:label2\" content=\"Tempo estimado de leitura\" \/>\n\t<meta name=\"twitter:data2\" content=\"1 minuto\" \/>\n<script type=\"application\/ld+json\" class=\"yoast-schema-graph\">{\"@context\":\"https:\/\/schema.org\",\"@graph\":[{\"@type\":\"Article\",\"@id\":\"https:\/\/portaltela.pt\/noticias\/2026\/02\/09\/isabel-zuaa-homenageada-como-primeira-atriz-portuguesa-em-filme-cotado-ao-oscar\/#article\",\"isPartOf\":{\"@id\":\"https:\/\/portaltela.pt\/noticias\/2026\/02\/09\/isabel-zuaa-homenageada-como-primeira-atriz-portuguesa-em-filme-cotado-ao-oscar\/\"},\"author\":{\"name\":\"Telinha\",\"@id\":\"https:\/\/portaltela.pt\/#\/schema\/person\/c4278d4a6028830caff9ee44b42d32ed\"},\"headline\":\"Isab\u00e9l Zuaa homenageada como primeira atriz portuguesa em filme cotado ao \u00d3scar\",\"datePublished\":\"2026-02-09T09:48:39+00:00\",\"mainEntityOfPage\":{\"@id\":\"https:\/\/portaltela.pt\/noticias\/2026\/02\/09\/isabel-zuaa-homenageada-como-primeira-atriz-portuguesa-em-filme-cotado-ao-oscar\/\"},\"wordCount\":240,\"image\":{\"@id\":\"https:\/\/portaltela.pt\/noticias\/2026\/02\/09\/isabel-zuaa-homenageada-como-primeira-atriz-portuguesa-em-filme-cotado-ao-oscar\/#primaryimage\"},\"thumbnailUrl\":\"https:\/\/portaltela.pt\/s.01k8rhncp4jt1\/2026\/02\/img_1500x1000uu2026-02-09-09-48-04-2265816.jpg\",\"keywords\":[\"cinema\",\"co-produ\u00e7\u00f5es internacionais\",\"\u00d3scares\",\"Portugal\",\"produ\u00e7\u00e3o internacional\"],\"articleSection\":[\"Entretenimento\",\"Not\u00edcias\"],\"inLanguage\":\"pt-PT\"},{\"@type\":\"WebPage\",\"@id\":\"https:\/\/portaltela.pt\/noticias\/2026\/02\/09\/isabel-zuaa-homenageada-como-primeira-atriz-portuguesa-em-filme-cotado-ao-oscar\/\",\"url\":\"https:\/\/portaltela.pt\/noticias\/2026\/02\/09\/isabel-zuaa-homenageada-como-primeira-atriz-portuguesa-em-filme-cotado-ao-oscar\/\",\"name\":\"Isab\u00e9l Zuaa homenageada como primeira atriz portuguesa em filme cotado ao \u00d3scar - Portal Tela Portugal\",\"isPartOf\":{\"@id\":\"https:\/\/portaltela.pt\/#website\"},\"primaryImageOfPage\":{\"@id\":\"https:\/\/portaltela.pt\/noticias\/2026\/02\/09\/isabel-zuaa-homenageada-como-primeira-atriz-portuguesa-em-filme-cotado-ao-oscar\/#primaryimage\"},\"image\":{\"@id\":\"https:\/\/portaltela.pt\/noticias\/2026\/02\/09\/isabel-zuaa-homenageada-como-primeira-atriz-portuguesa-em-filme-cotado-ao-oscar\/#primaryimage\"},\"thumbnailUrl\":\"https:\/\/portaltela.pt\/s.01k8rhncp4jt1\/2026\/02\/img_1500x1000uu2026-02-09-09-48-04-2265816.jpg\",\"datePublished\":\"2026-02-09T09:48:39+00:00\",\"author\":{\"@id\":\"https:\/\/portaltela.pt\/#\/schema\/person\/c4278d4a6028830caff9ee44b42d32ed\"},\"breadcrumb\":{\"@id\":\"https:\/\/portaltela.pt\/noticias\/2026\/02\/09\/isabel-zuaa-homenageada-como-primeira-atriz-portuguesa-em-filme-cotado-ao-oscar\/#breadcrumb\"},\"inLanguage\":\"pt-PT\",\"potentialAction\":[{\"@type\":\"ReadAction\",\"target\":[\"https:\/\/portaltela.pt\/noticias\/2026\/02\/09\/isabel-zuaa-homenageada-como-primeira-atriz-portuguesa-em-filme-cotado-ao-oscar\/\"]}]},{\"@type\":\"ImageObject\",\"inLanguage\":\"pt-PT\",\"@id\":\"https:\/\/portaltela.pt\/noticias\/2026\/02\/09\/isabel-zuaa-homenageada-como-primeira-atriz-portuguesa-em-filme-cotado-ao-oscar\/#primaryimage\",\"url\":\"https:\/\/portaltela.pt\/s.01k8rhncp4jt1\/2026\/02\/img_1500x1000uu2026-02-09-09-48-04-2265816.jpg\",\"contentUrl\":\"https:\/\/portaltela.pt\/s.01k8rhncp4jt1\/2026\/02\/img_1500x1000uu2026-02-09-09-48-04-2265816.jpg\",\"width\":796,\"height\":448,\"caption\":\"Isab\u00e9l Zuaa celebra marco hist\u00f3rico no cinema portugu\u00eas ap\u00f3s nomea\u00e7\u00e3o para \u00d3scares.\"},{\"@type\":\"BreadcrumbList\",\"@id\":\"https:\/\/portaltela.pt\/noticias\/2026\/02\/09\/isabel-zuaa-homenageada-como-primeira-atriz-portuguesa-em-filme-cotado-ao-oscar\/#breadcrumb\",\"itemListElement\":[{\"@type\":\"ListItem\",\"position\":1,\"name\":\"In\u00edcio\",\"item\":\"https:\/\/portaltela.pt\/\"},{\"@type\":\"ListItem\",\"position\":2,\"name\":\"Isab\u00e9l Zuaa homenageada como primeira atriz portuguesa em filme cotado ao \u00d3scar\"}]},{\"@type\":\"WebSite\",\"@id\":\"https:\/\/portaltela.pt\/#website\",\"url\":\"https:\/\/portaltela.pt\/\",\"name\":\"Portal Tela Portugal\",\"description\":\"\",\"potentialAction\":[{\"@type\":\"SearchAction\",\"target\":{\"@type\":\"EntryPoint\",\"urlTemplate\":\"https:\/\/portaltela.pt\/?s={search_term_string}\"},\"query-input\":{\"@type\":\"PropertyValueSpecification\",\"valueRequired\":true,\"valueName\":\"search_term_string\"}}],\"inLanguage\":\"pt-PT\"},{\"@type\":\"Person\",\"@id\":\"https:\/\/portaltela.pt\/#\/schema\/person\/c4278d4a6028830caff9ee44b42d32ed\",\"name\":\"Telinha\",\"image\":{\"@type\":\"ImageObject\",\"inLanguage\":\"pt-PT\",\"@id\":\"https:\/\/portaltela.pt\/s.01k8rhncp4jt1\/2025\/11\/talking-bot-125x125.png\",\"url\":\"https:\/\/portaltela.pt\/s.01k8rhncp4jt1\/2025\/11\/talking-bot-125x125.png\",\"contentUrl\":\"https:\/\/portaltela.pt\/s.01k8rhncp4jt1\/2025\/11\/talking-bot-125x125.png\",\"caption\":\"Telinha\"},\"sameAs\":[\"https:\/\/portaltela.pt\/\"],\"url\":\"https:\/\/portaltela.pt\/por\/367410592786\/\"}]}<\/script>\n<!-- \/ Yoast SEO plugin. -->","yoast_head_json":{"title":"Isab\u00e9l Zuaa homenageada como primeira atriz portuguesa em filme cotado ao \u00d3scar - Portal Tela Portugal","robots":{"index":"index","follow":"follow","max-snippet":"max-snippet:-1","max-image-preview":"max-image-preview:large","max-video-preview":"max-video-preview:-1"},"og_locale":"pt_PT","og_type":"article","og_title":"Isab\u00e9l Zuaa homenageada como primeira atriz portuguesa em filme cotado ao \u00d3scar - Portal Tela Portugal","og_description":"Isab\u00e9l Zuaa tornou-se a primeira atriz portuguesa a ver o seu filme nomeado para \u00d3scares, com O Agente Secreto, de Kleber Mendon\u00e7a Filho. O filme est\u00e1 nomeado para quatro \u00d3scares da Academia. A atriz interpreta Teresa Vict\u00f3ria e diz que \u00e9 uma honra hist\u00f3rica para Portugal e para ela, como parte da hist\u00f3ria do pa\u00eds. Ainda n\u00e3o est\u00e1 confirmada a presen\u00e7a em Los Angeles na cerim\u00f3nia de 15 de mar\u00e7o, mas h\u00e1 esfor\u00e7o para que mais membros da equipa possam viajar. Zuaa destaca que este \u00e9 um momento hist\u00f3rico tanto a n\u00edvel pessoal como coletivo.","og_url":"https:\/\/portaltela.pt\/noticias\/2026\/02\/09\/isabel-zuaa-homenageada-como-primeira-atriz-portuguesa-em-filme-cotado-ao-oscar\/","og_site_name":"Portal Tela Portugal","article_published_time":"2026-02-09T09:48:39+00:00","author":"Telinha","twitter_card":"summary_large_image","twitter_misc":{"Escrito por":"Telinha","Tempo estimado de leitura":"1 minuto"},"schema":{"@context":"https:\/\/schema.org","@graph":[{"@type":"Article","@id":"https:\/\/portaltela.pt\/noticias\/2026\/02\/09\/isabel-zuaa-homenageada-como-primeira-atriz-portuguesa-em-filme-cotado-ao-oscar\/#article","isPartOf":{"@id":"https:\/\/portaltela.pt\/noticias\/2026\/02\/09\/isabel-zuaa-homenageada-como-primeira-atriz-portuguesa-em-filme-cotado-ao-oscar\/"},"author":{"name":"Telinha","@id":"https:\/\/portaltela.pt\/#\/schema\/person\/c4278d4a6028830caff9ee44b42d32ed"},"headline":"Isab\u00e9l Zuaa homenageada como primeira atriz portuguesa em filme cotado ao \u00d3scar","datePublished":"2026-02-09T09:48:39+00:00","mainEntityOfPage":{"@id":"https:\/\/portaltela.pt\/noticias\/2026\/02\/09\/isabel-zuaa-homenageada-como-primeira-atriz-portuguesa-em-filme-cotado-ao-oscar\/"},"wordCount":240,"image":{"@id":"https:\/\/portaltela.pt\/noticias\/2026\/02\/09\/isabel-zuaa-homenageada-como-primeira-atriz-portuguesa-em-filme-cotado-ao-oscar\/#primaryimage"},"thumbnailUrl":"https:\/\/portaltela.pt\/s.01k8rhncp4jt1\/2026\/02\/img_1500x1000uu2026-02-09-09-48-04-2265816.jpg","keywords":["cinema","co-produ\u00e7\u00f5es internacionais","\u00d3scares","Portugal","produ\u00e7\u00e3o internacional"],"articleSection":["Entretenimento","Not\u00edcias"],"inLanguage":"pt-PT"},{"@type":"WebPage","@id":"https:\/\/portaltela.pt\/noticias\/2026\/02\/09\/isabel-zuaa-homenageada-como-primeira-atriz-portuguesa-em-filme-cotado-ao-oscar\/","url":"https:\/\/portaltela.pt\/noticias\/2026\/02\/09\/isabel-zuaa-homenageada-como-primeira-atriz-portuguesa-em-filme-cotado-ao-oscar\/","name":"Isab\u00e9l Zuaa homenageada como primeira atriz portuguesa em filme cotado ao \u00d3scar - Portal Tela Portugal","isPartOf":{"@id":"https:\/\/portaltela.pt\/#website"},"primaryImageOfPage":{"@id":"https:\/\/portaltela.pt\/noticias\/2026\/02\/09\/isabel-zuaa-homenageada-como-primeira-atriz-portuguesa-em-filme-cotado-ao-oscar\/#primaryimage"},"image":{"@id":"https:\/\/portaltela.pt\/noticias\/2026\/02\/09\/isabel-zuaa-homenageada-como-primeira-atriz-portuguesa-em-filme-cotado-ao-oscar\/#primaryimage"},"thumbnailUrl":"https:\/\/portaltela.pt\/s.01k8rhncp4jt1\/2026\/02\/img_1500x1000uu2026-02-09-09-48-04-2265816.jpg","datePublished":"2026-02-09T09:48:39+00:00","author":{"@id":"https:\/\/portaltela.pt\/#\/schema\/person\/c4278d4a6028830caff9ee44b42d32ed"},"breadcrumb":{"@id":"https:\/\/portaltela.pt\/noticias\/2026\/02\/09\/isabel-zuaa-homenageada-como-primeira-atriz-portuguesa-em-filme-cotado-ao-oscar\/#breadcrumb"},"inLanguage":"pt-PT","potentialAction":[{"@type":"ReadAction","target":["https:\/\/portaltela.pt\/noticias\/2026\/02\/09\/isabel-zuaa-homenageada-como-primeira-atriz-portuguesa-em-filme-cotado-ao-oscar\/"]}]},{"@type":"ImageObject","inLanguage":"pt-PT","@id":"https:\/\/portaltela.pt\/noticias\/2026\/02\/09\/isabel-zuaa-homenageada-como-primeira-atriz-portuguesa-em-filme-cotado-ao-oscar\/#primaryimage","url":"https:\/\/portaltela.pt\/s.01k8rhncp4jt1\/2026\/02\/img_1500x1000uu2026-02-09-09-48-04-2265816.jpg","contentUrl":"https:\/\/portaltela.pt\/s.01k8rhncp4jt1\/2026\/02\/img_1500x1000uu2026-02-09-09-48-04-2265816.jpg","width":796,"height":448,"caption":"Isab\u00e9l Zuaa celebra marco hist\u00f3rico no cinema portugu\u00eas ap\u00f3s nomea\u00e7\u00e3o para \u00d3scares."},{"@type":"BreadcrumbList","@id":"https:\/\/portaltela.pt\/noticias\/2026\/02\/09\/isabel-zuaa-homenageada-como-primeira-atriz-portuguesa-em-filme-cotado-ao-oscar\/#breadcrumb","itemListElement":[{"@type":"ListItem","position":1,"name":"In\u00edcio","item":"https:\/\/portaltela.pt\/"},{"@type":"ListItem","position":2,"name":"Isab\u00e9l Zuaa homenageada como primeira atriz portuguesa em filme cotado ao \u00d3scar"}]},{"@type":"WebSite","@id":"https:\/\/portaltela.pt\/#website","url":"https:\/\/portaltela.pt\/","name":"Portal Tela Portugal","description":"","potentialAction":[{"@type":"SearchAction","target":{"@type":"EntryPoint","urlTemplate":"https:\/\/portaltela.pt\/?s={search_term_string}"},"query-input":{"@type":"PropertyValueSpecification","valueRequired":true,"valueName":"search_term_string"}}],"inLanguage":"pt-PT"},{"@type":"Person","@id":"https:\/\/portaltela.pt\/#\/schema\/person\/c4278d4a6028830caff9ee44b42d32ed","name":"Telinha","image":{"@type":"ImageObject","inLanguage":"pt-PT","@id":"https:\/\/portaltela.pt\/s.01k8rhncp4jt1\/2025\/11\/talking-bot-125x125.png","url":"https:\/\/portaltela.pt\/s.01k8rhncp4jt1\/2025\/11\/talking-bot-125x125.png","contentUrl":"https:\/\/portaltela.pt\/s.01k8rhncp4jt1\/2025\/11\/talking-bot-125x125.png","caption":"Telinha"},"sameAs":["https:\/\/portaltela.pt\/"],"url":"https:\/\/portaltela.pt\/por\/367410592786\/"}]}},"_links":{"self":[{"href":"https:\/\/portaltela.pt\/api\/wp\/v2\/posts\/205091","targetHints":{"allow":["GET"]}}],"collection":[{"href":"https:\/\/portaltela.pt\/api\/wp\/v2\/posts"}],"about":[{"href":"https:\/\/portaltela.pt\/api\/wp\/v2\/types\/post"}],"author":[{"embeddable":true,"href":"https:\/\/portaltela.pt\/api\/wp\/v2\/users\/2"}],"replies":[{"embeddable":true,"href":"https:\/\/portaltela.pt\/api\/wp\/v2\/comments?post=205091"}],"version-history":[{"count":0,"href":"https:\/\/portaltela.pt\/api\/wp\/v2\/posts\/205091\/revisions"}],"wp:featuredmedia":[{"embeddable":true,"href":"https:\/\/portaltela.pt\/api\/wp\/v2\/media\/205094"}],"wp:attachment":[{"href":"https:\/\/portaltela.pt\/api\/wp\/v2\/media?parent=205091"}],"wp:term":[{"taxonomy":"category","embeddable":true,"href":"https:\/\/portaltela.pt\/api\/wp\/v2\/categories?post=205091"},{"taxonomy":"post_tag","embeddable":true,"href":"https:\/\/portaltela.pt\/api\/wp\/v2\/tags?post=205091"}],"curies":[{"name":"wp","href":"https:\/\/api.w.org\/{rel}","templated":true}]}}