{"id":205084,"date":"2026-02-09T06:48:44","date_gmt":"2026-02-09T09:48:44","guid":{"rendered":"https:\/\/portaltela.pt\/noticias\/2026\/02\/09\/cmtv-lidera-a-segunda-volta-com-os-11-programas-mais-vistos\/"},"modified":"2026-02-09T06:48:44","modified_gmt":"2026-02-09T09:48:44","slug":"cmtv-lidera-a-segunda-volta-com-os-11-programas-mais-vistos","status":"publish","type":"post","link":"https:\/\/portaltela.pt\/noticias\/2026\/02\/09\/cmtv-lidera-a-segunda-volta-com-os-11-programas-mais-vistos\/","title":{"rendered":"CMTV lidera a segunda volta com os 11 programas mais vistos"},"content":{"rendered":"<p>No dia da segunda volta das elei\u00e7\u00f5es presidenciais, a CMTV liderou o consumo de cabo entre todos os canais. A m\u00e9dia foi de 173.300 espectadores por minuto, com 6,6% de share.<\/p>\n<p>Entre os 11 programas mais vistos no cabo, todos pertenciam \u00e0 CMTV, liderados pelo Grande Jornal da Noite. Quinze dos 20 formatos mais vistos tamb\u00e9m eram da esta\u00e7\u00e3o, incluindo os conte\u00fados de acompanhamento das elei\u00e7\u00f5es.<\/p>\n<p>A esta\u00e7\u00e3o contou com uma mega-emiss\u00e3o com pivots principais e diretos das sedes de campanha e dos partidos. A proje\u00e7\u00e3o \u00e0 boca de urna, pela Intercampus, foi a \u00fanica a acertar entre os canais nacionais.<\/p>\n<h3>Dados de audi\u00eancia e alcance<\/h3>\n<p>A CMTV est\u00e1 dispon\u00edvel em todas as plataformas de cabo, no canal 8, mas ainda n\u00e3o est\u00e1 na TDT. Os resultados referidos s\u00e3o da responsabilidade da GFK.<\/p>\n","protected":false},"excerpt":{"rendered":"<ul>\n<li>A CMTV liderou o consumo de cabo na segunda volta das elei\u00e7\u00f5es presidenciais, com 173.300 espectadores em m\u00e9dia por minuto e 6,6% de share.<\/li>\n<li>Os 11 programas mais vistos do cabo foram da CMTV, liderando com o Grande Jornal da Noite.<\/li>\n<li>Quinze dos 20 formatos mais vistos eram da CMTV, incluindo todos os conte\u00fados de acompanhamento das elei\u00e7\u00f5es.<\/li>\n<li>A esta\u00e7\u00e3o realizou uma mega-emiss\u00e3o com os seus pivots principais, com diretos das sedes de campanha e dos partidos; a proje\u00e7\u00e3o \u00e0 boca de urna, da Intercampus, foi a \u00fanica a acertar.<\/li>\n<li>A CMTV continua dispon\u00edvel em todas as plataformas de cabo (canal 8); n\u00e3o est\u00e1 ainda na televis\u00e3o terrestre digital; os dados s\u00e3o da GFK.<\/li>\n<\/ul>\n","protected":false},"author":2,"featured_media":205085,"comment_status":"closed","ping_status":"closed","sticky":false,"template":"","format":"standard","meta":{"footnotes":""},"categories":[1],"tags":[2778,5326,68,506,3400,41],"class_list":["post-205084","post","type-post","status-publish","format-standard","has-post-thumbnail","hentry","category-noticias","tag-cmtv","tag-comunicacao-social","tag-eleicoes","tag-imprensa","tag-intercampus","tag-noticia"],"yoast_head":"<!-- This site is optimized with the Yoast SEO plugin v27.2 - https:\/\/yoast.com\/product\/yoast-seo-wordpress\/ -->\n<title>CMTV lidera a segunda volta com os 11 programas mais vistos - Portal Tela Portugal<\/title>\n<meta name=\"robots\" content=\"index, follow, max-snippet:-1, max-image-preview:large, max-video-preview:-1\" \/>\n<meta property=\"og:locale\" content=\"pt_PT\" \/>\n<meta property=\"og:type\" content=\"article\" \/>\n<meta property=\"og:title\" content=\"CMTV lidera a segunda volta com os 11 programas mais vistos - Portal Tela Portugal\" \/>\n<meta property=\"og:description\" content=\"A CMTV liderou o consumo de cabo na segunda volta das elei\u00e7\u00f5es presidenciais, com 173.300 espectadores em m\u00e9dia por minuto e 6,6% de share. Os 11 programas mais vistos do cabo foram da CMTV, liderando com o Grande Jornal da Noite. Quinze dos 20 formatos mais vistos eram da CMTV, incluindo todos os conte\u00fados de acompanhamento das elei\u00e7\u00f5es. A esta\u00e7\u00e3o realizou uma mega-emiss\u00e3o com os seus pivots principais, com diretos das sedes de campanha e dos partidos; a proje\u00e7\u00e3o \u00e0 boca de urna, da Intercampus, foi a \u00fanica a acertar. A CMTV continua dispon\u00edvel em todas as plataformas de cabo (canal 8); n\u00e3o est\u00e1 ainda na televis\u00e3o terrestre digital; os dados s\u00e3o da GFK.\" \/>\n<meta property=\"og:url\" content=\"https:\/\/portaltela.pt\/noticias\/2026\/02\/09\/cmtv-lidera-a-segunda-volta-com-os-11-programas-mais-vistos\/\" \/>\n<meta property=\"og:site_name\" content=\"Portal Tela Portugal\" \/>\n<meta property=\"article:published_time\" content=\"2026-02-09T09:48:44+00:00\" \/>\n<meta name=\"author\" content=\"Telinha\" \/>\n<meta name=\"twitter:card\" content=\"summary_large_image\" \/>\n<meta name=\"twitter:label1\" content=\"Escrito por\" \/>\n\t<meta name=\"twitter:data1\" content=\"Telinha\" \/>\n\t<meta name=\"twitter:label2\" content=\"Tempo estimado de leitura\" \/>\n\t<meta name=\"twitter:data2\" content=\"1 minuto\" \/>\n<script type=\"application\/ld+json\" class=\"yoast-schema-graph\">{\"@context\":\"https:\/\/schema.org\",\"@graph\":[{\"@type\":\"Article\",\"@id\":\"https:\/\/portaltela.pt\/noticias\/2026\/02\/09\/cmtv-lidera-a-segunda-volta-com-os-11-programas-mais-vistos\/#article\",\"isPartOf\":{\"@id\":\"https:\/\/portaltela.pt\/noticias\/2026\/02\/09\/cmtv-lidera-a-segunda-volta-com-os-11-programas-mais-vistos\/\"},\"author\":{\"name\":\"Telinha\",\"@id\":\"https:\/\/portaltela.pt\/#\/schema\/person\/c4278d4a6028830caff9ee44b42d32ed\"},\"headline\":\"CMTV lidera a segunda volta com os 11 programas mais vistos\",\"datePublished\":\"2026-02-09T09:48:44+00:00\",\"mainEntityOfPage\":{\"@id\":\"https:\/\/portaltela.pt\/noticias\/2026\/02\/09\/cmtv-lidera-a-segunda-volta-com-os-11-programas-mais-vistos\/\"},\"wordCount\":149,\"image\":{\"@id\":\"https:\/\/portaltela.pt\/noticias\/2026\/02\/09\/cmtv-lidera-a-segunda-volta-com-os-11-programas-mais-vistos\/#primaryimage\"},\"thumbnailUrl\":\"https:\/\/portaltela.pt\/s.01k8rhncp4jt1\/2026\/02\/img_920x518uu2026-02-09-09-48-24-2420480.jpg\",\"keywords\":[\"CMTV\",\"comunica\u00e7\u00e3o social\",\"elei\u00e7\u00f5es\",\"imprensa\",\"Intercampus\",\"not\u00edcia\"],\"articleSection\":[\"Not\u00edcias\"],\"inLanguage\":\"pt-PT\"},{\"@type\":\"WebPage\",\"@id\":\"https:\/\/portaltela.pt\/noticias\/2026\/02\/09\/cmtv-lidera-a-segunda-volta-com-os-11-programas-mais-vistos\/\",\"url\":\"https:\/\/portaltela.pt\/noticias\/2026\/02\/09\/cmtv-lidera-a-segunda-volta-com-os-11-programas-mais-vistos\/\",\"name\":\"CMTV lidera a segunda volta com os 11 programas mais vistos - Portal Tela Portugal\",\"isPartOf\":{\"@id\":\"https:\/\/portaltela.pt\/#website\"},\"primaryImageOfPage\":{\"@id\":\"https:\/\/portaltela.pt\/noticias\/2026\/02\/09\/cmtv-lidera-a-segunda-volta-com-os-11-programas-mais-vistos\/#primaryimage\"},\"image\":{\"@id\":\"https:\/\/portaltela.pt\/noticias\/2026\/02\/09\/cmtv-lidera-a-segunda-volta-com-os-11-programas-mais-vistos\/#primaryimage\"},\"thumbnailUrl\":\"https:\/\/portaltela.pt\/s.01k8rhncp4jt1\/2026\/02\/img_920x518uu2026-02-09-09-48-24-2420480.jpg\",\"datePublished\":\"2026-02-09T09:48:44+00:00\",\"author\":{\"@id\":\"https:\/\/portaltela.pt\/#\/schema\/person\/c4278d4a6028830caff9ee44b42d32ed\"},\"breadcrumb\":{\"@id\":\"https:\/\/portaltela.pt\/noticias\/2026\/02\/09\/cmtv-lidera-a-segunda-volta-com-os-11-programas-mais-vistos\/#breadcrumb\"},\"inLanguage\":\"pt-PT\",\"potentialAction\":[{\"@type\":\"ReadAction\",\"target\":[\"https:\/\/portaltela.pt\/noticias\/2026\/02\/09\/cmtv-lidera-a-segunda-volta-com-os-11-programas-mais-vistos\/\"]}]},{\"@type\":\"ImageObject\",\"inLanguage\":\"pt-PT\",\"@id\":\"https:\/\/portaltela.pt\/noticias\/2026\/02\/09\/cmtv-lidera-a-segunda-volta-com-os-11-programas-mais-vistos\/#primaryimage\",\"url\":\"https:\/\/portaltela.pt\/s.01k8rhncp4jt1\/2026\/02\/img_920x518uu2026-02-09-09-48-24-2420480.jpg\",\"contentUrl\":\"https:\/\/portaltela.pt\/s.01k8rhncp4jt1\/2026\/02\/img_920x518uu2026-02-09-09-48-24-2420480.jpg\",\"width\":796,\"height\":448,\"caption\":\"Proje\u00e7\u00e3o \u00e0 boca das urnas CMTV\/Intercampus: Ant\u00f3nio Jos\u00e9 Seguro e Andr\u00e9 Ventura\"},{\"@type\":\"BreadcrumbList\",\"@id\":\"https:\/\/portaltela.pt\/noticias\/2026\/02\/09\/cmtv-lidera-a-segunda-volta-com-os-11-programas-mais-vistos\/#breadcrumb\",\"itemListElement\":[{\"@type\":\"ListItem\",\"position\":1,\"name\":\"In\u00edcio\",\"item\":\"https:\/\/portaltela.pt\/\"},{\"@type\":\"ListItem\",\"position\":2,\"name\":\"CMTV lidera a segunda volta com os 11 programas mais vistos\"}]},{\"@type\":\"WebSite\",\"@id\":\"https:\/\/portaltela.pt\/#website\",\"url\":\"https:\/\/portaltela.pt\/\",\"name\":\"Portal Tela Portugal\",\"description\":\"\",\"potentialAction\":[{\"@type\":\"SearchAction\",\"target\":{\"@type\":\"EntryPoint\",\"urlTemplate\":\"https:\/\/portaltela.pt\/?s={search_term_string}\"},\"query-input\":{\"@type\":\"PropertyValueSpecification\",\"valueRequired\":true,\"valueName\":\"search_term_string\"}}],\"inLanguage\":\"pt-PT\"},{\"@type\":\"Person\",\"@id\":\"https:\/\/portaltela.pt\/#\/schema\/person\/c4278d4a6028830caff9ee44b42d32ed\",\"name\":\"Telinha\",\"image\":{\"@type\":\"ImageObject\",\"inLanguage\":\"pt-PT\",\"@id\":\"https:\/\/portaltela.pt\/s.01k8rhncp4jt1\/2025\/11\/talking-bot-125x125.png\",\"url\":\"https:\/\/portaltela.pt\/s.01k8rhncp4jt1\/2025\/11\/talking-bot-125x125.png\",\"contentUrl\":\"https:\/\/portaltela.pt\/s.01k8rhncp4jt1\/2025\/11\/talking-bot-125x125.png\",\"caption\":\"Telinha\"},\"sameAs\":[\"https:\/\/portaltela.pt\/\"],\"url\":\"https:\/\/portaltela.pt\/por\/367410592786\/\"}]}<\/script>\n<!-- \/ Yoast SEO plugin. -->","yoast_head_json":{"title":"CMTV lidera a segunda volta com os 11 programas mais vistos - Portal Tela Portugal","robots":{"index":"index","follow":"follow","max-snippet":"max-snippet:-1","max-image-preview":"max-image-preview:large","max-video-preview":"max-video-preview:-1"},"og_locale":"pt_PT","og_type":"article","og_title":"CMTV lidera a segunda volta com os 11 programas mais vistos - Portal Tela Portugal","og_description":"A CMTV liderou o consumo de cabo na segunda volta das elei\u00e7\u00f5es presidenciais, com 173.300 espectadores em m\u00e9dia por minuto e 6,6% de share. Os 11 programas mais vistos do cabo foram da CMTV, liderando com o Grande Jornal da Noite. Quinze dos 20 formatos mais vistos eram da CMTV, incluindo todos os conte\u00fados de acompanhamento das elei\u00e7\u00f5es. A esta\u00e7\u00e3o realizou uma mega-emiss\u00e3o com os seus pivots principais, com diretos das sedes de campanha e dos partidos; a proje\u00e7\u00e3o \u00e0 boca de urna, da Intercampus, foi a \u00fanica a acertar. A CMTV continua dispon\u00edvel em todas as plataformas de cabo (canal 8); n\u00e3o est\u00e1 ainda na televis\u00e3o terrestre digital; os dados s\u00e3o da GFK.","og_url":"https:\/\/portaltela.pt\/noticias\/2026\/02\/09\/cmtv-lidera-a-segunda-volta-com-os-11-programas-mais-vistos\/","og_site_name":"Portal Tela Portugal","article_published_time":"2026-02-09T09:48:44+00:00","author":"Telinha","twitter_card":"summary_large_image","twitter_misc":{"Escrito por":"Telinha","Tempo estimado de leitura":"1 minuto"},"schema":{"@context":"https:\/\/schema.org","@graph":[{"@type":"Article","@id":"https:\/\/portaltela.pt\/noticias\/2026\/02\/09\/cmtv-lidera-a-segunda-volta-com-os-11-programas-mais-vistos\/#article","isPartOf":{"@id":"https:\/\/portaltela.pt\/noticias\/2026\/02\/09\/cmtv-lidera-a-segunda-volta-com-os-11-programas-mais-vistos\/"},"author":{"name":"Telinha","@id":"https:\/\/portaltela.pt\/#\/schema\/person\/c4278d4a6028830caff9ee44b42d32ed"},"headline":"CMTV lidera a segunda volta com os 11 programas mais vistos","datePublished":"2026-02-09T09:48:44+00:00","mainEntityOfPage":{"@id":"https:\/\/portaltela.pt\/noticias\/2026\/02\/09\/cmtv-lidera-a-segunda-volta-com-os-11-programas-mais-vistos\/"},"wordCount":149,"image":{"@id":"https:\/\/portaltela.pt\/noticias\/2026\/02\/09\/cmtv-lidera-a-segunda-volta-com-os-11-programas-mais-vistos\/#primaryimage"},"thumbnailUrl":"https:\/\/portaltela.pt\/s.01k8rhncp4jt1\/2026\/02\/img_920x518uu2026-02-09-09-48-24-2420480.jpg","keywords":["CMTV","comunica\u00e7\u00e3o social","elei\u00e7\u00f5es","imprensa","Intercampus","not\u00edcia"],"articleSection":["Not\u00edcias"],"inLanguage":"pt-PT"},{"@type":"WebPage","@id":"https:\/\/portaltela.pt\/noticias\/2026\/02\/09\/cmtv-lidera-a-segunda-volta-com-os-11-programas-mais-vistos\/","url":"https:\/\/portaltela.pt\/noticias\/2026\/02\/09\/cmtv-lidera-a-segunda-volta-com-os-11-programas-mais-vistos\/","name":"CMTV lidera a segunda volta com os 11 programas mais vistos - Portal Tela Portugal","isPartOf":{"@id":"https:\/\/portaltela.pt\/#website"},"primaryImageOfPage":{"@id":"https:\/\/portaltela.pt\/noticias\/2026\/02\/09\/cmtv-lidera-a-segunda-volta-com-os-11-programas-mais-vistos\/#primaryimage"},"image":{"@id":"https:\/\/portaltela.pt\/noticias\/2026\/02\/09\/cmtv-lidera-a-segunda-volta-com-os-11-programas-mais-vistos\/#primaryimage"},"thumbnailUrl":"https:\/\/portaltela.pt\/s.01k8rhncp4jt1\/2026\/02\/img_920x518uu2026-02-09-09-48-24-2420480.jpg","datePublished":"2026-02-09T09:48:44+00:00","author":{"@id":"https:\/\/portaltela.pt\/#\/schema\/person\/c4278d4a6028830caff9ee44b42d32ed"},"breadcrumb":{"@id":"https:\/\/portaltela.pt\/noticias\/2026\/02\/09\/cmtv-lidera-a-segunda-volta-com-os-11-programas-mais-vistos\/#breadcrumb"},"inLanguage":"pt-PT","potentialAction":[{"@type":"ReadAction","target":["https:\/\/portaltela.pt\/noticias\/2026\/02\/09\/cmtv-lidera-a-segunda-volta-com-os-11-programas-mais-vistos\/"]}]},{"@type":"ImageObject","inLanguage":"pt-PT","@id":"https:\/\/portaltela.pt\/noticias\/2026\/02\/09\/cmtv-lidera-a-segunda-volta-com-os-11-programas-mais-vistos\/#primaryimage","url":"https:\/\/portaltela.pt\/s.01k8rhncp4jt1\/2026\/02\/img_920x518uu2026-02-09-09-48-24-2420480.jpg","contentUrl":"https:\/\/portaltela.pt\/s.01k8rhncp4jt1\/2026\/02\/img_920x518uu2026-02-09-09-48-24-2420480.jpg","width":796,"height":448,"caption":"Proje\u00e7\u00e3o \u00e0 boca das urnas CMTV\/Intercampus: Ant\u00f3nio Jos\u00e9 Seguro e Andr\u00e9 Ventura"},{"@type":"BreadcrumbList","@id":"https:\/\/portaltela.pt\/noticias\/2026\/02\/09\/cmtv-lidera-a-segunda-volta-com-os-11-programas-mais-vistos\/#breadcrumb","itemListElement":[{"@type":"ListItem","position":1,"name":"In\u00edcio","item":"https:\/\/portaltela.pt\/"},{"@type":"ListItem","position":2,"name":"CMTV lidera a segunda volta com os 11 programas mais vistos"}]},{"@type":"WebSite","@id":"https:\/\/portaltela.pt\/#website","url":"https:\/\/portaltela.pt\/","name":"Portal Tela Portugal","description":"","potentialAction":[{"@type":"SearchAction","target":{"@type":"EntryPoint","urlTemplate":"https:\/\/portaltela.pt\/?s={search_term_string}"},"query-input":{"@type":"PropertyValueSpecification","valueRequired":true,"valueName":"search_term_string"}}],"inLanguage":"pt-PT"},{"@type":"Person","@id":"https:\/\/portaltela.pt\/#\/schema\/person\/c4278d4a6028830caff9ee44b42d32ed","name":"Telinha","image":{"@type":"ImageObject","inLanguage":"pt-PT","@id":"https:\/\/portaltela.pt\/s.01k8rhncp4jt1\/2025\/11\/talking-bot-125x125.png","url":"https:\/\/portaltela.pt\/s.01k8rhncp4jt1\/2025\/11\/talking-bot-125x125.png","contentUrl":"https:\/\/portaltela.pt\/s.01k8rhncp4jt1\/2025\/11\/talking-bot-125x125.png","caption":"Telinha"},"sameAs":["https:\/\/portaltela.pt\/"],"url":"https:\/\/portaltela.pt\/por\/367410592786\/"}]}},"_links":{"self":[{"href":"https:\/\/portaltela.pt\/api\/wp\/v2\/posts\/205084","targetHints":{"allow":["GET"]}}],"collection":[{"href":"https:\/\/portaltela.pt\/api\/wp\/v2\/posts"}],"about":[{"href":"https:\/\/portaltela.pt\/api\/wp\/v2\/types\/post"}],"author":[{"embeddable":true,"href":"https:\/\/portaltela.pt\/api\/wp\/v2\/users\/2"}],"replies":[{"embeddable":true,"href":"https:\/\/portaltela.pt\/api\/wp\/v2\/comments?post=205084"}],"version-history":[{"count":0,"href":"https:\/\/portaltela.pt\/api\/wp\/v2\/posts\/205084\/revisions"}],"wp:featuredmedia":[{"embeddable":true,"href":"https:\/\/portaltela.pt\/api\/wp\/v2\/media\/205085"}],"wp:attachment":[{"href":"https:\/\/portaltela.pt\/api\/wp\/v2\/media?parent=205084"}],"wp:term":[{"taxonomy":"category","embeddable":true,"href":"https:\/\/portaltela.pt\/api\/wp\/v2\/categories?post=205084"},{"taxonomy":"post_tag","embeddable":true,"href":"https:\/\/portaltela.pt\/api\/wp\/v2\/tags?post=205084"}],"curies":[{"name":"wp","href":"https:\/\/api.w.org\/{rel}","templated":true}]}}