{"id":205055,"date":"2026-02-09T06:28:11","date_gmt":"2026-02-09T09:28:11","guid":{"rendered":"https:\/\/portaltela.pt\/noticias\/2026\/02\/09\/imagens-do-super-bowl-de-lady-gaga-a-bad-bunny-marcam-evento\/"},"modified":"2026-02-09T06:28:11","modified_gmt":"2026-02-09T09:28:11","slug":"imagens-do-super-bowl-de-lady-gaga-a-bad-bunny-marcam-evento","status":"publish","type":"post","link":"https:\/\/portaltela.pt\/noticias\/2026\/02\/09\/imagens-do-super-bowl-de-lady-gaga-a-bad-bunny-marcam-evento\/","title":{"rendered":"Imagens do Super Bowl: de Lady Gaga a Bad Bunny marcam evento"},"content":{"rendered":"<p>O Super Bowl realizou-se no Levi&#8217;s Stadium, em Calif\u00f3rnia, com casa cheia e atmosfera intensa. Entre nomes de alto gabarito, destacaram-se Bad Bunny, Lady Gaga e Ricky Martin. O evento contou com um espect\u00e1culo de grande impacto cultural, marcado pela presen\u00e7a latina.<\/p>\n<p>Bad Bunny abriu espa\u00e7o para a cultura latina, performando em espanhol pela primeira vez num intervalo de um Super Bowl. O show foi acompanhado por efusivos aplausos e gerou uma diversidade de rea\u00e7\u00f5es entre o p\u00fablico presente e nas redes.<\/p>\n<p>Lady Gaga e Ricky Martin tamb\u00e9m estiveram entre os protagonistas da noite, contribuindo para uma apresenta\u00e7\u00e3o multi-geracional. O Levi&#8217;s Stadium encheu-se de f\u00e3s que acompanharam cada momento do espect\u00e1culo e das coreografias.<\/p>\n<h3>Desempenho e Rea\u00e7\u00e3o<\/h3>\n<p>O espet\u00e1culo de Bad Bunny gerou debates sobre o uso do espanhol no palcos norte-americanos, destacando a import\u00e2ncia da representatividade. A produ\u00e7\u00e3o incluiu elementos visuais e aeronaves que marcaram a apresenta\u00e7\u00e3o.<\/p>\n<p>O evento manteve o foco no entretenimento, com performances que atra\u00edram f\u00e3s de diferentes gera\u00e7\u00f5es. A rece\u00e7\u00e3o geral situou-se entre entusi\u00e1stica e cr\u00edtica, sem afetar a visibilidade de outros artistas da noite.<\/p>\n","protected":false},"excerpt":{"rendered":"<ul>\n<li>O Super Bowl decorreu no Levi&#8217;s Stadium, na Calif\u00f3rnia, com casa cheia de f\u00e3s.<\/li>\n<li>Bad Bunny destacou-se no intervalo, tornando-se no primeiro artista a atuar totalmente em espanhol no evento.<\/li>\n<li>Lady Gaga tamb\u00e9m foi uma das protagonistas da noite, acompanhada por Ricky Martin, entre outros artistas.<\/li>\n<li>O espet\u00e1culo incluiu ainda um show de aeronaves durante a noite no est\u00e1dio.<\/li>\n<li>As imagens da atua\u00e7\u00e3o de Bad Bunny, de Lady Gaga e do est\u00e1dio lotado foram destaque da cobertura.<\/li>\n<\/ul>\n","protected":false},"author":2,"featured_media":205057,"comment_status":"closed","ping_status":"closed","sticky":false,"template":"","format":"standard","meta":{"footnotes":""},"categories":[12,1],"tags":[4291,145,2116,1600,5244,122],"class_list":["post-205055","post","type-post","status-publish","format-standard","has-post-thumbnail","hentry","category-entretenimento","category-noticias","tag-bad-bunny","tag-cultura","tag-espetaculos","tag-estados-unidos","tag-latinas","tag-musica"],"yoast_head":"<!-- This site is optimized with the Yoast SEO plugin v27.2 - https:\/\/yoast.com\/product\/yoast-seo-wordpress\/ -->\n<title>Imagens do Super Bowl: de Lady Gaga a Bad Bunny marcam evento - Portal Tela Portugal<\/title>\n<meta name=\"robots\" content=\"index, follow, max-snippet:-1, max-image-preview:large, max-video-preview:-1\" \/>\n<meta property=\"og:locale\" content=\"pt_PT\" \/>\n<meta property=\"og:type\" content=\"article\" \/>\n<meta property=\"og:title\" content=\"Imagens do Super Bowl: de Lady Gaga a Bad Bunny marcam evento - Portal Tela Portugal\" \/>\n<meta property=\"og:description\" content=\"O Super Bowl decorreu no Levi&#039;s Stadium, na Calif\u00f3rnia, com casa cheia de f\u00e3s. Bad Bunny destacou-se no intervalo, tornando-se no primeiro artista a atuar totalmente em espanhol no evento. Lady Gaga tamb\u00e9m foi uma das protagonistas da noite, acompanhada por Ricky Martin, entre outros artistas. O espet\u00e1culo incluiu ainda um show de aeronaves durante a noite no est\u00e1dio. As imagens da atua\u00e7\u00e3o de Bad Bunny, de Lady Gaga e do est\u00e1dio lotado foram destaque da cobertura.\" \/>\n<meta property=\"og:url\" content=\"https:\/\/portaltela.pt\/noticias\/2026\/02\/09\/imagens-do-super-bowl-de-lady-gaga-a-bad-bunny-marcam-evento\/\" \/>\n<meta property=\"og:site_name\" content=\"Portal Tela Portugal\" \/>\n<meta property=\"article:published_time\" content=\"2026-02-09T09:28:11+00:00\" \/>\n<meta name=\"author\" content=\"Telinha\" \/>\n<meta name=\"twitter:card\" content=\"summary_large_image\" \/>\n<meta name=\"twitter:label1\" content=\"Escrito por\" \/>\n\t<meta name=\"twitter:data1\" content=\"Telinha\" \/>\n\t<meta name=\"twitter:label2\" content=\"Tempo estimado de leitura\" \/>\n\t<meta name=\"twitter:data2\" content=\"1 minuto\" \/>\n<script type=\"application\/ld+json\" class=\"yoast-schema-graph\">{\"@context\":\"https:\/\/schema.org\",\"@graph\":[{\"@type\":\"Article\",\"@id\":\"https:\/\/portaltela.pt\/noticias\/2026\/02\/09\/imagens-do-super-bowl-de-lady-gaga-a-bad-bunny-marcam-evento\/#article\",\"isPartOf\":{\"@id\":\"https:\/\/portaltela.pt\/noticias\/2026\/02\/09\/imagens-do-super-bowl-de-lady-gaga-a-bad-bunny-marcam-evento\/\"},\"author\":{\"name\":\"Telinha\",\"@id\":\"https:\/\/portaltela.pt\/#\/schema\/person\/c4278d4a6028830caff9ee44b42d32ed\"},\"headline\":\"Imagens do Super Bowl: de Lady Gaga a Bad Bunny marcam evento\",\"datePublished\":\"2026-02-09T09:28:11+00:00\",\"mainEntityOfPage\":{\"@id\":\"https:\/\/portaltela.pt\/noticias\/2026\/02\/09\/imagens-do-super-bowl-de-lady-gaga-a-bad-bunny-marcam-evento\/\"},\"wordCount\":215,\"image\":{\"@id\":\"https:\/\/portaltela.pt\/noticias\/2026\/02\/09\/imagens-do-super-bowl-de-lady-gaga-a-bad-bunny-marcam-evento\/#primaryimage\"},\"thumbnailUrl\":\"https:\/\/portaltela.pt\/s.01k8rhncp4jt1\/2026\/02\/img_1200x721uu2026-02-09-09-16-45-2420474-im-639062254880128416.jpg\",\"keywords\":[\"Bad Bunny\",\"cultura\",\"espet\u00e1culos\",\"Estados Unidos\",\"Latinas\",\"m\u00fasica\"],\"articleSection\":[\"Entretenimento\",\"Not\u00edcias\"],\"inLanguage\":\"pt-PT\"},{\"@type\":\"WebPage\",\"@id\":\"https:\/\/portaltela.pt\/noticias\/2026\/02\/09\/imagens-do-super-bowl-de-lady-gaga-a-bad-bunny-marcam-evento\/\",\"url\":\"https:\/\/portaltela.pt\/noticias\/2026\/02\/09\/imagens-do-super-bowl-de-lady-gaga-a-bad-bunny-marcam-evento\/\",\"name\":\"Imagens do Super Bowl: de Lady Gaga a Bad Bunny marcam evento - Portal Tela Portugal\",\"isPartOf\":{\"@id\":\"https:\/\/portaltela.pt\/#website\"},\"primaryImageOfPage\":{\"@id\":\"https:\/\/portaltela.pt\/noticias\/2026\/02\/09\/imagens-do-super-bowl-de-lady-gaga-a-bad-bunny-marcam-evento\/#primaryimage\"},\"image\":{\"@id\":\"https:\/\/portaltela.pt\/noticias\/2026\/02\/09\/imagens-do-super-bowl-de-lady-gaga-a-bad-bunny-marcam-evento\/#primaryimage\"},\"thumbnailUrl\":\"https:\/\/portaltela.pt\/s.01k8rhncp4jt1\/2026\/02\/img_1200x721uu2026-02-09-09-16-45-2420474-im-639062254880128416.jpg\",\"datePublished\":\"2026-02-09T09:28:11+00:00\",\"author\":{\"@id\":\"https:\/\/portaltela.pt\/#\/schema\/person\/c4278d4a6028830caff9ee44b42d32ed\"},\"breadcrumb\":{\"@id\":\"https:\/\/portaltela.pt\/noticias\/2026\/02\/09\/imagens-do-super-bowl-de-lady-gaga-a-bad-bunny-marcam-evento\/#breadcrumb\"},\"inLanguage\":\"pt-PT\",\"potentialAction\":[{\"@type\":\"ReadAction\",\"target\":[\"https:\/\/portaltela.pt\/noticias\/2026\/02\/09\/imagens-do-super-bowl-de-lady-gaga-a-bad-bunny-marcam-evento\/\"]}]},{\"@type\":\"ImageObject\",\"inLanguage\":\"pt-PT\",\"@id\":\"https:\/\/portaltela.pt\/noticias\/2026\/02\/09\/imagens-do-super-bowl-de-lady-gaga-a-bad-bunny-marcam-evento\/#primaryimage\",\"url\":\"https:\/\/portaltela.pt\/s.01k8rhncp4jt1\/2026\/02\/img_1200x721uu2026-02-09-09-16-45-2420474-im-639062254880128416.jpg\",\"contentUrl\":\"https:\/\/portaltela.pt\/s.01k8rhncp4jt1\/2026\/02\/img_1200x721uu2026-02-09-09-16-45-2420474-im-639062254880128416.jpg\",\"width\":796,\"height\":448,\"caption\":\"Bad Bunny e Lady Gaga foram dois dos protagonistas da noite\"},{\"@type\":\"BreadcrumbList\",\"@id\":\"https:\/\/portaltela.pt\/noticias\/2026\/02\/09\/imagens-do-super-bowl-de-lady-gaga-a-bad-bunny-marcam-evento\/#breadcrumb\",\"itemListElement\":[{\"@type\":\"ListItem\",\"position\":1,\"name\":\"In\u00edcio\",\"item\":\"https:\/\/portaltela.pt\/\"},{\"@type\":\"ListItem\",\"position\":2,\"name\":\"Imagens do Super Bowl: de Lady Gaga a Bad Bunny marcam evento\"}]},{\"@type\":\"WebSite\",\"@id\":\"https:\/\/portaltela.pt\/#website\",\"url\":\"https:\/\/portaltela.pt\/\",\"name\":\"Portal Tela Portugal\",\"description\":\"\",\"potentialAction\":[{\"@type\":\"SearchAction\",\"target\":{\"@type\":\"EntryPoint\",\"urlTemplate\":\"https:\/\/portaltela.pt\/?s={search_term_string}\"},\"query-input\":{\"@type\":\"PropertyValueSpecification\",\"valueRequired\":true,\"valueName\":\"search_term_string\"}}],\"inLanguage\":\"pt-PT\"},{\"@type\":\"Person\",\"@id\":\"https:\/\/portaltela.pt\/#\/schema\/person\/c4278d4a6028830caff9ee44b42d32ed\",\"name\":\"Telinha\",\"image\":{\"@type\":\"ImageObject\",\"inLanguage\":\"pt-PT\",\"@id\":\"https:\/\/portaltela.pt\/s.01k8rhncp4jt1\/2025\/11\/talking-bot-125x125.png\",\"url\":\"https:\/\/portaltela.pt\/s.01k8rhncp4jt1\/2025\/11\/talking-bot-125x125.png\",\"contentUrl\":\"https:\/\/portaltela.pt\/s.01k8rhncp4jt1\/2025\/11\/talking-bot-125x125.png\",\"caption\":\"Telinha\"},\"sameAs\":[\"https:\/\/portaltela.pt\/\"],\"url\":\"https:\/\/portaltela.pt\/por\/367410592786\/\"}]}<\/script>\n<!-- \/ Yoast SEO plugin. -->","yoast_head_json":{"title":"Imagens do Super Bowl: de Lady Gaga a Bad Bunny marcam evento - Portal Tela Portugal","robots":{"index":"index","follow":"follow","max-snippet":"max-snippet:-1","max-image-preview":"max-image-preview:large","max-video-preview":"max-video-preview:-1"},"og_locale":"pt_PT","og_type":"article","og_title":"Imagens do Super Bowl: de Lady Gaga a Bad Bunny marcam evento - Portal Tela Portugal","og_description":"O Super Bowl decorreu no Levi's Stadium, na Calif\u00f3rnia, com casa cheia de f\u00e3s. Bad Bunny destacou-se no intervalo, tornando-se no primeiro artista a atuar totalmente em espanhol no evento. Lady Gaga tamb\u00e9m foi uma das protagonistas da noite, acompanhada por Ricky Martin, entre outros artistas. O espet\u00e1culo incluiu ainda um show de aeronaves durante a noite no est\u00e1dio. As imagens da atua\u00e7\u00e3o de Bad Bunny, de Lady Gaga e do est\u00e1dio lotado foram destaque da cobertura.","og_url":"https:\/\/portaltela.pt\/noticias\/2026\/02\/09\/imagens-do-super-bowl-de-lady-gaga-a-bad-bunny-marcam-evento\/","og_site_name":"Portal Tela Portugal","article_published_time":"2026-02-09T09:28:11+00:00","author":"Telinha","twitter_card":"summary_large_image","twitter_misc":{"Escrito por":"Telinha","Tempo estimado de leitura":"1 minuto"},"schema":{"@context":"https:\/\/schema.org","@graph":[{"@type":"Article","@id":"https:\/\/portaltela.pt\/noticias\/2026\/02\/09\/imagens-do-super-bowl-de-lady-gaga-a-bad-bunny-marcam-evento\/#article","isPartOf":{"@id":"https:\/\/portaltela.pt\/noticias\/2026\/02\/09\/imagens-do-super-bowl-de-lady-gaga-a-bad-bunny-marcam-evento\/"},"author":{"name":"Telinha","@id":"https:\/\/portaltela.pt\/#\/schema\/person\/c4278d4a6028830caff9ee44b42d32ed"},"headline":"Imagens do Super Bowl: de Lady Gaga a Bad Bunny marcam evento","datePublished":"2026-02-09T09:28:11+00:00","mainEntityOfPage":{"@id":"https:\/\/portaltela.pt\/noticias\/2026\/02\/09\/imagens-do-super-bowl-de-lady-gaga-a-bad-bunny-marcam-evento\/"},"wordCount":215,"image":{"@id":"https:\/\/portaltela.pt\/noticias\/2026\/02\/09\/imagens-do-super-bowl-de-lady-gaga-a-bad-bunny-marcam-evento\/#primaryimage"},"thumbnailUrl":"https:\/\/portaltela.pt\/s.01k8rhncp4jt1\/2026\/02\/img_1200x721uu2026-02-09-09-16-45-2420474-im-639062254880128416.jpg","keywords":["Bad Bunny","cultura","espet\u00e1culos","Estados Unidos","Latinas","m\u00fasica"],"articleSection":["Entretenimento","Not\u00edcias"],"inLanguage":"pt-PT"},{"@type":"WebPage","@id":"https:\/\/portaltela.pt\/noticias\/2026\/02\/09\/imagens-do-super-bowl-de-lady-gaga-a-bad-bunny-marcam-evento\/","url":"https:\/\/portaltela.pt\/noticias\/2026\/02\/09\/imagens-do-super-bowl-de-lady-gaga-a-bad-bunny-marcam-evento\/","name":"Imagens do Super Bowl: de Lady Gaga a Bad Bunny marcam evento - Portal Tela Portugal","isPartOf":{"@id":"https:\/\/portaltela.pt\/#website"},"primaryImageOfPage":{"@id":"https:\/\/portaltela.pt\/noticias\/2026\/02\/09\/imagens-do-super-bowl-de-lady-gaga-a-bad-bunny-marcam-evento\/#primaryimage"},"image":{"@id":"https:\/\/portaltela.pt\/noticias\/2026\/02\/09\/imagens-do-super-bowl-de-lady-gaga-a-bad-bunny-marcam-evento\/#primaryimage"},"thumbnailUrl":"https:\/\/portaltela.pt\/s.01k8rhncp4jt1\/2026\/02\/img_1200x721uu2026-02-09-09-16-45-2420474-im-639062254880128416.jpg","datePublished":"2026-02-09T09:28:11+00:00","author":{"@id":"https:\/\/portaltela.pt\/#\/schema\/person\/c4278d4a6028830caff9ee44b42d32ed"},"breadcrumb":{"@id":"https:\/\/portaltela.pt\/noticias\/2026\/02\/09\/imagens-do-super-bowl-de-lady-gaga-a-bad-bunny-marcam-evento\/#breadcrumb"},"inLanguage":"pt-PT","potentialAction":[{"@type":"ReadAction","target":["https:\/\/portaltela.pt\/noticias\/2026\/02\/09\/imagens-do-super-bowl-de-lady-gaga-a-bad-bunny-marcam-evento\/"]}]},{"@type":"ImageObject","inLanguage":"pt-PT","@id":"https:\/\/portaltela.pt\/noticias\/2026\/02\/09\/imagens-do-super-bowl-de-lady-gaga-a-bad-bunny-marcam-evento\/#primaryimage","url":"https:\/\/portaltela.pt\/s.01k8rhncp4jt1\/2026\/02\/img_1200x721uu2026-02-09-09-16-45-2420474-im-639062254880128416.jpg","contentUrl":"https:\/\/portaltela.pt\/s.01k8rhncp4jt1\/2026\/02\/img_1200x721uu2026-02-09-09-16-45-2420474-im-639062254880128416.jpg","width":796,"height":448,"caption":"Bad Bunny e Lady Gaga foram dois dos protagonistas da noite"},{"@type":"BreadcrumbList","@id":"https:\/\/portaltela.pt\/noticias\/2026\/02\/09\/imagens-do-super-bowl-de-lady-gaga-a-bad-bunny-marcam-evento\/#breadcrumb","itemListElement":[{"@type":"ListItem","position":1,"name":"In\u00edcio","item":"https:\/\/portaltela.pt\/"},{"@type":"ListItem","position":2,"name":"Imagens do Super Bowl: de Lady Gaga a Bad Bunny marcam evento"}]},{"@type":"WebSite","@id":"https:\/\/portaltela.pt\/#website","url":"https:\/\/portaltela.pt\/","name":"Portal Tela Portugal","description":"","potentialAction":[{"@type":"SearchAction","target":{"@type":"EntryPoint","urlTemplate":"https:\/\/portaltela.pt\/?s={search_term_string}"},"query-input":{"@type":"PropertyValueSpecification","valueRequired":true,"valueName":"search_term_string"}}],"inLanguage":"pt-PT"},{"@type":"Person","@id":"https:\/\/portaltela.pt\/#\/schema\/person\/c4278d4a6028830caff9ee44b42d32ed","name":"Telinha","image":{"@type":"ImageObject","inLanguage":"pt-PT","@id":"https:\/\/portaltela.pt\/s.01k8rhncp4jt1\/2025\/11\/talking-bot-125x125.png","url":"https:\/\/portaltela.pt\/s.01k8rhncp4jt1\/2025\/11\/talking-bot-125x125.png","contentUrl":"https:\/\/portaltela.pt\/s.01k8rhncp4jt1\/2025\/11\/talking-bot-125x125.png","caption":"Telinha"},"sameAs":["https:\/\/portaltela.pt\/"],"url":"https:\/\/portaltela.pt\/por\/367410592786\/"}]}},"_links":{"self":[{"href":"https:\/\/portaltela.pt\/api\/wp\/v2\/posts\/205055","targetHints":{"allow":["GET"]}}],"collection":[{"href":"https:\/\/portaltela.pt\/api\/wp\/v2\/posts"}],"about":[{"href":"https:\/\/portaltela.pt\/api\/wp\/v2\/types\/post"}],"author":[{"embeddable":true,"href":"https:\/\/portaltela.pt\/api\/wp\/v2\/users\/2"}],"replies":[{"embeddable":true,"href":"https:\/\/portaltela.pt\/api\/wp\/v2\/comments?post=205055"}],"version-history":[{"count":0,"href":"https:\/\/portaltela.pt\/api\/wp\/v2\/posts\/205055\/revisions"}],"wp:featuredmedia":[{"embeddable":true,"href":"https:\/\/portaltela.pt\/api\/wp\/v2\/media\/205057"}],"wp:attachment":[{"href":"https:\/\/portaltela.pt\/api\/wp\/v2\/media?parent=205055"}],"wp:term":[{"taxonomy":"category","embeddable":true,"href":"https:\/\/portaltela.pt\/api\/wp\/v2\/categories?post=205055"},{"taxonomy":"post_tag","embeddable":true,"href":"https:\/\/portaltela.pt\/api\/wp\/v2\/tags?post=205055"}],"curies":[{"name":"wp","href":"https:\/\/api.w.org\/{rel}","templated":true}]}}