{"id":205008,"date":"2026-02-09T05:51:31","date_gmt":"2026-02-09T08:51:31","guid":{"rendered":"https:\/\/portaltela.pt\/noticias\/2026\/02\/09\/indigenas-em-debate-sobre-direitos-e-preservacao-cultural\/"},"modified":"2026-02-09T05:51:31","modified_gmt":"2026-02-09T08:51:31","slug":"indigenas-em-debate-sobre-direitos-e-preservacao-cultural","status":"publish","type":"post","link":"https:\/\/portaltela.pt\/noticias\/2026\/02\/09\/indigenas-em-debate-sobre-direitos-e-preservacao-cultural\/","title":{"rendered":"Ind\u00edgenas em debate sobre direitos e preserva\u00e7\u00e3o cultural"},"content":{"rendered":"<p>Os guardi\u00f5es das sementes da Amaz\u00f3nia s\u00e3o o centro de uma reportagem sobre a prote\u00e7\u00e3o da biodiversidade pelas comunidades ind\u00edgenas. A pe\u00e7a descreve como estas popula\u00e7\u00f5es preservam recursos gen\u00e9ticos essenciais para a alimenta\u00e7\u00e3o e a resili\u00eancia dos ecossistemas regionais. A imagem associada mostra a pr\u00e1tica de saber tradicional no Equador, num momento de demonstra\u00e7\u00e3o cultural.<\/p>\n<p>Quem est\u00e1 envolvido s\u00e3o povos ind\u00edgenas da Amaz\u00f3nia, com exemplos como Ramon Pucha, que aparece na descri\u00e7\u00e3o da foto a ilustrar t\u00e9cnicas locais de conserva\u00e7\u00e3o. O foco est\u00e1 na forma como estas comunidades mant\u00eam vivas sementes locais e variedades adaptadas ao clima da regi\u00e3o.<\/p>\n<p>Quando e onde ocorreu o epis\u00f3dio mostrado: em Alto Ila, na regi\u00e3o amaz\u00f3nica do Equador, com data associada de 3 de fevereiro de 2026. O evento, descrito pela Euronews, sublinha a import\u00e2ncia de manter os bancos de sementes existentes entre as comunidades para a seguran\u00e7a alimentar.<\/p>\n<p>Por qu\u00ea \u00e9 relevante: al\u00e9m de preservar diversidade gen\u00e9tica, a pr\u00e1tica fortalece a autonomia alimentar das comunidades e a resist\u00eancia a pragas e altera\u00e7\u00f5es clim\u00e1ticas. A reportagem destaca ainda o papel cultural e ambiental das tradi\u00e7\u00f5es que acompanham a guarda dessas sementes.<\/p>\n","protected":false},"excerpt":{"rendered":"<ul>\n<li>Ind\u00edgenas s\u00e3o apresentados como guardi\u00f5es das sementes da Amaz\u00f3nia.<\/li>\n<li>O foco fica na regi\u00e3o amaz\u00f3nica do Equador, em Alto Ila.<\/li>\n<li>A mat\u00e9ria mostra Ramon Pucha a transformar uma folha num chap\u00e9u de sol.<\/li>\n<li>A imagem est\u00e1 datada de 3 de fevereiro de 2026, numa ter\u00e7a-feira.<\/li>\n<li>O tema est\u00e1 inserido na sec\u00e7\u00e3o Ind\u00edgenas, com liga\u00e7\u00e3o para conhecer mais sobre o assunto.<\/li>\n<\/ul>\n","protected":false},"author":2,"featured_media":205009,"comment_status":"closed","ping_status":"closed","sticky":false,"template":"","format":"standard","meta":{"footnotes":""},"categories":[1],"tags":[179,4202,167,1701,1002,145],"class_list":["post-205008","post","type-post","status-publish","format-standard","has-post-thumbnail","hentry","category-noticias","tag-agricultura","tag-agroambiental","tag-ambiente","tag-biodiversidade","tag-conservacao-da-natureza-e-da-biodiversidade-incluindo-especies-prioritarias-e-vigilancia-ambiental","tag-cultura"],"yoast_head":"<!-- This site is optimized with the Yoast SEO plugin v27.2 - https:\/\/yoast.com\/product\/yoast-seo-wordpress\/ -->\n<title>Ind\u00edgenas em debate sobre direitos e preserva\u00e7\u00e3o cultural - Portal Tela Portugal<\/title>\n<meta name=\"robots\" content=\"index, follow, max-snippet:-1, max-image-preview:large, max-video-preview:-1\" \/>\n<meta property=\"og:locale\" content=\"pt_PT\" \/>\n<meta property=\"og:type\" content=\"article\" \/>\n<meta property=\"og:title\" content=\"Ind\u00edgenas em debate sobre direitos e preserva\u00e7\u00e3o cultural - Portal Tela Portugal\" \/>\n<meta property=\"og:description\" content=\"Ind\u00edgenas s\u00e3o apresentados como guardi\u00f5es das sementes da Amaz\u00f3nia. O foco fica na regi\u00e3o amaz\u00f3nica do Equador, em Alto Ila. A mat\u00e9ria mostra Ramon Pucha a transformar uma folha num chap\u00e9u de sol. A imagem est\u00e1 datada de 3 de fevereiro de 2026, numa ter\u00e7a-feira. O tema est\u00e1 inserido na sec\u00e7\u00e3o Ind\u00edgenas, com liga\u00e7\u00e3o para conhecer mais sobre o assunto.\" \/>\n<meta property=\"og:url\" content=\"https:\/\/portaltela.pt\/noticias\/2026\/02\/09\/indigenas-em-debate-sobre-direitos-e-preservacao-cultural\/\" \/>\n<meta property=\"og:site_name\" content=\"Portal Tela Portugal\" \/>\n<meta property=\"article:published_time\" content=\"2026-02-09T08:51:31+00:00\" \/>\n<meta name=\"author\" content=\"Telinha\" \/>\n<meta name=\"twitter:card\" content=\"summary_large_image\" \/>\n<meta name=\"twitter:label1\" content=\"Escrito por\" \/>\n\t<meta name=\"twitter:data1\" content=\"Telinha\" \/>\n\t<meta name=\"twitter:label2\" content=\"Tempo estimado de leitura\" \/>\n\t<meta name=\"twitter:data2\" content=\"1 minuto\" \/>\n<script type=\"application\/ld+json\" class=\"yoast-schema-graph\">{\"@context\":\"https:\/\/schema.org\",\"@graph\":[{\"@type\":\"Article\",\"@id\":\"https:\/\/portaltela.pt\/noticias\/2026\/02\/09\/indigenas-em-debate-sobre-direitos-e-preservacao-cultural\/#article\",\"isPartOf\":{\"@id\":\"https:\/\/portaltela.pt\/noticias\/2026\/02\/09\/indigenas-em-debate-sobre-direitos-e-preservacao-cultural\/\"},\"author\":{\"name\":\"Telinha\",\"@id\":\"https:\/\/portaltela.pt\/#\/schema\/person\/c4278d4a6028830caff9ee44b42d32ed\"},\"headline\":\"Ind\u00edgenas em debate sobre direitos e preserva\u00e7\u00e3o cultural\",\"datePublished\":\"2026-02-09T08:51:31+00:00\",\"mainEntityOfPage\":{\"@id\":\"https:\/\/portaltela.pt\/noticias\/2026\/02\/09\/indigenas-em-debate-sobre-direitos-e-preservacao-cultural\/\"},\"wordCount\":226,\"image\":{\"@id\":\"https:\/\/portaltela.pt\/noticias\/2026\/02\/09\/indigenas-em-debate-sobre-direitos-e-preservacao-cultural\/#primaryimage\"},\"thumbnailUrl\":\"https:\/\/portaltela.pt\/s.01k8rhncp4jt1\/2026\/02\/320x180_cmsv2_45a59709-399d-58e5-a8f6-a030da757273-9643317.jpg\",\"keywords\":[\"agricultura\",\"agroambiental\",\"ambiente\",\"biodiversidade\",\"conserva\u00e7\u00e3o da natureza e da biodiversidade, incluindo esp\u00e9cies priorit\u00e1rias e vigil\u00e2ncia ambiental\",\"cultura\"],\"articleSection\":[\"Not\u00edcias\"],\"inLanguage\":\"pt-PT\"},{\"@type\":\"WebPage\",\"@id\":\"https:\/\/portaltela.pt\/noticias\/2026\/02\/09\/indigenas-em-debate-sobre-direitos-e-preservacao-cultural\/\",\"url\":\"https:\/\/portaltela.pt\/noticias\/2026\/02\/09\/indigenas-em-debate-sobre-direitos-e-preservacao-cultural\/\",\"name\":\"Ind\u00edgenas em debate sobre direitos e preserva\u00e7\u00e3o cultural - Portal Tela Portugal\",\"isPartOf\":{\"@id\":\"https:\/\/portaltela.pt\/#website\"},\"primaryImageOfPage\":{\"@id\":\"https:\/\/portaltela.pt\/noticias\/2026\/02\/09\/indigenas-em-debate-sobre-direitos-e-preservacao-cultural\/#primaryimage\"},\"image\":{\"@id\":\"https:\/\/portaltela.pt\/noticias\/2026\/02\/09\/indigenas-em-debate-sobre-direitos-e-preservacao-cultural\/#primaryimage\"},\"thumbnailUrl\":\"https:\/\/portaltela.pt\/s.01k8rhncp4jt1\/2026\/02\/320x180_cmsv2_45a59709-399d-58e5-a8f6-a030da757273-9643317.jpg\",\"datePublished\":\"2026-02-09T08:51:31+00:00\",\"author\":{\"@id\":\"https:\/\/portaltela.pt\/#\/schema\/person\/c4278d4a6028830caff9ee44b42d32ed\"},\"breadcrumb\":{\"@id\":\"https:\/\/portaltela.pt\/noticias\/2026\/02\/09\/indigenas-em-debate-sobre-direitos-e-preservacao-cultural\/#breadcrumb\"},\"inLanguage\":\"pt-PT\",\"potentialAction\":[{\"@type\":\"ReadAction\",\"target\":[\"https:\/\/portaltela.pt\/noticias\/2026\/02\/09\/indigenas-em-debate-sobre-direitos-e-preservacao-cultural\/\"]}]},{\"@type\":\"ImageObject\",\"inLanguage\":\"pt-PT\",\"@id\":\"https:\/\/portaltela.pt\/noticias\/2026\/02\/09\/indigenas-em-debate-sobre-direitos-e-preservacao-cultural\/#primaryimage\",\"url\":\"https:\/\/portaltela.pt\/s.01k8rhncp4jt1\/2026\/02\/320x180_cmsv2_45a59709-399d-58e5-a8f6-a030da757273-9643317.jpg\",\"contentUrl\":\"https:\/\/portaltela.pt\/s.01k8rhncp4jt1\/2026\/02\/320x180_cmsv2_45a59709-399d-58e5-a8f6-a030da757273-9643317.jpg\",\"width\":796,\"height\":448,\"caption\":\"Ramon Pucha mostra como transformar uma folha num chap\u00e9u de sol na quinta da fam\u00edlia, em Alto Ila, na regi\u00e3o amaz\u00f3nica do Equador, ter\u00e7a-feira, 3 de fevereiro de 2026.\"},{\"@type\":\"BreadcrumbList\",\"@id\":\"https:\/\/portaltela.pt\/noticias\/2026\/02\/09\/indigenas-em-debate-sobre-direitos-e-preservacao-cultural\/#breadcrumb\",\"itemListElement\":[{\"@type\":\"ListItem\",\"position\":1,\"name\":\"In\u00edcio\",\"item\":\"https:\/\/portaltela.pt\/\"},{\"@type\":\"ListItem\",\"position\":2,\"name\":\"Ind\u00edgenas em debate sobre direitos e preserva\u00e7\u00e3o cultural\"}]},{\"@type\":\"WebSite\",\"@id\":\"https:\/\/portaltela.pt\/#website\",\"url\":\"https:\/\/portaltela.pt\/\",\"name\":\"Portal Tela Portugal\",\"description\":\"\",\"potentialAction\":[{\"@type\":\"SearchAction\",\"target\":{\"@type\":\"EntryPoint\",\"urlTemplate\":\"https:\/\/portaltela.pt\/?s={search_term_string}\"},\"query-input\":{\"@type\":\"PropertyValueSpecification\",\"valueRequired\":true,\"valueName\":\"search_term_string\"}}],\"inLanguage\":\"pt-PT\"},{\"@type\":\"Person\",\"@id\":\"https:\/\/portaltela.pt\/#\/schema\/person\/c4278d4a6028830caff9ee44b42d32ed\",\"name\":\"Telinha\",\"image\":{\"@type\":\"ImageObject\",\"inLanguage\":\"pt-PT\",\"@id\":\"https:\/\/portaltela.pt\/s.01k8rhncp4jt1\/2025\/11\/talking-bot-125x125.png\",\"url\":\"https:\/\/portaltela.pt\/s.01k8rhncp4jt1\/2025\/11\/talking-bot-125x125.png\",\"contentUrl\":\"https:\/\/portaltela.pt\/s.01k8rhncp4jt1\/2025\/11\/talking-bot-125x125.png\",\"caption\":\"Telinha\"},\"sameAs\":[\"https:\/\/portaltela.pt\/\"],\"url\":\"https:\/\/portaltela.pt\/por\/367410592786\/\"}]}<\/script>\n<!-- \/ Yoast SEO plugin. -->","yoast_head_json":{"title":"Ind\u00edgenas em debate sobre direitos e preserva\u00e7\u00e3o cultural - Portal Tela Portugal","robots":{"index":"index","follow":"follow","max-snippet":"max-snippet:-1","max-image-preview":"max-image-preview:large","max-video-preview":"max-video-preview:-1"},"og_locale":"pt_PT","og_type":"article","og_title":"Ind\u00edgenas em debate sobre direitos e preserva\u00e7\u00e3o cultural - Portal Tela Portugal","og_description":"Ind\u00edgenas s\u00e3o apresentados como guardi\u00f5es das sementes da Amaz\u00f3nia. O foco fica na regi\u00e3o amaz\u00f3nica do Equador, em Alto Ila. A mat\u00e9ria mostra Ramon Pucha a transformar uma folha num chap\u00e9u de sol. A imagem est\u00e1 datada de 3 de fevereiro de 2026, numa ter\u00e7a-feira. O tema est\u00e1 inserido na sec\u00e7\u00e3o Ind\u00edgenas, com liga\u00e7\u00e3o para conhecer mais sobre o assunto.","og_url":"https:\/\/portaltela.pt\/noticias\/2026\/02\/09\/indigenas-em-debate-sobre-direitos-e-preservacao-cultural\/","og_site_name":"Portal Tela Portugal","article_published_time":"2026-02-09T08:51:31+00:00","author":"Telinha","twitter_card":"summary_large_image","twitter_misc":{"Escrito por":"Telinha","Tempo estimado de leitura":"1 minuto"},"schema":{"@context":"https:\/\/schema.org","@graph":[{"@type":"Article","@id":"https:\/\/portaltela.pt\/noticias\/2026\/02\/09\/indigenas-em-debate-sobre-direitos-e-preservacao-cultural\/#article","isPartOf":{"@id":"https:\/\/portaltela.pt\/noticias\/2026\/02\/09\/indigenas-em-debate-sobre-direitos-e-preservacao-cultural\/"},"author":{"name":"Telinha","@id":"https:\/\/portaltela.pt\/#\/schema\/person\/c4278d4a6028830caff9ee44b42d32ed"},"headline":"Ind\u00edgenas em debate sobre direitos e preserva\u00e7\u00e3o cultural","datePublished":"2026-02-09T08:51:31+00:00","mainEntityOfPage":{"@id":"https:\/\/portaltela.pt\/noticias\/2026\/02\/09\/indigenas-em-debate-sobre-direitos-e-preservacao-cultural\/"},"wordCount":226,"image":{"@id":"https:\/\/portaltela.pt\/noticias\/2026\/02\/09\/indigenas-em-debate-sobre-direitos-e-preservacao-cultural\/#primaryimage"},"thumbnailUrl":"https:\/\/portaltela.pt\/s.01k8rhncp4jt1\/2026\/02\/320x180_cmsv2_45a59709-399d-58e5-a8f6-a030da757273-9643317.jpg","keywords":["agricultura","agroambiental","ambiente","biodiversidade","conserva\u00e7\u00e3o da natureza e da biodiversidade, incluindo esp\u00e9cies priorit\u00e1rias e vigil\u00e2ncia ambiental","cultura"],"articleSection":["Not\u00edcias"],"inLanguage":"pt-PT"},{"@type":"WebPage","@id":"https:\/\/portaltela.pt\/noticias\/2026\/02\/09\/indigenas-em-debate-sobre-direitos-e-preservacao-cultural\/","url":"https:\/\/portaltela.pt\/noticias\/2026\/02\/09\/indigenas-em-debate-sobre-direitos-e-preservacao-cultural\/","name":"Ind\u00edgenas em debate sobre direitos e preserva\u00e7\u00e3o cultural - Portal Tela Portugal","isPartOf":{"@id":"https:\/\/portaltela.pt\/#website"},"primaryImageOfPage":{"@id":"https:\/\/portaltela.pt\/noticias\/2026\/02\/09\/indigenas-em-debate-sobre-direitos-e-preservacao-cultural\/#primaryimage"},"image":{"@id":"https:\/\/portaltela.pt\/noticias\/2026\/02\/09\/indigenas-em-debate-sobre-direitos-e-preservacao-cultural\/#primaryimage"},"thumbnailUrl":"https:\/\/portaltela.pt\/s.01k8rhncp4jt1\/2026\/02\/320x180_cmsv2_45a59709-399d-58e5-a8f6-a030da757273-9643317.jpg","datePublished":"2026-02-09T08:51:31+00:00","author":{"@id":"https:\/\/portaltela.pt\/#\/schema\/person\/c4278d4a6028830caff9ee44b42d32ed"},"breadcrumb":{"@id":"https:\/\/portaltela.pt\/noticias\/2026\/02\/09\/indigenas-em-debate-sobre-direitos-e-preservacao-cultural\/#breadcrumb"},"inLanguage":"pt-PT","potentialAction":[{"@type":"ReadAction","target":["https:\/\/portaltela.pt\/noticias\/2026\/02\/09\/indigenas-em-debate-sobre-direitos-e-preservacao-cultural\/"]}]},{"@type":"ImageObject","inLanguage":"pt-PT","@id":"https:\/\/portaltela.pt\/noticias\/2026\/02\/09\/indigenas-em-debate-sobre-direitos-e-preservacao-cultural\/#primaryimage","url":"https:\/\/portaltela.pt\/s.01k8rhncp4jt1\/2026\/02\/320x180_cmsv2_45a59709-399d-58e5-a8f6-a030da757273-9643317.jpg","contentUrl":"https:\/\/portaltela.pt\/s.01k8rhncp4jt1\/2026\/02\/320x180_cmsv2_45a59709-399d-58e5-a8f6-a030da757273-9643317.jpg","width":796,"height":448,"caption":"Ramon Pucha mostra como transformar uma folha num chap\u00e9u de sol na quinta da fam\u00edlia, em Alto Ila, na regi\u00e3o amaz\u00f3nica do Equador, ter\u00e7a-feira, 3 de fevereiro de 2026."},{"@type":"BreadcrumbList","@id":"https:\/\/portaltela.pt\/noticias\/2026\/02\/09\/indigenas-em-debate-sobre-direitos-e-preservacao-cultural\/#breadcrumb","itemListElement":[{"@type":"ListItem","position":1,"name":"In\u00edcio","item":"https:\/\/portaltela.pt\/"},{"@type":"ListItem","position":2,"name":"Ind\u00edgenas em debate sobre direitos e preserva\u00e7\u00e3o cultural"}]},{"@type":"WebSite","@id":"https:\/\/portaltela.pt\/#website","url":"https:\/\/portaltela.pt\/","name":"Portal Tela Portugal","description":"","potentialAction":[{"@type":"SearchAction","target":{"@type":"EntryPoint","urlTemplate":"https:\/\/portaltela.pt\/?s={search_term_string}"},"query-input":{"@type":"PropertyValueSpecification","valueRequired":true,"valueName":"search_term_string"}}],"inLanguage":"pt-PT"},{"@type":"Person","@id":"https:\/\/portaltela.pt\/#\/schema\/person\/c4278d4a6028830caff9ee44b42d32ed","name":"Telinha","image":{"@type":"ImageObject","inLanguage":"pt-PT","@id":"https:\/\/portaltela.pt\/s.01k8rhncp4jt1\/2025\/11\/talking-bot-125x125.png","url":"https:\/\/portaltela.pt\/s.01k8rhncp4jt1\/2025\/11\/talking-bot-125x125.png","contentUrl":"https:\/\/portaltela.pt\/s.01k8rhncp4jt1\/2025\/11\/talking-bot-125x125.png","caption":"Telinha"},"sameAs":["https:\/\/portaltela.pt\/"],"url":"https:\/\/portaltela.pt\/por\/367410592786\/"}]}},"_links":{"self":[{"href":"https:\/\/portaltela.pt\/api\/wp\/v2\/posts\/205008","targetHints":{"allow":["GET"]}}],"collection":[{"href":"https:\/\/portaltela.pt\/api\/wp\/v2\/posts"}],"about":[{"href":"https:\/\/portaltela.pt\/api\/wp\/v2\/types\/post"}],"author":[{"embeddable":true,"href":"https:\/\/portaltela.pt\/api\/wp\/v2\/users\/2"}],"replies":[{"embeddable":true,"href":"https:\/\/portaltela.pt\/api\/wp\/v2\/comments?post=205008"}],"version-history":[{"count":0,"href":"https:\/\/portaltela.pt\/api\/wp\/v2\/posts\/205008\/revisions"}],"wp:featuredmedia":[{"embeddable":true,"href":"https:\/\/portaltela.pt\/api\/wp\/v2\/media\/205009"}],"wp:attachment":[{"href":"https:\/\/portaltela.pt\/api\/wp\/v2\/media?parent=205008"}],"wp:term":[{"taxonomy":"category","embeddable":true,"href":"https:\/\/portaltela.pt\/api\/wp\/v2\/categories?post=205008"},{"taxonomy":"post_tag","embeddable":true,"href":"https:\/\/portaltela.pt\/api\/wp\/v2\/tags?post=205008"}],"curies":[{"name":"wp","href":"https:\/\/api.w.org\/{rel}","templated":true}]}}